{"id":167761,"date":"2015-05-02T15:41:20","date_gmt":"2015-05-02T15:41:20","guid":{"rendered":"https:\/\/www.meydan.tv\/article\/ne-qeder-ki-olende-gunah-axtaracaqar\/"},"modified":"2015-05-02T15:41:20","modified_gmt":"2015-05-02T15:41:20","slug":"ne-qeder-ki-olende-gunah-axtaracaqar","status":"publish","type":"post","link":"https:\/\/www.meydan.tv\/az\/article\/ne-qeder-ki-olende-gunah-axtaracaqar\/","title":{"rendered":"N\u0259 q\u0259d\u0259r ki, \u00f6l\u0259nd\u0259 g\u00fcnah axtaracaqar&#8230;"},"content":{"rendered":"<figure class=\"wp-block-image size-large\">\n  <img decoding=\"async\" src=\"https:\/\/www.meydan.tv\/az\/23618\/\" alt=\"\" class=\"wp-image-23618\"\/><figcaption><\/figcaption><\/figure>\n<figure class=\"wp-block-image size-large\">\n  <img decoding=\"async\" src=\"https:\/\/www.meydan.tv\/az\/23615\/\" alt=\"\" class=\"wp-image-23615\"\/><figcaption><\/figcaption><\/figure>\n<p>\n  2012 v\u0259 2013 \u2013c\u00fc ild\u0259 k\u00fc\u00e7\u0259d\u0259 d\u00f6y\u00fcl\u0259n bir qad\u0131n kimi bunu yazma\u011f\u0131 \u00f6z\u00fcm\u0259 borc bilir\u0259m. He\u00e7 bir s\u0259b\u0259b olmadan ki\u015fil\u0259r m\u0259ni d\u00f6y\u0259nd\u0259 h\u0259r k\u0259s deyirdi ki, nec\u0259 olur e, s\u0259ni k\u00fc\u00e7\u0259d\u0259 d\u00f6y\u00fcrl\u0259r? H\u0259r k\u0259s m\u0259nim d\u00f6y\u00fclm\u0259yim\u0259 q\u0259z\u0259bl\u0259nm\u0259k a\u0259v\u0259zin\u0259 \u00a0s\u0259b\u0259b axtarma\u011fa \u00e7al\u0131\u015f\u0131rd\u0131. B\u0259lk\u0259 m\u0259nim dilimd\u0259n hans\u0131sa artr\u0131q s\u00f6z \u00e7\u0131xar, onlar da bu art\u0131q s\u00f6zd\u0259n yap\u0131\u015f\u0131b m\u0259ni g\u00fcnahkar \u00e7\u0131xardar, m\u0259s\u0259l\u0259 bununla da bit\u0259r. M\u0259nim hans\u0131sa art\u0131q bir h\u0259r\u0259k\u0259timi axtaran insanlar, m\u0259s\u0259l\u0259nin n\u0259 q\u0259d\u0259r a\u011f\u0131r oldu\u011funa fokuslanmaqdan, d\u00f6y\u00fcl\u0259n qad\u0131nda g\u00fcnah axtar\u0131rd\u0131lar. C\u0259miyy\u0259t n\u0259 q\u0259d\u0259r ki, d\u00f6y\u00fcl\u0259n, \u00f6ld\u00fcr\u00fcl\u0259n, zorlanan q\u0131zda, qad\u0131nda g\u00fcnah axtaracaq, bel\u0259 hadis\u0259l\u0259r daha \u00e7ox ba\u015f ver\u0259c\u0259k. \u00a0Aytac\u00a0 Babayeva kimi q\u0131zlar yen\u0259 \u00f6ld\u00fcr\u00fcl\u0259c\u0259k. Ne\u00e7\u0259 aytclar \u00f6ld\u00fcr\u00fcl\u0259c\u0259k, d\u00f6y\u00fcl\u0259c\u0259k, zorlanacaq.\n<\/p>\n<p>\n  \u00d6z\u00fc d\u0259 proses m\u0259rh\u0259l\u0259-m\u0259rh\u0259l\u0259 gedir. \u018fvv\u0259lc\u0259 daha \u00e7ox d\u00f6y\u00fclm\u0259 faktlar\u0131 qeyd\u0259 al\u0131n\u0131rd\u0131. Bir ne\u00e7\u0259 ay bundan \u0259vv\u0259l rektorun q\u0131z\u0131 da k\u00fc\u00e7\u0259d\u0259 d\u00f6y\u00fclm\u00fc\u015fd\u00fc, daha sonar bir q\u0131z gec saatlar\u0131nda k\u00fc\u00e7\u0259d\u0259 zorlanm\u0131\u015fd\u0131, axr\u0131nc\u0131 m\u0259lum olay, \u00f6l\u00fcm fakt\u0131. \u00a0Dem\u0259li v\u0259ziyy\u0259t getdikc\u0259 pisl\u0259\u015fir, \u0259g\u0259r \u0259vv\u0259ll\u0259r k\u00fc\u00e7\u0259d\u0259 d\u00f6y\u00fcl\u00fcrd\u00fcks\u0259, indi\u00a0 \u00f6l\u00fcm fakt\u0131 var. D\u00fcn\u0259n rector q\u0131z\u0131n\u0131n gec\u0259 k\u00fc\u00e7\u0259d\u0259 d\u00f6y\u00fclm\u0259sin\u0259 b\u0259ra\u0259t qazand\u0131ranlar, bu g\u00fcn bir q\u0131z\u0131n sevgilisi t\u0259r\u0259find\u0259n q\u0259tlini sifari\u015f verdil\u0259r. Y\u0259ni, arxay\u0131n ol, qarda\u015f, q\u0131z s\u0259ninl\u0259 g\u00f6r\u00fc\u015f\u00fcb, g\u0259zib? \u015e\u0259kli var, s\u00fcbutu\u00a0 var ki, s\u0259n\u0259 \u00fcz verib, k\u00f6n\u00fcl verib, \u0259li \u0259lin\u0259 d\u0259yib? Var? H\u0259, onda kef el\u0259, d\u00f6y, zorla, lap \u00f6ld\u00fcr, g\u00fcnah onun \u00f6z\u00fcnd\u0259di. Biz s\u0259ni yox, onu q\u0131nayaca\u011f\u0131q.\n<\/p>\n<p>\n  B\u0259li, o\u011flana h\u0259r \u015fey olar, ki\u015fiy\u0259 h\u0259r \u015fey olar. Ona h\u0259r \u015feyin, ist\u0259nil\u0259n vaxtda, ist\u0259nil\u0259n saatda, ist\u0259nil\u0259n v\u0259ziyy\u0259td\u0259 h\u0259r \u015feyin icaz\u0259sini ver\u0259n o vacib orqan\u0131 var. Q\u0131za, qad\u0131na is\u0259 olmaz. \u0130st\u0259diyi vaxtda, ist\u0259diyi saatda ayaqlar\u0131n\u0131 sallay\u0131b k\u00fc\u00e7\u0259d\u0259 otura bilm\u0259z, onun abr\u0131-h\u0259yas\u0131 olmal\u0131d\u0131r. Qad\u0131n pisdis\u0259 ki\u015fi onu asanl\u0131qla bo\u015fayar, he\u00e7 bir q\u0131naq e\u015fitm\u0259z, amma qad\u0131n\u0131n pis \u0259rind\u0259n rahat bo\u015fanmaq l\u00fcks\u00fc yoxdur, onu q\u0131naqlar, dedi-qodular, kinay\u0259, \u00fcst\u0259n-a\u015fa\u011f\u0131 baxmalar g\u00f6zl\u0259yir.\n<\/p>\n<p>\n  \u018fvv\u0259l bel\u0259 x\u0259b\u0259rl\u0259ri, ba\u015fqa \u00f6lk\u0259l\u0259rin, m\u0259s\u0259l\u0259n T\u00fcrkiy\u0259 m\u0259tbuat\u0131ndan oxuyanda adam\u0131n g\u00f6z\u00fc k\u0259ll\u0259sin\u0259 \u00e7\u0131x\u0131rd\u0131. Nec\u0259 y\u0259ni, \u0259r arvad\u0131n\u0131 bo\u015fand\u0131\u011f\u0131 \u00fc\u00e7\u00fcn \u00f6ld\u00fcr\u00fcr? Ya da, sevgilisi ayr\u0131ld\u0131\u011f\u0131 \u00fc\u00e7\u00fcn onu g\u00fcll\u0259l\u0259yir? Bel\u0259 m\u0259s\u0259l\u0259l\u0259ri he\u00e7 c\u00fcr\u0259 q\u0259bul ed\u0259 bilmirdik. Bir c\u0259miyy\u0259t olaraq \u00a0onlar\u0131n, o c\u0259miyy\u0259tin sevgiy\u0259 acl\u0131\u011f\u0131na inan\u0131rd\u0131q.\u00a0 Bu hadis\u0259nin Az\u0259rbaycanda ba\u015f verm\u0259sinin s\u0259b\u0259bi n\u0259dir b\u0259s? Ucuz t\u00fcrk seriallar\u0131, \u00dczeyir Mehdizad\u0259nin\u00a0 \u201co m\u0259nim olmal\u0131d\u0131r, ya he\u00e7 kimin olmamal\u0131\u201d tipli zorak\u0131l\u0131q a\u015f\u0131layan mahn\u0131lar\u0131n fanatlar\u0131na \u00e7evrilm\u0259yimiz, yoxsa\u00a0 indiki sosial-iqtisadi durum? Bu hadis\u0259y\u0259 sosioloqlar daha yax\u015f\u0131 cavab ver\u0259r m\u0259nc\u0259. Az\u0259rbaycan c\u0259miyy\u0259tind\u0259 bir g\u0259rginlik var, \u00fcmumiyy\u0259tl\u0259, m\u0259n\u0259vi t\u0259l\u0259batlarla yana\u015f\u0131 maddi t\u0259l\u0259batlar da \u00f6d\u0259nm\u0259y\u0259nd\u0259 o psixoloji g\u0259rginlikl\u0259r yarad\u0131r. \u0130nsanlar reall\u0131q hissini itirir, \u00fcmidl\u0259rini Zaurun verili\u015fin\u0259, \u00dczeyirin mahn\u0131lar\u0131ndak\u0131 ovqata k\u00f6kl\u0259yirl\u0259r.\n<\/p>\n<p>\n  Az\u0259rbaycan qad\u0131nlar\u0131 \u00f6z\u00fcn\u00fc k\u00fc\u00e7\u0259d\u0259ki qaqa\u015flar\u0131n \u00fcmidin\u0259 qoymamal\u0131d\u0131r, onlar \u00f6z haqqlar\u0131 u\u011frunda m\u00fcbariz\u0259 aparmal\u0131d\u0131r. Qada\u011falara qar\u015f\u0131 g\u0259lib, c\u0259miyy\u0259tin k\u00f6hn\u0259lmi\u015f qayda-qanunlar\u0131n\u0131 s\u00f6k\u00fcb atmal\u0131d\u0131r. Onun \u00fcst\u00fcnd\u0259 gec\u0259-g\u00fcnd\u00fcz ke\u015fik \u00e7\u0259k\u0259n ki\u015fi yumru\u011funun alt\u0131nda \u0259zilm\u0259kd\u0259ns\u0259 min d\u0259f\u0259 d\u00f6y\u00fcl\u00fcb qalib g\u0259lm\u0259lidir.\n<\/p>\n<p>\n  Az\u0259rbaycan qad\u0131n\u0131n\u0131n he\u00e7 vaxt olmad\u0131\u011f\u0131 kimi birliy\u0259, h\u0259mr\u0259yliy\u0259 ehtiyac\u0131 var. He\u00e7 bir q\u0131z, qad\u0131n Aytac\u0131n aqib\u0259tind\u0259n s\u0131\u011fortalanmay\u0131b. Sabah bir ki\u015fi k\u00fc\u00e7\u0259nin ortas\u0131nda sizi b\u0131\u00e7aqlaya bil\u0259r. V\u0259 bu ki\u015fi ke\u00e7mi\u015f sevgiliniz, ke\u00e7mi\u015f \u0259riniz, ni\u015fanl\u0131n\u0131z, \u0259riniz, sevgilinizdirs\u0259, g\u00fcnah\u0131 sizd\u0259 g\u00f6r\u0259c\u0259kl\u0259r. Bu g\u00fcn bizim h\u0259mr\u0259y olmamam\u0131z g\u0259l\u0259c\u0259kd\u0259 buna z\u0259min yaradacaq. G\u00fcnah \u00f6l\u0259nd\u0259 olacaq. G\u00fcnah zorlananda olacaq. G\u00fcnah d\u00f6y\u00fcl\u0259nd\u0259 olacaq.\n<\/p>\n<p>\n  Bunun \u00fc\u00e7\u00fcn sosial durumundan, ya\u015f\u0131ndan, savad\u0131ndan as\u0131l\u0131 olmayaraq, h\u0259r bir q\u0131z, qad\u0131n \u00f6z b\u0259yanat\u0131n\u0131 verm\u0259lidir. B\u0259li, biz qanunlar\u0131n ki\u015fiy\u0259 d\u0259, qad\u0131na da eyni d\u0259r\u0259c\u0259d\u0259 aid oldu\u011fu bir \u00f6lk\u0259d\u0259 ya\u015fay\u0131r\u0131q. Bizim gec\u0259nin ist\u0259nil\u0259n saat\u0131nda, ist\u0259nil\u0259n yerd\u0259 k\u00fc\u00e7\u0259y\u0259 \u00e7\u0131xmaq haqq\u0131m\u0131z var. \u0130st\u0259diyimiz insanla g\u00f6r\u00fc\u015fm\u0259k, sevi\u015fm\u0259k, ayr\u0131lmaq haqq\u0131m\u0131z var. \u0130st\u0259diyimi kimi geyinm\u0259k haqq\u0131m\u0131z var. He\u00e7 bir gec saat, he\u00e7 bir q\u0131sa \u0259t\u0259k, birlikd\u0259 oldu\u011fumuz ya olmad\u0131\u011f\u0131m\u0131z ki\u015fil\u0259rl\u0259 he\u00e7 bir m\u00fcnasib\u0259t bizim d\u00f6y\u00fclm\u0259yimiz\u0259, zorlanma\u011f\u0131m\u0131za, \u00f6ld\u00fcr\u00fclm\u0259yimiz\u0259 haqq qazand\u0131ra bilm\u0259z. Bunun \u0259ksini iddia ed\u0259n, \u0259ksini dey\u0259n h\u0259r bir insan bu zorlanmaya, bu d\u00f6y\u00fclm\u0259y\u0259, bu q\u0259tl\u0259 r\u0259vac vermi\u015f, qladiator d\u00f6y\u00fc\u015fl\u0259rind\u0259 qana susam\u0131\u015f tama\u015fa\u00e7\u0131 sayaq, ba\u015f barma\u011f\u0131n\u0131 a\u015fa\u011f\u0131 tu\u015flam\u0131\u015f adamd\u0131r.\n<\/p>\n<p>\n  Amma he\u00e7 kim unutmas\u0131n ki, o ba\u015f barma\u011f\u0131 bir g\u00fcn \u00f6z\u00fcn\u00fcz d\u0259 bilm\u0259d\u0259n, q\u0131z\u0131n\u0131z\u0131n, bac\u0131n\u0131z\u0131n, arvad\u0131n\u0131z\u0131n, anan\u0131z\u0131n, lap el\u0259 o\u011flunuzun q\u0259tli, d\u00f6y\u00fclm\u0259yi, zorlanmas\u0131 \u00fc\u00e7\u00fcn endirmi\u015f ola bil\u0259rsiniz\u2026\n<\/p>\n<p>\n  <b><br \/>\n    Yaz\u0131dak\u0131 fikirl\u0259r m\u00fc\u0259llif\u0259 m\u0259xsusdur v\u0259 onlara g\u00f6r\u0259 Meydan TV m\u0259suliyy\u0259t da\u015f\u0131m\u0131r.<br \/>\n    <br \/>\n  <\/b><\/p>\n","protected":false},"excerpt":{"rendered":"<p>Qana susam\u0131\u015f c\u0259miyy\u0259tin ba\u015f barma\u011f\u0131&#8230;<\/p>\n","protected":false},"author":11,"featured_media":23618,"comment_status":"closed","ping_status":"open","sticky":false,"template":"","format":"standard","meta":{"_acf_changed":false,"_sitemap_exclude":false,"_sitemap_priority":"","_sitemap_frequency":"","footnotes":""},"categories":[57],"tags":[],"class_list":["post-167761","post","type-post","status-publish","format-standard","has-post-thumbnail","hentry","category-menim-fikrimce","infinite-scroll-item","generate-columns","tablet-grid-50","mobile-grid-100","grid-parent","grid-33","no-featured-image-padding"],"acf":[],"yoast_head":"<!-- This site is optimized with the Yoast SEO plugin v27.5 - https:\/\/yoast.com\/product\/yoast-seo-wordpress\/ -->\n<title>N\u0259 q\u0259d\u0259r ki, \u00f6l\u0259nd\u0259 g\u00fcnah axtaracaqar... - MEYDAN.TV<\/title>\n<meta name=\"robots\" content=\"index, follow, max-snippet:-1, max-image-preview:large, max-video-preview:-1\" \/>\n<link rel=\"canonical\" href=\"https:\/\/www.meydan.tv\/az\/article\/ne-qeder-ki-olende-gunah-axtaracaqar\/\" \/>\n<meta property=\"og:locale\" content=\"az_AZ\" \/>\n<meta property=\"og:type\" content=\"article\" \/>\n<meta property=\"og:title\" content=\"N\u0259 q\u0259d\u0259r ki, \u00f6l\u0259nd\u0259 g\u00fcnah axtaracaqar... - MEYDAN.TV\" \/>\n<meta property=\"og:description\" content=\"Qana susam\u0131\u015f c\u0259miyy\u0259tin ba\u015f barma\u011f\u0131...\" \/>\n<meta property=\"og:url\" content=\"https:\/\/www.meydan.tv\/az\/article\/ne-qeder-ki-olende-gunah-axtaracaqar\/\" \/>\n<meta property=\"og:site_name\" content=\"MEYDAN.TV\" \/>\n<meta property=\"article:published_time\" content=\"2015-05-02T15:41:20+00:00\" \/>\n<meta property=\"og:image\" content=\"https:\/\/www.meydan.tv\/wp-content\/uploads\/8586.jpg\" \/>\n\t<meta property=\"og:image:width\" content=\"500\" \/>\n\t<meta property=\"og:image:height\" content=\"500\" \/>\n\t<meta property=\"og:image:type\" content=\"image\/jpeg\" \/>\n<meta name=\"author\" content=\"user-manager\" \/>\n<meta name=\"twitter:card\" content=\"summary_large_image\" \/>\n<script type=\"application\/ld+json\" class=\"yoast-schema-graph\">{\"@context\":\"https:\\\/\\\/schema.org\",\"@graph\":[{\"@type\":\"Article\",\"@id\":\"https:\\\/\\\/www.meydan.tv\\\/az\\\/article\\\/ne-qeder-ki-olende-gunah-axtaracaqar\\\/#article\",\"isPartOf\":{\"@id\":\"https:\\\/\\\/www.meydan.tv\\\/az\\\/article\\\/ne-qeder-ki-olende-gunah-axtaracaqar\\\/\"},\"author\":{\"name\":\"user-manager\",\"@id\":\"https:\\\/\\\/www.meydan.tv\\\/az\\\/#\\\/schema\\\/person\\\/10d11eccf6da3662cf5fdab9806ea91a\"},\"headline\":\"N\u0259 q\u0259d\u0259r ki, \u00f6l\u0259nd\u0259 g\u00fcnah axtaracaqar&#8230;\",\"datePublished\":\"2015-05-02T15:41:20+00:00\",\"mainEntityOfPage\":{\"@id\":\"https:\\\/\\\/www.meydan.tv\\\/az\\\/article\\\/ne-qeder-ki-olende-gunah-axtaracaqar\\\/\"},\"wordCount\":1131,\"publisher\":{\"@id\":\"https:\\\/\\\/www.meydan.tv\\\/az\\\/#organization\"},\"image\":{\"@id\":\"https:\\\/\\\/www.meydan.tv\\\/az\\\/article\\\/ne-qeder-ki-olende-gunah-axtaracaqar\\\/#primaryimage\"},\"thumbnailUrl\":\"https:\\\/\\\/www.meydan.tv\\\/wp-content\\\/uploads\\\/8586.jpg\",\"articleSection\":[\"M\u0259nim Fikrimc\u0259\"],\"inLanguage\":\"az\"},{\"@type\":\"WebPage\",\"@id\":\"https:\\\/\\\/www.meydan.tv\\\/az\\\/article\\\/ne-qeder-ki-olende-gunah-axtaracaqar\\\/\",\"url\":\"https:\\\/\\\/www.meydan.tv\\\/az\\\/article\\\/ne-qeder-ki-olende-gunah-axtaracaqar\\\/\",\"name\":\"N\u0259 q\u0259d\u0259r ki, \u00f6l\u0259nd\u0259 g\u00fcnah axtaracaqar... - MEYDAN.TV\",\"isPartOf\":{\"@id\":\"https:\\\/\\\/www.meydan.tv\\\/az\\\/#website\"},\"primaryImageOfPage\":{\"@id\":\"https:\\\/\\\/www.meydan.tv\\\/az\\\/article\\\/ne-qeder-ki-olende-gunah-axtaracaqar\\\/#primaryimage\"},\"image\":{\"@id\":\"https:\\\/\\\/www.meydan.tv\\\/az\\\/article\\\/ne-qeder-ki-olende-gunah-axtaracaqar\\\/#primaryimage\"},\"thumbnailUrl\":\"https:\\\/\\\/www.meydan.tv\\\/wp-content\\\/uploads\\\/8586.jpg\",\"datePublished\":\"2015-05-02T15:41:20+00:00\",\"breadcrumb\":{\"@id\":\"https:\\\/\\\/www.meydan.tv\\\/az\\\/article\\\/ne-qeder-ki-olende-gunah-axtaracaqar\\\/#breadcrumb\"},\"inLanguage\":\"az\",\"potentialAction\":[{\"@type\":\"ReadAction\",\"target\":[\"https:\\\/\\\/www.meydan.tv\\\/az\\\/article\\\/ne-qeder-ki-olende-gunah-axtaracaqar\\\/\"]}]},{\"@type\":\"ImageObject\",\"inLanguage\":\"az\",\"@id\":\"https:\\\/\\\/www.meydan.tv\\\/az\\\/article\\\/ne-qeder-ki-olende-gunah-axtaracaqar\\\/#primaryimage\",\"url\":\"https:\\\/\\\/www.meydan.tv\\\/wp-content\\\/uploads\\\/8586.jpg\",\"contentUrl\":\"https:\\\/\\\/www.meydan.tv\\\/wp-content\\\/uploads\\\/8586.jpg\",\"width\":500,\"height\":500,\"caption\":\"Source:\"},{\"@type\":\"BreadcrumbList\",\"@id\":\"https:\\\/\\\/www.meydan.tv\\\/az\\\/article\\\/ne-qeder-ki-olende-gunah-axtaracaqar\\\/#breadcrumb\",\"itemListElement\":[{\"@type\":\"ListItem\",\"position\":1,\"name\":\"Ana s\u0259hif\u0259\",\"item\":\"https:\\\/\\\/www.meydan.tv\\\/az\\\/\"},{\"@type\":\"ListItem\",\"position\":2,\"name\":\"M\u0259nim Fikrimc\u0259\",\"item\":\"https:\\\/\\\/www.meydan.tv\\\/az\\\/section\\\/menim-fikrimce\\\/\"},{\"@type\":\"ListItem\",\"position\":3,\"name\":\"N\u0259 q\u0259d\u0259r ki, \u00f6l\u0259nd\u0259 g\u00fcnah axtaracaqar&#8230;\"}]},{\"@type\":\"WebSite\",\"@id\":\"https:\\\/\\\/www.meydan.tv\\\/az\\\/#website\",\"url\":\"https:\\\/\\\/www.meydan.tv\\\/az\\\/\",\"name\":\"MEYDAN.TV\",\"description\":\"Meydan TV Az\u0259rbaycan\u0131n media m\u0259kan\u0131ndak\u0131 alternativ s\u0259sidir\",\"publisher\":{\"@id\":\"https:\\\/\\\/www.meydan.tv\\\/az\\\/#organization\"},\"potentialAction\":[{\"@type\":\"SearchAction\",\"target\":{\"@type\":\"EntryPoint\",\"urlTemplate\":\"https:\\\/\\\/www.meydan.tv\\\/az\\\/?s={search_term_string}\"},\"query-input\":{\"@type\":\"PropertyValueSpecification\",\"valueRequired\":true,\"valueName\":\"search_term_string\"}}],\"inLanguage\":\"az\"},{\"@type\":\"Organization\",\"@id\":\"https:\\\/\\\/www.meydan.tv\\\/az\\\/#organization\",\"name\":\"Meydan TV\",\"url\":\"https:\\\/\\\/www.meydan.tv\\\/az\\\/\",\"logo\":{\"@type\":\"ImageObject\",\"inLanguage\":\"az\",\"@id\":\"https:\\\/\\\/www.meydan.tv\\\/az\\\/#\\\/schema\\\/logo\\\/image\\\/\",\"url\":\"https:\\\/\\\/www.meydan.tv\\\/wp-content\\\/uploads\\\/2021\\\/07\\\/meydan-logo.svg\",\"contentUrl\":\"https:\\\/\\\/www.meydan.tv\\\/wp-content\\\/uploads\\\/2021\\\/07\\\/meydan-logo.svg\",\"width\":195,\"height\":46,\"caption\":\"Meydan TV\"},\"image\":{\"@id\":\"https:\\\/\\\/www.meydan.tv\\\/az\\\/#\\\/schema\\\/logo\\\/image\\\/\"}},{\"@type\":\"Person\",\"@id\":\"https:\\\/\\\/www.meydan.tv\\\/az\\\/#\\\/schema\\\/person\\\/10d11eccf6da3662cf5fdab9806ea91a\",\"name\":\"user-manager\"}]}<\/script>\n<!-- \/ Yoast SEO plugin. -->","yoast_head_json":{"title":"N\u0259 q\u0259d\u0259r ki, \u00f6l\u0259nd\u0259 g\u00fcnah axtaracaqar... - MEYDAN.TV","robots":{"index":"index","follow":"follow","max-snippet":"max-snippet:-1","max-image-preview":"max-image-preview:large","max-video-preview":"max-video-preview:-1"},"canonical":"https:\/\/www.meydan.tv\/az\/article\/ne-qeder-ki-olende-gunah-axtaracaqar\/","og_locale":"az_AZ","og_type":"article","og_title":"N\u0259 q\u0259d\u0259r ki, \u00f6l\u0259nd\u0259 g\u00fcnah axtaracaqar... - MEYDAN.TV","og_description":"Qana susam\u0131\u015f c\u0259miyy\u0259tin ba\u015f barma\u011f\u0131...","og_url":"https:\/\/www.meydan.tv\/az\/article\/ne-qeder-ki-olende-gunah-axtaracaqar\/","og_site_name":"MEYDAN.TV","article_published_time":"2015-05-02T15:41:20+00:00","og_image":[{"width":500,"height":500,"url":"https:\/\/www.meydan.tv\/wp-content\/uploads\/8586.jpg","type":"image\/jpeg"}],"author":"user-manager","twitter_card":"summary_large_image","schema":{"@context":"https:\/\/schema.org","@graph":[{"@type":"Article","@id":"https:\/\/www.meydan.tv\/az\/article\/ne-qeder-ki-olende-gunah-axtaracaqar\/#article","isPartOf":{"@id":"https:\/\/www.meydan.tv\/az\/article\/ne-qeder-ki-olende-gunah-axtaracaqar\/"},"author":{"name":"user-manager","@id":"https:\/\/www.meydan.tv\/az\/#\/schema\/person\/10d11eccf6da3662cf5fdab9806ea91a"},"headline":"N\u0259 q\u0259d\u0259r ki, \u00f6l\u0259nd\u0259 g\u00fcnah axtaracaqar&#8230;","datePublished":"2015-05-02T15:41:20+00:00","mainEntityOfPage":{"@id":"https:\/\/www.meydan.tv\/az\/article\/ne-qeder-ki-olende-gunah-axtaracaqar\/"},"wordCount":1131,"publisher":{"@id":"https:\/\/www.meydan.tv\/az\/#organization"},"image":{"@id":"https:\/\/www.meydan.tv\/az\/article\/ne-qeder-ki-olende-gunah-axtaracaqar\/#primaryimage"},"thumbnailUrl":"https:\/\/www.meydan.tv\/wp-content\/uploads\/8586.jpg","articleSection":["M\u0259nim Fikrimc\u0259"],"inLanguage":"az"},{"@type":"WebPage","@id":"https:\/\/www.meydan.tv\/az\/article\/ne-qeder-ki-olende-gunah-axtaracaqar\/","url":"https:\/\/www.meydan.tv\/az\/article\/ne-qeder-ki-olende-gunah-axtaracaqar\/","name":"N\u0259 q\u0259d\u0259r ki, \u00f6l\u0259nd\u0259 g\u00fcnah axtaracaqar... - MEYDAN.TV","isPartOf":{"@id":"https:\/\/www.meydan.tv\/az\/#website"},"primaryImageOfPage":{"@id":"https:\/\/www.meydan.tv\/az\/article\/ne-qeder-ki-olende-gunah-axtaracaqar\/#primaryimage"},"image":{"@id":"https:\/\/www.meydan.tv\/az\/article\/ne-qeder-ki-olende-gunah-axtaracaqar\/#primaryimage"},"thumbnailUrl":"https:\/\/www.meydan.tv\/wp-content\/uploads\/8586.jpg","datePublished":"2015-05-02T15:41:20+00:00","breadcrumb":{"@id":"https:\/\/www.meydan.tv\/az\/article\/ne-qeder-ki-olende-gunah-axtaracaqar\/#breadcrumb"},"inLanguage":"az","potentialAction":[{"@type":"ReadAction","target":["https:\/\/www.meydan.tv\/az\/article\/ne-qeder-ki-olende-gunah-axtaracaqar\/"]}]},{"@type":"ImageObject","inLanguage":"az","@id":"https:\/\/www.meydan.tv\/az\/article\/ne-qeder-ki-olende-gunah-axtaracaqar\/#primaryimage","url":"https:\/\/www.meydan.tv\/wp-content\/uploads\/8586.jpg","contentUrl":"https:\/\/www.meydan.tv\/wp-content\/uploads\/8586.jpg","width":500,"height":500,"caption":"Source:"},{"@type":"BreadcrumbList","@id":"https:\/\/www.meydan.tv\/az\/article\/ne-qeder-ki-olende-gunah-axtaracaqar\/#breadcrumb","itemListElement":[{"@type":"ListItem","position":1,"name":"Ana s\u0259hif\u0259","item":"https:\/\/www.meydan.tv\/az\/"},{"@type":"ListItem","position":2,"name":"M\u0259nim Fikrimc\u0259","item":"https:\/\/www.meydan.tv\/az\/section\/menim-fikrimce\/"},{"@type":"ListItem","position":3,"name":"N\u0259 q\u0259d\u0259r ki, \u00f6l\u0259nd\u0259 g\u00fcnah axtaracaqar&#8230;"}]},{"@type":"WebSite","@id":"https:\/\/www.meydan.tv\/az\/#website","url":"https:\/\/www.meydan.tv\/az\/","name":"MEYDAN.TV","description":"Meydan TV Az\u0259rbaycan\u0131n media m\u0259kan\u0131ndak\u0131 alternativ s\u0259sidir","publisher":{"@id":"https:\/\/www.meydan.tv\/az\/#organization"},"potentialAction":[{"@type":"SearchAction","target":{"@type":"EntryPoint","urlTemplate":"https:\/\/www.meydan.tv\/az\/?s={search_term_string}"},"query-input":{"@type":"PropertyValueSpecification","valueRequired":true,"valueName":"search_term_string"}}],"inLanguage":"az"},{"@type":"Organization","@id":"https:\/\/www.meydan.tv\/az\/#organization","name":"Meydan TV","url":"https:\/\/www.meydan.tv\/az\/","logo":{"@type":"ImageObject","inLanguage":"az","@id":"https:\/\/www.meydan.tv\/az\/#\/schema\/logo\/image\/","url":"https:\/\/www.meydan.tv\/wp-content\/uploads\/2021\/07\/meydan-logo.svg","contentUrl":"https:\/\/www.meydan.tv\/wp-content\/uploads\/2021\/07\/meydan-logo.svg","width":195,"height":46,"caption":"Meydan TV"},"image":{"@id":"https:\/\/www.meydan.tv\/az\/#\/schema\/logo\/image\/"}},{"@type":"Person","@id":"https:\/\/www.meydan.tv\/az\/#\/schema\/person\/10d11eccf6da3662cf5fdab9806ea91a","name":"user-manager"}]}},"_links":{"self":[{"href":"https:\/\/www.meydan.tv\/az\/wp-json\/wp\/v2\/posts\/167761","targetHints":{"allow":["GET"]}}],"collection":[{"href":"https:\/\/www.meydan.tv\/az\/wp-json\/wp\/v2\/posts"}],"about":[{"href":"https:\/\/www.meydan.tv\/az\/wp-json\/wp\/v2\/types\/post"}],"author":[{"embeddable":true,"href":"https:\/\/www.meydan.tv\/az\/wp-json\/wp\/v2\/users\/11"}],"replies":[{"embeddable":true,"href":"https:\/\/www.meydan.tv\/az\/wp-json\/wp\/v2\/comments?post=167761"}],"version-history":[{"count":0,"href":"https:\/\/www.meydan.tv\/az\/wp-json\/wp\/v2\/posts\/167761\/revisions"}],"wp:featuredmedia":[{"embeddable":true,"href":"https:\/\/www.meydan.tv\/az\/wp-json\/wp\/v2\/media\/23618"}],"wp:attachment":[{"href":"https:\/\/www.meydan.tv\/az\/wp-json\/wp\/v2\/media?parent=167761"}],"wp:term":[{"taxonomy":"category","embeddable":true,"href":"https:\/\/www.meydan.tv\/az\/wp-json\/wp\/v2\/categories?post=167761"},{"taxonomy":"post_tag","embeddable":true,"href":"https:\/\/www.meydan.tv\/az\/wp-json\/wp\/v2\/tags?post=167761"}],"curies":[{"name":"wp","href":"https:\/\/api.w.org\/{rel}","templated":true}]}}