{"id":167759,"date":"2015-05-02T02:35:46","date_gmt":"2015-05-02T02:35:46","guid":{"rendered":"https:\/\/www.meydan.tv\/article\/politoloq-vefa-quluzade-dunyasini-deyisib\/"},"modified":"2015-05-02T02:35:46","modified_gmt":"2015-05-02T02:35:46","slug":"politoloq-vefa-quluzade-dunyasini-deyisib","status":"publish","type":"post","link":"https:\/\/www.meydan.tv\/az\/article\/politoloq-vefa-quluzade-dunyasini-deyisib\/","title":{"rendered":"Politoloq V\u0259fa Quluzad\u0259 d\u00fcnyas\u0131n\u0131 d\u0259yi\u015fib"},"content":{"rendered":"<figure class=\"wp-block-image size-large\">\n  <img decoding=\"async\" src=\"https:\/\/www.meydan.tv\/az\/23612\/\" alt=\"\" class=\"wp-image-23612\"\/><figcaption><\/figcaption><\/figure>\n<p><div>\n    V. Quluzad\u0259 sabah Yasamal q\u0259birstanl\u0131\u011f\u0131nda g\u0259nc ya\u015flar\u0131nda x\u0259st\u0259likd\u0259n v\u0259fat etmi\u015f o\u011flunun m\u0259zar\u0131n\u0131n yan\u0131nda d\u0259fn edil\u0259c\u0259k\n  <\/div>\n<\/p>\n<p><div><\/div>\n<\/p>\n<p><div>\n    Politoloq, sabiq d\u00f6vl\u0259t m\u00fc\u015faviri V\u0259fa Quluzad\u0259 d\u00fcnyas\u0131n\u0131 d\u0259yi\u015fib.\n  <\/div>\n<\/p>\n<p>\n  <a href=\"https:\/\/apa.az\/\"><br \/>\n    APA<br \/>\n  <\/a><br \/>\n  -n\u0131n x\u0259b\u0259rin\u0259 g\u00f6r\u0259, V. Quluzad\u0259nin s\u0259hh\u0259ti q\u0259fl\u0259t\u0259n pisl\u0259\u015fib v\u0259 o, Bak\u0131dak\u0131 x\u0259st\u0259xanalardan birin\u0259 yerl\u0259\u015fdirlib. Onun \u00fcr\u0259yind\u0259 \u015funtlama \u0259m\u0259liyyat\u0131 ke\u00e7irilib, \u0259m\u0259liyyatdan sonra V. Quluzad\u0259 palataya yerl\u0259\u015fdirilib. Lakin bir az sonra onun s\u0259hh\u0259ti q\u0259fl\u0259t\u0259n pisl\u0259\u015fib v\u0259\u00a0d\u00fcnyas\u0131n\u0131 d\u0259yi\u015fib.\n<\/p>\n<p>\n  APA-n\u0131n haz\u0131rda \u018fjd\u0259rb\u0259y M\u0259scidind\u0259 olan \u0259m\u0259kda\u015f\u0131n\u0131n verdiyi x\u0259b\u0259r\u0259 g\u00f6r\u0259, V. Quluzad\u0259nin c\u0259naz\u0259si m\u0259scid\u0259 g\u0259tirilib. Qohumlar\u0131n\u0131n bildirdiyin\u0259 g\u00f6r\u0259, V. Quluzad\u0259 sabah Yasamal q\u0259birstanl\u0131\u011f\u0131nda g\u0259nc ya\u015flar\u0131nda x\u0259st\u0259likd\u0259n v\u0259fat etmi\u015f o\u011flunun m\u0259zar\u0131n\u0131n yan\u0131nda d\u0259fn edil\u0259c\u0259k.\n<\/p>\n<p>\n  V. Quluzad\u0259 21 dekabr 1940-c\u0131 ild\u0259 Bak\u0131da anadan olub.\n<\/p>\n<p>\n  O, 1958-ci ild\u0259 23 sayl\u0131 orta m\u0259kt\u0259bi bitir\u0259r\u0259k, Az\u0259rbaycan D\u00f6vl\u0259t Universitetinin \u015f\u0259rq\u015f\u00fcnasl\u0131q fak\u00fclt\u0259sin\u0259 q\u0259bul olunub, 1963-c\u00fc ild\u0259 m\u0259zun olub. 2 il Az\u0259rbaycan radiosunda \u0259r\u0259b dilind\u0259 verili\u015fl\u0259r apar\u0131b.\n<\/p>\n<p>\n  1962-1964-c\u00fc ill\u0259rd\u0259 SSR\u0130 Elml\u0259r Akademiyas\u0131n\u0131n \u015e\u0259rq\u015f\u00fcnasl\u0131q \u0130nstitutunun aspiranturas\u0131nda t\u0259hsil al\u0131b, daha sonra filologiya elml\u0259ri namiz\u0259di elmi ad\u0131 al\u0131b.\n<\/p>\n<p>\n  1970-ci ild\u0259 Misird\u0259ki SSR\u0130 s\u0259firliyind\u0259 atta\u015fe kimi i\u015f\u0259 ba\u015flay\u0131b.\n<\/p>\n<p>\n  1973-c\u00fc ild\u0259 Az\u0259rbaycan Kommunist Partiyas\u0131n\u0131n M\u0259rk\u0259zi Komit\u0259sind\u0259 i\u015f\u0259 ba\u015flay\u0131b. H\u0259min ill\u0259rd\u0259 Sov.\u0130KP MK yan\u0131nda \u0130ctimai Elml\u0259r Akademiyas\u0131n\u0131 bitirib.\n<\/p>\n<p>\n  Yenid\u0259n diplomatik xidm\u0259t\u0259 qaytar\u0131lan V.Quluzad\u0259 \u018flc\u0259zaird\u0259ki SSR\u0130 s\u0259firliyin\u0259 m\u0259sl\u0259h\u0259t\u00e7i qismind\u0259 g\u00f6nd\u0259rilib.\n<\/p>\n<p>\n  1990-ci ild\u0259 Az\u0259rbaycana qay\u0131d\u0131b, Az\u0259rbaycan Respublikas\u0131n\u0131n xarici siyas\u0259t \u00fczr\u0259 d\u00f6vl\u0259t m\u00fc\u015faviri i\u015fl\u0259yib.\n<\/p>\n<p>\n  1999-cu ild\u0259 istefa ver\u0259n\u0259 q\u0259d\u0259r Az\u0259rbaycan Respublikas\u0131 T\u0259hl\u00fck\u0259sizlik \u015euras\u0131n\u0131n \u00fczv\u00fc olub.\n<\/p>\n<p>\n  O, Da\u011fl\u0131q Qaraba\u011fdak\u0131 m\u00fcnaqi\u015f\u0259nin h\u0259ll olunmas\u0131 \u00fczr\u0259 apar\u0131lm\u0131\u015f dan\u0131\u015f\u0131qlarda aktiv i\u015ftirak edib. Az\u0259rbaycan-Erm\u0259nistan dan\u0131\u015f\u0131qlar\u0131 zaman\u0131 n\u00fcmay\u0259nd\u0259 hey\u0259tin\u0259 r\u0259hb\u0259rlik edib,\u00a0AT\u018fT-in sammitl\u0259rind\u0259, Cenevr\u0259 (1984) v\u0259 \u0130stanbulda ke\u00e7irilmi\u015f beyn\u0259lxalq konfranslarda,\u00a0NATO-nun iclaslar\u0131nda i\u015ftirak edib.\n<\/p><\/p>\n","protected":false},"excerpt":{"rendered":"<p>V. Quluzad\u0259 sabah Yasamal q\u0259birstanl\u0131\u011f\u0131nda g\u0259nc ya\u015flar\u0131nda x\u0259st\u0259likd\u0259n v\u0259fat etmi\u015f o\u011flunun m\u0259zar\u0131n\u0131n yan\u0131nda d\u0259fn edil\u0259c\u0259k<\/p>\n","protected":false},"author":11,"featured_media":23612,"comment_status":"closed","ping_status":"open","sticky":false,"template":"","format":"standard","meta":{"_acf_changed":false,"_sitemap_exclude":false,"_sitemap_priority":"","_sitemap_frequency":"","footnotes":""},"categories":[56],"tags":[],"class_list":["post-167759","post","type-post","status-publish","format-standard","has-post-thumbnail","hentry","category-xeberler","infinite-scroll-item","generate-columns","tablet-grid-50","mobile-grid-100","grid-parent","grid-33","no-featured-image-padding"],"acf":[],"yoast_head":"<!-- This site is optimized with the Yoast SEO plugin v28.4 - https:\/\/yoast.com\/product\/yoast-seo-wordpress\/ -->\n<title>Politoloq V\u0259fa Quluzad\u0259 d\u00fcnyas\u0131n\u0131 d\u0259yi\u015fib - MEYDAN.TV<\/title>\n<meta name=\"robots\" content=\"index, follow, max-snippet:-1, max-image-preview:large, max-video-preview:-1\" \/>\n<link rel=\"canonical\" href=\"https:\/\/www.meydan.tv\/az\/article\/politoloq-vefa-quluzade-dunyasini-deyisib\/\" \/>\n<meta property=\"og:locale\" content=\"az_AZ\" \/>\n<meta property=\"og:type\" content=\"article\" \/>\n<meta property=\"og:title\" content=\"Politoloq V\u0259fa Quluzad\u0259 d\u00fcnyas\u0131n\u0131 d\u0259yi\u015fib - MEYDAN.TV\" \/>\n<meta property=\"og:description\" content=\"V. Quluzad\u0259 sabah Yasamal q\u0259birstanl\u0131\u011f\u0131nda g\u0259nc ya\u015flar\u0131nda x\u0259st\u0259likd\u0259n v\u0259fat etmi\u015f o\u011flunun m\u0259zar\u0131n\u0131n yan\u0131nda d\u0259fn edil\u0259c\u0259k\" \/>\n<meta property=\"og:url\" content=\"https:\/\/www.meydan.tv\/az\/article\/politoloq-vefa-quluzade-dunyasini-deyisib\/\" \/>\n<meta property=\"og:site_name\" content=\"MEYDAN.TV\" \/>\n<meta property=\"article:published_time\" content=\"2015-05-02T02:35:46+00:00\" \/>\n<meta property=\"og:image\" content=\"https:\/\/www.meydan.tv\/wp-content\/uploads\/8585.jpg\" \/>\n\t<meta property=\"og:image:width\" content=\"1024\" \/>\n\t<meta property=\"og:image:height\" content=\"683\" \/>\n\t<meta property=\"og:image:type\" content=\"image\/jpeg\" \/>\n<meta name=\"twitter:card\" content=\"summary_large_image\" \/>\n<!-- \/ Yoast SEO plugin. -->","yoast_head_json":{"title":"Politoloq V\u0259fa Quluzad\u0259 d\u00fcnyas\u0131n\u0131 d\u0259yi\u015fib - MEYDAN.TV","robots":{"index":"index","follow":"follow","max-snippet":"max-snippet:-1","max-image-preview":"max-image-preview:large","max-video-preview":"max-video-preview:-1"},"canonical":"https:\/\/www.meydan.tv\/az\/article\/politoloq-vefa-quluzade-dunyasini-deyisib\/","og_locale":"az_AZ","og_type":"article","og_title":"Politoloq V\u0259fa Quluzad\u0259 d\u00fcnyas\u0131n\u0131 d\u0259yi\u015fib - MEYDAN.TV","og_description":"V. Quluzad\u0259 sabah Yasamal q\u0259birstanl\u0131\u011f\u0131nda g\u0259nc ya\u015flar\u0131nda x\u0259st\u0259likd\u0259n v\u0259fat etmi\u015f o\u011flunun m\u0259zar\u0131n\u0131n yan\u0131nda d\u0259fn edil\u0259c\u0259k","og_url":"https:\/\/www.meydan.tv\/az\/article\/politoloq-vefa-quluzade-dunyasini-deyisib\/","og_site_name":"MEYDAN.TV","article_published_time":"2015-05-02T02:35:46+00:00","og_image":[{"width":1024,"height":683,"url":"https:\/\/www.meydan.tv\/wp-content\/uploads\/8585.jpg","type":"image\/jpeg"}],"twitter_card":"summary_large_image","schema":{"@context":"https:\/\/schema.org","@graph":[{"@type":"Article","@id":"https:\/\/www.meydan.tv\/az\/article\/politoloq-vefa-quluzade-dunyasini-deyisib\/#article","isPartOf":{"@id":"https:\/\/www.meydan.tv\/az\/article\/politoloq-vefa-quluzade-dunyasini-deyisib\/"},"author":{"name":"user-manager","@id":"https:\/\/www.meydan.tv\/az\/#\/schema\/person\/10d11eccf6da3662cf5fdab9806ea91a"},"headline":"Politoloq V\u0259fa Quluzad\u0259 d\u00fcnyas\u0131n\u0131 d\u0259yi\u015fib","datePublished":"2015-05-02T02:35:46+00:00","mainEntityOfPage":{"@id":"https:\/\/www.meydan.tv\/az\/article\/politoloq-vefa-quluzade-dunyasini-deyisib\/"},"wordCount":444,"publisher":{"@id":"https:\/\/www.meydan.tv\/az\/#organization"},"image":{"@id":"https:\/\/www.meydan.tv\/az\/article\/politoloq-vefa-quluzade-dunyasini-deyisib\/#primaryimage"},"thumbnailUrl":"https:\/\/www.meydan.tv\/wp-content\/uploads\/8585.jpg","articleSection":["X\u0259b\u0259rl\u0259r"],"inLanguage":"az"},{"@type":"WebPage","@id":"https:\/\/www.meydan.tv\/az\/article\/politoloq-vefa-quluzade-dunyasini-deyisib\/","url":"https:\/\/www.meydan.tv\/az\/article\/politoloq-vefa-quluzade-dunyasini-deyisib\/","name":"Politoloq V\u0259fa Quluzad\u0259 d\u00fcnyas\u0131n\u0131 d\u0259yi\u015fib - MEYDAN.TV","isPartOf":{"@id":"https:\/\/www.meydan.tv\/az\/#website"},"primaryImageOfPage":{"@id":"https:\/\/www.meydan.tv\/az\/article\/politoloq-vefa-quluzade-dunyasini-deyisib\/#primaryimage"},"image":{"@id":"https:\/\/www.meydan.tv\/az\/article\/politoloq-vefa-quluzade-dunyasini-deyisib\/#primaryimage"},"thumbnailUrl":"https:\/\/www.meydan.tv\/wp-content\/uploads\/8585.jpg","datePublished":"2015-05-02T02:35:46+00:00","breadcrumb":{"@id":"https:\/\/www.meydan.tv\/az\/article\/politoloq-vefa-quluzade-dunyasini-deyisib\/#breadcrumb"},"inLanguage":"az","potentialAction":[{"@type":"ReadAction","target":["https:\/\/www.meydan.tv\/az\/article\/politoloq-vefa-quluzade-dunyasini-deyisib\/"]}]},{"@type":"ImageObject","inLanguage":"az","@id":"https:\/\/www.meydan.tv\/az\/article\/politoloq-vefa-quluzade-dunyasini-deyisib\/#primaryimage","url":"https:\/\/www.meydan.tv\/wp-content\/uploads\/8585.jpg","contentUrl":"https:\/\/www.meydan.tv\/wp-content\/uploads\/8585.jpg","width":1024,"height":683,"caption":"Source:"},{"@type":"BreadcrumbList","@id":"https:\/\/www.meydan.tv\/az\/article\/politoloq-vefa-quluzade-dunyasini-deyisib\/#breadcrumb","itemListElement":[{"@type":"ListItem","position":1,"name":"Ana s\u0259hif\u0259","item":"https:\/\/www.meydan.tv\/az\/"},{"@type":"ListItem","position":2,"name":"X\u0259b\u0259rl\u0259r","item":"https:\/\/www.meydan.tv\/az\/section\/xeberler\/"},{"@type":"ListItem","position":3,"name":"Politoloq V\u0259fa Quluzad\u0259 d\u00fcnyas\u0131n\u0131 d\u0259yi\u015fib"}]},{"@type":"WebSite","@id":"https:\/\/www.meydan.tv\/az\/#website","url":"https:\/\/www.meydan.tv\/az\/","name":"MEYDAN.TV","description":"Meydan TV Az\u0259rbaycan\u0131n media m\u0259kan\u0131ndak\u0131 alternativ s\u0259sidir","publisher":{"@id":"https:\/\/www.meydan.tv\/az\/#organization"},"potentialAction":[{"@type":"SearchAction","target":{"@type":"EntryPoint","urlTemplate":"https:\/\/www.meydan.tv\/az\/?s={search_term_string}"},"query-input":{"@type":"PropertyValueSpecification","valueRequired":true,"valueName":"search_term_string"}}],"inLanguage":"az"},{"@type":"Organization","@id":"https:\/\/www.meydan.tv\/az\/#organization","name":"Meydan TV","url":"https:\/\/www.meydan.tv\/az\/","logo":{"@type":"ImageObject","inLanguage":"az","@id":"https:\/\/www.meydan.tv\/az\/#\/schema\/logo\/image\/","url":"https:\/\/www.meydan.tv\/wp-content\/uploads\/2021\/07\/meydan-logo.svg","contentUrl":"https:\/\/www.meydan.tv\/wp-content\/uploads\/2021\/07\/meydan-logo.svg","width":195,"height":46,"caption":"Meydan TV"},"image":{"@id":"https:\/\/www.meydan.tv\/az\/#\/schema\/logo\/image\/"}},{"@type":"Person","@id":"https:\/\/www.meydan.tv\/az\/#\/schema\/person\/10d11eccf6da3662cf5fdab9806ea91a","name":"user-manager"}]}},"_links":{"self":[{"href":"https:\/\/www.meydan.tv\/az\/wp-json\/wp\/v2\/posts\/167759","targetHints":{"allow":["GET"]}}],"collection":[{"href":"https:\/\/www.meydan.tv\/az\/wp-json\/wp\/v2\/posts"}],"about":[{"href":"https:\/\/www.meydan.tv\/az\/wp-json\/wp\/v2\/types\/post"}],"author":[{"embeddable":true,"href":"https:\/\/www.meydan.tv\/az\/wp-json\/wp\/v2\/users\/11"}],"replies":[{"embeddable":true,"href":"https:\/\/www.meydan.tv\/az\/wp-json\/wp\/v2\/comments?post=167759"}],"version-history":[{"count":0,"href":"https:\/\/www.meydan.tv\/az\/wp-json\/wp\/v2\/posts\/167759\/revisions"}],"wp:featuredmedia":[{"embeddable":true,"href":"https:\/\/www.meydan.tv\/az\/wp-json\/wp\/v2\/media\/23612"}],"wp:attachment":[{"href":"https:\/\/www.meydan.tv\/az\/wp-json\/wp\/v2\/media?parent=167759"}],"wp:term":[{"taxonomy":"category","embeddable":true,"href":"https:\/\/www.meydan.tv\/az\/wp-json\/wp\/v2\/categories?post=167759"},{"taxonomy":"post_tag","embeddable":true,"href":"https:\/\/www.meydan.tv\/az\/wp-json\/wp\/v2\/tags?post=167759"}],"curies":[{"name":"wp","href":"https:\/\/api.w.org\/{rel}","templated":true}]}}