{"id":167757,"date":"2015-05-01T20:07:39","date_gmt":"2015-05-01T20:07:39","guid":{"rendered":"https:\/\/www.meydan.tv\/article\/azerbaycan-kiv-azadligini-en-cox-pozan-olkeler-siyahisina-daxil-edilib\/"},"modified":"2015-05-01T20:07:39","modified_gmt":"2015-05-01T20:07:39","slug":"azerbaycan-kiv-azadligini-en-cox-pozan-olkeler-siyahisina-daxil-edilib","status":"publish","type":"post","link":"https:\/\/www.meydan.tv\/az\/article\/azerbaycan-kiv-azadligini-en-cox-pozan-olkeler-siyahisina-daxil-edilib\/","title":{"rendered":"Az\u0259rbaycan K\u0130V azadl\u0131\u011f\u0131n\u0131 \u0259n \u00e7ox pozan \u00f6lk\u0259l\u0259r siyah\u0131s\u0131na daxil edilib"},"content":{"rendered":"<figure class=\"wp-block-image size-large\">\n  <img decoding=\"async\" src=\"https:\/\/www.meydan.tv\/az\/23609\/\" alt=\"\" class=\"wp-image-23609\"\/><figcaption><\/figcaption><\/figure>\n<figure class=\"wp-block-image size-large\">\n  <img decoding=\"async\" src=\"https:\/\/www.meydan.tv\/az\/23609\/\" alt=\"\" class=\"wp-image-23609\"\/><figcaption><\/figcaption><\/figure>\n<p>\n  <i><br \/>\n    &#8220;D\u00fcnya bilm\u0259lidir ki, beyn\u0259lxalq idman oyunlar\u0131n\u0131n z\u0259if demokratiyal\u0131 \u00f6lk\u0259l\u0259rd\u0259 ke\u00e7irilm\u0259sind\u0259n \u00e7ox vaxt hakimiyy\u0259tin n\u00fcfuzu \u00fc\u00e7\u00fcn istifad\u0259 olunur&#8221;<br \/>\n  <\/i>\n<\/p>\n<p>\n  Freedom House-un yeni prezidenti Mark Laqon beyn\u0259lxalq ictimaiyy\u0259ti 12-28 iyun Birinci Avropa Oyunlar\u0131 \u0259r\u0259f\u0259sind\u0259 Az\u0259rbaycanda m\u0259tbuat azadl\u0131\u011f\u0131 \u00fc\u00e7\u00fcn ac\u0131nacaql\u0131 m\u00fchit\u0259 diqq\u0259t yetirm\u0259y\u0259 \u00e7a\u011f\u0131r\u0131b.\n<\/p>\n<p><div>\n    O, &#8220;Turan \u0130A&#8221;-\u0131n Va\u015finqton m\u00fcxbiri il\u0259 s\u00f6hb\u0259tind\u0259 bildirib ki, r\u0259hb\u0259rlik etdiyi t\u0259\u015fkilat Az\u0259rbaycanda v\u0259t\u0259nda\u015f c\u0259miyy\u0259tin\u0259 t\u0259zyiqd\u0259n \u00a0\u00e7ox narahatd\u0131r.\n  <\/div>\n<\/p>\n<p><div><\/div>\n<\/p>\n<p><div>\n    \u201cBiz Q\u0259rb h\u00f6kum\u0259tl\u0259rinin enerji da\u015f\u0131y\u0131c\u0131lar\u0131na \u00e7\u0131x\u0131\u015f \u0259ld\u0259 etm\u0259k ist\u0259kl\u0259ri il\u0259 \u0259laq\u0259dar v\u0259 ya terrorizm\u0259 qar\u015f\u0131 m\u00fcbariz\u0259 v\u0259 t\u0259hl\u00fck\u0259sizliyin t\u0259min edilm\u0259si namin\u0259 Az\u0259rbaycanda v\u0259t\u0259nda\u015f c\u0259miyy\u0259tinin v\u0259 k\u00fctl\u0259vi informasiya vasit\u0259l\u0259rinin bo\u011fulmas\u0131na reaksiya verm\u0259m\u0259sind\u0259n \u00e7ox narahat\u0131q. Bu g\u00fcn bu t\u0259zyiq \u0259vv\u0259lkind\u0259n daha \u00e7oxdur\u201d, dey\u0259 o bildirib.\n  <\/div>\n<\/p>\n<p><div><\/div>\n<\/p>\n<p><div>\n    Freedom House-un bu h\u0259ft\u0259 burax\u0131lm\u0131\u015f m\u0259ruz\u0259sind\u0259 Az\u0259rbaycan K\u0130V azadl\u0131\u011f\u0131n\u0131 \u0259n \u00e7ox pozan \u00f6lk\u0259l\u0259r siyah\u0131s\u0131na daxil edilib.\n  <\/div>\n<\/p>\n<p><div><\/div>\n<\/p>\n<p><div>\n    D\u00fcnya bilm\u0259lidir ki, beyn\u0259lxalq idman oyunlar\u0131n\u0131n z\u0259if demokratiyal\u0131 \u00f6lk\u0259l\u0259rd\u0259 ke\u00e7irilm\u0259sind\u0259n \u00e7ox vaxt hakimiyy\u0259tin n\u00fcfuzu \u00fc\u00e7\u00fcn istifad\u0259 olunur, sad\u0259 v\u0259t\u0259nda\u015flar \u00fc\u00e7\u00fcn is\u0259 bunun he\u00e7 bir faydas\u0131 yoxdur, Laqon bel\u0259 d\u00fc\u015f\u00fcn\u00fcr.\n  <\/div>\n<\/p>\n<p><div><\/div>\n<\/p>\n<p><div>\n    \u201c\u0130nsan h\u00fcquqlar\u0131 sah\u0259sind\u0259 v\u0259ziyy\u0259tin pis oldu\u011fu bel\u0259 \u00f6lk\u0259l\u0259rin h\u00f6kum\u0259tl\u0259rinin beyn\u0259lxalq t\u0259dbirl\u0259rd\u0259n ilk n\u00f6vb\u0259d\u0259 \u00f6z n\u00fcfuzu \u00fc\u00e7\u00fcn fayda qazanmaq \u00fc\u00e7\u00fcn istifad\u0259 etm\u0259y\u0259 \u00e7al\u0131\u015fmas\u0131ndan narahatam&#8230; Bunun klassik n\u00fcmun\u0259si Rusiyada Q\u0131\u015f Olimpiya Oyunlar\u0131 v\u0259 Pekind\u0259 Yay Olimpiya Oyunlar\u0131d\u0131r. Bu halda Az\u0259rbaycan\u0131 da bu siyah\u0131ya \u0259lav\u0259 etm\u0259k olar\u201d, dey\u0259 o bildirib.\n  <\/div>\n<\/p>\n<p><div><\/div>\n<\/p>\n<p><div>\n    Beyn\u0259lxalq t\u0259\u015fkilat olan Freedom House d\u00fcnyan\u0131n v\u0259t\u0259nda\u015f c\u0259miyy\u0259tini h\u00f6kum\u0259tin m\u0259tbuat azadl\u0131\u011f\u0131n\u0131 v\u0259 v\u0259t\u0259nda\u015f c\u0259miyy\u0259tinin i\u015fini k\u0259skin \u015f\u0259kild\u0259 m\u0259hdudla\u015fd\u0131rd\u0131\u011f\u0131 v\u0259ziyy\u0259t\u0259 g\u00f6z yummama\u011fa \u00e7a\u011f\u0131r\u0131r, dey\u0259 Laqon sonda bildirib.\n  <\/div><\/p>\n","protected":false},"excerpt":{"rendered":"<p>&#8220;D\u00fcnya bilm\u0259lidir ki, beyn\u0259lxalq idman oyunlar\u0131n\u0131n z\u0259if demokratiyal\u0131 \u00f6lk\u0259l\u0259rd\u0259 ke\u00e7irilm\u0259sind\u0259n \u00e7ox vaxt hakimiyy\u0259tin n\u00fcfuzu \u00fc\u00e7\u00fcn istifad\u0259 olunur&#8221;<\/p>\n","protected":false},"author":11,"featured_media":23609,"comment_status":"closed","ping_status":"open","sticky":false,"template":"","format":"standard","meta":{"_acf_changed":false,"_sitemap_exclude":false,"_sitemap_priority":"","_sitemap_frequency":"","footnotes":""},"categories":[56],"tags":[],"class_list":["post-167757","post","type-post","status-publish","format-standard","has-post-thumbnail","hentry","category-xeberler","infinite-scroll-item","generate-columns","tablet-grid-50","mobile-grid-100","grid-parent","grid-33","no-featured-image-padding"],"acf":[],"yoast_head":"<!-- This site is optimized with the Yoast SEO plugin v28.4 - https:\/\/yoast.com\/product\/yoast-seo-wordpress\/ -->\n<title>Az\u0259rbaycan K\u0130V azadl\u0131\u011f\u0131n\u0131 \u0259n \u00e7ox pozan \u00f6lk\u0259l\u0259r siyah\u0131s\u0131na daxil edilib - MEYDAN.TV<\/title>\n<meta name=\"robots\" content=\"index, follow, max-snippet:-1, max-image-preview:large, max-video-preview:-1\" \/>\n<link rel=\"canonical\" href=\"https:\/\/www.meydan.tv\/az\/article\/azerbaycan-kiv-azadligini-en-cox-pozan-olkeler-siyahisina-daxil-edilib\/\" \/>\n<meta property=\"og:locale\" content=\"az_AZ\" \/>\n<meta property=\"og:type\" content=\"article\" \/>\n<meta property=\"og:title\" content=\"Az\u0259rbaycan K\u0130V azadl\u0131\u011f\u0131n\u0131 \u0259n \u00e7ox pozan \u00f6lk\u0259l\u0259r siyah\u0131s\u0131na daxil edilib - MEYDAN.TV\" \/>\n<meta property=\"og:description\" content=\"&quot;D\u00fcnya bilm\u0259lidir ki, beyn\u0259lxalq idman oyunlar\u0131n\u0131n z\u0259if demokratiyal\u0131 \u00f6lk\u0259l\u0259rd\u0259 ke\u00e7irilm\u0259sind\u0259n \u00e7ox vaxt hakimiyy\u0259tin n\u00fcfuzu \u00fc\u00e7\u00fcn istifad\u0259 olunur&quot;\" \/>\n<meta property=\"og:url\" content=\"https:\/\/www.meydan.tv\/az\/article\/azerbaycan-kiv-azadligini-en-cox-pozan-olkeler-siyahisina-daxil-edilib\/\" \/>\n<meta property=\"og:site_name\" content=\"MEYDAN.TV\" \/>\n<meta property=\"article:published_time\" content=\"2015-05-01T20:07:39+00:00\" \/>\n<meta property=\"og:image\" content=\"https:\/\/www.meydan.tv\/wp-content\/uploads\/8582.jpg\" \/>\n\t<meta property=\"og:image:width\" content=\"400\" \/>\n\t<meta property=\"og:image:height\" content=\"286\" \/>\n\t<meta property=\"og:image:type\" content=\"image\/jpeg\" \/>\n<meta name=\"twitter:card\" content=\"summary_large_image\" \/>\n<!-- \/ Yoast SEO plugin. -->","yoast_head_json":{"title":"Az\u0259rbaycan K\u0130V azadl\u0131\u011f\u0131n\u0131 \u0259n \u00e7ox pozan \u00f6lk\u0259l\u0259r siyah\u0131s\u0131na daxil edilib - MEYDAN.TV","robots":{"index":"index","follow":"follow","max-snippet":"max-snippet:-1","max-image-preview":"max-image-preview:large","max-video-preview":"max-video-preview:-1"},"canonical":"https:\/\/www.meydan.tv\/az\/article\/azerbaycan-kiv-azadligini-en-cox-pozan-olkeler-siyahisina-daxil-edilib\/","og_locale":"az_AZ","og_type":"article","og_title":"Az\u0259rbaycan K\u0130V azadl\u0131\u011f\u0131n\u0131 \u0259n \u00e7ox pozan \u00f6lk\u0259l\u0259r siyah\u0131s\u0131na daxil edilib - MEYDAN.TV","og_description":"\"D\u00fcnya bilm\u0259lidir ki, beyn\u0259lxalq idman oyunlar\u0131n\u0131n z\u0259if demokratiyal\u0131 \u00f6lk\u0259l\u0259rd\u0259 ke\u00e7irilm\u0259sind\u0259n \u00e7ox vaxt hakimiyy\u0259tin n\u00fcfuzu \u00fc\u00e7\u00fcn istifad\u0259 olunur\"","og_url":"https:\/\/www.meydan.tv\/az\/article\/azerbaycan-kiv-azadligini-en-cox-pozan-olkeler-siyahisina-daxil-edilib\/","og_site_name":"MEYDAN.TV","article_published_time":"2015-05-01T20:07:39+00:00","og_image":[{"width":400,"height":286,"url":"https:\/\/www.meydan.tv\/wp-content\/uploads\/8582.jpg","type":"image\/jpeg"}],"twitter_card":"summary_large_image","schema":{"@context":"https:\/\/schema.org","@graph":[{"@type":"Article","@id":"https:\/\/www.meydan.tv\/az\/article\/azerbaycan-kiv-azadligini-en-cox-pozan-olkeler-siyahisina-daxil-edilib\/#article","isPartOf":{"@id":"https:\/\/www.meydan.tv\/az\/article\/azerbaycan-kiv-azadligini-en-cox-pozan-olkeler-siyahisina-daxil-edilib\/"},"author":{"name":"user-manager","@id":"https:\/\/www.meydan.tv\/az\/#\/schema\/person\/10d11eccf6da3662cf5fdab9806ea91a"},"headline":"Az\u0259rbaycan K\u0130V azadl\u0131\u011f\u0131n\u0131 \u0259n \u00e7ox pozan \u00f6lk\u0259l\u0259r siyah\u0131s\u0131na daxil edilib","datePublished":"2015-05-01T20:07:39+00:00","mainEntityOfPage":{"@id":"https:\/\/www.meydan.tv\/az\/article\/azerbaycan-kiv-azadligini-en-cox-pozan-olkeler-siyahisina-daxil-edilib\/"},"wordCount":398,"publisher":{"@id":"https:\/\/www.meydan.tv\/az\/#organization"},"image":{"@id":"https:\/\/www.meydan.tv\/az\/article\/azerbaycan-kiv-azadligini-en-cox-pozan-olkeler-siyahisina-daxil-edilib\/#primaryimage"},"thumbnailUrl":"https:\/\/www.meydan.tv\/wp-content\/uploads\/8582.jpg","articleSection":["X\u0259b\u0259rl\u0259r"],"inLanguage":"az"},{"@type":"WebPage","@id":"https:\/\/www.meydan.tv\/az\/article\/azerbaycan-kiv-azadligini-en-cox-pozan-olkeler-siyahisina-daxil-edilib\/","url":"https:\/\/www.meydan.tv\/az\/article\/azerbaycan-kiv-azadligini-en-cox-pozan-olkeler-siyahisina-daxil-edilib\/","name":"Az\u0259rbaycan K\u0130V azadl\u0131\u011f\u0131n\u0131 \u0259n \u00e7ox pozan \u00f6lk\u0259l\u0259r siyah\u0131s\u0131na daxil edilib - MEYDAN.TV","isPartOf":{"@id":"https:\/\/www.meydan.tv\/az\/#website"},"primaryImageOfPage":{"@id":"https:\/\/www.meydan.tv\/az\/article\/azerbaycan-kiv-azadligini-en-cox-pozan-olkeler-siyahisina-daxil-edilib\/#primaryimage"},"image":{"@id":"https:\/\/www.meydan.tv\/az\/article\/azerbaycan-kiv-azadligini-en-cox-pozan-olkeler-siyahisina-daxil-edilib\/#primaryimage"},"thumbnailUrl":"https:\/\/www.meydan.tv\/wp-content\/uploads\/8582.jpg","datePublished":"2015-05-01T20:07:39+00:00","breadcrumb":{"@id":"https:\/\/www.meydan.tv\/az\/article\/azerbaycan-kiv-azadligini-en-cox-pozan-olkeler-siyahisina-daxil-edilib\/#breadcrumb"},"inLanguage":"az","potentialAction":[{"@type":"ReadAction","target":["https:\/\/www.meydan.tv\/az\/article\/azerbaycan-kiv-azadligini-en-cox-pozan-olkeler-siyahisina-daxil-edilib\/"]}]},{"@type":"ImageObject","inLanguage":"az","@id":"https:\/\/www.meydan.tv\/az\/article\/azerbaycan-kiv-azadligini-en-cox-pozan-olkeler-siyahisina-daxil-edilib\/#primaryimage","url":"https:\/\/www.meydan.tv\/wp-content\/uploads\/8582.jpg","contentUrl":"https:\/\/www.meydan.tv\/wp-content\/uploads\/8582.jpg","width":400,"height":286,"caption":"Source:"},{"@type":"BreadcrumbList","@id":"https:\/\/www.meydan.tv\/az\/article\/azerbaycan-kiv-azadligini-en-cox-pozan-olkeler-siyahisina-daxil-edilib\/#breadcrumb","itemListElement":[{"@type":"ListItem","position":1,"name":"Ana s\u0259hif\u0259","item":"https:\/\/www.meydan.tv\/az\/"},{"@type":"ListItem","position":2,"name":"X\u0259b\u0259rl\u0259r","item":"https:\/\/www.meydan.tv\/az\/section\/xeberler\/"},{"@type":"ListItem","position":3,"name":"Az\u0259rbaycan K\u0130V azadl\u0131\u011f\u0131n\u0131 \u0259n \u00e7ox pozan \u00f6lk\u0259l\u0259r siyah\u0131s\u0131na daxil edilib"}]},{"@type":"WebSite","@id":"https:\/\/www.meydan.tv\/az\/#website","url":"https:\/\/www.meydan.tv\/az\/","name":"MEYDAN.TV","description":"Meydan TV Az\u0259rbaycan\u0131n media m\u0259kan\u0131ndak\u0131 alternativ s\u0259sidir","publisher":{"@id":"https:\/\/www.meydan.tv\/az\/#organization"},"potentialAction":[{"@type":"SearchAction","target":{"@type":"EntryPoint","urlTemplate":"https:\/\/www.meydan.tv\/az\/?s={search_term_string}"},"query-input":{"@type":"PropertyValueSpecification","valueRequired":true,"valueName":"search_term_string"}}],"inLanguage":"az"},{"@type":"Organization","@id":"https:\/\/www.meydan.tv\/az\/#organization","name":"Meydan TV","url":"https:\/\/www.meydan.tv\/az\/","logo":{"@type":"ImageObject","inLanguage":"az","@id":"https:\/\/www.meydan.tv\/az\/#\/schema\/logo\/image\/","url":"https:\/\/www.meydan.tv\/wp-content\/uploads\/2021\/07\/meydan-logo.svg","contentUrl":"https:\/\/www.meydan.tv\/wp-content\/uploads\/2021\/07\/meydan-logo.svg","width":195,"height":46,"caption":"Meydan TV"},"image":{"@id":"https:\/\/www.meydan.tv\/az\/#\/schema\/logo\/image\/"}},{"@type":"Person","@id":"https:\/\/www.meydan.tv\/az\/#\/schema\/person\/10d11eccf6da3662cf5fdab9806ea91a","name":"user-manager"}]}},"_links":{"self":[{"href":"https:\/\/www.meydan.tv\/az\/wp-json\/wp\/v2\/posts\/167757","targetHints":{"allow":["GET"]}}],"collection":[{"href":"https:\/\/www.meydan.tv\/az\/wp-json\/wp\/v2\/posts"}],"about":[{"href":"https:\/\/www.meydan.tv\/az\/wp-json\/wp\/v2\/types\/post"}],"author":[{"embeddable":true,"href":"https:\/\/www.meydan.tv\/az\/wp-json\/wp\/v2\/users\/11"}],"replies":[{"embeddable":true,"href":"https:\/\/www.meydan.tv\/az\/wp-json\/wp\/v2\/comments?post=167757"}],"version-history":[{"count":0,"href":"https:\/\/www.meydan.tv\/az\/wp-json\/wp\/v2\/posts\/167757\/revisions"}],"wp:featuredmedia":[{"embeddable":true,"href":"https:\/\/www.meydan.tv\/az\/wp-json\/wp\/v2\/media\/23609"}],"wp:attachment":[{"href":"https:\/\/www.meydan.tv\/az\/wp-json\/wp\/v2\/media?parent=167757"}],"wp:term":[{"taxonomy":"category","embeddable":true,"href":"https:\/\/www.meydan.tv\/az\/wp-json\/wp\/v2\/categories?post=167757"},{"taxonomy":"post_tag","embeddable":true,"href":"https:\/\/www.meydan.tv\/az\/wp-json\/wp\/v2\/tags?post=167757"}],"curies":[{"name":"wp","href":"https:\/\/api.w.org\/{rel}","templated":true}]}}