{"id":167755,"date":"2015-05-01T19:37:22","date_gmt":"2015-05-01T19:37:22","guid":{"rendered":"https:\/\/www.meydan.tv\/article\/cpj-avropa-olimpiya-komitelerine-muraciet-etdi\/"},"modified":"2015-05-01T19:37:22","modified_gmt":"2015-05-01T19:37:22","slug":"cpj-avropa-olimpiya-komitelerine-muraciet-etdi","status":"publish","type":"post","link":"https:\/\/www.meydan.tv\/az\/article\/cpj-avropa-olimpiya-komitelerine-muraciet-etdi\/","title":{"rendered":"CPJ Avropa Olimpiya Komit\u0259l\u0259rin\u0259 m\u00fcraci\u0259t etdi"},"content":{"rendered":"<figure class=\"wp-block-image size-large\">\n  <img decoding=\"async\" src=\"https:\/\/www.meydan.tv\/az\/23603\/\" alt=\"\" class=\"wp-image-23603\"\/><figcaption><\/figcaption><\/figure>\n<figure class=\"wp-block-image size-large\">\n  <img decoding=\"async\" src=\"https:\/\/www.meydan.tv\/az\/23603\/\" alt=\"\" class=\"wp-image-23603\"\/><figcaption><\/figcaption><\/figure>\n<p>\n  <i><br \/>\n    T\u0259\u015fkilat Avropa Oyunlar\u0131 \u0259r\u0259f\u0259sind\u0259 m\u0259tbuat azadl\u0131\u011f\u0131n\u0131n v\u0259ziyy\u0259tin\u0259 g\u00f6r\u0259 Az\u0259rbaycan hakimiyy\u0259tin\u0259 t\u0259sir g\u00f6st\u0259rm\u0259y\u0259 \u00e7a\u011f\u0131r\u0131b<br \/>\n  <\/i>\n<\/p>\n<p>\n  Jurnalistl\u0259ri M\u00fcdafi\u0259 Komit\u0259si (CPJ) Avropa Olimpiya Komit\u0259l\u0259rini iyunun 12-d\u0259 Bak\u0131da ke\u00e7iril\u0259c\u0259k ilk Avropa Oyunlar\u0131 \u0259r\u0259f\u0259sind\u0259 m\u0259tbuat azadl\u0131\u011f\u0131n\u0131n v\u0259ziyy\u0259tin\u0259 g\u00f6r\u0259 Az\u0259rbaycan hakimiyy\u0259tin\u0259 t\u0259sir g\u00f6st\u0259rm\u0259y\u0259 \u00e7a\u011f\u0131r\u0131b.\n<\/p>\n<p>\n  Azadl\u0131q Radiosunun m\u0259lumat\u0131na g\u00f6r\u0259, t\u0259\u015fkilat\u0131n Avropa v\u0259 Orta Asiya \u00fczr\u0259 koordinatoru<br \/>\n  <i><br \/>\n    Nina Ognianova<br \/>\n  <\/i><br \/>\n  n\u0131n komit\u0259nin direktoru<br \/>\n  <i><br \/>\n    Patrick Hickey<br \/>\n  <\/i><br \/>\n  -\u0259 g\u00f6nd\u0259rdiyi m\u0259ktubda bildirilir ki, komit\u0259nin xartiyas\u0131na g\u00f6r\u0259, oyunlar\u0131n t\u0259\u015fkilat\u00e7\u0131lar\u0131 k\u00fctl\u0259vi informasiya vasit\u0259l\u0259rinin yar\u0131\u015flar\u0131 h\u0259rt\u0259r\u0259fli i\u015f\u0131qland\u0131rmas\u0131na imkan yaratmal\u0131d\u0131r.\n<\/p>\n<p>\n  \u00abHaz\u0131rda 1300-d\u0259n \u00e7ox yerli v\u0259 xarici jurnalist iyunda ke\u00e7iril\u0259c\u0259k Avropa oyunlar\u0131 il\u0259 ba\u011fl\u0131 akkreditasiya almaq \u00fc\u00e7\u00fcn m\u00fcvafiq orqana m\u00fcraci\u0259t edibl\u0259r.\u00a0Amma onlar\u0131n \u0259ks\u0259riyy\u0259tin\u0259 bel\u0259 bir \u015f\u0259raitin yarad\u0131laca\u011f\u0131na t\u0259minat yoxdur.\u00a0\u00c7\u00fcnki Xarici I\u015fl\u0259r Nazirliyinin s\u00f6z\u00e7\u00fcs\u00fc Hikm\u0259t Hac\u0131yev bu yax\u0131nlarda b\u0259yan edib ki, jurnalistl\u0259r \u00f6lk\u0259nin \u0259razi b\u00fct\u00f6vl\u00fcy\u00fc v\u0259 suverenliyin\u0259 qar\u015f\u0131 aksiyalar ke\u00e7irs\u0259, akkreditasiya l\u0259\u011fv oluna bil\u0259r. Az\u0259rbaycandak\u0131 m\u0259tbuat azadl\u0131\u011f\u0131 il\u0259 ba\u011fl\u0131 v\u0259ziyy\u0259ti n\u0259z\u0259r\u0259 alsaq, bu b\u0259yanat K\u0130V-in bu oyunlar\u0131 azad \u015f\u0259kild\u0259 i\u015f\u0131qland\u0131ra bil\u0259c\u0259yini k\u00f6lg\u0259 alt\u0131nda qoyur\u00bb &#8211; m\u0259ktubda bildirilir.\n<\/p>\n<p>\n  M\u0259ktubda haz\u0131rda Az\u0259rbaycanda az\u0131 8 jurnalistin h\u0259bsd\u0259 oldu\u011fu bildirilir. Buna misal kimi P\u0259rviz H\u0259\u015fimli v\u0259 X\u0259dic\u0259 \u0130smay\u0131l\u0131n adlar\u0131 \u00e7\u0259kilir.\n<\/p>\n<p>\n  Bundan ba\u015fqa, \u00f6t\u0259n ilin dekabr\u0131nda Azadl\u0131q Radiosunun Bak\u0131 b\u00fcrosuna reyd ke\u00e7irildiyi, \u0259m\u0259kda\u015flar\u0131n\u0131n sor\u011fu-sual edildiyi, b\u00fcronun ba\u011fland\u0131\u011f\u0131, habel\u0259 2015-ci ild\u0259 \u00f6lk\u0259d\u0259 K\u0130V-in f\u0259aliyy\u0259tini m\u0259hdudla\u015fd\u0131ran yeni qanunlar q\u0259bul edildiyi vur\u011fulan\u0131r.\n<\/p>\n<p>\n  M\u0259ktubda bildirilir ki, Az\u0259rbaycan senzuran\u0131n s\u0259rtliyin\u0259 g\u00f6r\u0259, d\u00fcnyan\u0131n \u0259n pis 10 \u00f6lk\u0259sind\u0259n biridir.\n<\/p>\n<p>\n  Nina Ognianova prezident Patrick Hickey-i Avropa Oyunlar\u0131 \u0259r\u0259f\u0259sind\u0259 Az\u0259rbaycan h\u00f6kum\u0259tin\u0259 t\u0259sir g\u00f6st\u0259rm\u0259y\u0259 v\u0259 \u00f6lk\u0259d\u0259 m\u0259tbuat azadl\u0131\u011f\u0131n\u0131n v\u0259ziyy\u0259tinin yax\u015f\u0131la\u015fd\u0131r\u0131lmas\u0131na k\u00f6m\u0259k etm\u0259y\u0259 \u00e7a\u011f\u0131r\u0131r.\n<\/p>\n<p>\n  \u00abAvropa Oyunlar\u0131n\u0131n Olimpiya xartiyas\u0131n\u0131n prinsipl\u0259rin\u0259 uy\u011fun ke\u00e7irilm\u0259si \u00fc\u00e7\u00fcn h\u0259bsd\u0259 olan jurnalistl\u0259r azad edilm\u0259li, onlara qar\u015f\u0131 ittihamlar aradan qald\u0131r\u0131lmal\u0131 v\u0259 K\u0130V-in azad v\u0259 senzuras\u0131z f\u0259aliyy\u0259tin\u0259 \u015f\u0259rait yarad\u0131lmal\u0131d\u0131r\u00bb, &#8211; m\u0259ktubda deyilir.<\/p>\n","protected":false},"excerpt":{"rendered":"<p>T\u0259\u015fkilat Avropa Oyunlar\u0131 \u0259r\u0259f\u0259sind\u0259 m\u0259tbuat azadl\u0131\u011f\u0131n\u0131n v\u0259ziyy\u0259tin\u0259 g\u00f6r\u0259 Az\u0259rbaycan hakimiyy\u0259tin\u0259 t\u0259sir g\u00f6st\u0259rm\u0259y\u0259 \u00e7a\u011f\u0131r\u0131b<\/p>\n","protected":false},"author":11,"featured_media":23603,"comment_status":"closed","ping_status":"open","sticky":false,"template":"","format":"standard","meta":{"_acf_changed":false,"_sitemap_exclude":false,"_sitemap_priority":"","_sitemap_frequency":"","footnotes":""},"categories":[56],"tags":[],"class_list":["post-167755","post","type-post","status-publish","format-standard","has-post-thumbnail","hentry","category-xeberler","infinite-scroll-item","generate-columns","tablet-grid-50","mobile-grid-100","grid-parent","grid-33","no-featured-image-padding"],"acf":[],"yoast_head":"<!-- This site is optimized with the Yoast SEO plugin v28.4 - https:\/\/yoast.com\/product\/yoast-seo-wordpress\/ -->\n<title>CPJ Avropa Olimpiya Komit\u0259l\u0259rin\u0259 m\u00fcraci\u0259t etdi - MEYDAN.TV<\/title>\n<meta name=\"robots\" content=\"index, follow, max-snippet:-1, max-image-preview:large, max-video-preview:-1\" \/>\n<link rel=\"canonical\" href=\"https:\/\/www.meydan.tv\/az\/article\/cpj-avropa-olimpiya-komitelerine-muraciet-etdi\/\" \/>\n<meta property=\"og:locale\" content=\"az_AZ\" \/>\n<meta property=\"og:type\" content=\"article\" \/>\n<meta property=\"og:title\" content=\"CPJ Avropa Olimpiya Komit\u0259l\u0259rin\u0259 m\u00fcraci\u0259t etdi - MEYDAN.TV\" \/>\n<meta property=\"og:description\" content=\"T\u0259\u015fkilat Avropa Oyunlar\u0131 \u0259r\u0259f\u0259sind\u0259 m\u0259tbuat azadl\u0131\u011f\u0131n\u0131n v\u0259ziyy\u0259tin\u0259 g\u00f6r\u0259 Az\u0259rbaycan hakimiyy\u0259tin\u0259 t\u0259sir g\u00f6st\u0259rm\u0259y\u0259 \u00e7a\u011f\u0131r\u0131b\" \/>\n<meta property=\"og:url\" content=\"https:\/\/www.meydan.tv\/az\/article\/cpj-avropa-olimpiya-komitelerine-muraciet-etdi\/\" \/>\n<meta property=\"og:site_name\" content=\"MEYDAN.TV\" \/>\n<meta property=\"article:published_time\" content=\"2015-05-01T19:37:22+00:00\" \/>\n<meta property=\"og:image\" content=\"https:\/\/www.meydan.tv\/wp-content\/uploads\/8580.jpg\" \/>\n\t<meta property=\"og:image:width\" content=\"711\" \/>\n\t<meta property=\"og:image:height\" content=\"400\" \/>\n\t<meta property=\"og:image:type\" content=\"image\/jpeg\" \/>\n<meta name=\"twitter:card\" content=\"summary_large_image\" \/>\n<!-- \/ Yoast SEO plugin. -->","yoast_head_json":{"title":"CPJ Avropa Olimpiya Komit\u0259l\u0259rin\u0259 m\u00fcraci\u0259t etdi - MEYDAN.TV","robots":{"index":"index","follow":"follow","max-snippet":"max-snippet:-1","max-image-preview":"max-image-preview:large","max-video-preview":"max-video-preview:-1"},"canonical":"https:\/\/www.meydan.tv\/az\/article\/cpj-avropa-olimpiya-komitelerine-muraciet-etdi\/","og_locale":"az_AZ","og_type":"article","og_title":"CPJ Avropa Olimpiya Komit\u0259l\u0259rin\u0259 m\u00fcraci\u0259t etdi - MEYDAN.TV","og_description":"T\u0259\u015fkilat Avropa Oyunlar\u0131 \u0259r\u0259f\u0259sind\u0259 m\u0259tbuat azadl\u0131\u011f\u0131n\u0131n v\u0259ziyy\u0259tin\u0259 g\u00f6r\u0259 Az\u0259rbaycan hakimiyy\u0259tin\u0259 t\u0259sir g\u00f6st\u0259rm\u0259y\u0259 \u00e7a\u011f\u0131r\u0131b","og_url":"https:\/\/www.meydan.tv\/az\/article\/cpj-avropa-olimpiya-komitelerine-muraciet-etdi\/","og_site_name":"MEYDAN.TV","article_published_time":"2015-05-01T19:37:22+00:00","og_image":[{"width":711,"height":400,"url":"https:\/\/www.meydan.tv\/wp-content\/uploads\/8580.jpg","type":"image\/jpeg"}],"twitter_card":"summary_large_image","schema":{"@context":"https:\/\/schema.org","@graph":[{"@type":"Article","@id":"https:\/\/www.meydan.tv\/az\/article\/cpj-avropa-olimpiya-komitelerine-muraciet-etdi\/#article","isPartOf":{"@id":"https:\/\/www.meydan.tv\/az\/article\/cpj-avropa-olimpiya-komitelerine-muraciet-etdi\/"},"author":{"name":"user-manager","@id":"https:\/\/www.meydan.tv\/az\/#\/schema\/person\/10d11eccf6da3662cf5fdab9806ea91a"},"headline":"CPJ Avropa Olimpiya Komit\u0259l\u0259rin\u0259 m\u00fcraci\u0259t etdi","datePublished":"2015-05-01T19:37:22+00:00","mainEntityOfPage":{"@id":"https:\/\/www.meydan.tv\/az\/article\/cpj-avropa-olimpiya-komitelerine-muraciet-etdi\/"},"wordCount":476,"publisher":{"@id":"https:\/\/www.meydan.tv\/az\/#organization"},"image":{"@id":"https:\/\/www.meydan.tv\/az\/article\/cpj-avropa-olimpiya-komitelerine-muraciet-etdi\/#primaryimage"},"thumbnailUrl":"https:\/\/www.meydan.tv\/wp-content\/uploads\/8580.jpg","articleSection":["X\u0259b\u0259rl\u0259r"],"inLanguage":"az"},{"@type":"WebPage","@id":"https:\/\/www.meydan.tv\/az\/article\/cpj-avropa-olimpiya-komitelerine-muraciet-etdi\/","url":"https:\/\/www.meydan.tv\/az\/article\/cpj-avropa-olimpiya-komitelerine-muraciet-etdi\/","name":"CPJ Avropa Olimpiya Komit\u0259l\u0259rin\u0259 m\u00fcraci\u0259t etdi - MEYDAN.TV","isPartOf":{"@id":"https:\/\/www.meydan.tv\/az\/#website"},"primaryImageOfPage":{"@id":"https:\/\/www.meydan.tv\/az\/article\/cpj-avropa-olimpiya-komitelerine-muraciet-etdi\/#primaryimage"},"image":{"@id":"https:\/\/www.meydan.tv\/az\/article\/cpj-avropa-olimpiya-komitelerine-muraciet-etdi\/#primaryimage"},"thumbnailUrl":"https:\/\/www.meydan.tv\/wp-content\/uploads\/8580.jpg","datePublished":"2015-05-01T19:37:22+00:00","breadcrumb":{"@id":"https:\/\/www.meydan.tv\/az\/article\/cpj-avropa-olimpiya-komitelerine-muraciet-etdi\/#breadcrumb"},"inLanguage":"az","potentialAction":[{"@type":"ReadAction","target":["https:\/\/www.meydan.tv\/az\/article\/cpj-avropa-olimpiya-komitelerine-muraciet-etdi\/"]}]},{"@type":"ImageObject","inLanguage":"az","@id":"https:\/\/www.meydan.tv\/az\/article\/cpj-avropa-olimpiya-komitelerine-muraciet-etdi\/#primaryimage","url":"https:\/\/www.meydan.tv\/wp-content\/uploads\/8580.jpg","contentUrl":"https:\/\/www.meydan.tv\/wp-content\/uploads\/8580.jpg","width":711,"height":400,"caption":"Source:"},{"@type":"BreadcrumbList","@id":"https:\/\/www.meydan.tv\/az\/article\/cpj-avropa-olimpiya-komitelerine-muraciet-etdi\/#breadcrumb","itemListElement":[{"@type":"ListItem","position":1,"name":"Ana s\u0259hif\u0259","item":"https:\/\/www.meydan.tv\/az\/"},{"@type":"ListItem","position":2,"name":"X\u0259b\u0259rl\u0259r","item":"https:\/\/www.meydan.tv\/az\/section\/xeberler\/"},{"@type":"ListItem","position":3,"name":"CPJ Avropa Olimpiya Komit\u0259l\u0259rin\u0259 m\u00fcraci\u0259t etdi"}]},{"@type":"WebSite","@id":"https:\/\/www.meydan.tv\/az\/#website","url":"https:\/\/www.meydan.tv\/az\/","name":"MEYDAN.TV","description":"Meydan TV Az\u0259rbaycan\u0131n media m\u0259kan\u0131ndak\u0131 alternativ s\u0259sidir","publisher":{"@id":"https:\/\/www.meydan.tv\/az\/#organization"},"potentialAction":[{"@type":"SearchAction","target":{"@type":"EntryPoint","urlTemplate":"https:\/\/www.meydan.tv\/az\/?s={search_term_string}"},"query-input":{"@type":"PropertyValueSpecification","valueRequired":true,"valueName":"search_term_string"}}],"inLanguage":"az"},{"@type":"Organization","@id":"https:\/\/www.meydan.tv\/az\/#organization","name":"Meydan TV","url":"https:\/\/www.meydan.tv\/az\/","logo":{"@type":"ImageObject","inLanguage":"az","@id":"https:\/\/www.meydan.tv\/az\/#\/schema\/logo\/image\/","url":"https:\/\/www.meydan.tv\/wp-content\/uploads\/2021\/07\/meydan-logo.svg","contentUrl":"https:\/\/www.meydan.tv\/wp-content\/uploads\/2021\/07\/meydan-logo.svg","width":195,"height":46,"caption":"Meydan TV"},"image":{"@id":"https:\/\/www.meydan.tv\/az\/#\/schema\/logo\/image\/"}},{"@type":"Person","@id":"https:\/\/www.meydan.tv\/az\/#\/schema\/person\/10d11eccf6da3662cf5fdab9806ea91a","name":"user-manager"}]}},"_links":{"self":[{"href":"https:\/\/www.meydan.tv\/az\/wp-json\/wp\/v2\/posts\/167755","targetHints":{"allow":["GET"]}}],"collection":[{"href":"https:\/\/www.meydan.tv\/az\/wp-json\/wp\/v2\/posts"}],"about":[{"href":"https:\/\/www.meydan.tv\/az\/wp-json\/wp\/v2\/types\/post"}],"author":[{"embeddable":true,"href":"https:\/\/www.meydan.tv\/az\/wp-json\/wp\/v2\/users\/11"}],"replies":[{"embeddable":true,"href":"https:\/\/www.meydan.tv\/az\/wp-json\/wp\/v2\/comments?post=167755"}],"version-history":[{"count":0,"href":"https:\/\/www.meydan.tv\/az\/wp-json\/wp\/v2\/posts\/167755\/revisions"}],"wp:featuredmedia":[{"embeddable":true,"href":"https:\/\/www.meydan.tv\/az\/wp-json\/wp\/v2\/media\/23603"}],"wp:attachment":[{"href":"https:\/\/www.meydan.tv\/az\/wp-json\/wp\/v2\/media?parent=167755"}],"wp:term":[{"taxonomy":"category","embeddable":true,"href":"https:\/\/www.meydan.tv\/az\/wp-json\/wp\/v2\/categories?post=167755"},{"taxonomy":"post_tag","embeddable":true,"href":"https:\/\/www.meydan.tv\/az\/wp-json\/wp\/v2\/tags?post=167755"}],"curies":[{"name":"wp","href":"https:\/\/api.w.org\/{rel}","templated":true}]}}