{"id":167752,"date":"2015-05-01T17:16:11","date_gmt":"2015-05-01T17:16:11","guid":{"rendered":"https:\/\/www.meydan.tv\/article\/avropa-ittifaqindan-separatcilara-sert-munasibet\/"},"modified":"2015-05-01T17:16:11","modified_gmt":"2015-05-01T17:16:11","slug":"avropa-ittifaqindan-separatcilara-sert-munasibet","status":"publish","type":"post","link":"https:\/\/www.meydan.tv\/az\/article\/avropa-ittifaqindan-separatcilara-sert-munasibet\/","title":{"rendered":"Avropa \u0130ttifaq\u0131ndan separat\u00e7\u0131lara s\u0259rt m\u00fcnasib\u0259t"},"content":{"rendered":"<figure class=\"wp-block-image size-large\">\n  <img decoding=\"async\" src=\"https:\/\/www.meydan.tv\/az\/23591\/\" alt=\"\" class=\"wp-image-23591\"\/><figcaption><\/figcaption><\/figure>\n<figure class=\"wp-block-image size-large\">\n  <img decoding=\"async\" src=\"https:\/\/www.meydan.tv\/az\/23591\/\" alt=\"\" class=\"wp-image-23591\"\/><figcaption><\/figcaption><\/figure>\n<p>\n  <i><br \/>\n    Qurum Da\u011fl\u0131q Qaraba\u011fda ke\u00e7iril\u0259c\u0259k qondarma \u201cparlament se\u00e7kil\u0259ri\u201dni tan\u0131mad\u0131\u011f\u0131n\u0131 b\u0259yan edib<br \/>\n  <\/i>\n<\/p>\n<p>\n  <a href=\"http:\/\/az.apa.az\/tag\/Avropa+%C4%B0ttifaq%C4%B1\"><br \/>\n    Avropa \u0130ttifaq\u0131<br \/>\n  <\/a><br \/>\n  Da\u011fl\u0131q Qaraba\u011fda ke\u00e7iril\u0259c\u0259k \u201cparlament se\u00e7kil\u0259ri\u201dnin konstitusional v\u0259 h\u00fcquqi \u0259sas\u0131n\u0131 tan\u0131m\u0131r.\n<\/p>\n<p>\n  <a href=\"https:\/\/apa.az\"><br \/>\n    APA<br \/>\n  <\/a><br \/>\n  -n\u0131n m\u0259lumat\u0131na g\u00f6r\u0259, bu bar\u0259d\u0259 A\u0130-nin Da\u011fl\u0131q Qaraba\u011fda may\u0131n 3-d\u0259 ke\u00e7iril\u0259c\u0259k qondarma \u201cparlament se\u00e7kil\u0259ri\u201d il\u0259 ba\u011fl\u0131 b\u0259yanat\u0131nda deyilir.\n<\/p>\n<p>\n  B\u0259yanatda vur\u011fulan\u0131r ki, bu prosedurlar Da\u011fl\u0131q Qaraba\u011f\u0131n g\u0259l\u0259c\u0259k h\u00fcquqi statusunu \u0259vv\u0259lc\u0259d\u0259n m\u00fc\u0259yy\u0259nl\u0259\u015fdir\u0259 v\u0259 dan\u0131\u015f\u0131qlar prosesin\u0259 t\u0259sir ed\u0259 bilm\u0259z: \u201c<br \/>\n  <a href=\"http:\/\/az.apa.az\/tag\/Avropa+%C4%B0ttifaq%C4%B1\"><br \/>\n    Avropa \u0130ttifaq\u0131<br \/>\n  <\/a><br \/>\n  q\u0259tiyy\u0259tl\u0259<br \/>\n  <a href=\"http:\/\/az.apa.az\/tag\/AT%C6%8FT\"><br \/>\n    AT\u018fT<br \/>\n  <\/a><br \/>\n  -in Minsk qrupunu v\u0259 onun h\u0259ms\u0259drl\u0259rinin status-kvonun d\u0259yi\u015fm\u0259si v\u0259 h\u0259rt\u0259r\u0259fli s\u00fclh dan\u0131\u015f\u0131qlar\u0131 \u00fc\u00e7\u00fcn s\u0259yl\u0259rini d\u0259st\u0259kl\u0259yir. A\u0130 m\u00fcnaqi\u015f\u0259nin tez bir zamanda h\u0259lli istiqam\u0259tind\u0259ki s\u0259yl\u0259ri d\u0259st\u0259kl\u0259m\u0259kd\u0259 davam ed\u0259c\u0259k\u201d.<\/p>\n","protected":false},"excerpt":{"rendered":"<p>Qurum Da\u011fl\u0131q Qaraba\u011fda ke\u00e7iril\u0259c\u0259k qondarma \u201cparlament se\u00e7kil\u0259ri\u201dni tan\u0131mad\u0131\u011f\u0131n\u0131 b\u0259yan edib<\/p>\n","protected":false},"author":11,"featured_media":23591,"comment_status":"closed","ping_status":"open","sticky":false,"template":"","format":"standard","meta":{"_acf_changed":false,"_sitemap_exclude":false,"_sitemap_priority":"","_sitemap_frequency":"","footnotes":""},"categories":[56],"tags":[],"class_list":["post-167752","post","type-post","status-publish","format-standard","has-post-thumbnail","hentry","category-xeberler","infinite-scroll-item","generate-columns","tablet-grid-50","mobile-grid-100","grid-parent","grid-33","no-featured-image-padding"],"acf":[],"yoast_head":"<!-- This site is optimized with the Yoast SEO plugin v28.4 - https:\/\/yoast.com\/product\/yoast-seo-wordpress\/ -->\n<title>Avropa \u0130ttifaq\u0131ndan separat\u00e7\u0131lara s\u0259rt m\u00fcnasib\u0259t - MEYDAN.TV<\/title>\n<meta name=\"robots\" content=\"index, follow, max-snippet:-1, max-image-preview:large, max-video-preview:-1\" \/>\n<link rel=\"canonical\" href=\"https:\/\/www.meydan.tv\/az\/article\/avropa-ittifaqindan-separatcilara-sert-munasibet\/\" \/>\n<meta property=\"og:locale\" content=\"az_AZ\" \/>\n<meta property=\"og:type\" content=\"article\" \/>\n<meta property=\"og:title\" content=\"Avropa \u0130ttifaq\u0131ndan separat\u00e7\u0131lara s\u0259rt m\u00fcnasib\u0259t - MEYDAN.TV\" \/>\n<meta property=\"og:description\" content=\"Qurum Da\u011fl\u0131q Qaraba\u011fda ke\u00e7iril\u0259c\u0259k qondarma \u201cparlament se\u00e7kil\u0259ri\u201dni tan\u0131mad\u0131\u011f\u0131n\u0131 b\u0259yan edib\" \/>\n<meta property=\"og:url\" content=\"https:\/\/www.meydan.tv\/az\/article\/avropa-ittifaqindan-separatcilara-sert-munasibet\/\" \/>\n<meta property=\"og:site_name\" content=\"MEYDAN.TV\" \/>\n<meta property=\"article:published_time\" content=\"2015-05-01T17:16:11+00:00\" \/>\n<meta property=\"og:image\" content=\"https:\/\/www.meydan.tv\/wp-content\/uploads\/8576.jpg\" \/>\n\t<meta property=\"og:image:width\" content=\"485\" \/>\n\t<meta property=\"og:image:height\" content=\"409\" \/>\n\t<meta property=\"og:image:type\" content=\"image\/jpeg\" \/>\n<meta name=\"twitter:card\" content=\"summary_large_image\" \/>\n<!-- \/ Yoast SEO plugin. -->","yoast_head_json":{"title":"Avropa \u0130ttifaq\u0131ndan separat\u00e7\u0131lara s\u0259rt m\u00fcnasib\u0259t - MEYDAN.TV","robots":{"index":"index","follow":"follow","max-snippet":"max-snippet:-1","max-image-preview":"max-image-preview:large","max-video-preview":"max-video-preview:-1"},"canonical":"https:\/\/www.meydan.tv\/az\/article\/avropa-ittifaqindan-separatcilara-sert-munasibet\/","og_locale":"az_AZ","og_type":"article","og_title":"Avropa \u0130ttifaq\u0131ndan separat\u00e7\u0131lara s\u0259rt m\u00fcnasib\u0259t - MEYDAN.TV","og_description":"Qurum Da\u011fl\u0131q Qaraba\u011fda ke\u00e7iril\u0259c\u0259k qondarma \u201cparlament se\u00e7kil\u0259ri\u201dni tan\u0131mad\u0131\u011f\u0131n\u0131 b\u0259yan edib","og_url":"https:\/\/www.meydan.tv\/az\/article\/avropa-ittifaqindan-separatcilara-sert-munasibet\/","og_site_name":"MEYDAN.TV","article_published_time":"2015-05-01T17:16:11+00:00","og_image":[{"width":485,"height":409,"url":"https:\/\/www.meydan.tv\/wp-content\/uploads\/8576.jpg","type":"image\/jpeg"}],"twitter_card":"summary_large_image","schema":{"@context":"https:\/\/schema.org","@graph":[{"@type":"Article","@id":"https:\/\/www.meydan.tv\/az\/article\/avropa-ittifaqindan-separatcilara-sert-munasibet\/#article","isPartOf":{"@id":"https:\/\/www.meydan.tv\/az\/article\/avropa-ittifaqindan-separatcilara-sert-munasibet\/"},"author":{"name":"user-manager","@id":"https:\/\/www.meydan.tv\/az\/#\/schema\/person\/10d11eccf6da3662cf5fdab9806ea91a"},"headline":"Avropa \u0130ttifaq\u0131ndan separat\u00e7\u0131lara s\u0259rt m\u00fcnasib\u0259t","datePublished":"2015-05-01T17:16:11+00:00","mainEntityOfPage":{"@id":"https:\/\/www.meydan.tv\/az\/article\/avropa-ittifaqindan-separatcilara-sert-munasibet\/"},"wordCount":193,"publisher":{"@id":"https:\/\/www.meydan.tv\/az\/#organization"},"image":{"@id":"https:\/\/www.meydan.tv\/az\/article\/avropa-ittifaqindan-separatcilara-sert-munasibet\/#primaryimage"},"thumbnailUrl":"https:\/\/www.meydan.tv\/wp-content\/uploads\/8576.jpg","articleSection":["X\u0259b\u0259rl\u0259r"],"inLanguage":"az"},{"@type":"WebPage","@id":"https:\/\/www.meydan.tv\/az\/article\/avropa-ittifaqindan-separatcilara-sert-munasibet\/","url":"https:\/\/www.meydan.tv\/az\/article\/avropa-ittifaqindan-separatcilara-sert-munasibet\/","name":"Avropa \u0130ttifaq\u0131ndan separat\u00e7\u0131lara s\u0259rt m\u00fcnasib\u0259t - MEYDAN.TV","isPartOf":{"@id":"https:\/\/www.meydan.tv\/az\/#website"},"primaryImageOfPage":{"@id":"https:\/\/www.meydan.tv\/az\/article\/avropa-ittifaqindan-separatcilara-sert-munasibet\/#primaryimage"},"image":{"@id":"https:\/\/www.meydan.tv\/az\/article\/avropa-ittifaqindan-separatcilara-sert-munasibet\/#primaryimage"},"thumbnailUrl":"https:\/\/www.meydan.tv\/wp-content\/uploads\/8576.jpg","datePublished":"2015-05-01T17:16:11+00:00","breadcrumb":{"@id":"https:\/\/www.meydan.tv\/az\/article\/avropa-ittifaqindan-separatcilara-sert-munasibet\/#breadcrumb"},"inLanguage":"az","potentialAction":[{"@type":"ReadAction","target":["https:\/\/www.meydan.tv\/az\/article\/avropa-ittifaqindan-separatcilara-sert-munasibet\/"]}]},{"@type":"ImageObject","inLanguage":"az","@id":"https:\/\/www.meydan.tv\/az\/article\/avropa-ittifaqindan-separatcilara-sert-munasibet\/#primaryimage","url":"https:\/\/www.meydan.tv\/wp-content\/uploads\/8576.jpg","contentUrl":"https:\/\/www.meydan.tv\/wp-content\/uploads\/8576.jpg","width":485,"height":409,"caption":"Source:"},{"@type":"BreadcrumbList","@id":"https:\/\/www.meydan.tv\/az\/article\/avropa-ittifaqindan-separatcilara-sert-munasibet\/#breadcrumb","itemListElement":[{"@type":"ListItem","position":1,"name":"Ana s\u0259hif\u0259","item":"https:\/\/www.meydan.tv\/az\/"},{"@type":"ListItem","position":2,"name":"X\u0259b\u0259rl\u0259r","item":"https:\/\/www.meydan.tv\/az\/section\/xeberler\/"},{"@type":"ListItem","position":3,"name":"Avropa \u0130ttifaq\u0131ndan separat\u00e7\u0131lara s\u0259rt m\u00fcnasib\u0259t"}]},{"@type":"WebSite","@id":"https:\/\/www.meydan.tv\/az\/#website","url":"https:\/\/www.meydan.tv\/az\/","name":"MEYDAN.TV","description":"Meydan TV Az\u0259rbaycan\u0131n media m\u0259kan\u0131ndak\u0131 alternativ s\u0259sidir","publisher":{"@id":"https:\/\/www.meydan.tv\/az\/#organization"},"potentialAction":[{"@type":"SearchAction","target":{"@type":"EntryPoint","urlTemplate":"https:\/\/www.meydan.tv\/az\/?s={search_term_string}"},"query-input":{"@type":"PropertyValueSpecification","valueRequired":true,"valueName":"search_term_string"}}],"inLanguage":"az"},{"@type":"Organization","@id":"https:\/\/www.meydan.tv\/az\/#organization","name":"Meydan TV","url":"https:\/\/www.meydan.tv\/az\/","logo":{"@type":"ImageObject","inLanguage":"az","@id":"https:\/\/www.meydan.tv\/az\/#\/schema\/logo\/image\/","url":"https:\/\/www.meydan.tv\/wp-content\/uploads\/2021\/07\/meydan-logo.svg","contentUrl":"https:\/\/www.meydan.tv\/wp-content\/uploads\/2021\/07\/meydan-logo.svg","width":195,"height":46,"caption":"Meydan TV"},"image":{"@id":"https:\/\/www.meydan.tv\/az\/#\/schema\/logo\/image\/"}},{"@type":"Person","@id":"https:\/\/www.meydan.tv\/az\/#\/schema\/person\/10d11eccf6da3662cf5fdab9806ea91a","name":"user-manager"}]}},"_links":{"self":[{"href":"https:\/\/www.meydan.tv\/az\/wp-json\/wp\/v2\/posts\/167752","targetHints":{"allow":["GET"]}}],"collection":[{"href":"https:\/\/www.meydan.tv\/az\/wp-json\/wp\/v2\/posts"}],"about":[{"href":"https:\/\/www.meydan.tv\/az\/wp-json\/wp\/v2\/types\/post"}],"author":[{"embeddable":true,"href":"https:\/\/www.meydan.tv\/az\/wp-json\/wp\/v2\/users\/11"}],"replies":[{"embeddable":true,"href":"https:\/\/www.meydan.tv\/az\/wp-json\/wp\/v2\/comments?post=167752"}],"version-history":[{"count":0,"href":"https:\/\/www.meydan.tv\/az\/wp-json\/wp\/v2\/posts\/167752\/revisions"}],"wp:featuredmedia":[{"embeddable":true,"href":"https:\/\/www.meydan.tv\/az\/wp-json\/wp\/v2\/media\/23591"}],"wp:attachment":[{"href":"https:\/\/www.meydan.tv\/az\/wp-json\/wp\/v2\/media?parent=167752"}],"wp:term":[{"taxonomy":"category","embeddable":true,"href":"https:\/\/www.meydan.tv\/az\/wp-json\/wp\/v2\/categories?post=167752"},{"taxonomy":"post_tag","embeddable":true,"href":"https:\/\/www.meydan.tv\/az\/wp-json\/wp\/v2\/tags?post=167752"}],"curies":[{"name":"wp","href":"https:\/\/api.w.org\/{rel}","templated":true}]}}