{"id":167751,"date":"2015-05-01T16:10:51","date_gmt":"2015-05-01T16:10:51","guid":{"rendered":"https:\/\/www.meydan.tv\/article\/hakimiyyet-demokratiklesme-aparmaga-mecbur-olacaq\/"},"modified":"2015-05-01T16:10:51","modified_gmt":"2015-05-01T16:10:51","slug":"hakimiyyet-demokratiklesme-aparmaga-mecbur-olacaq","status":"publish","type":"post","link":"https:\/\/www.meydan.tv\/az\/article\/hakimiyyet-demokratiklesme-aparmaga-mecbur-olacaq\/","title":{"rendered":"&#8220;Hakimiyy\u0259t demokratikl\u0259\u015fm\u0259 aparma\u011fa m\u0259cbur olacaq&#8221;"},"content":{"rendered":"<figure class=\"wp-block-image size-large\">\n  <img decoding=\"async\" src=\"https:\/\/www.meydan.tv\/az\/23582\/\" alt=\"\" class=\"wp-image-23582\"\/><figcaption><\/figcaption><\/figure>\n<figure class=\"wp-block-image size-large\">\n  <img decoding=\"async\" src=\"https:\/\/www.meydan.tv\/az\/23582\/\" alt=\"\" class=\"wp-image-23582\"\/><figcaption><\/figcaption><\/figure>\n<p>\n  <i><br \/>\n    &#8220;\u018fn b\u00f6y\u00fck itki Az\u0259rbaycanda azad median\u0131 institut kimi itirm\u0259yimizdir<br \/>\n  <\/i><br \/>\n  &#8221;<\/p>\n<p>  AB\u015e D\u00f6vl\u0259t Departamenti 3 may \u00dcmumd\u00fcnya M\u0259tbuat Azadl\u0131\u011f\u0131 G\u00fcn\u00fc \u0259r\u0259f\u0259sind\u0259 azad v\u0259 m\u00fcst\u0259qil m\u0259tbuata d\u0259st\u0259k \u00fczr\u0259 s\u0259yl\u0259r \u00e7\u0259r\u00e7iv\u0259sind\u0259 illik \u201cM\u0259tbuata azadl\u0131q\u201d kampaniyas\u0131na ba\u015flay\u0131b.\n<\/p>\n<p>\n  \u018fvv\u0259lki ill\u0259rd\u0259\u00a0 oldu\u011fu kimi, D\u00f6vl\u0259t Departamenti senzuraya, h\u00fccum v\u0259 h\u0259d\u0259l\u0259r\u0259 m\u0259ruz qalan, \u00f6z pe\u015f\u0259 f\u0259aliyy\u0259tin\u0259 g\u00f6r\u0259 itkin d\u00fc\u015f\u0259n K\u0130V v\u0259 jurnalistl\u0259rin adlar\u0131n\u0131 a\u00e7\u0131qlayacaq.\n<\/p>\n<p>\n  &#8220;Turan \u0130A&#8221;-\u0131n Va\u015finqton m\u00fcxbirinin m\u0259lumat\u0131na g\u00f6r\u0259, aprelin 30-da ke\u00e7iril\u0259n brifinqd\u0259 D\u00f6vl\u0259t Departamentinin m\u0259tbuat katibi Mari Harf Az\u0259rbaycanda v\u0259 Svazilendd\u0259 jurnalistl\u0259rin h\u0259bsin\u0259 toxunub.\n<\/p>\n<p>\n  B\u0259s bu kampaniyan\u0131n n\u0259tic\u0259si olacaqm\u0131? Meydan TV-nin sual\u0131n\u0131 &#8220;Turan&#8221;-\u0131n direktoru Mehman \u018fliyev cavabland\u0131rd\u0131: &#8220;Bug\u00fcn\u0259 kimi n\u0259 q\u0259d\u0259r kampaniya ke\u00e7irilib? Ke\u00e7iril\u0259n kampaniyalar\u0131n n\u0259tic\u0259si olubmu? \u00d6t\u0259n \u0259srin 90-c\u0131 ill\u0259rind\u0259 ke\u00e7iril\u0259n kampaniyalar zaman\u0131 daxili t\u0259pki d\u0259 \u00e7ox g\u00fccl\u00fcyd\u00fc. O zaman Az\u0259rbaycan jurnalistikas\u0131 \u00e7ox b\u00f6y\u00fck itkil\u0259r ver\u0259-ver\u0259 b\u00f6y\u00fck m\u00fcbariz\u0259 apar\u0131rd\u0131. Amma n\u0259tic\u0259d\u0259 b\u00f6y\u00fck itkil\u0259rl\u0259 indiki m\u0259nz\u0259r\u0259 yarand\u0131. \u018fn b\u00f6y\u00fck itki odur ki, biz Az\u0259rbaycanda azad median\u0131 institut kimi itirdik. Ona g\u00f6r\u0259 m\u0259s\u0259l\u0259l\u0259ri birba\u015fa buna ba\u011flamaq ki, ba\u015flanan kampaniyan\u0131n n\u0259tic\u0259si olacaq, bu, d\u00fczg\u00fcn olmazd\u0131&#8221;.\n<\/p>\n<p>\n  Mehman \u018fliyev son bir h\u0259ft\u0259d\u0259 r\u0259smi m\u0259tbuatda anti-AB\u015e kampaniyas\u0131n\u0131n g\u00fccl\u0259nm\u0259si m\u0259s\u0259l\u0259sin\u0259 d\u0259 toxundu. Bu kampaniyan\u0131n onun \u00fc\u00e7\u00fcn yenilik olmad\u0131\u011f\u0131n\u0131 dedi: &#8220;Vaxta\u015f\u0131r\u0131 Az\u0259rbaycan\u0131n r\u0259smi m\u0259tbuat\u0131nda anti-Q\u0259rb kampaniyas\u0131 apar\u0131l\u0131r&#8221;.\n<\/p>\n<p>\n  M.\u018fliyev kampaniyan\u0131n iki s\u0259b\u0259bd\u0259n qaynaqland\u0131\u011f\u0131n\u0131 d\u00fc\u015f\u00fcn\u00fcr: &#8220;Bir t\u0259r\u0259fd\u0259n Rusiyan\u0131n iqtidara t\u0259pkil\u0259ri g\u00fccl\u0259n\u0259nd\u0259 hakimiyy\u0259t anti-Q\u0259rb m\u00f6vqeyini n\u00fcmayi\u015f etdirir. Y\u0259ni Roma Papas\u0131ndan daha \u00e7ox katolik oldu\u011funu dem\u0259k ist\u0259yir. \u0130kinci m\u0259qam is\u0259 odur ki, Q\u0259rbin demokratik inki\u015faf v\u0259 \u00f6hd\u0259likl\u0259rl\u0259 ba\u011fl\u0131 t\u0259pkil\u0259ri olanda da bel\u0259 kampaniyalara start verilir. Bu g\u00fcn hakimiyy\u0259tin Rusiya v\u0259 Q\u0259rbl\u0259 d\u0259 m\u00fcnasib\u0259tl\u0259ri kifay\u0259t q\u0259d\u0259r yax\u015f\u0131 deyil, sinxron durum yaran\u0131b. Ona g\u00f6r\u0259 hakimiyy\u0259tin son kampaniyas\u0131 dediyim s\u0259b\u0259bl\u0259rl\u0259 \u0259laq\u0259dard\u0131r&#8221;.\n<\/p>\n<figure class=\"wp-block-image size-large\">\n  <img decoding=\"async\" src=\"https:\/\/www.meydan.tv\/az\/23588\/\" alt=\"\" class=\"wp-image-23588\"\/><figcaption><\/figcaption><\/figure>\n<p>\n  O, hakimiyy\u0259tin he\u00e7 vaxt Rusiyaya qar\u015f\u0131 kampaniya aparmad\u0131\u011f\u0131n\u0131 da xat\u0131rlatd\u0131: &#8220;\u00c7\u00fcnki qorxurlar. Q\u0259rb\u0259 qar\u015f\u0131 ona g\u00f6r\u0259 kampaniya apar\u0131r ki, Avropa normalar, qaydalar \u00e7\u0259r\u00e7iv\u0259sind\u0259 m\u00fcbariz\u0259ni ortaya qoyur. Rusiyan\u0131n davran\u0131\u015f\u0131 is\u0259 beyn\u0259lxalq qaydalara s\u0131\u011f\u0131\u015fm\u0131r. Bu m\u0259nada Kremlin siyas\u0259ti Bak\u0131 \u00fc\u00e7\u00fcn b\u00f6y\u00fck t\u0259hl\u00fck\u0259dir&#8221;.\n<\/p>\n<p>\n  Mehman \u018fliyev hesab edir ki, hakimiyy\u0259t demokratikl\u0259\u015fm\u0259 aparma\u011fa m\u0259cbur olacaq: &#8220;Bunun \u0259sas s\u0259b\u0259bi \u00f6lk\u0259nin iqtisadi durumunun a\u011f\u0131r olmas\u0131d\u0131r, m\u0259s\u0259l\u0259 he\u00e7 d\u0259 neft qiym\u0259tl\u0259rin\u0259 ba\u011fl\u0131 deyil. Sad\u0259c\u0259, uzun ill\u0259r apar\u0131lan s\u0259hv siyas\u0259tin n\u0259tic\u0259sind\u0259 iqtisadiyyat d\u0259rin b\u00f6hrana girib. Hakimiyy\u0259t neftin hesab\u0131na v\u0259ziyy\u0259ti sabitl\u0259\u015fdir\u0259c\u0259yini d\u00fc\u015f\u00fcn\u00fcrd\u00fc, amma neft g\u0259lirl\u0259rinin azalmas\u0131 bu imkan\u0131 da s\u0131radan \u00e7\u0131xard\u0131. Bu bax\u0131mdan proses tezl\u0259\u015fib. B\u00f6hrandan \u00e7\u0131x\u0131\u015f yolu iqtisadi islahatlar\u0131n apar\u0131lmas\u0131 v\u0259 ard\u0131nca m\u0259hk\u0259m\u0259 sisteminin \u015f\u0259ffafla\u015fd\u0131r\u0131lmas\u0131d\u0131r. Ba\u015fqa \u00e7\u0131x\u0131\u015f yolu yoxdur! \u018fks t\u0259qdird\u0259, \u00e7ox pis f\u0259sadlar g\u00f6zl\u0259nilir&#8221;.\n<\/p><\/p>\n","protected":false},"excerpt":{"rendered":"<p>&#8220;\u018fn b\u00f6y\u00fck itki Az\u0259rbaycanda azad median\u0131 institut kimi itirm\u0259yimizdir&#8221;<\/p>\n","protected":false},"author":11,"featured_media":23582,"comment_status":"closed","ping_status":"open","sticky":false,"template":"","format":"standard","meta":{"_acf_changed":false,"_sitemap_exclude":false,"_sitemap_priority":"","_sitemap_frequency":"","footnotes":""},"categories":[56],"tags":[],"class_list":["post-167751","post","type-post","status-publish","format-standard","has-post-thumbnail","hentry","category-xeberler","infinite-scroll-item","generate-columns","tablet-grid-50","mobile-grid-100","grid-parent","grid-33","no-featured-image-padding"],"acf":[],"yoast_head":"<!-- This site is optimized with the Yoast SEO plugin v28.4 - https:\/\/yoast.com\/product\/yoast-seo-wordpress\/ -->\n<title>&quot;Hakimiyy\u0259t demokratikl\u0259\u015fm\u0259 aparma\u011fa m\u0259cbur olacaq&quot; - MEYDAN.TV<\/title>\n<meta name=\"robots\" content=\"index, follow, max-snippet:-1, max-image-preview:large, max-video-preview:-1\" \/>\n<link rel=\"canonical\" href=\"https:\/\/www.meydan.tv\/az\/article\/hakimiyyet-demokratiklesme-aparmaga-mecbur-olacaq\/\" \/>\n<meta property=\"og:locale\" content=\"az_AZ\" \/>\n<meta property=\"og:type\" content=\"article\" \/>\n<meta property=\"og:title\" content=\"&quot;Hakimiyy\u0259t demokratikl\u0259\u015fm\u0259 aparma\u011fa m\u0259cbur olacaq&quot; - MEYDAN.TV\" \/>\n<meta property=\"og:description\" content=\"&quot;\u018fn b\u00f6y\u00fck itki Az\u0259rbaycanda azad median\u0131 institut kimi itirm\u0259yimizdir&quot;\" \/>\n<meta property=\"og:url\" content=\"https:\/\/www.meydan.tv\/az\/article\/hakimiyyet-demokratiklesme-aparmaga-mecbur-olacaq\/\" \/>\n<meta property=\"og:site_name\" content=\"MEYDAN.TV\" \/>\n<meta property=\"article:published_time\" content=\"2015-05-01T16:10:51+00:00\" \/>\n<meta property=\"og:image\" content=\"https:\/\/www.meydan.tv\/wp-content\/uploads\/8574.jpg\" \/>\n\t<meta property=\"og:image:width\" content=\"468\" \/>\n\t<meta property=\"og:image:height\" content=\"300\" \/>\n\t<meta property=\"og:image:type\" content=\"image\/jpeg\" \/>\n<meta name=\"twitter:card\" content=\"summary_large_image\" \/>\n<!-- \/ Yoast SEO plugin. -->","yoast_head_json":{"title":"\"Hakimiyy\u0259t demokratikl\u0259\u015fm\u0259 aparma\u011fa m\u0259cbur olacaq\" - MEYDAN.TV","robots":{"index":"index","follow":"follow","max-snippet":"max-snippet:-1","max-image-preview":"max-image-preview:large","max-video-preview":"max-video-preview:-1"},"canonical":"https:\/\/www.meydan.tv\/az\/article\/hakimiyyet-demokratiklesme-aparmaga-mecbur-olacaq\/","og_locale":"az_AZ","og_type":"article","og_title":"\"Hakimiyy\u0259t demokratikl\u0259\u015fm\u0259 aparma\u011fa m\u0259cbur olacaq\" - MEYDAN.TV","og_description":"\"\u018fn b\u00f6y\u00fck itki Az\u0259rbaycanda azad median\u0131 institut kimi itirm\u0259yimizdir\"","og_url":"https:\/\/www.meydan.tv\/az\/article\/hakimiyyet-demokratiklesme-aparmaga-mecbur-olacaq\/","og_site_name":"MEYDAN.TV","article_published_time":"2015-05-01T16:10:51+00:00","og_image":[{"width":468,"height":300,"url":"https:\/\/www.meydan.tv\/wp-content\/uploads\/8574.jpg","type":"image\/jpeg"}],"twitter_card":"summary_large_image","schema":{"@context":"https:\/\/schema.org","@graph":[{"@type":"Article","@id":"https:\/\/www.meydan.tv\/az\/article\/hakimiyyet-demokratiklesme-aparmaga-mecbur-olacaq\/#article","isPartOf":{"@id":"https:\/\/www.meydan.tv\/az\/article\/hakimiyyet-demokratiklesme-aparmaga-mecbur-olacaq\/"},"author":{"name":"user-manager","@id":"https:\/\/www.meydan.tv\/az\/#\/schema\/person\/10d11eccf6da3662cf5fdab9806ea91a"},"headline":"&#8220;Hakimiyy\u0259t demokratikl\u0259\u015fm\u0259 aparma\u011fa m\u0259cbur olacaq&#8221;","datePublished":"2015-05-01T16:10:51+00:00","mainEntityOfPage":{"@id":"https:\/\/www.meydan.tv\/az\/article\/hakimiyyet-demokratiklesme-aparmaga-mecbur-olacaq\/"},"wordCount":637,"publisher":{"@id":"https:\/\/www.meydan.tv\/az\/#organization"},"image":{"@id":"https:\/\/www.meydan.tv\/az\/article\/hakimiyyet-demokratiklesme-aparmaga-mecbur-olacaq\/#primaryimage"},"thumbnailUrl":"https:\/\/www.meydan.tv\/wp-content\/uploads\/8574.jpg","articleSection":["X\u0259b\u0259rl\u0259r"],"inLanguage":"az"},{"@type":"WebPage","@id":"https:\/\/www.meydan.tv\/az\/article\/hakimiyyet-demokratiklesme-aparmaga-mecbur-olacaq\/","url":"https:\/\/www.meydan.tv\/az\/article\/hakimiyyet-demokratiklesme-aparmaga-mecbur-olacaq\/","name":"\"Hakimiyy\u0259t demokratikl\u0259\u015fm\u0259 aparma\u011fa m\u0259cbur olacaq\" - MEYDAN.TV","isPartOf":{"@id":"https:\/\/www.meydan.tv\/az\/#website"},"primaryImageOfPage":{"@id":"https:\/\/www.meydan.tv\/az\/article\/hakimiyyet-demokratiklesme-aparmaga-mecbur-olacaq\/#primaryimage"},"image":{"@id":"https:\/\/www.meydan.tv\/az\/article\/hakimiyyet-demokratiklesme-aparmaga-mecbur-olacaq\/#primaryimage"},"thumbnailUrl":"https:\/\/www.meydan.tv\/wp-content\/uploads\/8574.jpg","datePublished":"2015-05-01T16:10:51+00:00","breadcrumb":{"@id":"https:\/\/www.meydan.tv\/az\/article\/hakimiyyet-demokratiklesme-aparmaga-mecbur-olacaq\/#breadcrumb"},"inLanguage":"az","potentialAction":[{"@type":"ReadAction","target":["https:\/\/www.meydan.tv\/az\/article\/hakimiyyet-demokratiklesme-aparmaga-mecbur-olacaq\/"]}]},{"@type":"ImageObject","inLanguage":"az","@id":"https:\/\/www.meydan.tv\/az\/article\/hakimiyyet-demokratiklesme-aparmaga-mecbur-olacaq\/#primaryimage","url":"https:\/\/www.meydan.tv\/wp-content\/uploads\/8574.jpg","contentUrl":"https:\/\/www.meydan.tv\/wp-content\/uploads\/8574.jpg","width":468,"height":300,"caption":"Source:"},{"@type":"BreadcrumbList","@id":"https:\/\/www.meydan.tv\/az\/article\/hakimiyyet-demokratiklesme-aparmaga-mecbur-olacaq\/#breadcrumb","itemListElement":[{"@type":"ListItem","position":1,"name":"Ana s\u0259hif\u0259","item":"https:\/\/www.meydan.tv\/az\/"},{"@type":"ListItem","position":2,"name":"X\u0259b\u0259rl\u0259r","item":"https:\/\/www.meydan.tv\/az\/section\/xeberler\/"},{"@type":"ListItem","position":3,"name":"&#8220;Hakimiyy\u0259t demokratikl\u0259\u015fm\u0259 aparma\u011fa m\u0259cbur olacaq&#8221;"}]},{"@type":"WebSite","@id":"https:\/\/www.meydan.tv\/az\/#website","url":"https:\/\/www.meydan.tv\/az\/","name":"MEYDAN.TV","description":"Meydan TV Az\u0259rbaycan\u0131n media m\u0259kan\u0131ndak\u0131 alternativ s\u0259sidir","publisher":{"@id":"https:\/\/www.meydan.tv\/az\/#organization"},"potentialAction":[{"@type":"SearchAction","target":{"@type":"EntryPoint","urlTemplate":"https:\/\/www.meydan.tv\/az\/?s={search_term_string}"},"query-input":{"@type":"PropertyValueSpecification","valueRequired":true,"valueName":"search_term_string"}}],"inLanguage":"az"},{"@type":"Organization","@id":"https:\/\/www.meydan.tv\/az\/#organization","name":"Meydan TV","url":"https:\/\/www.meydan.tv\/az\/","logo":{"@type":"ImageObject","inLanguage":"az","@id":"https:\/\/www.meydan.tv\/az\/#\/schema\/logo\/image\/","url":"https:\/\/www.meydan.tv\/wp-content\/uploads\/2021\/07\/meydan-logo.svg","contentUrl":"https:\/\/www.meydan.tv\/wp-content\/uploads\/2021\/07\/meydan-logo.svg","width":195,"height":46,"caption":"Meydan TV"},"image":{"@id":"https:\/\/www.meydan.tv\/az\/#\/schema\/logo\/image\/"}},{"@type":"Person","@id":"https:\/\/www.meydan.tv\/az\/#\/schema\/person\/10d11eccf6da3662cf5fdab9806ea91a","name":"user-manager"}]}},"_links":{"self":[{"href":"https:\/\/www.meydan.tv\/az\/wp-json\/wp\/v2\/posts\/167751","targetHints":{"allow":["GET"]}}],"collection":[{"href":"https:\/\/www.meydan.tv\/az\/wp-json\/wp\/v2\/posts"}],"about":[{"href":"https:\/\/www.meydan.tv\/az\/wp-json\/wp\/v2\/types\/post"}],"author":[{"embeddable":true,"href":"https:\/\/www.meydan.tv\/az\/wp-json\/wp\/v2\/users\/11"}],"replies":[{"embeddable":true,"href":"https:\/\/www.meydan.tv\/az\/wp-json\/wp\/v2\/comments?post=167751"}],"version-history":[{"count":0,"href":"https:\/\/www.meydan.tv\/az\/wp-json\/wp\/v2\/posts\/167751\/revisions"}],"wp:featuredmedia":[{"embeddable":true,"href":"https:\/\/www.meydan.tv\/az\/wp-json\/wp\/v2\/media\/23582"}],"wp:attachment":[{"href":"https:\/\/www.meydan.tv\/az\/wp-json\/wp\/v2\/media?parent=167751"}],"wp:term":[{"taxonomy":"category","embeddable":true,"href":"https:\/\/www.meydan.tv\/az\/wp-json\/wp\/v2\/categories?post=167751"},{"taxonomy":"post_tag","embeddable":true,"href":"https:\/\/www.meydan.tv\/az\/wp-json\/wp\/v2\/tags?post=167751"}],"curies":[{"name":"wp","href":"https:\/\/api.w.org\/{rel}","templated":true}]}}