{"id":167749,"date":"2015-05-01T15:48:56","date_gmt":"2015-05-01T15:48:56","guid":{"rendered":"https:\/\/www.meydan.tv\/article\/basqan-muavini-hebsxanaya-qaytarilib\/"},"modified":"2015-05-01T15:48:56","modified_gmt":"2015-05-01T15:48:56","slug":"basqan-muavini-hebsxanaya-qaytarilib","status":"publish","type":"post","link":"https:\/\/www.meydan.tv\/az\/article\/basqan-muavini-hebsxanaya-qaytarilib\/","title":{"rendered":"Ba\u015fqan m\u00fcavini h\u0259bsxanaya qaytar\u0131l\u0131b"},"content":{"rendered":"<figure class=\"wp-block-image size-large\">\n  <img decoding=\"async\" src=\"https:\/\/www.meydan.tv\/az\/23585\/\" alt=\"\" class=\"wp-image-23585\"\/><figcaption><\/figcaption><\/figure>\n<figure class=\"wp-block-image size-large\">\n  <img decoding=\"async\" src=\"https:\/\/www.meydan.tv\/az\/23585\/\" alt=\"\" class=\"wp-image-23585\"\/><figcaption><\/figcaption><\/figure>\n<p>\n  Q\u0131z\u0131 N\u0259rgiz Yaqublunun\u00a0yas m\u0259rasimind\u0259 i\u015ftirak etm\u0259si \u00fc\u00e7\u00fcn m\u00fcv\u0259qq\u0259ti azadl\u0131\u011fa burax\u0131lan M\u00fcsavat Partiyas\u0131 ba\u015fqan\u0131n\u0131n m\u00fcavini Tofiq Yaqublu may\u0131n 1-d\u0259 h\u0259bsxanaya qaytar\u0131l\u0131b.\n<\/p>\n<p>\n  Partiya ba\u015fqan\u0131n\u0131n m\u00fcavini Elman F\u0259ttah &#8220;Report&#8221;a a\u00e7\u0131qlamas\u0131nda deyib ki, Tofiq Yaqubluya veril\u0259n yeddi g\u00fcnl\u00fck azadl\u0131q m\u00fcdd\u0259ti may\u0131n 1-d\u0259 bitib:\u00a0&#8220;M\u00fcdd\u0259t tamam oldu\u011fundan onu h\u0259bsxanaya yola sald\u0131q&#8221;.\n<\/p>\n<p>\n  Tofiq Yaqublunun q\u0131z\u0131 N\u0259rgiz Yaqublu bir ne\u00e7\u0259 g\u00fcn \u00f6nc\u0259 Rusiyan\u0131n Tomsk \u015f\u0259h\u0259rind\u0259 x\u0259st\u0259xanalar\u0131n birind\u0259 d\u00fcnyas\u0131n\u0131 d\u0259yi\u015fib. O, Bak\u0131n\u0131n Qara\u00e7uxur q\u0259s\u0259b\u0259sind\u0259ki q\u0259biristanl\u0131qda d\u0259fn edilib.\n<\/p>\n<p>\n  T.Yaqublu 2013-c\u00fc ild\u0259 \u0130smay\u0131ll\u0131da ba\u015f ver\u0259n hadis\u0259l\u0259r zaman\u0131 h\u0259bs olunub. O, 5 il m\u00fcdd\u0259tin\u0259 azadl\u0131qdan m\u0259hrum edilib.<\/p>\n","protected":false},"excerpt":{"rendered":"<p>Q\u0131z\u0131 N\u0259rgiz Yaqublunun\u00a0yas m\u0259rasimind\u0259 i\u015ftirak etm\u0259si \u00fc\u00e7\u00fcn m\u00fcv\u0259qq\u0259ti azadl\u0131\u011fa burax\u0131lan &#8230; <\/p>\n<p class=\"read-more-container\"><a title=\"Ba\u015fqan m\u00fcavini h\u0259bsxanaya qaytar\u0131l\u0131b\" class=\"read-more button\" href=\"https:\/\/www.meydan.tv\/az\/article\/basqan-muavini-hebsxanaya-qaytarilib\/#more-167749\" aria-label=\"Read more about Ba\u015fqan m\u00fcavini h\u0259bsxanaya qaytar\u0131l\u0131b\">Davam\u0131<\/a><\/p>\n","protected":false},"author":11,"featured_media":23585,"comment_status":"closed","ping_status":"open","sticky":false,"template":"","format":"standard","meta":{"_acf_changed":false,"_sitemap_exclude":false,"_sitemap_priority":"","_sitemap_frequency":"","footnotes":""},"categories":[56],"tags":[],"class_list":["post-167749","post","type-post","status-publish","format-standard","has-post-thumbnail","hentry","category-xeberler","infinite-scroll-item","generate-columns","tablet-grid-50","mobile-grid-100","grid-parent","grid-33","no-featured-image-padding"],"acf":[],"yoast_head":"<!-- This site is optimized with the Yoast SEO plugin v28.4 - https:\/\/yoast.com\/product\/yoast-seo-wordpress\/ -->\n<title>Ba\u015fqan m\u00fcavini h\u0259bsxanaya qaytar\u0131l\u0131b - MEYDAN.TV<\/title>\n<meta name=\"robots\" content=\"index, follow, max-snippet:-1, max-image-preview:large, max-video-preview:-1\" \/>\n<link rel=\"canonical\" href=\"https:\/\/www.meydan.tv\/az\/article\/basqan-muavini-hebsxanaya-qaytarilib\/\" \/>\n<meta property=\"og:locale\" content=\"az_AZ\" \/>\n<meta property=\"og:type\" content=\"article\" \/>\n<meta property=\"og:title\" content=\"Ba\u015fqan m\u00fcavini h\u0259bsxanaya qaytar\u0131l\u0131b - MEYDAN.TV\" \/>\n<meta property=\"og:description\" content=\"Q\u0131z\u0131 N\u0259rgiz Yaqublunun\u00a0yas m\u0259rasimind\u0259 i\u015ftirak etm\u0259si \u00fc\u00e7\u00fcn m\u00fcv\u0259qq\u0259ti azadl\u0131\u011fa burax\u0131lan ... Davam\u0131\" \/>\n<meta property=\"og:url\" content=\"https:\/\/www.meydan.tv\/az\/article\/basqan-muavini-hebsxanaya-qaytarilib\/\" \/>\n<meta property=\"og:site_name\" content=\"MEYDAN.TV\" \/>\n<meta property=\"article:published_time\" content=\"2015-05-01T15:48:56+00:00\" \/>\n<meta property=\"og:image\" content=\"https:\/\/www.meydan.tv\/wp-content\/uploads\/8573.jpg\" \/>\n\t<meta property=\"og:image:width\" content=\"540\" \/>\n\t<meta property=\"og:image:height\" content=\"340\" \/>\n\t<meta property=\"og:image:type\" content=\"image\/jpeg\" \/>\n<meta name=\"twitter:card\" content=\"summary_large_image\" \/>\n<!-- \/ Yoast SEO plugin. -->","yoast_head_json":{"title":"Ba\u015fqan m\u00fcavini h\u0259bsxanaya qaytar\u0131l\u0131b - MEYDAN.TV","robots":{"index":"index","follow":"follow","max-snippet":"max-snippet:-1","max-image-preview":"max-image-preview:large","max-video-preview":"max-video-preview:-1"},"canonical":"https:\/\/www.meydan.tv\/az\/article\/basqan-muavini-hebsxanaya-qaytarilib\/","og_locale":"az_AZ","og_type":"article","og_title":"Ba\u015fqan m\u00fcavini h\u0259bsxanaya qaytar\u0131l\u0131b - MEYDAN.TV","og_description":"Q\u0131z\u0131 N\u0259rgiz Yaqublunun\u00a0yas m\u0259rasimind\u0259 i\u015ftirak etm\u0259si \u00fc\u00e7\u00fcn m\u00fcv\u0259qq\u0259ti azadl\u0131\u011fa burax\u0131lan ... Davam\u0131","og_url":"https:\/\/www.meydan.tv\/az\/article\/basqan-muavini-hebsxanaya-qaytarilib\/","og_site_name":"MEYDAN.TV","article_published_time":"2015-05-01T15:48:56+00:00","og_image":[{"width":540,"height":340,"url":"https:\/\/www.meydan.tv\/wp-content\/uploads\/8573.jpg","type":"image\/jpeg"}],"twitter_card":"summary_large_image","schema":{"@context":"https:\/\/schema.org","@graph":[{"@type":"Article","@id":"https:\/\/www.meydan.tv\/az\/article\/basqan-muavini-hebsxanaya-qaytarilib\/#article","isPartOf":{"@id":"https:\/\/www.meydan.tv\/az\/article\/basqan-muavini-hebsxanaya-qaytarilib\/"},"author":{"name":"user-manager","@id":"https:\/\/www.meydan.tv\/az\/#\/schema\/person\/10d11eccf6da3662cf5fdab9806ea91a"},"headline":"Ba\u015fqan m\u00fcavini h\u0259bsxanaya qaytar\u0131l\u0131b","datePublished":"2015-05-01T15:48:56+00:00","mainEntityOfPage":{"@id":"https:\/\/www.meydan.tv\/az\/article\/basqan-muavini-hebsxanaya-qaytarilib\/"},"wordCount":167,"publisher":{"@id":"https:\/\/www.meydan.tv\/az\/#organization"},"image":{"@id":"https:\/\/www.meydan.tv\/az\/article\/basqan-muavini-hebsxanaya-qaytarilib\/#primaryimage"},"thumbnailUrl":"https:\/\/www.meydan.tv\/wp-content\/uploads\/8573.jpg","articleSection":["X\u0259b\u0259rl\u0259r"],"inLanguage":"az"},{"@type":"WebPage","@id":"https:\/\/www.meydan.tv\/az\/article\/basqan-muavini-hebsxanaya-qaytarilib\/","url":"https:\/\/www.meydan.tv\/az\/article\/basqan-muavini-hebsxanaya-qaytarilib\/","name":"Ba\u015fqan m\u00fcavini h\u0259bsxanaya qaytar\u0131l\u0131b - MEYDAN.TV","isPartOf":{"@id":"https:\/\/www.meydan.tv\/az\/#website"},"primaryImageOfPage":{"@id":"https:\/\/www.meydan.tv\/az\/article\/basqan-muavini-hebsxanaya-qaytarilib\/#primaryimage"},"image":{"@id":"https:\/\/www.meydan.tv\/az\/article\/basqan-muavini-hebsxanaya-qaytarilib\/#primaryimage"},"thumbnailUrl":"https:\/\/www.meydan.tv\/wp-content\/uploads\/8573.jpg","datePublished":"2015-05-01T15:48:56+00:00","breadcrumb":{"@id":"https:\/\/www.meydan.tv\/az\/article\/basqan-muavini-hebsxanaya-qaytarilib\/#breadcrumb"},"inLanguage":"az","potentialAction":[{"@type":"ReadAction","target":["https:\/\/www.meydan.tv\/az\/article\/basqan-muavini-hebsxanaya-qaytarilib\/"]}]},{"@type":"ImageObject","inLanguage":"az","@id":"https:\/\/www.meydan.tv\/az\/article\/basqan-muavini-hebsxanaya-qaytarilib\/#primaryimage","url":"https:\/\/www.meydan.tv\/wp-content\/uploads\/8573.jpg","contentUrl":"https:\/\/www.meydan.tv\/wp-content\/uploads\/8573.jpg","width":540,"height":340,"caption":"Source:"},{"@type":"BreadcrumbList","@id":"https:\/\/www.meydan.tv\/az\/article\/basqan-muavini-hebsxanaya-qaytarilib\/#breadcrumb","itemListElement":[{"@type":"ListItem","position":1,"name":"Ana s\u0259hif\u0259","item":"https:\/\/www.meydan.tv\/az\/"},{"@type":"ListItem","position":2,"name":"X\u0259b\u0259rl\u0259r","item":"https:\/\/www.meydan.tv\/az\/section\/xeberler\/"},{"@type":"ListItem","position":3,"name":"Ba\u015fqan m\u00fcavini h\u0259bsxanaya qaytar\u0131l\u0131b"}]},{"@type":"WebSite","@id":"https:\/\/www.meydan.tv\/az\/#website","url":"https:\/\/www.meydan.tv\/az\/","name":"MEYDAN.TV","description":"Meydan TV Az\u0259rbaycan\u0131n media m\u0259kan\u0131ndak\u0131 alternativ s\u0259sidir","publisher":{"@id":"https:\/\/www.meydan.tv\/az\/#organization"},"potentialAction":[{"@type":"SearchAction","target":{"@type":"EntryPoint","urlTemplate":"https:\/\/www.meydan.tv\/az\/?s={search_term_string}"},"query-input":{"@type":"PropertyValueSpecification","valueRequired":true,"valueName":"search_term_string"}}],"inLanguage":"az"},{"@type":"Organization","@id":"https:\/\/www.meydan.tv\/az\/#organization","name":"Meydan TV","url":"https:\/\/www.meydan.tv\/az\/","logo":{"@type":"ImageObject","inLanguage":"az","@id":"https:\/\/www.meydan.tv\/az\/#\/schema\/logo\/image\/","url":"https:\/\/www.meydan.tv\/wp-content\/uploads\/2021\/07\/meydan-logo.svg","contentUrl":"https:\/\/www.meydan.tv\/wp-content\/uploads\/2021\/07\/meydan-logo.svg","width":195,"height":46,"caption":"Meydan TV"},"image":{"@id":"https:\/\/www.meydan.tv\/az\/#\/schema\/logo\/image\/"}},{"@type":"Person","@id":"https:\/\/www.meydan.tv\/az\/#\/schema\/person\/10d11eccf6da3662cf5fdab9806ea91a","name":"user-manager"}]}},"_links":{"self":[{"href":"https:\/\/www.meydan.tv\/az\/wp-json\/wp\/v2\/posts\/167749","targetHints":{"allow":["GET"]}}],"collection":[{"href":"https:\/\/www.meydan.tv\/az\/wp-json\/wp\/v2\/posts"}],"about":[{"href":"https:\/\/www.meydan.tv\/az\/wp-json\/wp\/v2\/types\/post"}],"author":[{"embeddable":true,"href":"https:\/\/www.meydan.tv\/az\/wp-json\/wp\/v2\/users\/11"}],"replies":[{"embeddable":true,"href":"https:\/\/www.meydan.tv\/az\/wp-json\/wp\/v2\/comments?post=167749"}],"version-history":[{"count":0,"href":"https:\/\/www.meydan.tv\/az\/wp-json\/wp\/v2\/posts\/167749\/revisions"}],"wp:featuredmedia":[{"embeddable":true,"href":"https:\/\/www.meydan.tv\/az\/wp-json\/wp\/v2\/media\/23585"}],"wp:attachment":[{"href":"https:\/\/www.meydan.tv\/az\/wp-json\/wp\/v2\/media?parent=167749"}],"wp:term":[{"taxonomy":"category","embeddable":true,"href":"https:\/\/www.meydan.tv\/az\/wp-json\/wp\/v2\/categories?post=167749"},{"taxonomy":"post_tag","embeddable":true,"href":"https:\/\/www.meydan.tv\/az\/wp-json\/wp\/v2\/tags?post=167749"}],"curies":[{"name":"wp","href":"https:\/\/api.w.org\/{rel}","templated":true}]}}