{"id":167748,"date":"2015-05-01T13:03:47","date_gmt":"2015-05-01T13:03:47","guid":{"rendered":"https:\/\/www.meydan.tv\/article\/iyunun-1-den-30-dek-yuk-avtomobilleri-bakiya-buraxilmayacaq\/"},"modified":"2015-05-01T13:03:47","modified_gmt":"2015-05-01T13:03:47","slug":"iyunun-1-den-30-dek-yuk-avtomobilleri-bakiya-buraxilmayacaq","status":"publish","type":"post","link":"https:\/\/www.meydan.tv\/az\/article\/iyunun-1-den-30-dek-yuk-avtomobilleri-bakiya-buraxilmayacaq\/","title":{"rendered":"\u0130yunun 1-d\u0259n 30-d\u0259k y\u00fck avtomobill\u0259ri Bak\u0131ya burax\u0131lmayacaq"},"content":{"rendered":"<figure class=\"wp-block-image size-large\">\n  <img decoding=\"async\" src=\"https:\/\/www.meydan.tv\/az\/23576\/\" alt=\"\" class=\"wp-image-23576\"\/><figcaption><\/figcaption><\/figure>\n<figure class=\"wp-block-image size-large\">\n  <img decoding=\"async\" src=\"https:\/\/www.meydan.tv\/az\/23576\/\" alt=\"\" class=\"wp-image-23576\"\/><figcaption><\/figcaption><\/figure>\n<p>\n  Ba\u015f D\u00f6vl\u0259t Yol Polisi \u0130dar\u0259si (BDYP\u0130) s\u00fcr\u00fcc\u00fcl\u0259r\u0259 m\u00fcraci\u0259t edib.\n<\/p>\n<p>\n  <a href=\"https:\/\/apa.az\"><br \/>\n    APA<br \/>\n  <\/a><br \/>\n  -n\u0131n BDYP\u0130-nin sayt\u0131na istinad\u0259n verdiyi m\u0259lumata g\u00f6r\u0259, Az\u0259rbaycan Respublikas\u0131 Daxili \u0130\u015fl\u0259r Nazirliyinin \u00a0Ba\u015f D\u00f6vl\u0259t Yol Polisi \u0130dar\u0259si\u00a0y\u00fckda\u015f\u0131ma f\u0259aliyy\u0259ti il\u0259 m\u0259\u015f\u011ful olan h\u00fcquqi v\u0259 fiziki \u015f\u0259xsl\u0259rd\u0259n xahi\u015f edir ki, Bak\u0131da ke\u00e7iril\u0259c\u0259k 1-ci Avropa Oyunlar\u0131 il\u0259 \u0259laq\u0259dar bu il iyun ay\u0131n\u0131n 1-d\u0259n 30-d\u0259k \u0259 yar\u0131\u015f i\u015ftirak\u00e7\u0131lar\u0131n\u0131n, azarke\u015fl\u0259rin v\u0259 \u00f6lk\u0259miz\u0259 g\u0259l\u0259n \u00e7oxsayl\u0131 qonaqlar\u0131n t\u0259hl\u00fck\u0259siz v\u0259 s\u0259rb\u0259st h\u0259r\u0259k\u0259tl\u0259rinin t\u0259\u015fkili il\u0259 \u0259laq\u0259dar paytaxt\u0131n m\u0259rk\u0259zi k\u00fc\u00e7\u0259 v\u0259 prospektl\u0259rind\u0259 n\u0259qliyyat s\u0131xl\u0131\u011f\u0131n\u0131n azald\u0131lmas\u0131 m\u0259qs\u0259dil\u0259 qeyd olunan m\u00fcdd\u0259t \u0259rzind\u0259 m\u00fcxt\u0259lif t\u0259yinatl\u0131 y\u00fck avtomobill\u0259rinin Bak\u0131 \u015f\u0259h\u0259rin\u0259 burax\u0131lmayaca\u011f\u0131n\u0131 i\u015f planlar\u0131nda n\u0259z\u0259r\u0259 als\u0131n.<\/p>\n","protected":false},"excerpt":{"rendered":"<p>Ba\u015f D\u00f6vl\u0259t Yol Polisi \u0130dar\u0259si (BDYP\u0130) s\u00fcr\u00fcc\u00fcl\u0259r\u0259 m\u00fcraci\u0259t edib. APA &#8230; <\/p>\n<p class=\"read-more-container\"><a title=\"\u0130yunun 1-d\u0259n 30-d\u0259k y\u00fck avtomobill\u0259ri Bak\u0131ya burax\u0131lmayacaq\" class=\"read-more button\" href=\"https:\/\/www.meydan.tv\/az\/article\/iyunun-1-den-30-dek-yuk-avtomobilleri-bakiya-buraxilmayacaq\/#more-167748\" aria-label=\"Read more about \u0130yunun 1-d\u0259n 30-d\u0259k y\u00fck avtomobill\u0259ri Bak\u0131ya burax\u0131lmayacaq\">Davam\u0131<\/a><\/p>\n","protected":false},"author":11,"featured_media":23576,"comment_status":"closed","ping_status":"open","sticky":false,"template":"","format":"standard","meta":{"_acf_changed":false,"_sitemap_exclude":false,"_sitemap_priority":"","_sitemap_frequency":"","footnotes":""},"categories":[56],"tags":[],"class_list":["post-167748","post","type-post","status-publish","format-standard","has-post-thumbnail","hentry","category-xeberler","infinite-scroll-item","generate-columns","tablet-grid-50","mobile-grid-100","grid-parent","grid-33","no-featured-image-padding"],"acf":[],"yoast_head":"<!-- This site is optimized with the Yoast SEO plugin v28.4 - https:\/\/yoast.com\/product\/yoast-seo-wordpress\/ -->\n<title>\u0130yunun 1-d\u0259n 30-d\u0259k y\u00fck avtomobill\u0259ri Bak\u0131ya burax\u0131lmayacaq - MEYDAN.TV<\/title>\n<meta name=\"robots\" content=\"index, follow, max-snippet:-1, max-image-preview:large, max-video-preview:-1\" \/>\n<link rel=\"canonical\" href=\"https:\/\/www.meydan.tv\/az\/article\/iyunun-1-den-30-dek-yuk-avtomobilleri-bakiya-buraxilmayacaq\/\" \/>\n<meta property=\"og:locale\" content=\"az_AZ\" \/>\n<meta property=\"og:type\" content=\"article\" \/>\n<meta property=\"og:title\" content=\"\u0130yunun 1-d\u0259n 30-d\u0259k y\u00fck avtomobill\u0259ri Bak\u0131ya burax\u0131lmayacaq - MEYDAN.TV\" \/>\n<meta property=\"og:description\" content=\"Ba\u015f D\u00f6vl\u0259t Yol Polisi \u0130dar\u0259si (BDYP\u0130) s\u00fcr\u00fcc\u00fcl\u0259r\u0259 m\u00fcraci\u0259t edib. APA ... Davam\u0131\" \/>\n<meta property=\"og:url\" content=\"https:\/\/www.meydan.tv\/az\/article\/iyunun-1-den-30-dek-yuk-avtomobilleri-bakiya-buraxilmayacaq\/\" \/>\n<meta property=\"og:site_name\" content=\"MEYDAN.TV\" \/>\n<meta property=\"article:published_time\" content=\"2015-05-01T13:03:47+00:00\" \/>\n<meta property=\"og:image\" content=\"https:\/\/www.meydan.tv\/wp-content\/uploads\/8571.jpg\" \/>\n\t<meta property=\"og:image:width\" content=\"333\" \/>\n\t<meta property=\"og:image:height\" content=\"250\" \/>\n\t<meta property=\"og:image:type\" content=\"image\/jpeg\" \/>\n<meta name=\"twitter:card\" content=\"summary_large_image\" \/>\n<!-- \/ Yoast SEO plugin. -->","yoast_head_json":{"title":"\u0130yunun 1-d\u0259n 30-d\u0259k y\u00fck avtomobill\u0259ri Bak\u0131ya burax\u0131lmayacaq - MEYDAN.TV","robots":{"index":"index","follow":"follow","max-snippet":"max-snippet:-1","max-image-preview":"max-image-preview:large","max-video-preview":"max-video-preview:-1"},"canonical":"https:\/\/www.meydan.tv\/az\/article\/iyunun-1-den-30-dek-yuk-avtomobilleri-bakiya-buraxilmayacaq\/","og_locale":"az_AZ","og_type":"article","og_title":"\u0130yunun 1-d\u0259n 30-d\u0259k y\u00fck avtomobill\u0259ri Bak\u0131ya burax\u0131lmayacaq - MEYDAN.TV","og_description":"Ba\u015f D\u00f6vl\u0259t Yol Polisi \u0130dar\u0259si (BDYP\u0130) s\u00fcr\u00fcc\u00fcl\u0259r\u0259 m\u00fcraci\u0259t edib. APA ... Davam\u0131","og_url":"https:\/\/www.meydan.tv\/az\/article\/iyunun-1-den-30-dek-yuk-avtomobilleri-bakiya-buraxilmayacaq\/","og_site_name":"MEYDAN.TV","article_published_time":"2015-05-01T13:03:47+00:00","og_image":[{"width":333,"height":250,"url":"https:\/\/www.meydan.tv\/wp-content\/uploads\/8571.jpg","type":"image\/jpeg"}],"twitter_card":"summary_large_image","schema":{"@context":"https:\/\/schema.org","@graph":[{"@type":"Article","@id":"https:\/\/www.meydan.tv\/az\/article\/iyunun-1-den-30-dek-yuk-avtomobilleri-bakiya-buraxilmayacaq\/#article","isPartOf":{"@id":"https:\/\/www.meydan.tv\/az\/article\/iyunun-1-den-30-dek-yuk-avtomobilleri-bakiya-buraxilmayacaq\/"},"author":{"name":"user-manager","@id":"https:\/\/www.meydan.tv\/az\/#\/schema\/person\/10d11eccf6da3662cf5fdab9806ea91a"},"headline":"\u0130yunun 1-d\u0259n 30-d\u0259k y\u00fck avtomobill\u0259ri Bak\u0131ya burax\u0131lmayacaq","datePublished":"2015-05-01T13:03:47+00:00","mainEntityOfPage":{"@id":"https:\/\/www.meydan.tv\/az\/article\/iyunun-1-den-30-dek-yuk-avtomobilleri-bakiya-buraxilmayacaq\/"},"wordCount":187,"publisher":{"@id":"https:\/\/www.meydan.tv\/az\/#organization"},"image":{"@id":"https:\/\/www.meydan.tv\/az\/article\/iyunun-1-den-30-dek-yuk-avtomobilleri-bakiya-buraxilmayacaq\/#primaryimage"},"thumbnailUrl":"https:\/\/www.meydan.tv\/wp-content\/uploads\/8571.jpg","articleSection":["X\u0259b\u0259rl\u0259r"],"inLanguage":"az"},{"@type":"WebPage","@id":"https:\/\/www.meydan.tv\/az\/article\/iyunun-1-den-30-dek-yuk-avtomobilleri-bakiya-buraxilmayacaq\/","url":"https:\/\/www.meydan.tv\/az\/article\/iyunun-1-den-30-dek-yuk-avtomobilleri-bakiya-buraxilmayacaq\/","name":"\u0130yunun 1-d\u0259n 30-d\u0259k y\u00fck avtomobill\u0259ri Bak\u0131ya burax\u0131lmayacaq - MEYDAN.TV","isPartOf":{"@id":"https:\/\/www.meydan.tv\/az\/#website"},"primaryImageOfPage":{"@id":"https:\/\/www.meydan.tv\/az\/article\/iyunun-1-den-30-dek-yuk-avtomobilleri-bakiya-buraxilmayacaq\/#primaryimage"},"image":{"@id":"https:\/\/www.meydan.tv\/az\/article\/iyunun-1-den-30-dek-yuk-avtomobilleri-bakiya-buraxilmayacaq\/#primaryimage"},"thumbnailUrl":"https:\/\/www.meydan.tv\/wp-content\/uploads\/8571.jpg","datePublished":"2015-05-01T13:03:47+00:00","breadcrumb":{"@id":"https:\/\/www.meydan.tv\/az\/article\/iyunun-1-den-30-dek-yuk-avtomobilleri-bakiya-buraxilmayacaq\/#breadcrumb"},"inLanguage":"az","potentialAction":[{"@type":"ReadAction","target":["https:\/\/www.meydan.tv\/az\/article\/iyunun-1-den-30-dek-yuk-avtomobilleri-bakiya-buraxilmayacaq\/"]}]},{"@type":"ImageObject","inLanguage":"az","@id":"https:\/\/www.meydan.tv\/az\/article\/iyunun-1-den-30-dek-yuk-avtomobilleri-bakiya-buraxilmayacaq\/#primaryimage","url":"https:\/\/www.meydan.tv\/wp-content\/uploads\/8571.jpg","contentUrl":"https:\/\/www.meydan.tv\/wp-content\/uploads\/8571.jpg","width":333,"height":250,"caption":"Source:"},{"@type":"BreadcrumbList","@id":"https:\/\/www.meydan.tv\/az\/article\/iyunun-1-den-30-dek-yuk-avtomobilleri-bakiya-buraxilmayacaq\/#breadcrumb","itemListElement":[{"@type":"ListItem","position":1,"name":"Ana s\u0259hif\u0259","item":"https:\/\/www.meydan.tv\/az\/"},{"@type":"ListItem","position":2,"name":"X\u0259b\u0259rl\u0259r","item":"https:\/\/www.meydan.tv\/az\/section\/xeberler\/"},{"@type":"ListItem","position":3,"name":"\u0130yunun 1-d\u0259n 30-d\u0259k y\u00fck avtomobill\u0259ri Bak\u0131ya burax\u0131lmayacaq"}]},{"@type":"WebSite","@id":"https:\/\/www.meydan.tv\/az\/#website","url":"https:\/\/www.meydan.tv\/az\/","name":"MEYDAN.TV","description":"Meydan TV Az\u0259rbaycan\u0131n media m\u0259kan\u0131ndak\u0131 alternativ s\u0259sidir","publisher":{"@id":"https:\/\/www.meydan.tv\/az\/#organization"},"potentialAction":[{"@type":"SearchAction","target":{"@type":"EntryPoint","urlTemplate":"https:\/\/www.meydan.tv\/az\/?s={search_term_string}"},"query-input":{"@type":"PropertyValueSpecification","valueRequired":true,"valueName":"search_term_string"}}],"inLanguage":"az"},{"@type":"Organization","@id":"https:\/\/www.meydan.tv\/az\/#organization","name":"Meydan TV","url":"https:\/\/www.meydan.tv\/az\/","logo":{"@type":"ImageObject","inLanguage":"az","@id":"https:\/\/www.meydan.tv\/az\/#\/schema\/logo\/image\/","url":"https:\/\/www.meydan.tv\/wp-content\/uploads\/2021\/07\/meydan-logo.svg","contentUrl":"https:\/\/www.meydan.tv\/wp-content\/uploads\/2021\/07\/meydan-logo.svg","width":195,"height":46,"caption":"Meydan TV"},"image":{"@id":"https:\/\/www.meydan.tv\/az\/#\/schema\/logo\/image\/"}},{"@type":"Person","@id":"https:\/\/www.meydan.tv\/az\/#\/schema\/person\/10d11eccf6da3662cf5fdab9806ea91a","name":"user-manager"}]}},"_links":{"self":[{"href":"https:\/\/www.meydan.tv\/az\/wp-json\/wp\/v2\/posts\/167748","targetHints":{"allow":["GET"]}}],"collection":[{"href":"https:\/\/www.meydan.tv\/az\/wp-json\/wp\/v2\/posts"}],"about":[{"href":"https:\/\/www.meydan.tv\/az\/wp-json\/wp\/v2\/types\/post"}],"author":[{"embeddable":true,"href":"https:\/\/www.meydan.tv\/az\/wp-json\/wp\/v2\/users\/11"}],"replies":[{"embeddable":true,"href":"https:\/\/www.meydan.tv\/az\/wp-json\/wp\/v2\/comments?post=167748"}],"version-history":[{"count":0,"href":"https:\/\/www.meydan.tv\/az\/wp-json\/wp\/v2\/posts\/167748\/revisions"}],"wp:featuredmedia":[{"embeddable":true,"href":"https:\/\/www.meydan.tv\/az\/wp-json\/wp\/v2\/media\/23576"}],"wp:attachment":[{"href":"https:\/\/www.meydan.tv\/az\/wp-json\/wp\/v2\/media?parent=167748"}],"wp:term":[{"taxonomy":"category","embeddable":true,"href":"https:\/\/www.meydan.tv\/az\/wp-json\/wp\/v2\/categories?post=167748"},{"taxonomy":"post_tag","embeddable":true,"href":"https:\/\/www.meydan.tv\/az\/wp-json\/wp\/v2\/tags?post=167748"}],"curies":[{"name":"wp","href":"https:\/\/api.w.org\/{rel}","templated":true}]}}