{"id":167746,"date":"2015-04-30T19:46:12","date_gmt":"2015-04-30T19:46:12","guid":{"rendered":"https:\/\/www.meydan.tv\/article\/iki-nazirlik-ve-bir-komite-uz-uze-gelib\/"},"modified":"2015-04-30T19:46:12","modified_gmt":"2015-04-30T19:46:12","slug":"iki-nazirlik-ve-bir-komite-uz-uze-gelib","status":"publish","type":"post","link":"https:\/\/www.meydan.tv\/az\/article\/iki-nazirlik-ve-bir-komite-uz-uze-gelib\/","title":{"rendered":"\u0130ki nazirlik v\u0259 bir komit\u0259 \u00fcz-\u00fcz\u0259 g\u0259lib"},"content":{"rendered":"<figure class=\"wp-block-image size-large\">\n  <img decoding=\"async\" src=\"https:\/\/www.meydan.tv\/az\/23546\/\" alt=\"\" class=\"wp-image-23546\"\/><figcaption><\/figcaption><\/figure>\n<figure class=\"wp-block-image size-large\">\n  <img decoding=\"async\" src=\"https:\/\/www.meydan.tv\/az\/23546\/\" alt=\"\" class=\"wp-image-23546\"\/><figcaption><\/figcaption><\/figure>\n<p>\n  <i><br \/>\n    \u018fdliyy\u0259 Nazirliyi &#8220;qanunsuzdur&#8221; deyir, Vergil\u0259r Nazirliyi il\u0259 Qiym\u0259tli Ka\u011f\u0131zlar \u00fczr\u0259 D\u00f6vl\u0259t Komit\u0259si is\u0259 cavab vermir<br \/>\n  <\/i>\n<\/p>\n<p>\n  Aprelin 30-da \u201cR\u0130A Novosti\u201d redaksiyas\u0131n\u0131n konfrans zal\u0131nda bir qrup s\u0259hmdar s\u0259sl\u0259rini e\u015fitdirm\u0259y\u0259 \u00e7al\u0131\u015fd\u0131lar. M\u0259tbuat konfrans\u0131nda olan iki jurnalist\u0259 son g\u00fcnl\u0259r Vergil\u0259r Nazirliyi v\u0259 Qiym\u0259tli Ka\u011f\u0131zlar \u00fczr\u0259 D\u00f6vl\u0259t Komit\u0259sinin tapdanan h\u00fcquqlar\u0131n\u0131n b\u0259rpas\u0131nda yard\u0131m\u00e7\u0131 olmad\u0131qlar\u0131n\u0131 s\u00f6yl\u0259dil\u0259r.\n<\/p>\n<p>\n  \u201cSumqay\u0131tda yerl\u0259\u015f\u0259n \u201cSumqay\u0131t Soyuducu Baza\u201d ASC-d\u0259 ayr\u0131lma prosesi ba\u015f tutub. Ayr\u0131lma prosesi zaman\u0131 fiziki \u015f\u0259xs El\u00e7in Nuriyev c\u0259miyy\u0259tin balans\u0131nda olan 6149,4 kv.m. tikilid\u0259n 6104,2 kv.m. \u00f6z\u00fcn\u0259 g\u00f6t\u00fcr\u0259r\u0259k, dig\u0259r s\u0259hmdarlara 45,2 kv.m. \u0259razi saxlay\u0131b. C\u0259miyy\u0259tin istifad\u0259sind\u0259 olan 23\u00a0503,4 kv.m. torpaq sah\u0259sind\u0259n 22\u00a0923 kv.m. &#8211; y\u0259ni da\u015f\u0131nmaz \u0259mlak\u0131n 99 faizini, istifad\u0259d\u0259 olan torpaq sah\u0259sinin 98%-ni major \u00f6z\u00fcn\u0259 g\u00f6t\u00fcr\u00fcb. Halbuki h\u0259min majoritara yaln\u0131z c\u0259miyy\u0259tin 82 faiz s\u0259hml\u0259ri m\u0259xsus idi. 82 faiz s\u0259hml\u0259rin yiy\u0259si ayr\u0131lma ad\u0131 alt\u0131nda c\u0259miyy\u0259tin 99 faizind\u0259n art\u0131q da\u015f\u0131nmaz \u0259mlak\u0131n\u0131 m\u0259nims\u0259yib v\u0259 d\u00f6vl\u0259t orqanlar\u0131 bu qanunsuzlu\u011fa \u015f\u0259rait yarad\u0131blar\u201d \u2013 s\u00f6yl\u0259di, h\u00fcququ tapdanan s\u0259hmdar \u015eahin \u018flizad\u0259.\n<\/p>\n<p>\n  Onun fikrinc\u0259, burada m\u0259qs\u0259d major s\u0259hmdar\u0131n minor s\u0259hmdarlar\u0131n \u0259mlak\u0131n\u0131 m\u0259nims\u0259m\u0259kdir ki,\u00a0 son zamanlar M\u00fclki M\u0259c\u0259ll\u0259d\u0259 h\u00fcquqi \u015f\u0259xsl\u0259rin l\u0259\u011fv olunmas\u0131 qaydalar\u0131na edil\u0259n d\u0259yi\u015fiklik d\u0259 buna r\u0259vac verir: \u201cBundan sonra s\u0259hmdar c\u0259miyy\u0259tl\u0259rin major s\u0259hmdarlar\u0131 c\u0259miyy\u0259tin l\u0259\u011fvinin minor s\u0259hmdarlar\u0131n \u0259mlaklar\u0131n\u0131n m\u0259nims\u0259nilm\u0259sini \u00e7\u0259tinl\u0259\u015fdirdiyini g\u00f6r\u00fcb niyy\u0259tl\u0259rini h\u0259yata ke\u00e7irm\u0259k \u00fc\u00e7\u00fcn ayr\u0131lma prosedurlar\u0131na m\u00fcraci\u0259t etm\u0259y\u0259 ba\u015flay\u0131blar. M\u00fclki M\u0259c\u0259ll\u0259y\u0259 \u0259sas\u0259n s\u0259hmdar c\u0259miyy\u0259td\u0259n ayr\u0131lan, yeni yarad\u0131lan h\u00fcquqi \u015f\u0259xs olmal\u0131d\u0131r v\u0259 ayr\u0131lan c\u0259miyy\u0259t\u0259 t\u0259slim verilm\u0259li \u0259mlak m\u0259hz h\u0259min yenid\u0259n yarad\u0131lan h\u00fcquqi \u015f\u0259xs\u0259 verilm\u0259lidir. Konstitusiya M\u0259hk\u0259m\u0259sinin q\u0259rar\u0131n\u0131 n\u0259z\u0259r\u0259 alsaq, bel\u0259 hadis\u0259 &#8211; y\u0259ni ayr\u0131lma ba\u015f verdikd\u0259 minoritar s\u0259hmdarlar \u00f6z ist\u0259yind\u0259n as\u0131l\u0131 olaraq ya i\u015ftirak paylar\u0131na uy\u011fun eyni c\u0259miyy\u0259td\u0259 t\u0259msil olunmal\u0131, ya da onlara bazar qiym\u0259tl\u0259rin\u0259 uy\u011fun konpensasiya \u00f6d\u0259y\u0259r\u0259k, onlar\u0131n c\u0259miyy\u0259ti t\u0259rk etm\u0259l\u0259rin\u0259 \u015f\u0259rait yarad\u0131lmal\u0131d\u0131r\u201d. Onun s\u00f6zl\u0259rin\u0259 g\u00f6r\u0259, reall\u0131qda ba\u015fqa prosesl\u0259r ba\u015f verir: \u201cMajor s\u0259hmdar\u0131n t\u0259l\u0259bi il\u0259 \u0259mlak ona t\u0259qdim edilir v\u0259 bu proses\u0259 ayr\u0131lma ad\u0131 verilir. Deyirl\u0259r ki, s\u0259hmdar c\u0259miyy\u0259td\u0259n ayr\u0131lmaq ist\u0259yir v\u0259 M\u00fclki M\u0259c\u0259ll\u0259nin\u00a0 55-58-ci madd\u0259l\u0259rind\u0259 ayr\u0131lma proseduru \u0259ks olundu\u011fundan biz bu qaydalardan istifad\u0259 edirik. S\u0259hmdar c\u0259miyy\u0259tl\u0259rin qeydiyyat\u0131na cavabdeh d\u00f6vl\u0259t orqanlar\u0131 \u2013 Vergil\u0259r Nazirliyi, Qiym\u0259tli Ka\u011f\u0131zlar \u00fczr\u0259 D\u00f6vl\u0259t Komit\u0259si bu r\u00fcsvay\u00e7\u0131l\u0131\u011f\u0131 qeyd\u0259 alaraq faktiki olaraq prosesi \u00f6z himay\u0259l\u0259rin\u0259 g\u00f6t\u00fcr\u00fcrl\u0259r. S\u0259hmdar\u0131n yaln\u0131z c\u0259miyy\u0259t l\u0259\u011fv edildiyi halda c\u0259miyy\u0259td\u0259n \u0259mlak pay\u0131 alma\u011fa h\u00fcququnun olmas\u0131 bu orqanlar\u0131 he\u00e7\u00a0 narahat etmir\u201d.\n<\/p>\n<p>\n  \u201cN\u0259z\u0259riniz\u0259 \u00e7atdrmaq ist\u0259rdik ki, Avropa \u0130ttifaq\u0131 \u015euras\u0131n\u0131n 17 dekabr 1982-ci il tarixli 82\/891\/EEC n\u00f6mr\u0259li alt\u0131nc\u0131 direktivinin 2-ci, 21-ci madd\u0259l\u0259rind\u0259 g\u00f6st\u0259rilib ki, yenid\u0259n t\u0259\u015fkil olunan h\u00fcquqi \u015f\u0259xsin i\u015ftirak\u00e7\u0131lar\u0131na \u0259mlaklar\u0131n v\u0259 \u00f6hd\u0259likl\u0259rin verildiyi \u015firk\u0259tl\u0259rd\u0259 s\u0259hml\u0259r verilm\u0259lidir. \u0130ttifaq\u0131n \u00fczv\u00fc olan b\u00fct\u00fcn \u00f6lk\u0259l\u0259rin qanuvericiliyind\u0259 bu norma \u00f6z \u0259ksini tap\u0131b. Bu norma h\u0259tta Rusiyan\u0131n qanunvericiliyind\u0259 d\u0259 \u00f6z \u0259ksini tap\u0131b. Az\u0259rbaycan\u0131n indiki halda olan t\u0259kmill\u0259\u015fdirilm\u0259mi\u015f qanunvericiliyind\u0259 d\u0259 bel\u0259 hadis\u0259 qeyri-m\u00fcmk\u00fcnd\u00fcr\u201d \u2013 deyir \u015e.N\u0259z\u0259rli.\n<\/p>\n<figure class=\"wp-block-image size-large\">\n  <img decoding=\"async\" src=\"https:\/\/www.meydan.tv\/az\/23549\/\" alt=\"\" class=\"wp-image-23549\"\/><figcaption><\/figcaption><\/figure>\n<p>\n  \u201cProbleml\u0259 ba\u011fl\u0131 biz Prezident Administrasiyas\u0131nda, Milli M\u0259clisd\u0259 q\u0259bulda olduq. Q\u0259buldan ba\u015fqa \u0259laq\u0259dar qurumlara \u2013 Vergil\u0259r Nazirliyin\u0259, \u018fdliyy\u0259 Nazirliyin\u0259 v\u0259 Qiym\u0259tli Ka\u011f\u0131zlar \u00fczr\u0259 D\u00f6vl\u0259t Komit\u0259sin\u0259 m\u0259ktubla m\u00fcraci\u0259t etmi\u015f\u0259m. Suallar\u0131m\u0131 g\u00f6nd\u0259rmi\u015f\u0259m.\u00a0 Bir ne\u00e7\u0259 aydan sonra \u018fdliyy\u0259 Nazirliyind\u0259n cavab g\u0259ldi ki, \u201cSumqay\u0131t Soyuducu Baza\u201d ASC-nin s\u0259hmdarlar\u0131n\u0131n \u00fcmumi y\u0131\u011f\u0131nca\u011f\u0131n\u0131n 10.10.2014-c\u00fc il tarixli q\u0259rar\u0131 il\u0259 t\u0259sdiq olunmu\u015f t\u0259hvil-t\u0259slim akt\u0131nda v\u0259 b\u00f6l\u00fcnm\u0259 balans\u0131nda aktivl\u0259rin v\u0259 passivl\u0259rin m\u00fcvafiq hiss\u0259l\u0259rinin yeni yaranan h\u00fcquqi \u015f\u0259xs\u0259 deyil, s\u0259hmdara ke\u00e7m\u0259si M\u00fclki M\u0259c\u0259ll\u0259nin t\u0259l\u0259bl\u0259rin\u0259 uy\u011fun deyil. Buna baxmayaraq, Vergil\u0259r Nazirliyi v\u0259 Qim\u0259tli Ka\u011f\u0131zlar \u00fczr\u0259 D\u00f6vl\u0259t Komit\u0259si bu istiqam\u0259td\u0259 \u00f6z \u201cf\u0259aliyy\u0259tini\u201d davam etdirir. M\u0259s\u0259l\u0259 il\u0259 ba\u011fl\u0131 d\u0259f\u0259l\u0259rl\u0259 Fazil M\u0259mm\u0259dovun, R\u00fcf\u0259t Aslanl\u0131n\u0131n q\u0259buluna d\u00fc\u015fm\u0259y\u0259 c\u0259hd etm\u0259yimiz\u0259 baxmayaraq, bu, m\u00fcmk\u00fcn olmay\u0131b. Ancaq bu c\u00fcr m\u0259nims\u0259m\u0259 faktlar\u0131 son g\u00fcnl\u0259r daha da intensivl\u0259\u015fib\u201d \u2013 s\u00f6yl\u0259di dig\u0259r s\u0259hmdar Tahir Axundov.\n<\/p>\n<p>\n  Bel\u0259 ki, eyni zamanda \u201cSabun\u00e7u \u0130stehsalat Xidm\u0259ti Bazas\u0131\u201dn\u0131n s\u0259hmdar\u0131 olan T.Axundov h\u0259min m\u00fc\u0259ssis\u0259nin may\u0131n 6-da b\u00f6l\u00fcnm\u0259y\u0259 ged\u0259c\u0259yini vur\u011fulad\u0131. Onun s\u00f6zl\u0259rin\u0259 g\u00f6r\u0259, iclasa \u00e7a\u011f\u0131r\u0131lsa da, indiy\u0259 q\u0259d\u0259r b\u00f6l\u00fcnm\u0259nin nec\u0259 v\u0259 hans\u0131 \u015f\u0259rtl\u0259r alt\u0131nda h\u0259yata ke\u00e7iril\u0259c\u0259yi bar\u0259d\u0259 s\u0259n\u0259dl\u0259r ona t\u0259qdim olunmay\u0131b: \u201cAx\u0131 iclasa q\u0259d\u0259r s\u0259n\u0259d\u0259rl\u0259 tan\u0131\u015f olub, b\u00f6l\u00fcnm\u0259 balans\u0131ndan v\u0259 dig\u0259r z\u0259ruri m\u0259lumatlardan x\u0259b\u0259rdar olmal\u0131yam. N\u0259 s\u0259n\u0259dl\u0259r m\u0259n\u0259 verilir, n\u0259 d\u0259 \u018fdliyy\u0259 Nazirliyin\u0259, Vergil\u0259r Nazirliyin\u0259 v\u0259 Qiym\u0259tli Ka\u011f\u0131zlar \u00fczr\u0259 D\u00f6vl\u0259t Komit\u0259sin\u0259 \u00fcnvanlad\u0131\u011f\u0131m suallara h\u0259r biri f\u0259rqli cavablar verir.\u00a0\u201cSabun\u00e7u \u0130stehsalat Xidm\u0259ti Bazas\u0131\u201d\u00a0is\u0259 \u00fcmumiyy\u0259tl\u0259, vurdu\u011fum teleqram\u0131 q\u0259bul el\u0259mir\u201d.\n<\/p>\n<p>\n  \u201cSumqay\u0131t Soyuducu Baza\u201d ASC-nin nizamnam\u0259 kapital\u0131 1\u00a0506\u00a0460 manatd\u0131r. C\u0259miyy\u0259tin yetmi\u015f n\u0259f\u0259r\u0259 yax\u0131n s\u0259hmdar\u0131 var. M\u00fc\u0259ssis\u0259nin qon\u015fulu\u011funda \u201cAz\u0259rsun Holdinq\u201din \u201cMeyv\u0259-T\u0259r\u0259v\u0259z Baza\u201ds\u0131 f\u0259aliyy\u0259t g\u00f6st\u0259rir.\n<\/p>\n<figure class=\"wp-block-image size-large\">\n  <img decoding=\"async\" src=\"https:\/\/www.meydan.tv\/az\/23552\/\" alt=\"\" class=\"wp-image-23552\"\/><figcaption><\/figcaption><\/figure>\n<figure class=\"wp-block-image size-large\">\n  <img decoding=\"async\" src=\"https:\/\/www.meydan.tv\/az\/23555\/\" alt=\"\" class=\"wp-image-23555\"\/><figcaption><\/figcaption><\/figure>\n<figure class=\"wp-block-image size-large\">\n  <img decoding=\"async\" src=\"https:\/\/www.meydan.tv\/az\/23558\/\" alt=\"\" class=\"wp-image-23558\"\/><figcaption><\/figcaption><\/figure><\/p>\n","protected":false},"excerpt":{"rendered":"<p>\u018fdliyy\u0259 Nazirliyi &#8220;qanunsuzdur&#8221; deyir, Vergil\u0259r Nazirliyi il\u0259 Qiym\u0259tli Ka\u011f\u0131zlar \u00fczr\u0259 D\u00f6vl\u0259t Komit\u0259si is\u0259 cavab vermir<\/p>\n","protected":false},"author":11,"featured_media":23546,"comment_status":"closed","ping_status":"open","sticky":false,"template":"","format":"standard","meta":{"_acf_changed":false,"_sitemap_exclude":false,"_sitemap_priority":"","_sitemap_frequency":"","footnotes":""},"categories":[56],"tags":[],"class_list":["post-167746","post","type-post","status-publish","format-standard","has-post-thumbnail","hentry","category-xeberler","infinite-scroll-item","generate-columns","tablet-grid-50","mobile-grid-100","grid-parent","grid-33","no-featured-image-padding"],"acf":[],"yoast_head":"<!-- This site is optimized with the Yoast SEO plugin v28.4 - https:\/\/yoast.com\/product\/yoast-seo-wordpress\/ -->\n<title>\u0130ki nazirlik v\u0259 bir komit\u0259 \u00fcz-\u00fcz\u0259 g\u0259lib - MEYDAN.TV<\/title>\n<meta name=\"robots\" content=\"index, follow, max-snippet:-1, max-image-preview:large, max-video-preview:-1\" \/>\n<link rel=\"canonical\" href=\"https:\/\/www.meydan.tv\/az\/article\/iki-nazirlik-ve-bir-komite-uz-uze-gelib\/\" \/>\n<meta property=\"og:locale\" content=\"az_AZ\" \/>\n<meta property=\"og:type\" content=\"article\" \/>\n<meta property=\"og:title\" content=\"\u0130ki nazirlik v\u0259 bir komit\u0259 \u00fcz-\u00fcz\u0259 g\u0259lib - MEYDAN.TV\" \/>\n<meta property=\"og:description\" content=\"\u018fdliyy\u0259 Nazirliyi &quot;qanunsuzdur&quot; deyir, Vergil\u0259r Nazirliyi il\u0259 Qiym\u0259tli Ka\u011f\u0131zlar \u00fczr\u0259 D\u00f6vl\u0259t Komit\u0259si is\u0259 cavab vermir\" \/>\n<meta property=\"og:url\" content=\"https:\/\/www.meydan.tv\/az\/article\/iki-nazirlik-ve-bir-komite-uz-uze-gelib\/\" \/>\n<meta property=\"og:site_name\" content=\"MEYDAN.TV\" \/>\n<meta property=\"article:published_time\" content=\"2015-04-30T19:46:12+00:00\" \/>\n<meta property=\"og:image\" content=\"https:\/\/www.meydan.tv\/wp-content\/uploads\/8557.jpg\" \/>\n\t<meta property=\"og:image:width\" content=\"667\" \/>\n\t<meta property=\"og:image:height\" content=\"500\" \/>\n\t<meta property=\"og:image:type\" content=\"image\/jpeg\" \/>\n<meta name=\"twitter:card\" content=\"summary_large_image\" \/>\n<!-- \/ Yoast SEO plugin. -->","yoast_head_json":{"title":"\u0130ki nazirlik v\u0259 bir komit\u0259 \u00fcz-\u00fcz\u0259 g\u0259lib - MEYDAN.TV","robots":{"index":"index","follow":"follow","max-snippet":"max-snippet:-1","max-image-preview":"max-image-preview:large","max-video-preview":"max-video-preview:-1"},"canonical":"https:\/\/www.meydan.tv\/az\/article\/iki-nazirlik-ve-bir-komite-uz-uze-gelib\/","og_locale":"az_AZ","og_type":"article","og_title":"\u0130ki nazirlik v\u0259 bir komit\u0259 \u00fcz-\u00fcz\u0259 g\u0259lib - MEYDAN.TV","og_description":"\u018fdliyy\u0259 Nazirliyi \"qanunsuzdur\" deyir, Vergil\u0259r Nazirliyi il\u0259 Qiym\u0259tli Ka\u011f\u0131zlar \u00fczr\u0259 D\u00f6vl\u0259t Komit\u0259si is\u0259 cavab vermir","og_url":"https:\/\/www.meydan.tv\/az\/article\/iki-nazirlik-ve-bir-komite-uz-uze-gelib\/","og_site_name":"MEYDAN.TV","article_published_time":"2015-04-30T19:46:12+00:00","og_image":[{"width":667,"height":500,"url":"https:\/\/www.meydan.tv\/wp-content\/uploads\/8557.jpg","type":"image\/jpeg"}],"twitter_card":"summary_large_image","schema":{"@context":"https:\/\/schema.org","@graph":[{"@type":"Article","@id":"https:\/\/www.meydan.tv\/az\/article\/iki-nazirlik-ve-bir-komite-uz-uze-gelib\/#article","isPartOf":{"@id":"https:\/\/www.meydan.tv\/az\/article\/iki-nazirlik-ve-bir-komite-uz-uze-gelib\/"},"author":{"name":"user-manager","@id":"https:\/\/www.meydan.tv\/az\/#\/schema\/person\/10d11eccf6da3662cf5fdab9806ea91a"},"headline":"\u0130ki nazirlik v\u0259 bir komit\u0259 \u00fcz-\u00fcz\u0259 g\u0259lib","datePublished":"2015-04-30T19:46:12+00:00","mainEntityOfPage":{"@id":"https:\/\/www.meydan.tv\/az\/article\/iki-nazirlik-ve-bir-komite-uz-uze-gelib\/"},"wordCount":1136,"publisher":{"@id":"https:\/\/www.meydan.tv\/az\/#organization"},"image":{"@id":"https:\/\/www.meydan.tv\/az\/article\/iki-nazirlik-ve-bir-komite-uz-uze-gelib\/#primaryimage"},"thumbnailUrl":"https:\/\/www.meydan.tv\/wp-content\/uploads\/8557.jpg","articleSection":["X\u0259b\u0259rl\u0259r"],"inLanguage":"az"},{"@type":"WebPage","@id":"https:\/\/www.meydan.tv\/az\/article\/iki-nazirlik-ve-bir-komite-uz-uze-gelib\/","url":"https:\/\/www.meydan.tv\/az\/article\/iki-nazirlik-ve-bir-komite-uz-uze-gelib\/","name":"\u0130ki nazirlik v\u0259 bir komit\u0259 \u00fcz-\u00fcz\u0259 g\u0259lib - MEYDAN.TV","isPartOf":{"@id":"https:\/\/www.meydan.tv\/az\/#website"},"primaryImageOfPage":{"@id":"https:\/\/www.meydan.tv\/az\/article\/iki-nazirlik-ve-bir-komite-uz-uze-gelib\/#primaryimage"},"image":{"@id":"https:\/\/www.meydan.tv\/az\/article\/iki-nazirlik-ve-bir-komite-uz-uze-gelib\/#primaryimage"},"thumbnailUrl":"https:\/\/www.meydan.tv\/wp-content\/uploads\/8557.jpg","datePublished":"2015-04-30T19:46:12+00:00","breadcrumb":{"@id":"https:\/\/www.meydan.tv\/az\/article\/iki-nazirlik-ve-bir-komite-uz-uze-gelib\/#breadcrumb"},"inLanguage":"az","potentialAction":[{"@type":"ReadAction","target":["https:\/\/www.meydan.tv\/az\/article\/iki-nazirlik-ve-bir-komite-uz-uze-gelib\/"]}]},{"@type":"ImageObject","inLanguage":"az","@id":"https:\/\/www.meydan.tv\/az\/article\/iki-nazirlik-ve-bir-komite-uz-uze-gelib\/#primaryimage","url":"https:\/\/www.meydan.tv\/wp-content\/uploads\/8557.jpg","contentUrl":"https:\/\/www.meydan.tv\/wp-content\/uploads\/8557.jpg","width":667,"height":500,"caption":"Source:"},{"@type":"BreadcrumbList","@id":"https:\/\/www.meydan.tv\/az\/article\/iki-nazirlik-ve-bir-komite-uz-uze-gelib\/#breadcrumb","itemListElement":[{"@type":"ListItem","position":1,"name":"Ana s\u0259hif\u0259","item":"https:\/\/www.meydan.tv\/az\/"},{"@type":"ListItem","position":2,"name":"X\u0259b\u0259rl\u0259r","item":"https:\/\/www.meydan.tv\/az\/section\/xeberler\/"},{"@type":"ListItem","position":3,"name":"\u0130ki nazirlik v\u0259 bir komit\u0259 \u00fcz-\u00fcz\u0259 g\u0259lib"}]},{"@type":"WebSite","@id":"https:\/\/www.meydan.tv\/az\/#website","url":"https:\/\/www.meydan.tv\/az\/","name":"MEYDAN.TV","description":"Meydan TV Az\u0259rbaycan\u0131n media m\u0259kan\u0131ndak\u0131 alternativ s\u0259sidir","publisher":{"@id":"https:\/\/www.meydan.tv\/az\/#organization"},"potentialAction":[{"@type":"SearchAction","target":{"@type":"EntryPoint","urlTemplate":"https:\/\/www.meydan.tv\/az\/?s={search_term_string}"},"query-input":{"@type":"PropertyValueSpecification","valueRequired":true,"valueName":"search_term_string"}}],"inLanguage":"az"},{"@type":"Organization","@id":"https:\/\/www.meydan.tv\/az\/#organization","name":"Meydan TV","url":"https:\/\/www.meydan.tv\/az\/","logo":{"@type":"ImageObject","inLanguage":"az","@id":"https:\/\/www.meydan.tv\/az\/#\/schema\/logo\/image\/","url":"https:\/\/www.meydan.tv\/wp-content\/uploads\/2021\/07\/meydan-logo.svg","contentUrl":"https:\/\/www.meydan.tv\/wp-content\/uploads\/2021\/07\/meydan-logo.svg","width":195,"height":46,"caption":"Meydan TV"},"image":{"@id":"https:\/\/www.meydan.tv\/az\/#\/schema\/logo\/image\/"}},{"@type":"Person","@id":"https:\/\/www.meydan.tv\/az\/#\/schema\/person\/10d11eccf6da3662cf5fdab9806ea91a","name":"user-manager"}]}},"_links":{"self":[{"href":"https:\/\/www.meydan.tv\/az\/wp-json\/wp\/v2\/posts\/167746","targetHints":{"allow":["GET"]}}],"collection":[{"href":"https:\/\/www.meydan.tv\/az\/wp-json\/wp\/v2\/posts"}],"about":[{"href":"https:\/\/www.meydan.tv\/az\/wp-json\/wp\/v2\/types\/post"}],"author":[{"embeddable":true,"href":"https:\/\/www.meydan.tv\/az\/wp-json\/wp\/v2\/users\/11"}],"replies":[{"embeddable":true,"href":"https:\/\/www.meydan.tv\/az\/wp-json\/wp\/v2\/comments?post=167746"}],"version-history":[{"count":0,"href":"https:\/\/www.meydan.tv\/az\/wp-json\/wp\/v2\/posts\/167746\/revisions"}],"wp:featuredmedia":[{"embeddable":true,"href":"https:\/\/www.meydan.tv\/az\/wp-json\/wp\/v2\/media\/23546"}],"wp:attachment":[{"href":"https:\/\/www.meydan.tv\/az\/wp-json\/wp\/v2\/media?parent=167746"}],"wp:term":[{"taxonomy":"category","embeddable":true,"href":"https:\/\/www.meydan.tv\/az\/wp-json\/wp\/v2\/categories?post=167746"},{"taxonomy":"post_tag","embeddable":true,"href":"https:\/\/www.meydan.tv\/az\/wp-json\/wp\/v2\/tags?post=167746"}],"curies":[{"name":"wp","href":"https:\/\/api.w.org\/{rel}","templated":true}]}}