{"id":167744,"date":"2015-05-01T00:35:43","date_gmt":"2015-05-01T00:35:43","guid":{"rendered":"https:\/\/www.meydan.tv\/article\/elvida-amerika-salam-abs-tehlil\/"},"modified":"2015-05-01T00:35:43","modified_gmt":"2015-05-01T00:35:43","slug":"elvida-amerika-salam-abs-tehlil","status":"publish","type":"post","link":"https:\/\/www.meydan.tv\/az\/article\/elvida-amerika-salam-abs-tehlil\/","title":{"rendered":"\u018flvida, Amerika, salam, AB\u015e (T\u0259hlil)"},"content":{"rendered":"<figure class=\"wp-block-image size-large\">\n  <img decoding=\"async\" src=\"https:\/\/www.meydan.tv\/az\/23570\/\" alt=\"\" class=\"wp-image-23570\"\/><figcaption><\/figcaption><\/figure>\n<figure class=\"wp-block-image size-large\">\n  <img decoding=\"async\" src=\"https:\/\/www.meydan.tv\/az\/23570\/\" alt=\"\" class=\"wp-image-23570\"\/><figcaption><\/figcaption><\/figure>\n<p>\n  <i><br \/>\n    Bazar g\u00fcn\u00fc, aprelin 26-da \u201cRossiya 1\u201d telekanal\u0131nda Vladimir Putinin hakimiyy\u0259tinin 15-ci ild\u00f6n\u00fcm\u00fcn\u0259 h\u0259sr olunmu\u015f \u201cPrezident\u201d filmi n\u00fcmayi\u015f olunur. Filmd\u0259 Rusiya lideri ki\u00e7ik, amma \u0259h\u0259miyy\u0259tli informasiya bombas\u0131 patlad\u0131r.<br \/>\n  <\/i>\n<\/p>\n<p>\n  Putin deyib ki, 2000-ci ill\u0259rin \u0259vv\u0259ll\u0259rind\u0259 Rusiya x\u00fcsusi xidm\u0259tl\u0259ri \u015eimali Qafqaz d\u00f6y\u00fc\u015f\u00e7\u00fcl\u0259ri v\u0259 AB\u015e x\u00fcsusi xidm\u0259tl\u0259rinin Az\u0259rbaycandak\u0131 n\u00fcmay\u0259nd\u0259l\u0259ri aras\u0131nda birba\u015fa \u0259laq\u0259l\u0259r oldu\u011funu qeyd\u0259 al\u0131blar. \u201cOrada real olaraq n\u0259qliyyat m\u0259s\u0259l\u0259sind\u0259 bel\u0259 sad\u0259c\u0259 yard\u0131m edirdil\u0259r\u201d, dey\u0259 yubilyar fikrini \u00e7oxm\u0259nal\u0131 \u015f\u0259kild\u0259 ifad\u0259 edib.\n<\/p>\n<p>\n  N\u00f6vb\u0259ti g\u00fcn Az\u0259rbaycanda sanki bir \u0259mrl\u0259 K\u0130V-d\u0259 anti-Amerika isteriya kampaniyas\u0131 g\u00fccl\u0259nir. AB\u015e daxili i\u015fl\u0259r\u0259 m\u00fcdaxil\u0259d\u0259, sabitliyi pozmaq v\u0259 h\u0259tta \u00e7evrili\u015f c\u0259hdind\u0259 ittiham olunur. Auditoriyan\u0131 Amerikan\u0131n Az\u0259rbaycan\u0131n m\u00fcst\u0259qilliyinin \u0259sas \u0259leyhdar\u0131, az qala bir n\u00f6mr\u0259li d\u00fc\u015fm\u0259ni oldu\u011funa inand\u0131rma\u011fa \u00e7al\u0131\u015f\u0131rlar. Kampaniya h\u0259l\u0259 d\u0259 davam edir v\u0259 iyunda Bak\u0131da ke\u00e7iril\u0259c\u0259k Birinci Avropa Oyunlar\u0131na q\u0259d\u0259r v\u0259 oyunlardan sonra da \u00e7\u0259tin ki, yekunla\u015fa.\n<\/p>\n<p>\n  Beyn\u0259lxalq terrorizm\u0259 qar\u015f\u0131 m\u00fcbariz\u0259d\u0259, Avropan\u0131n enerji t\u0259hl\u00fck\u0259sizliyind\u0259, daxili v\u0259 regional sabitlikd\u0259 \u0259sas m\u00fctt\u0259fiq kimi AB\u015e-da \u00fcz \u00e7evirm\u0259 qeyri-adi \u015f\u0259kild\u0259 Az\u0259rbaycan\u0131n Q\u0259rby\u00f6nl\u00fc h\u0259r\u0259k\u0259tin\u0259 q\u0131sqancl\u0131qla yana\u015fan (x\u00fcsus\u0259n d\u0259 Rusiyadaxili probleml\u0259rin artd\u0131\u011f\u0131 anlarda) Kremlin h\u0259d\u0259l\u0259yici notalar\u0131 il\u0259 eyni vaxta t\u0259sad\u00fcf edir.\n<\/p>\n<p>\n  Amma bu, sad\u0259c\u0259 t\u0259sad\u00fcf ola bil\u0259r. Bu d\u0259f\u0259 anti-Amerika kampaniyas\u0131 birba\u015fa qar\u015f\u0131da duran Avropa Oyunlar\u0131 il\u0259 \u0259laq\u0259l\u0259ndirilir. Az\u0259rbaycanda insan h\u00fcquqlar\u0131n\u0131n m\u00fcdafi\u0259si \u00fczr\u0259 beyn\u0259lxalq \u201cDemokratiya namin\u0259 oxu\u201d aksiyas\u0131 h\u0259l\u0259 d\u0259 r\u0259smi Bak\u0131n\u0131n yad\u0131ndan \u00e7\u0131xmay\u0131b. Bu kampaniyan\u0131 beyn\u0259lxalq h\u00fcquq m\u00fcdafi\u0259 t\u0259\u015fkilatlar\u0131 v\u0259 K\u0130V 2012-ci ild\u0259 Bak\u0131da ke\u00e7iril\u0259n \u201cEurovision\u201d mahn\u0131 m\u00fcsabiq\u0259si \u0259r\u0259f\u0259sind\u0259 v\u0259 m\u00fcsabiq\u0259 zaman\u0131 ke\u00e7irmi\u015fdil\u0259r. Bu kampaniya \u201cavropala\u015fan\u201d Az\u0259rbaycan\u0131n imicini n\u0259z\u0259r\u0259\u00e7arpacaq d\u0259r\u0259c\u0259d\u0259 pozaraq, Az\u0259rbaycan m\u0259murlar\u0131n\u0131n q\u0259lbind\u0259 silinm\u0259z izl\u0259r burax\u0131b.\n<\/p>\n<p>\n  Az\u0259rbaycan Avropa Oyunlar\u0131na \u00fc\u00e7 il \u0259vv\u0259l d\u0259 oldu\u011fu kimi, beyn\u0259lxalq Q\u0259rb qurumlar\u0131 v\u0259 K\u0130V \u00fc\u00e7\u00fcn c\u0259zbedici olan m\u00f6vzu il\u0259 yana\u015f\u0131r. Burada da, qeyd etm\u0259k laz\u0131md\u0131r ki, y\u00fcks\u0259k maraq do\u011furan probleml\u0259r \u00fc\u00e7 il \u0259vv\u0259l oldu\u011fundan xeyli m\u00fcr\u0259kk\u0259bdir: y\u00fcz\u0259 yax\u0131n siyasi m\u0259hbus var, v\u0259t\u0259nda\u015f c\u0259miyy\u0259ti darmada\u011f\u0131n edilib, Q\u0259rb donorlar\u0131 qovulub, K\u0130V-l\u0259r ba\u011flan\u0131b, say\u0131 qar d\u0259n\u0259l\u0259ri kimi artan beyn\u0259lxalq \u00f6hd\u0259likl\u0259r yerin\u0259 yetirilm\u0259yib.\n<\/p>\n<div>\n<p>\n      Hakimiyy\u0259tin q\u0259sd\u0259n v\u0259 ya bilm\u0259d\u0259n yaratd\u0131\u011f\u0131 bu \u201ct\u0259l\u0259\u201d informasiya biznesi akulalar\u0131n\u0131n g\u00f6z\u00fcnd\u0259n qa\u00e7a bil\u0259rmi? \u0130dman yar\u0131\u015flar\u0131na maraq mahn\u0131 m\u00fcsabiq\u0259sind\u0259n daha \u00e7ox olacaq. Canl\u0131 efird\u0259 v\u0259 dig\u0259r onlayn K\u0130V-l\u0259rd\u0259 yay\u0131mlanan qeydiyyatdan ke\u00e7mi\u015f xarici tele\u015firk\u0259tl\u0259rin say\u0131 da buna d\u0259lal\u0259r edir \u2013 1300. Az\u0259rbaycan h\u00f6kum\u0259tinin yaz\u0131l\u0131 olaraq t\u0259sdiq edilmi\u015f \u00f6hd\u0259likl\u0259rin\u0259 m\u0259h\u0259l qoymadan, barma\u011f\u0131nda dolad\u0131\u011f\u0131 Avropa dair\u0259l\u0259ri Avropa Oyunlar\u0131ndan istifad\u0259 etm\u0259y\u0259 bil\u0259rmi? \u00c7\u0259tin ki.\n    <\/p>\n<p>\n      R\u0259smi Bak\u0131n\u0131n \u0259lind\u0259 bayraq etdiyi Aleksandr Makedonskinin \u201cH\u00fccum \u0259n yax\u015f\u0131 m\u00fcdafi\u0259 formas\u0131d\u0131r\u201d prinsipi Az\u0259rbaycan \u015f\u0259raitind\u0259 \u0259h\u0259miyy\u0259tsiz ola v\u0259 yaln\u0131z daxili auditoriyan\u0131n bir hiss\u0259sin\u0259 t\u0259sirl\u0259 m\u0259hdudla\u015fa bil\u0259r. Faydal\u0131 i\u015f \u0259msal\u0131 bu ilin fevral\u0131nda manat\u0131n k\u0259l\u0259kl\u0259 devalvasiyas\u0131 v\u0259 bir ne\u00e7\u0259 il y\u00fcks\u0259li\u015fd\u0259n sonra h\u0259yat s\u0259viyy\u0259sinin a\u015fa\u011f\u0131 d\u00fc\u015fm\u0259si n\u0259tic\u0259sind\u0259 c\u0259miyy\u0259tin hakimiyy\u0259t\u0259 qar\u015f\u0131 sars\u0131lm\u0131\u015f etimad\u0131n\u0131 azald\u0131r. Dig\u0259r t\u0259r\u0259fd\u0259n, Az\u0259rbaycana h\u0259m xarici, h\u0259m d\u0259 daxili t\u0259zyiq mahn\u0131 festival\u0131nda oldu\u011fundan d\u0259f\u0259l\u0259rl\u0259 g\u00fccl\u00fc ola bil\u0259r. V\u0259 iqtisadiyyat\u0131n t\u0259n\u0259zz\u00fcl\u00fc, prezident \u0130lham \u018fliyevin d\u0259v\u0259t edildiyi G-20 sammiti bu t\u0259sir g\u00fccl\u0259ndir\u0259c\u0259k.\n    <\/p>\n<p>\n      Amma yen\u0259 d\u0259, bu d\u00f6vr\u00fcn idman v\u0259 qeyri-idman yar\u0131\u015flar\u0131n\u0131n g\u00f6zl\u0259nilm\u0259z d\u0259yi\u015fiklikl\u0259rin\u0259 baxmayaraq, Az\u0259rbaycan Rusiyadak\u0131 v\u0259ziyy\u0259td\u0259n as\u0131l\u0131 olmayaraq, Q\u0259rby\u00f6nl\u00fc h\u0259r\u0259k\u0259tini davam etdir\u0259c\u0259k, b\u00fct\u00fcn m\u00fcst\u0259qillik ill\u0259rind\u0259, &#8220;Eurovision-2012&#8221;-y\u0259 q\u0259d\u0259r v\u0259 ondan sonra da etdiyi kimi. Qaz k\u0259m\u0259rl\u0259ri, Q\u0259rb-\u015e\u0259rq logistikas\u0131 kimi qlobal layih\u0259l\u0259r, h\u0259tta r\u0259smi Bak\u0131n\u0131n anti-Amerika v\u0259 anti-Avropa b\u0259yanatlar\u0131na baxmayaraq, tempi z\u0259rr\u0259 q\u0259d\u0259r d\u0259 olsa azaltmay\u0131b. \u0130ki g\u00fcn \u00f6nc\u0259 Bak\u0131da A\u00e7\u0131q C\u0259miyy\u0259tl\u0259rin III Qlobal Forumunun a\u00e7\u0131l\u0131\u015f\u0131nda \u00e7\u0131x\u0131\u015f ed\u0259n prezident \u018fliyev bildirib ki, Az\u0259rbaycan enerji n\u0259qlinin diversifikasiyas\u0131nda m\u00fch\u00fcm rol oynay\u0131r. \u201cBa\u015fa d\u00fc\u015f\u00fcr\u00fck ki, Avropa \u00fc\u00e7\u00fcn energetikan\u0131n diversifikasiyas\u0131 h\u0259qiq\u0259t\u0259n milli t\u0259hl\u00fck\u0259sizlik m\u0259s\u0259l\u0259sidir v\u0259 biz d\u0259 bu m\u0259s\u0259l\u0259y\u0259 bel\u0259 yana\u015fmal\u0131y\u0131q. Energetika t\u0259hl\u00fck\u0259sizliyi milli t\u0259hl\u00fck\u0259sizlikd\u0259n ayr\u0131 tutula bilm\u0259z\u201d, dey\u0259 o qeyd edib.\n    <\/p>\n<p>\n      Bu b\u0259yanatdan bel\u0259 \u00e7\u0131x\u0131r ki, bu d\u0259f\u0259 haz\u0131rki anti-Amerika kampaniyas\u0131n\u0131n f\u0259al i\u015ftirak\u00e7\u0131lar\u0131ndan biri \u2013 Amerika-Az\u0259rbaycan parlamentl\u0259raras\u0131 komissiyas\u0131n\u0131n h\u0259ms\u0259dri S\u0259m\u0259d\u00a0Seyidov 2013-c\u00fc il se\u00e7kil\u0259ri d\u00f6vr\u00fcnd\u0259 oldu\u011fu kimi AB\u015e-\u0131 prezident \u018fliyevi xilas etm\u0259y\u0259 \u00e7a\u011f\u0131rmal\u0131 olmayacaq. Ax\u0131 bu il prezident se\u00e7kil\u0259ri deyil, sad\u0259c\u0259 parlament se\u00e7kil\u0259ri ilidir.\n    <\/p>\n<p>\n      Turan Analitika Xidm\u0259ti\n    <\/p>\n<\/p><\/div><\/p>\n","protected":false},"excerpt":{"rendered":"<p>Bazar g\u00fcn\u00fc, aprelin 26-da \u201cRossiya 1\u201d telekanal\u0131nda Vladimir Putinin hakimiyy\u0259tinin 15-ci ild\u00f6n\u00fcm\u00fcn\u0259 h\u0259sr olunmu\u015f \u201cPrezident\u201d filmi n\u00fcmayi\u015f olunur. Filmd\u0259 Rusiya lideri ki\u00e7ik, amma \u0259h\u0259miyy\u0259tli informasiya bombas\u0131 patlad\u0131r.<\/p>\n","protected":false},"author":11,"featured_media":23570,"comment_status":"closed","ping_status":"open","sticky":false,"template":"","format":"standard","meta":{"_acf_changed":false,"_sitemap_exclude":false,"_sitemap_priority":"","_sitemap_frequency":"","footnotes":""},"categories":[56],"tags":[],"class_list":["post-167744","post","type-post","status-publish","format-standard","has-post-thumbnail","hentry","category-xeberler","infinite-scroll-item","generate-columns","tablet-grid-50","mobile-grid-100","grid-parent","grid-33","no-featured-image-padding"],"acf":[],"yoast_head":"<!-- This site is optimized with the Yoast SEO plugin v28.4 - https:\/\/yoast.com\/product\/yoast-seo-wordpress\/ -->\n<title>\u018flvida, Amerika, salam, AB\u015e (T\u0259hlil) - MEYDAN.TV<\/title>\n<meta name=\"robots\" content=\"index, follow, max-snippet:-1, max-image-preview:large, max-video-preview:-1\" \/>\n<link rel=\"canonical\" href=\"https:\/\/www.meydan.tv\/az\/article\/elvida-amerika-salam-abs-tehlil\/\" \/>\n<meta property=\"og:locale\" content=\"az_AZ\" \/>\n<meta property=\"og:type\" content=\"article\" \/>\n<meta property=\"og:title\" content=\"\u018flvida, Amerika, salam, AB\u015e (T\u0259hlil) - MEYDAN.TV\" \/>\n<meta property=\"og:description\" content=\"Bazar g\u00fcn\u00fc, aprelin 26-da \u201cRossiya 1\u201d telekanal\u0131nda Vladimir Putinin hakimiyy\u0259tinin 15-ci ild\u00f6n\u00fcm\u00fcn\u0259 h\u0259sr olunmu\u015f \u201cPrezident\u201d filmi n\u00fcmayi\u015f olunur. Filmd\u0259 Rusiya lideri ki\u00e7ik, amma \u0259h\u0259miyy\u0259tli informasiya bombas\u0131 patlad\u0131r.\" \/>\n<meta property=\"og:url\" content=\"https:\/\/www.meydan.tv\/az\/article\/elvida-amerika-salam-abs-tehlil\/\" \/>\n<meta property=\"og:site_name\" content=\"MEYDAN.TV\" \/>\n<meta property=\"article:published_time\" content=\"2015-05-01T00:35:43+00:00\" \/>\n<meta property=\"og:image\" content=\"https:\/\/www.meydan.tv\/wp-content\/uploads\/8567.jpg\" \/>\n\t<meta property=\"og:image:width\" content=\"442\" \/>\n\t<meta property=\"og:image:height\" content=\"500\" \/>\n\t<meta property=\"og:image:type\" content=\"image\/jpeg\" \/>\n<meta name=\"twitter:card\" content=\"summary_large_image\" \/>\n<!-- \/ Yoast SEO plugin. -->","yoast_head_json":{"title":"\u018flvida, Amerika, salam, AB\u015e (T\u0259hlil) - MEYDAN.TV","robots":{"index":"index","follow":"follow","max-snippet":"max-snippet:-1","max-image-preview":"max-image-preview:large","max-video-preview":"max-video-preview:-1"},"canonical":"https:\/\/www.meydan.tv\/az\/article\/elvida-amerika-salam-abs-tehlil\/","og_locale":"az_AZ","og_type":"article","og_title":"\u018flvida, Amerika, salam, AB\u015e (T\u0259hlil) - MEYDAN.TV","og_description":"Bazar g\u00fcn\u00fc, aprelin 26-da \u201cRossiya 1\u201d telekanal\u0131nda Vladimir Putinin hakimiyy\u0259tinin 15-ci ild\u00f6n\u00fcm\u00fcn\u0259 h\u0259sr olunmu\u015f \u201cPrezident\u201d filmi n\u00fcmayi\u015f olunur. Filmd\u0259 Rusiya lideri ki\u00e7ik, amma \u0259h\u0259miyy\u0259tli informasiya bombas\u0131 patlad\u0131r.","og_url":"https:\/\/www.meydan.tv\/az\/article\/elvida-amerika-salam-abs-tehlil\/","og_site_name":"MEYDAN.TV","article_published_time":"2015-05-01T00:35:43+00:00","og_image":[{"width":442,"height":500,"url":"https:\/\/www.meydan.tv\/wp-content\/uploads\/8567.jpg","type":"image\/jpeg"}],"twitter_card":"summary_large_image","schema":{"@context":"https:\/\/schema.org","@graph":[{"@type":"Article","@id":"https:\/\/www.meydan.tv\/az\/article\/elvida-amerika-salam-abs-tehlil\/#article","isPartOf":{"@id":"https:\/\/www.meydan.tv\/az\/article\/elvida-amerika-salam-abs-tehlil\/"},"author":{"name":"user-manager","@id":"https:\/\/www.meydan.tv\/az\/#\/schema\/person\/10d11eccf6da3662cf5fdab9806ea91a"},"headline":"\u018flvida, Amerika, salam, AB\u015e (T\u0259hlil)","datePublished":"2015-05-01T00:35:43+00:00","mainEntityOfPage":{"@id":"https:\/\/www.meydan.tv\/az\/article\/elvida-amerika-salam-abs-tehlil\/"},"wordCount":1013,"publisher":{"@id":"https:\/\/www.meydan.tv\/az\/#organization"},"image":{"@id":"https:\/\/www.meydan.tv\/az\/article\/elvida-amerika-salam-abs-tehlil\/#primaryimage"},"thumbnailUrl":"https:\/\/www.meydan.tv\/wp-content\/uploads\/8567.jpg","articleSection":["X\u0259b\u0259rl\u0259r"],"inLanguage":"az"},{"@type":"WebPage","@id":"https:\/\/www.meydan.tv\/az\/article\/elvida-amerika-salam-abs-tehlil\/","url":"https:\/\/www.meydan.tv\/az\/article\/elvida-amerika-salam-abs-tehlil\/","name":"\u018flvida, Amerika, salam, AB\u015e (T\u0259hlil) - MEYDAN.TV","isPartOf":{"@id":"https:\/\/www.meydan.tv\/az\/#website"},"primaryImageOfPage":{"@id":"https:\/\/www.meydan.tv\/az\/article\/elvida-amerika-salam-abs-tehlil\/#primaryimage"},"image":{"@id":"https:\/\/www.meydan.tv\/az\/article\/elvida-amerika-salam-abs-tehlil\/#primaryimage"},"thumbnailUrl":"https:\/\/www.meydan.tv\/wp-content\/uploads\/8567.jpg","datePublished":"2015-05-01T00:35:43+00:00","breadcrumb":{"@id":"https:\/\/www.meydan.tv\/az\/article\/elvida-amerika-salam-abs-tehlil\/#breadcrumb"},"inLanguage":"az","potentialAction":[{"@type":"ReadAction","target":["https:\/\/www.meydan.tv\/az\/article\/elvida-amerika-salam-abs-tehlil\/"]}]},{"@type":"ImageObject","inLanguage":"az","@id":"https:\/\/www.meydan.tv\/az\/article\/elvida-amerika-salam-abs-tehlil\/#primaryimage","url":"https:\/\/www.meydan.tv\/wp-content\/uploads\/8567.jpg","contentUrl":"https:\/\/www.meydan.tv\/wp-content\/uploads\/8567.jpg","width":442,"height":500,"caption":"Source:"},{"@type":"BreadcrumbList","@id":"https:\/\/www.meydan.tv\/az\/article\/elvida-amerika-salam-abs-tehlil\/#breadcrumb","itemListElement":[{"@type":"ListItem","position":1,"name":"Ana s\u0259hif\u0259","item":"https:\/\/www.meydan.tv\/az\/"},{"@type":"ListItem","position":2,"name":"X\u0259b\u0259rl\u0259r","item":"https:\/\/www.meydan.tv\/az\/section\/xeberler\/"},{"@type":"ListItem","position":3,"name":"\u018flvida, Amerika, salam, AB\u015e (T\u0259hlil)"}]},{"@type":"WebSite","@id":"https:\/\/www.meydan.tv\/az\/#website","url":"https:\/\/www.meydan.tv\/az\/","name":"MEYDAN.TV","description":"Meydan TV Az\u0259rbaycan\u0131n media m\u0259kan\u0131ndak\u0131 alternativ s\u0259sidir","publisher":{"@id":"https:\/\/www.meydan.tv\/az\/#organization"},"potentialAction":[{"@type":"SearchAction","target":{"@type":"EntryPoint","urlTemplate":"https:\/\/www.meydan.tv\/az\/?s={search_term_string}"},"query-input":{"@type":"PropertyValueSpecification","valueRequired":true,"valueName":"search_term_string"}}],"inLanguage":"az"},{"@type":"Organization","@id":"https:\/\/www.meydan.tv\/az\/#organization","name":"Meydan TV","url":"https:\/\/www.meydan.tv\/az\/","logo":{"@type":"ImageObject","inLanguage":"az","@id":"https:\/\/www.meydan.tv\/az\/#\/schema\/logo\/image\/","url":"https:\/\/www.meydan.tv\/wp-content\/uploads\/2021\/07\/meydan-logo.svg","contentUrl":"https:\/\/www.meydan.tv\/wp-content\/uploads\/2021\/07\/meydan-logo.svg","width":195,"height":46,"caption":"Meydan TV"},"image":{"@id":"https:\/\/www.meydan.tv\/az\/#\/schema\/logo\/image\/"}},{"@type":"Person","@id":"https:\/\/www.meydan.tv\/az\/#\/schema\/person\/10d11eccf6da3662cf5fdab9806ea91a","name":"user-manager"}]}},"_links":{"self":[{"href":"https:\/\/www.meydan.tv\/az\/wp-json\/wp\/v2\/posts\/167744","targetHints":{"allow":["GET"]}}],"collection":[{"href":"https:\/\/www.meydan.tv\/az\/wp-json\/wp\/v2\/posts"}],"about":[{"href":"https:\/\/www.meydan.tv\/az\/wp-json\/wp\/v2\/types\/post"}],"author":[{"embeddable":true,"href":"https:\/\/www.meydan.tv\/az\/wp-json\/wp\/v2\/users\/11"}],"replies":[{"embeddable":true,"href":"https:\/\/www.meydan.tv\/az\/wp-json\/wp\/v2\/comments?post=167744"}],"version-history":[{"count":0,"href":"https:\/\/www.meydan.tv\/az\/wp-json\/wp\/v2\/posts\/167744\/revisions"}],"wp:featuredmedia":[{"embeddable":true,"href":"https:\/\/www.meydan.tv\/az\/wp-json\/wp\/v2\/media\/23570"}],"wp:attachment":[{"href":"https:\/\/www.meydan.tv\/az\/wp-json\/wp\/v2\/media?parent=167744"}],"wp:term":[{"taxonomy":"category","embeddable":true,"href":"https:\/\/www.meydan.tv\/az\/wp-json\/wp\/v2\/categories?post=167744"},{"taxonomy":"post_tag","embeddable":true,"href":"https:\/\/www.meydan.tv\/az\/wp-json\/wp\/v2\/tags?post=167744"}],"curies":[{"name":"wp","href":"https:\/\/api.w.org\/{rel}","templated":true}]}}