{"id":167743,"date":"2015-05-01T00:27:36","date_gmt":"2015-05-01T00:27:36","guid":{"rendered":"https:\/\/www.meydan.tv\/article\/yeni-menziller-ve-qayidis-umidleri-adli-hesabat-teqdim-olundu\/"},"modified":"2015-05-01T00:27:36","modified_gmt":"2015-05-01T00:27:36","slug":"yeni-menziller-ve-qayidis-umidleri-adli-hesabat-teqdim-olundu","status":"publish","type":"post","link":"https:\/\/www.meydan.tv\/az\/article\/yeni-menziller-ve-qayidis-umidleri-adli-hesabat-teqdim-olundu\/","title":{"rendered":"&#8220;Yeni m\u0259nzill\u0259r v\u0259 qay\u0131d\u0131\u015f \u00fcmidl\u0259ri&#8221; adl\u0131 hesabat t\u0259qdim olundu"},"content":{"rendered":"<figure class=\"wp-block-image size-large\">\n  <img decoding=\"async\" src=\"https:\/\/www.meydan.tv\/az\/23567\/\" alt=\"\" class=\"wp-image-23567\"\/><figcaption><\/figcaption><\/figure>\n<p>\n  <i><br \/>\n    \u018fsas m\u0259qs\u0259d yeni inteqrasiyan\u0131n m\u0259cburi k\u00f6\u00e7k\u00fcnl\u0259r\u0259 t\u0259sirini, onlar\u0131n m\u00f6vcud h\u0259yat \u015f\u0259raitini \u00f6yr\u0259nm\u0259k olub<br \/>\n  <\/i>\n<\/p>\n<p>\n  Aprelin 30-da Humanitar T\u0259dqiqatlar C\u0259miyy\u0259ti Avropa \u0130ttifaq\u0131n\u0131n maliyy\u0259 v\u0259 Bar\u0131\u015f\u0131q Resurslar\u0131 T\u0259\u015fkilat\u0131n\u0131n d\u0259st\u0259yi il\u0259 realla\u015fd\u0131r\u0131lan \u201cDa\u011fl\u0131q Qaraba\u011f mu\u0308naqi\u015f\u0259sinin su\u0308lh yolu il\u0259 h\u0259ll olunmas\u0131 yolunda Avropa T\u0259r\u0259fda\u015fl\u0131\u011f\u0131 (EPNK)\u201d layih\u0259si \u00e7\u0259r\u00e7iv\u0259sind\u0259 realla\u015fd\u0131rd\u0131\u011f\u0131 m\u0259cburi k\u00f6\u00e7k\u00fcnl\u0259rin yeni q\u0259s\u0259b\u0259l\u0259r\u0259 k\u00f6\u00e7\u00fcr\u00fclm\u0259si prosesl\u0259rini \u0259hat\u0259 ed\u0259n \u201cYeni m\u0259nzill\u0259r v\u0259 qay\u0131d\u0131\u015f \u00fcmidl\u0259ri\u201d adl\u0131 hesabat\u0131n\u0131n Beyn\u0259lxalq M\u0259tbuat M\u0259rk\u0259zinin d\u0259yirmi zal\u0131nda m\u00fczakir\u0259sini t\u0259\u015fkil edib. M\u00fczakir\u0259d\u0259 h\u00f6kum\u0259t n\u00fcmay\u0259nd\u0259l\u0259ri, beynalxalq t\u0259\u015fkilatlar\u0131n t\u0259msil\u00e7il\u0259ri, Bak\u0131da akkreditasiya olunmu\u015f \u00f6lk\u0259l\u0259rin s\u0259firlikl\u0259rinin t\u0259msil\u00e7il\u0259ri, QHT n\u00fcmay\u0259nd\u0259l\u0259ri, jurnalistl\u0259r v\u0259 m\u0259cburi k\u00f6\u00e7k\u00fcn icmalar\u0131n\u0131n n\u00fcmay\u0259nd\u0259l\u0259ri i\u015ftirak edibl\u0259r.\n<\/p>\n<p>\n  T\u0259dbird\u0259 Avropa Birliyinin C\u0259nubi Qafqaz \u00fczr\u0259 X\u00fcsusi n\u00fcmay\u0259nd\u0259si s\u0259fir Herbert Salber \u00e7\u0131x\u0131\u015f ed\u0259r\u0259k, Avropa Birliyi t\u0259r\u0259find\u0259n Da\u011fl\u0131q Qaraba\u011f m\u00fcnaqi\u015f\u0259si il\u0259 ba\u011fl\u0131 g\u00f6r\u00fcl\u0259n i\u015fl\u0259r bar\u0259d\u0259 m\u0259lumat verib v\u0259 i\u015ftirak\u00e7\u0131lar\u0131n suallar\u0131n\u0131n cavabland\u0131r\u0131b.\n<\/p>\n<p>\n  Bar\u0131\u015f\u0131q Resurslar\u0131 T\u0259\u015fkilat\u0131n\u0131n C\u0259nubi Qafqaz proqram\u0131n\u0131n r\u0259hb\u0259ri Zigfried Vober t\u0259msil etdiyi t\u0259\u015fkilat\u0131n son ill\u0259rd\u0259 Az\u0259rbaycanda m\u0259cburi k\u00f6\u00e7k\u00fcnl\u0259rin inteqrasiyas\u0131 \u00fc\u00e7\u00fcn h\u0259yata ke\u00e7irdiyi layih\u0259l\u0259r bar\u0259d\u0259 m\u0259lumat verib.\n<\/p>\n<p>\n  Sonra Humanitar T\u0259dqiqatlar C\u0259miyy\u0259tinin direktoru \u018fv\u0259z H\u0259s\u0259nov t\u0259\u015fkilat\u0131n koordinatoru oldu\u011fu \u201cBirl\u0259\u015fmi\u015f imkanlar\u201d M\u0259cburi K\u00f6\u00e7ku\u0308nl\u0259r \u015e\u0259b\u0259k\u0259si u\u0308zvl\u0259rinin potensial\u0131 v\u0259 i\u015fl\u0259dikl\u0259ri rayonlarda yerl\u0259\u015f\u0259n m\u0259cburi k\u00f6\u00e7ku\u0308n icmalar\u0131 aras\u0131nda ke\u00e7iril\u0259n m\u00fczakir\u0259l\u0259r \u0259sas\u0131nda t\u0259rtib olunan hesabat bar\u0259d\u0259 m\u0259lumat verib. Humanitar T\u0259dqiqatlar C\u0259miyy\u0259tinin S\u00fclh v\u0259 M\u00fcnaqi\u015f\u0259l\u0259rin h\u0259lli Departamentinin r\u0259hb\u0259ri B\u0259xtiyar Aslanov hesabat\u0131n \u0259sas\u0259n A\u011fdam, B\u0259rd\u0259, Fu\u0308zuli, \u0130mi\u015fli, Qazax rayonlar\u0131nda, Bak\u0131 v\u0259 Ming\u0259\u00e7evir \u015f\u0259h\u0259rl\u0259rind\u0259 m\u0259skunla\u015fan m\u0259cburi k\u00f6\u00e7ku\u0308n icmalar\u0131 v\u0259 yeni q\u0259s\u0259b\u0259l\u0259r\u0259 k\u00f6\u00e7u\u0308ru\u0308lmu\u0308\u015f \u015f\u0259xsl\u0259rin fikirl\u0259rini \u0259ks etdirdiyini bildirib.\n<\/p>\n<p>\n  O, qeyd edib ki, hesabat\u0131n haz\u0131rlanmas\u0131 u\u0308\u00e7u\u0308n n\u0259z\u0259rd\u0259 tutulan mu\u0308dd\u0259td\u0259 14 fokus qrup ke\u00e7irilib, h\u0259r bir fokus qrupa 8-15 n\u0259f\u0259r olmaqla, c\u0259mi 165 n\u0259f\u0259r d\u0259v\u0259t olunub. Fokus qruplara veril\u0259n suallar\u0131n m\u0259qs\u0259di \u0259sas\u0259n m\u0259cburi k\u00f6\u00e7ku\u0308nl\u0259rin \u0259vv\u0259l ya\u015fad\u0131qlar\u0131 q\u0259s\u0259b\u0259 v\u0259 m\u0259zill\u0259rd\u0259ki u\u0308mumi v\u0259ziyy\u0259t, yeni q\u0259s\u0259b\u0259l\u0259rin v\u0259ziyy\u0259ti v\u0259 insanlar\u0131n orada m\u00f6vcud olan h\u0259yat \u015f\u0259raiti, yeni q\u0259s\u0259b\u0259l\u0259r\u0259 k\u00f6\u00e7u\u0308ru\u0308lm\u0259 prosesi v\u0259 bununla ba\u011fl\u0131 m\u0259lumatland\u0131rma kampaniyas\u0131, yeni q\u0259s\u0259b\u0259l\u0259r\u0259 k\u00f6\u00e7u\u0308ru\u0308lm\u0259nin insanlar\u0131n inteqrasiyas\u0131na t\u0259sir etdiyini mu\u0308\u0259yy\u0259n etm\u0259kd\u0259n ibar\u0259t olub.<\/p>\n","protected":false},"excerpt":{"rendered":"<p>\u018fsas m\u0259qs\u0259d yeni inteqrasiyan\u0131n m\u0259cburi k\u00f6\u00e7k\u00fcnl\u0259r\u0259 t\u0259sirini, onlar\u0131n m\u00f6vcud h\u0259yat \u015f\u0259raitini \u00f6yr\u0259nm\u0259k olub<\/p>\n","protected":false},"author":11,"featured_media":23567,"comment_status":"closed","ping_status":"open","sticky":false,"template":"","format":"standard","meta":{"_acf_changed":false,"_sitemap_exclude":false,"_sitemap_priority":"","_sitemap_frequency":"","footnotes":""},"categories":[56],"tags":[],"class_list":["post-167743","post","type-post","status-publish","format-standard","has-post-thumbnail","hentry","category-xeberler","infinite-scroll-item","generate-columns","tablet-grid-50","mobile-grid-100","grid-parent","grid-33","no-featured-image-padding"],"acf":[],"yoast_head":"<!-- This site is optimized with the Yoast SEO plugin v28.4 - https:\/\/yoast.com\/product\/yoast-seo-wordpress\/ -->\n<title>&quot;Yeni m\u0259nzill\u0259r v\u0259 qay\u0131d\u0131\u015f \u00fcmidl\u0259ri&quot; adl\u0131 hesabat t\u0259qdim olundu - MEYDAN.TV<\/title>\n<meta name=\"robots\" content=\"index, follow, max-snippet:-1, max-image-preview:large, max-video-preview:-1\" \/>\n<link rel=\"canonical\" href=\"https:\/\/www.meydan.tv\/az\/article\/yeni-menziller-ve-qayidis-umidleri-adli-hesabat-teqdim-olundu\/\" \/>\n<meta property=\"og:locale\" content=\"az_AZ\" \/>\n<meta property=\"og:type\" content=\"article\" \/>\n<meta property=\"og:title\" content=\"&quot;Yeni m\u0259nzill\u0259r v\u0259 qay\u0131d\u0131\u015f \u00fcmidl\u0259ri&quot; adl\u0131 hesabat t\u0259qdim olundu - MEYDAN.TV\" \/>\n<meta property=\"og:description\" content=\"\u018fsas m\u0259qs\u0259d yeni inteqrasiyan\u0131n m\u0259cburi k\u00f6\u00e7k\u00fcnl\u0259r\u0259 t\u0259sirini, onlar\u0131n m\u00f6vcud h\u0259yat \u015f\u0259raitini \u00f6yr\u0259nm\u0259k olub\" \/>\n<meta property=\"og:url\" content=\"https:\/\/www.meydan.tv\/az\/article\/yeni-menziller-ve-qayidis-umidleri-adli-hesabat-teqdim-olundu\/\" \/>\n<meta property=\"og:site_name\" content=\"MEYDAN.TV\" \/>\n<meta property=\"article:published_time\" content=\"2015-05-01T00:27:36+00:00\" \/>\n<meta property=\"og:image\" content=\"https:\/\/www.meydan.tv\/wp-content\/uploads\/8566.jpg\" \/>\n\t<meta property=\"og:image:width\" content=\"753\" \/>\n\t<meta property=\"og:image:height\" content=\"500\" \/>\n\t<meta property=\"og:image:type\" content=\"image\/jpeg\" \/>\n<meta name=\"twitter:card\" content=\"summary_large_image\" \/>\n<!-- \/ Yoast SEO plugin. -->","yoast_head_json":{"title":"\"Yeni m\u0259nzill\u0259r v\u0259 qay\u0131d\u0131\u015f \u00fcmidl\u0259ri\" adl\u0131 hesabat t\u0259qdim olundu - MEYDAN.TV","robots":{"index":"index","follow":"follow","max-snippet":"max-snippet:-1","max-image-preview":"max-image-preview:large","max-video-preview":"max-video-preview:-1"},"canonical":"https:\/\/www.meydan.tv\/az\/article\/yeni-menziller-ve-qayidis-umidleri-adli-hesabat-teqdim-olundu\/","og_locale":"az_AZ","og_type":"article","og_title":"\"Yeni m\u0259nzill\u0259r v\u0259 qay\u0131d\u0131\u015f \u00fcmidl\u0259ri\" adl\u0131 hesabat t\u0259qdim olundu - MEYDAN.TV","og_description":"\u018fsas m\u0259qs\u0259d yeni inteqrasiyan\u0131n m\u0259cburi k\u00f6\u00e7k\u00fcnl\u0259r\u0259 t\u0259sirini, onlar\u0131n m\u00f6vcud h\u0259yat \u015f\u0259raitini \u00f6yr\u0259nm\u0259k olub","og_url":"https:\/\/www.meydan.tv\/az\/article\/yeni-menziller-ve-qayidis-umidleri-adli-hesabat-teqdim-olundu\/","og_site_name":"MEYDAN.TV","article_published_time":"2015-05-01T00:27:36+00:00","og_image":[{"width":753,"height":500,"url":"https:\/\/www.meydan.tv\/wp-content\/uploads\/8566.jpg","type":"image\/jpeg"}],"twitter_card":"summary_large_image","schema":{"@context":"https:\/\/schema.org","@graph":[{"@type":"Article","@id":"https:\/\/www.meydan.tv\/az\/article\/yeni-menziller-ve-qayidis-umidleri-adli-hesabat-teqdim-olundu\/#article","isPartOf":{"@id":"https:\/\/www.meydan.tv\/az\/article\/yeni-menziller-ve-qayidis-umidleri-adli-hesabat-teqdim-olundu\/"},"author":{"name":"user-manager","@id":"https:\/\/www.meydan.tv\/az\/#\/schema\/person\/10d11eccf6da3662cf5fdab9806ea91a"},"headline":"&#8220;Yeni m\u0259nzill\u0259r v\u0259 qay\u0131d\u0131\u015f \u00fcmidl\u0259ri&#8221; adl\u0131 hesabat t\u0259qdim olundu","datePublished":"2015-05-01T00:27:36+00:00","mainEntityOfPage":{"@id":"https:\/\/www.meydan.tv\/az\/article\/yeni-menziller-ve-qayidis-umidleri-adli-hesabat-teqdim-olundu\/"},"wordCount":599,"publisher":{"@id":"https:\/\/www.meydan.tv\/az\/#organization"},"image":{"@id":"https:\/\/www.meydan.tv\/az\/article\/yeni-menziller-ve-qayidis-umidleri-adli-hesabat-teqdim-olundu\/#primaryimage"},"thumbnailUrl":"https:\/\/www.meydan.tv\/wp-content\/uploads\/8566.jpg","articleSection":["X\u0259b\u0259rl\u0259r"],"inLanguage":"az"},{"@type":"WebPage","@id":"https:\/\/www.meydan.tv\/az\/article\/yeni-menziller-ve-qayidis-umidleri-adli-hesabat-teqdim-olundu\/","url":"https:\/\/www.meydan.tv\/az\/article\/yeni-menziller-ve-qayidis-umidleri-adli-hesabat-teqdim-olundu\/","name":"\"Yeni m\u0259nzill\u0259r v\u0259 qay\u0131d\u0131\u015f \u00fcmidl\u0259ri\" adl\u0131 hesabat t\u0259qdim olundu - MEYDAN.TV","isPartOf":{"@id":"https:\/\/www.meydan.tv\/az\/#website"},"primaryImageOfPage":{"@id":"https:\/\/www.meydan.tv\/az\/article\/yeni-menziller-ve-qayidis-umidleri-adli-hesabat-teqdim-olundu\/#primaryimage"},"image":{"@id":"https:\/\/www.meydan.tv\/az\/article\/yeni-menziller-ve-qayidis-umidleri-adli-hesabat-teqdim-olundu\/#primaryimage"},"thumbnailUrl":"https:\/\/www.meydan.tv\/wp-content\/uploads\/8566.jpg","datePublished":"2015-05-01T00:27:36+00:00","breadcrumb":{"@id":"https:\/\/www.meydan.tv\/az\/article\/yeni-menziller-ve-qayidis-umidleri-adli-hesabat-teqdim-olundu\/#breadcrumb"},"inLanguage":"az","potentialAction":[{"@type":"ReadAction","target":["https:\/\/www.meydan.tv\/az\/article\/yeni-menziller-ve-qayidis-umidleri-adli-hesabat-teqdim-olundu\/"]}]},{"@type":"ImageObject","inLanguage":"az","@id":"https:\/\/www.meydan.tv\/az\/article\/yeni-menziller-ve-qayidis-umidleri-adli-hesabat-teqdim-olundu\/#primaryimage","url":"https:\/\/www.meydan.tv\/wp-content\/uploads\/8566.jpg","contentUrl":"https:\/\/www.meydan.tv\/wp-content\/uploads\/8566.jpg","width":753,"height":500,"caption":"Source:"},{"@type":"BreadcrumbList","@id":"https:\/\/www.meydan.tv\/az\/article\/yeni-menziller-ve-qayidis-umidleri-adli-hesabat-teqdim-olundu\/#breadcrumb","itemListElement":[{"@type":"ListItem","position":1,"name":"Ana s\u0259hif\u0259","item":"https:\/\/www.meydan.tv\/az\/"},{"@type":"ListItem","position":2,"name":"X\u0259b\u0259rl\u0259r","item":"https:\/\/www.meydan.tv\/az\/section\/xeberler\/"},{"@type":"ListItem","position":3,"name":"&#8220;Yeni m\u0259nzill\u0259r v\u0259 qay\u0131d\u0131\u015f \u00fcmidl\u0259ri&#8221; adl\u0131 hesabat t\u0259qdim olundu"}]},{"@type":"WebSite","@id":"https:\/\/www.meydan.tv\/az\/#website","url":"https:\/\/www.meydan.tv\/az\/","name":"MEYDAN.TV","description":"Meydan TV Az\u0259rbaycan\u0131n media m\u0259kan\u0131ndak\u0131 alternativ s\u0259sidir","publisher":{"@id":"https:\/\/www.meydan.tv\/az\/#organization"},"potentialAction":[{"@type":"SearchAction","target":{"@type":"EntryPoint","urlTemplate":"https:\/\/www.meydan.tv\/az\/?s={search_term_string}"},"query-input":{"@type":"PropertyValueSpecification","valueRequired":true,"valueName":"search_term_string"}}],"inLanguage":"az"},{"@type":"Organization","@id":"https:\/\/www.meydan.tv\/az\/#organization","name":"Meydan TV","url":"https:\/\/www.meydan.tv\/az\/","logo":{"@type":"ImageObject","inLanguage":"az","@id":"https:\/\/www.meydan.tv\/az\/#\/schema\/logo\/image\/","url":"https:\/\/www.meydan.tv\/wp-content\/uploads\/2021\/07\/meydan-logo.svg","contentUrl":"https:\/\/www.meydan.tv\/wp-content\/uploads\/2021\/07\/meydan-logo.svg","width":195,"height":46,"caption":"Meydan TV"},"image":{"@id":"https:\/\/www.meydan.tv\/az\/#\/schema\/logo\/image\/"}},{"@type":"Person","@id":"https:\/\/www.meydan.tv\/az\/#\/schema\/person\/10d11eccf6da3662cf5fdab9806ea91a","name":"user-manager"}]}},"_links":{"self":[{"href":"https:\/\/www.meydan.tv\/az\/wp-json\/wp\/v2\/posts\/167743","targetHints":{"allow":["GET"]}}],"collection":[{"href":"https:\/\/www.meydan.tv\/az\/wp-json\/wp\/v2\/posts"}],"about":[{"href":"https:\/\/www.meydan.tv\/az\/wp-json\/wp\/v2\/types\/post"}],"author":[{"embeddable":true,"href":"https:\/\/www.meydan.tv\/az\/wp-json\/wp\/v2\/users\/11"}],"replies":[{"embeddable":true,"href":"https:\/\/www.meydan.tv\/az\/wp-json\/wp\/v2\/comments?post=167743"}],"version-history":[{"count":0,"href":"https:\/\/www.meydan.tv\/az\/wp-json\/wp\/v2\/posts\/167743\/revisions"}],"wp:featuredmedia":[{"embeddable":true,"href":"https:\/\/www.meydan.tv\/az\/wp-json\/wp\/v2\/media\/23567"}],"wp:attachment":[{"href":"https:\/\/www.meydan.tv\/az\/wp-json\/wp\/v2\/media?parent=167743"}],"wp:term":[{"taxonomy":"category","embeddable":true,"href":"https:\/\/www.meydan.tv\/az\/wp-json\/wp\/v2\/categories?post=167743"},{"taxonomy":"post_tag","embeddable":true,"href":"https:\/\/www.meydan.tv\/az\/wp-json\/wp\/v2\/tags?post=167743"}],"curies":[{"name":"wp","href":"https:\/\/api.w.org\/{rel}","templated":true}]}}