{"id":167738,"date":"2015-04-30T14:49:28","date_gmt":"2015-04-30T14:49:28","guid":{"rendered":"https:\/\/www.meydan.tv\/article\/abs-dovlet-katibinin-komekcisi-bakiya-gelir\/"},"modified":"2015-04-30T14:49:28","modified_gmt":"2015-04-30T14:49:28","slug":"abs-dovlet-katibinin-komekcisi-bakiya-gelir","status":"publish","type":"post","link":"https:\/\/www.meydan.tv\/az\/article\/abs-dovlet-katibinin-komekcisi-bakiya-gelir\/","title":{"rendered":"AB\u015e d\u00f6vl\u0259t katibinin k\u00f6m\u0259k\u00e7isi Bak\u0131ya g\u0259lir"},"content":{"rendered":"<figure class=\"wp-block-image size-large\">\n  <img decoding=\"async\" src=\"https:\/\/www.meydan.tv\/az\/23507\/\" alt=\"\" class=\"wp-image-23507\"\/><figcaption><\/figcaption><\/figure>\n<figure class=\"wp-block-image size-large\">\n  <img decoding=\"async\" src=\"https:\/\/www.meydan.tv\/az\/23507\/\" alt=\"\" class=\"wp-image-23507\"\/><figcaption><\/figcaption><\/figure>\n<p>\n  S\u0259f\u0259r zaman\u0131 Az\u0259rbaycanda v\u0259t\u0259nda\u015f c\u0259miyy\u0259tin\u0259 v\u0259 Q\u0259rb institutlar\u0131na qar\u015f\u0131 repressiya dal\u011fas\u0131 fonunda iki \u00f6lk\u0259 aras\u0131ndak\u0131 m\u00fcnasib\u0259tl\u0259rd\u0259 yaranm\u0131\u015f haz\u0131rk\u0131 probleml\u0259r\u0259 d\u0259 toxunulacaq\n<\/p>\n<p>\n  AB\u015e d\u00f6vl\u0259t katibinin demokratiya v\u0259 insan h\u00fcquqlar\u0131 m\u0259s\u0259l\u0259l\u0259ri \u00fczr\u0259 k\u00f6m\u0259k\u00e7isi Tom Malinovski iki h\u0259ft\u0259d\u0259n sonra Bak\u0131ya g\u0259lm\u0259yi planla\u015fd\u0131r\u0131r. S\u0259f\u0259rd\u0259 m\u0259qs\u0259d Az\u0259rbaycanda insan h\u00fcquqlar\u0131, demokratiya v\u0259 v\u0259t\u0259nda\u015f c\u0259miyy\u0259tinin probleml\u0259ril\u0259 ba\u011fl\u0131 r\u0259smi Bak\u0131 il\u0259 dialoqu b\u0259rpa etm\u0259kdir. Bu bar\u0259d\u0259 &#8220;Turan&#8221;-\u0131n Va\u015finqton m\u00fcxbirin\u0259 m\u0259lumatl\u0131 diplomatik m\u0259nb\u0259l\u0259rd\u0259n x\u0259b\u0259r verilib.\n<\/p>\n<p>\n  M\u0259lumatda bildirilir ki, s\u0259f\u0259r zaman\u0131 h\u0259m\u00e7inin Az\u0259rbaycanda v\u0259t\u0259nda\u015f c\u0259miyy\u0259tin\u0259 v\u0259 Q\u0259rb institutlar\u0131na qar\u015f\u0131 repressiya dal\u011fas\u0131 fonunda iki \u00f6lk\u0259 aras\u0131ndak\u0131 m\u00fcnasib\u0259tl\u0259rd\u0259 yaranm\u0131\u015f haz\u0131rk\u0131 probleml\u0259r\u0259 d\u0259 toxunulacaq.\n<\/p>\n<p>\n  D\u00f6vl\u0259t katibinin dig\u0259r k\u00f6m\u0259k\u00e7isi Viktoriya Nuland\u0131n bu ilin fevlar\u0131nda Bak\u0131ya s\u0259f\u0259ri zaman\u0131 AB\u015e v\u0259 Az\u0259rbaycan aras\u0131nda bu m\u0259s\u0259l\u0259l\u0259r\u0259 dair dialoqun ba\u015fland\u0131\u011f\u0131 elan edilib.\n<\/p>\n<p>\n  Bundan sonra AB\u015e-da b\u0259zi m\u00fc\u015fahid\u0259\u00e7il\u0259r Obama administrasiyas\u0131n\u0131 v\u0259t\u0259nda\u015f c\u0259miyy\u0259tin\u0259 qar\u015f\u0131 t\u0259qibl\u0259r\u0259 son qoyulmad\u0131\u011f\u0131 halda Az\u0259rbaycan\u0131n r\u0259smi \u015f\u0259xsl\u0259rin\u0259 qar\u015f\u0131 s\u0259rt t\u0259dbirl\u0259r g\u00f6rm\u0259y\u0259 \u00e7a\u011f\u0131r\u0131blar.\n<\/p>\n<p>\n  Va\u015finqtondak\u0131 m\u0259nb\u0259l\u0259r Malinovskinin s\u0259f\u0259rinin detallar\u0131n\u0131 a\u00e7\u0131qlam\u0131rlar. Lakin s\u0259f\u0259r Az\u0259rbaycanda h\u00f6kum\u0259t v\u0259 h\u00f6kum\u0259ty\u00f6nl\u00fc m\u0259tbuat\u0131n AB\u015e-\u0131 Az\u0259rbaycan\u0131n imicin\u0259 z\u0259r\u0259r vurmaqda, m\u00f6vcud hakimiyy\u0259ti d\u0259yi\u015fm\u0259y\u0259 can atmaqda ittiham ed\u0259n materiallar\u0131n d\u0259rci fonunda ba\u015f tutacaq.\n<\/p>\n<p>\n  Bundan \u0259lav\u0259, AB\u015e d\u00f6vl\u0259t katibi Con Kerri erm\u0259nip\u0259r\u0259st xadim kimi t\u0259qdim olunur.\n<\/p>\n<p>\n  D\u00f6vl\u0259t Departamentinin n\u00fcmay\u0259nd\u0259si Mari Xarf \u00e7\u0259r\u015f\u0259nb\u0259 g\u00fcn\u00fc bu yaz\u0131lar\u0131 \u201ctamamil\u0259 \u0259sass\u0131z v\u0259 \u0259dal\u0259tsiz\u201d adland\u0131r\u0131b.\n<\/p>\n<p>\n  Eyni zamanda o, h\u0259bsd\u0259 olan jurnalist X\u0259dic\u0259 \u0130smay\u0131l\u0131n taleyind\u0259n narahatl\u0131\u011f\u0131n\u0131 bildirib, onun d\u0259rhal azad edilm\u0259sin\u0259 \u00e7a\u011f\u0131r\u0131b. M.Xarf Az\u0259rbaycan h\u00f6kum\u0259tini \u00f6z v\u0259t\u0259nda\u015flar\u0131n\u0131n fundamental h\u00fcquqlarna h\u00f6rm\u0259tl\u0259 yana\u015fma\u011fa, \u00f6z fikrini azad ifad\u0259 etm\u0259 imkanlar\u0131n\u0131n t\u0259min olunmas\u0131na \u00e7a\u011f\u0131r\u0131b.<\/p>\n","protected":false},"excerpt":{"rendered":"<p>S\u0259f\u0259r zaman\u0131 Az\u0259rbaycanda v\u0259t\u0259nda\u015f c\u0259miyy\u0259tin\u0259 v\u0259 Q\u0259rb institutlar\u0131na qar\u015f\u0131 repressiya dal\u011fas\u0131 fonunda iki \u00f6lk\u0259 aras\u0131ndak\u0131 m\u00fcnasib\u0259tl\u0259rd\u0259 yaranm\u0131\u015f haz\u0131rk\u0131 probleml\u0259r\u0259 d\u0259 toxunulacaq<\/p>\n","protected":false},"author":11,"featured_media":23507,"comment_status":"closed","ping_status":"open","sticky":false,"template":"","format":"standard","meta":{"_acf_changed":false,"_sitemap_exclude":false,"_sitemap_priority":"","_sitemap_frequency":"","footnotes":""},"categories":[56],"tags":[],"class_list":["post-167738","post","type-post","status-publish","format-standard","has-post-thumbnail","hentry","category-xeberler","infinite-scroll-item","generate-columns","tablet-grid-50","mobile-grid-100","grid-parent","grid-33","no-featured-image-padding"],"acf":[],"yoast_head":"<!-- This site is optimized with the Yoast SEO plugin v28.4 - https:\/\/yoast.com\/product\/yoast-seo-wordpress\/ -->\n<title>AB\u015e d\u00f6vl\u0259t katibinin k\u00f6m\u0259k\u00e7isi Bak\u0131ya g\u0259lir - MEYDAN.TV<\/title>\n<meta name=\"robots\" content=\"index, follow, max-snippet:-1, max-image-preview:large, max-video-preview:-1\" \/>\n<link rel=\"canonical\" href=\"https:\/\/www.meydan.tv\/az\/article\/abs-dovlet-katibinin-komekcisi-bakiya-gelir\/\" \/>\n<meta property=\"og:locale\" content=\"az_AZ\" \/>\n<meta property=\"og:type\" content=\"article\" \/>\n<meta property=\"og:title\" content=\"AB\u015e d\u00f6vl\u0259t katibinin k\u00f6m\u0259k\u00e7isi Bak\u0131ya g\u0259lir - MEYDAN.TV\" \/>\n<meta property=\"og:description\" content=\"S\u0259f\u0259r zaman\u0131 Az\u0259rbaycanda v\u0259t\u0259nda\u015f c\u0259miyy\u0259tin\u0259 v\u0259 Q\u0259rb institutlar\u0131na qar\u015f\u0131 repressiya dal\u011fas\u0131 fonunda iki \u00f6lk\u0259 aras\u0131ndak\u0131 m\u00fcnasib\u0259tl\u0259rd\u0259 yaranm\u0131\u015f haz\u0131rk\u0131 probleml\u0259r\u0259 d\u0259 toxunulacaq\" \/>\n<meta property=\"og:url\" content=\"https:\/\/www.meydan.tv\/az\/article\/abs-dovlet-katibinin-komekcisi-bakiya-gelir\/\" \/>\n<meta property=\"og:site_name\" content=\"MEYDAN.TV\" \/>\n<meta property=\"article:published_time\" content=\"2015-04-30T14:49:28+00:00\" \/>\n<meta property=\"og:image\" content=\"https:\/\/www.meydan.tv\/wp-content\/uploads\/8549.jpg\" \/>\n\t<meta property=\"og:image:width\" content=\"623\" \/>\n\t<meta property=\"og:image:height\" content=\"351\" \/>\n\t<meta property=\"og:image:type\" content=\"image\/jpeg\" \/>\n<meta name=\"twitter:card\" content=\"summary_large_image\" \/>\n<!-- \/ Yoast SEO plugin. -->","yoast_head_json":{"title":"AB\u015e d\u00f6vl\u0259t katibinin k\u00f6m\u0259k\u00e7isi Bak\u0131ya g\u0259lir - MEYDAN.TV","robots":{"index":"index","follow":"follow","max-snippet":"max-snippet:-1","max-image-preview":"max-image-preview:large","max-video-preview":"max-video-preview:-1"},"canonical":"https:\/\/www.meydan.tv\/az\/article\/abs-dovlet-katibinin-komekcisi-bakiya-gelir\/","og_locale":"az_AZ","og_type":"article","og_title":"AB\u015e d\u00f6vl\u0259t katibinin k\u00f6m\u0259k\u00e7isi Bak\u0131ya g\u0259lir - MEYDAN.TV","og_description":"S\u0259f\u0259r zaman\u0131 Az\u0259rbaycanda v\u0259t\u0259nda\u015f c\u0259miyy\u0259tin\u0259 v\u0259 Q\u0259rb institutlar\u0131na qar\u015f\u0131 repressiya dal\u011fas\u0131 fonunda iki \u00f6lk\u0259 aras\u0131ndak\u0131 m\u00fcnasib\u0259tl\u0259rd\u0259 yaranm\u0131\u015f haz\u0131rk\u0131 probleml\u0259r\u0259 d\u0259 toxunulacaq","og_url":"https:\/\/www.meydan.tv\/az\/article\/abs-dovlet-katibinin-komekcisi-bakiya-gelir\/","og_site_name":"MEYDAN.TV","article_published_time":"2015-04-30T14:49:28+00:00","og_image":[{"width":623,"height":351,"url":"https:\/\/www.meydan.tv\/wp-content\/uploads\/8549.jpg","type":"image\/jpeg"}],"twitter_card":"summary_large_image","schema":{"@context":"https:\/\/schema.org","@graph":[{"@type":"Article","@id":"https:\/\/www.meydan.tv\/az\/article\/abs-dovlet-katibinin-komekcisi-bakiya-gelir\/#article","isPartOf":{"@id":"https:\/\/www.meydan.tv\/az\/article\/abs-dovlet-katibinin-komekcisi-bakiya-gelir\/"},"author":{"name":"user-manager","@id":"https:\/\/www.meydan.tv\/az\/#\/schema\/person\/10d11eccf6da3662cf5fdab9806ea91a"},"headline":"AB\u015e d\u00f6vl\u0259t katibinin k\u00f6m\u0259k\u00e7isi Bak\u0131ya g\u0259lir","datePublished":"2015-04-30T14:49:28+00:00","mainEntityOfPage":{"@id":"https:\/\/www.meydan.tv\/az\/article\/abs-dovlet-katibinin-komekcisi-bakiya-gelir\/"},"wordCount":441,"publisher":{"@id":"https:\/\/www.meydan.tv\/az\/#organization"},"image":{"@id":"https:\/\/www.meydan.tv\/az\/article\/abs-dovlet-katibinin-komekcisi-bakiya-gelir\/#primaryimage"},"thumbnailUrl":"https:\/\/www.meydan.tv\/wp-content\/uploads\/8549.jpg","articleSection":["X\u0259b\u0259rl\u0259r"],"inLanguage":"az"},{"@type":"WebPage","@id":"https:\/\/www.meydan.tv\/az\/article\/abs-dovlet-katibinin-komekcisi-bakiya-gelir\/","url":"https:\/\/www.meydan.tv\/az\/article\/abs-dovlet-katibinin-komekcisi-bakiya-gelir\/","name":"AB\u015e d\u00f6vl\u0259t katibinin k\u00f6m\u0259k\u00e7isi Bak\u0131ya g\u0259lir - MEYDAN.TV","isPartOf":{"@id":"https:\/\/www.meydan.tv\/az\/#website"},"primaryImageOfPage":{"@id":"https:\/\/www.meydan.tv\/az\/article\/abs-dovlet-katibinin-komekcisi-bakiya-gelir\/#primaryimage"},"image":{"@id":"https:\/\/www.meydan.tv\/az\/article\/abs-dovlet-katibinin-komekcisi-bakiya-gelir\/#primaryimage"},"thumbnailUrl":"https:\/\/www.meydan.tv\/wp-content\/uploads\/8549.jpg","datePublished":"2015-04-30T14:49:28+00:00","breadcrumb":{"@id":"https:\/\/www.meydan.tv\/az\/article\/abs-dovlet-katibinin-komekcisi-bakiya-gelir\/#breadcrumb"},"inLanguage":"az","potentialAction":[{"@type":"ReadAction","target":["https:\/\/www.meydan.tv\/az\/article\/abs-dovlet-katibinin-komekcisi-bakiya-gelir\/"]}]},{"@type":"ImageObject","inLanguage":"az","@id":"https:\/\/www.meydan.tv\/az\/article\/abs-dovlet-katibinin-komekcisi-bakiya-gelir\/#primaryimage","url":"https:\/\/www.meydan.tv\/wp-content\/uploads\/8549.jpg","contentUrl":"https:\/\/www.meydan.tv\/wp-content\/uploads\/8549.jpg","width":623,"height":351,"caption":"Source:"},{"@type":"BreadcrumbList","@id":"https:\/\/www.meydan.tv\/az\/article\/abs-dovlet-katibinin-komekcisi-bakiya-gelir\/#breadcrumb","itemListElement":[{"@type":"ListItem","position":1,"name":"Ana s\u0259hif\u0259","item":"https:\/\/www.meydan.tv\/az\/"},{"@type":"ListItem","position":2,"name":"X\u0259b\u0259rl\u0259r","item":"https:\/\/www.meydan.tv\/az\/section\/xeberler\/"},{"@type":"ListItem","position":3,"name":"AB\u015e d\u00f6vl\u0259t katibinin k\u00f6m\u0259k\u00e7isi Bak\u0131ya g\u0259lir"}]},{"@type":"WebSite","@id":"https:\/\/www.meydan.tv\/az\/#website","url":"https:\/\/www.meydan.tv\/az\/","name":"MEYDAN.TV","description":"Meydan TV Az\u0259rbaycan\u0131n media m\u0259kan\u0131ndak\u0131 alternativ s\u0259sidir","publisher":{"@id":"https:\/\/www.meydan.tv\/az\/#organization"},"potentialAction":[{"@type":"SearchAction","target":{"@type":"EntryPoint","urlTemplate":"https:\/\/www.meydan.tv\/az\/?s={search_term_string}"},"query-input":{"@type":"PropertyValueSpecification","valueRequired":true,"valueName":"search_term_string"}}],"inLanguage":"az"},{"@type":"Organization","@id":"https:\/\/www.meydan.tv\/az\/#organization","name":"Meydan TV","url":"https:\/\/www.meydan.tv\/az\/","logo":{"@type":"ImageObject","inLanguage":"az","@id":"https:\/\/www.meydan.tv\/az\/#\/schema\/logo\/image\/","url":"https:\/\/www.meydan.tv\/wp-content\/uploads\/2021\/07\/meydan-logo.svg","contentUrl":"https:\/\/www.meydan.tv\/wp-content\/uploads\/2021\/07\/meydan-logo.svg","width":195,"height":46,"caption":"Meydan TV"},"image":{"@id":"https:\/\/www.meydan.tv\/az\/#\/schema\/logo\/image\/"}},{"@type":"Person","@id":"https:\/\/www.meydan.tv\/az\/#\/schema\/person\/10d11eccf6da3662cf5fdab9806ea91a","name":"user-manager"}]}},"_links":{"self":[{"href":"https:\/\/www.meydan.tv\/az\/wp-json\/wp\/v2\/posts\/167738","targetHints":{"allow":["GET"]}}],"collection":[{"href":"https:\/\/www.meydan.tv\/az\/wp-json\/wp\/v2\/posts"}],"about":[{"href":"https:\/\/www.meydan.tv\/az\/wp-json\/wp\/v2\/types\/post"}],"author":[{"embeddable":true,"href":"https:\/\/www.meydan.tv\/az\/wp-json\/wp\/v2\/users\/11"}],"replies":[{"embeddable":true,"href":"https:\/\/www.meydan.tv\/az\/wp-json\/wp\/v2\/comments?post=167738"}],"version-history":[{"count":0,"href":"https:\/\/www.meydan.tv\/az\/wp-json\/wp\/v2\/posts\/167738\/revisions"}],"wp:featuredmedia":[{"embeddable":true,"href":"https:\/\/www.meydan.tv\/az\/wp-json\/wp\/v2\/media\/23507"}],"wp:attachment":[{"href":"https:\/\/www.meydan.tv\/az\/wp-json\/wp\/v2\/media?parent=167738"}],"wp:term":[{"taxonomy":"category","embeddable":true,"href":"https:\/\/www.meydan.tv\/az\/wp-json\/wp\/v2\/categories?post=167738"},{"taxonomy":"post_tag","embeddable":true,"href":"https:\/\/www.meydan.tv\/az\/wp-json\/wp\/v2\/tags?post=167738"}],"curies":[{"name":"wp","href":"https:\/\/api.w.org\/{rel}","templated":true}]}}