{"id":167737,"date":"2015-04-30T17:04:49","date_gmt":"2015-04-30T17:04:49","guid":{"rendered":"https:\/\/www.meydan.tv\/article\/abs-in-siyaseti-demokratiyaya-zerbe-vurur\/"},"modified":"2015-04-30T17:04:49","modified_gmt":"2015-04-30T17:04:49","slug":"abs-in-siyaseti-demokratiyaya-zerbe-vurur","status":"publish","type":"post","link":"https:\/\/www.meydan.tv\/az\/article\/abs-in-siyaseti-demokratiyaya-zerbe-vurur\/","title":{"rendered":"&#8220;AB\u015e-\u0131n siyas\u0259ti demokratiyaya z\u0259rb\u0259 vurur&#8221;"},"content":{"rendered":"<figure class=\"wp-block-image size-large\">\n  <img decoding=\"async\" src=\"https:\/\/www.meydan.tv\/az\/23522\/\" alt=\"\" class=\"wp-image-23522\"\/><figcaption><\/figcaption><\/figure>\n<p>\n  V\u0259t\u0259nda\u015f C\u0259miyy\u0259ti Koalisiyas\u0131n\u0131n \u00fczvl\u0259ri Q\u0259rbi ikili standartlara g\u00f6r\u0259 q\u0131nay\u0131b\n<\/p>\n<p>\n  Aprelin 30-da BMM-d\u0259 \u201cBak\u0131 2015 I Avropa Oyunlar\u0131na D\u0259st\u0259k: V\u0259t\u0259nda\u015f C\u0259miyy\u0259ti Koalisiyas\u0131\u201d \u201cQ\u0259rbin ikili standartlar\u0131: demokratiya v\u0259 insan h\u00fcquqlar\u0131\u201d m\u00f6vzusunda d\u0259yirmi masa ke\u00e7irilib.\n<\/p>\n<p>\n  Trend-in m\u0259lumat\u0131na g\u00f6r\u0259, t\u0259dbird\u0259 mill\u0259t v\u0259kill\u0259ri, QHT r\u0259hb\u0259rl\u0259ri, ictimaiyy\u0259t n\u00fcmay\u0259nd\u0259l\u0259ri v\u0259 dig\u0259r qonaqlar i\u015ftirak edib.\n<\/p>\n<p>\n  <b><br \/>\n    &#8220;B\u00fct\u00fcn bunlar Q\u0259rbin ikili standartlar\u0131ndan ir\u0259li g\u0259lir&#8221;<br \/>\n  <\/b>\n<\/p>\n<p>\n  T\u0259dbiri giri\u015f s\u00f6z\u00fc il\u0259 a\u00e7an Beyn\u0259lxalq M\u00fcnasib\u0259tl\u0259rin Ara\u015fd\u0131r\u0131lmas\u0131 M\u0259rk\u0259zinin r\u0259hb\u0259ri Rufiz Qonaqov bildirib ki, I Avropa Oyunlar\u0131 yax\u0131nla\u015fd\u0131qca \u00f6lk\u0259y\u0259 qar\u015f\u0131 qarayaxma kampaniyas\u0131 daha da g\u00fccl\u0259nir.\n<\/p>\n<p>\n  O qeyd edib ki, bu g\u00fcnl\u0259rd\u0259 AB\u015e D\u00f6vl\u0259t Katibi Con Kerrinin Az\u0259rbaycana qar\u015f\u0131 plan\u0131 il\u0259 ba\u011fl\u0131 m\u0259tbuatda yay\u0131lan s\u0259n\u0259dd\u0259 h\u0259r \u015fey a\u00e7\u0131q-a\u015fkar b\u0259lli olur, s\u0259n\u0259dd\u0259 ciddi faktlar ortaya qoyulur: \u201cB\u00fct\u00fcn bunlar da, s\u00f6zs\u00fcz ki, q\u0259rbin ikili standartlar\u0131ndan ir\u0259li g\u0259lir. D\u00fc\u015f\u00fcn\u00fcr\u00fck ki, \u00f6lk\u0259miz\u0259 qar\u015f\u0131 apar\u0131lan bu \u00e7irkin kampaniya \u0259vv\u0259ll\u0259r d\u0259 oldu\u011fu kimi, bu d\u0259f\u0259 d\u0259 bir n\u0259tic\u0259 verm\u0259y\u0259c\u0259k\u201d.\n<\/p>\n<p>\n  <b><br \/>\n    &#8220;AB\u015e Az\u0259rbaycanda \u00f6z t\u0259r\u0259fdarlar\u0131n\u0131 itirm\u0259kd\u0259dir&#8221;<br \/>\n  <\/b>\n<\/p>\n<p>\n  Daha sonra \u201cM\u00fcst\u0259qil d\u00f6vl\u0259tl\u0259rd\u0259 ke\u00e7iril\u0259n beyn\u0259lxalq idman v\u0259 m\u0259d\u0259niyy\u0259t t\u0259dbirl\u0259rini siyasil\u0259\u015fdirm\u0259k c\u0259hdl\u0259ri: Az\u0259rbaycan n\u00fcmun\u0259si\u201d m\u00f6vzusunda \u00e7\u0131x\u0131\u015f ed\u0259n mill\u0259t v\u0259kili Zahid Oruc deyib ki, Az\u0259rbaycana qar\u015f\u0131 C.Kerrinin r\u0259hb\u0259rliyi il\u0259 haz\u0131rlanan bu s\u0259n\u0259d mahiyy\u0259t etibar\u0131 il\u0259 \u0259vv\u0259lki s\u0259n\u0259dl\u0259rd\u0259n f\u0259rql\u0259nir:\n<\/p>\n<p>\n  \u201cM\u00fcst\u0259qillik d\u00f6vr\u00fcnd\u0259 \u00e7oxlu m\u00fcxt\u0259lif hadis\u0259l\u0259rl\u0259 rastla\u015fm\u0131\u015f\u0131q. Bu g\u00fcnl\u0259rd\u0259 rastla\u015fd\u0131\u011f\u0131m\u0131z s\u0259n\u0259d is\u0259 \u00e7ox maraql\u0131 faktlarla ortaya \u00e7\u0131x\u0131b. \u018fmin\u0259m ki, bu iki hiss\u0259li bir pland\u0131r. Bir hiss\u0259si art\u0131q m\u0259tbuatda yay\u0131mlan\u0131b. \u018fmin\u0259m ki, ikinci hiss\u0259si d\u0259 var\u201d.\n<\/p>\n<p>\n  Z.Oruc bildirib ki, AB\u015e-\u0131n haz\u0131rki d\u00f6n\u0259md\u0259 d\u00fcnya siyas\u0259ti \u00f6z\u00fcn\u00fcn b\u0259rq\u0259rar etm\u0259k ist\u0259diyi demokratikl\u0259\u015fm\u0259y\u0259, demokratik d\u0259y\u0259rl\u0259r\u0259 z\u0259rb\u0259 vurur: \u201cFaktiki olaraq AB\u015e-\u0131n demokratiya sah\u0259sind\u0259 y\u00fcr\u00fctd\u00fcy\u00fc syas\u0259t d\u00fcnya d\u00f6vl\u0259tl\u0259rinin xalqlar\u0131n\u0131 qorxutmaqdad\u0131r. Demokratiya qeyri sabitliyin m\u00fcarib\u0259l\u0259rin v\u0259 toqqu\u015fmaar\u0131n sinonimin\u0259 \u00e7evrilib\u201d.\n<\/p>\n<p>\n  Z.Oruc bildirib ki, AB\u015e Az\u0259rbaycanda \u00f6z t\u0259r\u0259fdarlar\u0131n\u0131 itirm\u0259kd\u0259dir v\u0259 bu he\u00e7 \u015f\u00fcbh\u0259siz h\u0259m d\u0259 Az\u0259rbaycan\u0131 itirm\u0259kdir.\n<\/p>\n<p>\n  <b><br \/>\n    &#8220;\u00d6z\u00fcn\u00fc klassik demokrat kimi g\u00f6st\u0259rm\u0259y\u0259 \u00e7al\u0131\u015fanlar \u00f6z \u00f6lk\u0259l\u0259rin\u0259 baxm\u0131rlar&#8221;<br \/>\n  <\/b>\n<\/p>\n<p>\n  Koalisiyan\u0131n koordinatoru Ayd\u0131n Quliyev is\u0259 \u00e7\u0131x\u0131\u015f ed\u0259r\u0259k bildirib ki, b\u0259zi Q\u0259rb \u00f6lk\u0259l\u0259ri \u00f6zl\u0259rini demokratik inki\u015faf yolunda model hesab edirl\u0259r: \u201cAmma t\u0259cr\u00fcb\u0259 g\u00f6st\u0259rir ki, \u00f6z\u00fcn\u00fc klassik demokrat kimi g\u00f6st\u0259rm\u0259y\u0259 \u00e7al\u0131\u015fanlar \u00f6z \u00f6lk\u0259l\u0259rin\u0259 baxm\u0131rlar, \u00f6z daxill\u0259rind\u0259 c\u0259r\u0259yan ed\u0259n hadis\u0259l\u0259r\u0259 m\u00fcnasib\u0259t bildirm\u0259d\u0259n dig\u0259r \u00f6lk\u0259l\u0259ri ittiham edirl\u0259r ki, bu da ikili standartlara yol a\u00e7\u0131r\u201d.\n<\/p>\n<p>\n  A.Quliyev AB\u015e-da v\u0259 dig\u0259r q\u0259rb \u00f6lk\u0259l\u0259rind\u0259 insan h\u00fcquqlar\u0131 sah\u0259sind\u0259 m\u00f6vcud probleml\u0259r, polis zorak\u0131l\u0131\u011f\u0131, jurnalistl\u0259rin m\u00fcst\u0259qil f\u0259aliyy\u0259tin\u0259 qoyulan qada\u011falar v\u0259 s. bar\u0259d\u0259 konkret faktlarla misallar g\u0259tirib.\n<\/p>\n<p>\n  O qeyd edib ki, bu faktlar h\u0259min \u00f6lk\u0259l\u0259rd\u0259 insan haqlar\u0131n\u0131n real v\u0259ziyy\u0259tinin nec\u0259 olmas\u0131 bar\u0259d\u0259 ayd\u0131n t\u0259s\u0259vv\u00fcr yarad\u0131r.\n<\/p>\n<p>\n  Daha sonra \u00e7\u0131x\u0131\u015f ed\u0259n \u201c\u0130ctimai Probleml\u0259rin T\u0259dqiqi Assosasiyas\u0131\u201d \u0130ctimai Birliyinin s\u0259dri M\u0259h\u0259rr\u0259m Z\u00fclf\u00fcqarl\u0131 \u201cAB\u015e-da v\u0259 Avropada irqi v\u0259 dini ayr\u0131se\u00e7kilik hallar\u0131n\u0131n artmas\u0131: multikulturalizmin iflas\u0131\u201d m\u00f6vzusunda \u00e7\u0131x\u0131\u015f edib.\n<\/p>\n<p>\n  O qeyd edib ki, d\u00fcnyaya demokratiya \u00f6yr\u0259tm\u0259y\u0259 \u00e7al\u0131\u015fan AB\u015e insan haqlar\u0131 il\u0259 ba\u011fl\u0131 13 konvensiyadan 9-na qo\u015fulmay\u0131b: \u201cAvropa Birliyin\u0259 g\u0259ldikd\u0259 is\u0259 insan haqlar\u0131 il\u0259 ba\u011fl\u0131 v\u0259ziyy\u0259t\u0259 n\u0259zar\u0259t ed\u0259n he\u00e7 bir qurum yoxdur. Ba\u015fqa \u00f6lk\u0259l\u0259rin insan haqlar\u0131 bar\u0259d\u0259 v\u0259ziyy\u0259t\u0259 m\u00fcnasib\u0259t bildiriril\u0259r, amma \u00f6zl\u0259rind\u0259 insan haqlar\u0131 il\u0259 ba\u011fl\u0131 he\u00e7 bir qurum yoxdur. Bu da orada v\u0259ziyy\u0259tin qeyri-normal oldu\u011funu g\u00f6st\u0259rir\u201d.\n<\/p>\n<p>\n  <b><br \/>\n    &#8220;\u201cFreedom House\u201d T\u0259\u015fkilat\u0131n\u0131n v\u0259saitl\u0259rinin 80 faizi AB\u015e b\u00fcdc\u0259sind\u0259n g\u0259lir&#8221;<br \/>\n  <\/b>\n<\/p>\n<p>\n  \u201cKonstitusiya Ara\u015fd\u0131rmalar\u0131\u201d Fondunun r\u0259hb\u0259ri \u018flim\u0259mm\u0259d Nuriyev is\u0259 \u201cD\u00f6vl\u0259t orqanlar\u0131n\u0131n v\u0259 beyn\u0259lxalq t\u0259\u015fkilatlar\u0131n f\u0259aliyy\u0259tind\u0259 korrupsiya\u201d m\u00f6vzusunda \u00e7\u0131x\u0131\u015f ed\u0259r\u0259k deyib ki, Az\u0259rbaycan\u0131 korrupsiyada ittiham ed\u0259nl\u0259rin \u00f6zl\u0259rind\u0259 kifay\u0259t q\u0259d\u0259r korrupsiya faktlar\u0131 m\u00f6vcuddur:\n<\/p>\n<p>\n  \u201cBildiyiniz kimi, beyn\u0259lxalq t\u0259\u015fkilatlarda da korrupsiya faktlar\u0131na rast g\u0259lm\u0259k olar. Onlar qrant ay\u0131r\u0131rlar, h\u0259min qrantlar nec\u0259 x\u0259rcl\u0259ndiyini bilirl\u0259rmi? \u201cFreedom House\u201d T\u0259\u015fkilat\u0131n\u0131n v\u0259saitl\u0259rinin 80 faizi AB\u015e b\u00fcdc\u0259sind\u0259n g\u0259lir. Ona g\u00f6r\u0259 d\u0259 h\u0259min d\u00f6vl\u0259tin maraqlar\u0131na xidm\u0259t edir. Demokratiya v\u0259 insan haqlar\u0131 il\u0259 ba\u011fl\u0131 yayd\u0131qlar\u0131 b\u0259yanatlarda da maliyy\u0259l\u0259\u015fdirdikl\u0259ri d\u00f6vl\u0259tin maraqlar\u0131n\u0131 \u0259sas tuturlar. B\u00fct\u00fcn bunlara diqq\u0259t etdikd\u0259 g\u00f6r\u00fcr\u00fck ki, onlar Az\u0259rbaycana qar\u015f\u0131 q\u0259r\u0259zlidirl\u0259r\u201d.\n<\/p>\n<div>\n<p>\n      <b><br \/>\n        &#8220;\u018flimizd\u0259 s\u0259n\u0259dimiz var&#8221;<br \/>\n      <\/b>\n    <\/p>\n<p>\n      \u201cAPA\u00a0Holding\u201d MMC-nin r\u0259hb\u0259ri V\u00fcsal\u0259 Mahirq\u0131z\u0131<br \/>\n      <a href=\"https:\/\/apa.az\/\"><br \/>\n        APA<br \/>\n      <\/a><br \/>\n      \u00a0\u0130nformasiya Agentliyind\u0259 yay\u0131mlanm\u0131\u015f \u201cCon Ker<br \/>\n      <a href=\"http:\/\/az.apa.az\/tag\/Con+Kerri\"><br \/>\n        ri<br \/>\n      <\/a><br \/>\n      nin Konqresd\u0259ki ofisind\u0259n idar\u0259 olunan anti-Az\u0259rbaycan kampaniyas\u0131\u201d s\u0259rl\u00f6vh\u0259li ara\u015fd\u0131rman\u0131n haz\u0131rlanmas\u0131 zaman\u0131 istinad olunmu\u015f s\u0259n\u0259dl\u0259ri n\u00fcmayi\u015f etdirib.\n    <\/p>\n<p>\n      APA-n\u0131n m\u0259lumat\u0131na g\u00f6r\u0259, V. Mahirq\u0131z\u0131 bildirib ki, ara\u015fd\u0131rma yaz\u0131 m\u00fcvafiq s\u0259n\u0259dl\u0259r \u0259sas\u0131nda haz\u0131rlan\u0131b: \u201cAncaq t\u0259\u0259ss\u00fcf edir\u0259m ki, h\u0259min yaz\u0131da ad\u0131 \u00e7\u0259kil\u0259n b\u0259zi qeyri-h\u00f6kum\u0259t t\u0259\u015fkilat\u0131 r\u0259hb\u0259rl\u0259ri v\u0259 ekspertl\u0259r yaz\u0131ya \u015f\u00fcbh\u0259 il\u0259 yana\u015fd\u0131lar. D\u00fcn\u0259n AB\u015e-\u0131n Az\u0259rbaycandak\u0131 s\u0259firliyinin a\u00e7\u0131qlamas\u0131nda da yaz\u0131 il\u0259 ba\u011fl\u0131 qeyri-korrekt ifad\u0259l\u0259r yer al\u0131b. Ona g\u00f6r\u0259 biz redaksiya olaraq q\u0259rara g\u0259ldik ki, s\u0259n\u0259dl\u0259ri n\u00fcmayi\u015f etdir\u0259k. Yaz\u0131 4 s\u0259n\u0259d \u0259sas\u0131nda haz\u0131rlan\u0131b. Bunlar &#8220;Avropa t\u0259\u015fkilatlar\u0131n\u0131n insan haqlar\u0131 namin\u0259 idman layih\u0259si&#8221;, &#8220;2015-ci il yanvar\u0131n 15-16-da insan h\u00fcquqlar\u0131 t\u0259\u015fkilat\u0131n\u0131n Var\u015fava g\u00f6r\u00fc\u015f\u00fcnd\u0259 q\u0259bul olunmu\u015f s\u0259n\u0259d&#8221;, &#8220;Az\u0259rbaycanda \u0259lam\u0259tdar g\u00fcnl\u0259r, beyn\u0259lxalq t\u0259dbirl\u0259r v\u0259 y\u00fcks\u0259k v\u0259zif\u0259li \u015f\u0259xsl\u0259rin s\u0259f\u0259r t\u0259qvimi&#8221; v\u0259 &#8220;NED-in h\u0259yata ke\u00e7irdiyi kampaniyan\u0131n layih\u0259si&#8221;dir&#8221;.\n    <\/p>\n<p>\n      V. Mahirq\u0131z\u0131 deyib ki, APA\u00a0f\u0259aliyy\u0259ti d\u00f6vr\u00fcnd\u0259 he\u00e7 vaxt fakta \u0259saslanmayan yaz\u0131 haz\u0131rlamay\u0131b: &#8220;Bu d\u0259f\u0259 d\u0259 istisna deyil. Biz bir daha s\u00fcbut etdik ki, fakt, s\u0259n\u0259d olmadan yaz\u0131 yazm\u0131r\u0131q&#8221;.\n    <\/p>\n<p>    <b><br \/>\n      &#8220;M\u0259n koalisiyan\u0131n i\u015fini d\u0259 y\u00fcks\u0259k d\u0259y\u0259rl\u0259ndirir\u0259m&#8221;<br \/>\n    <\/b><\/p>\n<p>\n      Mill\u0259t v\u0259kili Asim Mollazad\u0259\u00a0Az\u0259rbaycan xalq\u0131n\u0131n Avropa Oyunlar\u0131na b\u00f6y\u00fck \u00f6n\u0259m verdiyini bildirib: \u201c\u00c7\u00fcnki burada Az\u0259rbaycan xalq\u0131n\u0131n m\u0259d\u0259niyy\u0259tinin, \u00f6lk\u0259mizin inki\u015faf\u0131n\u0131n t\u0259bli\u011fini apar\u0131r. M\u0259n koalisiyan\u0131n i\u015fini d\u0259 y\u00fcks\u0259k d\u0259y\u0259rl\u0259ndirir\u0259m\u201d.\n    <\/p>\n<p>\n      Politoloq Elman N\u0259sirov da \u00e7\u0131x\u0131\u015f\u0131nda bildirib ki, AB\u015e-\u0131n hakimiyy\u0259tind\u0259 t\u0259msil olunanlar Az\u0259rbaycana qar\u015f\u0131 q\u0259r\u0259zli m\u00f6vqed\u0259dir. O, Az\u0259rbaycan qar\u015f\u0131 t\u0259zyiql\u0259rin \u00f6lk\u0259nin m\u00fcst\u0259qil siyas\u0259t yeritm\u0259si il\u0259 ba\u011fl\u0131 oldu\u011funu deyib.\n    <\/p>\n<p>\n      Mill\u0259t v\u0259kili \u00c7ingiz Q\u0259nizad\u0259 is\u0259 AB\u015e-\u0131n separat quruma d\u0259st\u0259k verdiyini bildirib. Onun s\u00f6zl\u0259rin\u0259 g\u00f6r\u0259, Avropa Oyunlar\u0131n\u0131n Az\u0259rbaycanda ke\u00e7irilm\u0259si \u00f6lk\u0259nin siyasi \u00e7\u0259kisinin daha da artmas\u0131na \u015f\u0259rait yaradacaq: \u201cBundan narahat olan q\u00fcvv\u0259l\u0259r Az\u0259rbaycana qar\u015f\u0131 bel\u0259 add\u0131mlar at\u0131rlar. B\u00fct\u00fcn bunlar AB\u015e v\u0259 Q\u0259rbin Az\u0259rbaycana m\u00fcnasib\u0259tinin qeyri-s\u0259mimi oldu\u011funu g\u00f6st\u0259rir\u201d.\n    <\/p>\n<\/p><\/div><\/p>\n","protected":false},"excerpt":{"rendered":"<p>V\u0259t\u0259nda\u015f C\u0259miyy\u0259ti Koalisiyas\u0131n\u0131n \u00fczvl\u0259ri Q\u0259rbi ikili standartlara g\u00f6r\u0259 q\u0131nay\u0131b<\/p>\n","protected":false},"author":11,"featured_media":23522,"comment_status":"closed","ping_status":"open","sticky":false,"template":"","format":"standard","meta":{"_acf_changed":false,"_sitemap_exclude":false,"_sitemap_priority":"","_sitemap_frequency":"","footnotes":""},"categories":[56],"tags":[],"class_list":["post-167737","post","type-post","status-publish","format-standard","has-post-thumbnail","hentry","category-xeberler","infinite-scroll-item","generate-columns","tablet-grid-50","mobile-grid-100","grid-parent","grid-33","no-featured-image-padding"],"acf":[],"yoast_head":"<!-- This site is optimized with the Yoast SEO plugin v28.4 - https:\/\/yoast.com\/product\/yoast-seo-wordpress\/ -->\n<title>&quot;AB\u015e-\u0131n siyas\u0259ti demokratiyaya z\u0259rb\u0259 vurur&quot; - MEYDAN.TV<\/title>\n<meta name=\"robots\" content=\"index, follow, max-snippet:-1, max-image-preview:large, max-video-preview:-1\" \/>\n<link rel=\"canonical\" href=\"https:\/\/www.meydan.tv\/az\/article\/abs-in-siyaseti-demokratiyaya-zerbe-vurur\/\" \/>\n<meta property=\"og:locale\" content=\"az_AZ\" \/>\n<meta property=\"og:type\" content=\"article\" \/>\n<meta property=\"og:title\" content=\"&quot;AB\u015e-\u0131n siyas\u0259ti demokratiyaya z\u0259rb\u0259 vurur&quot; - MEYDAN.TV\" \/>\n<meta property=\"og:description\" content=\"V\u0259t\u0259nda\u015f C\u0259miyy\u0259ti Koalisiyas\u0131n\u0131n \u00fczvl\u0259ri Q\u0259rbi ikili standartlara g\u00f6r\u0259 q\u0131nay\u0131b\" \/>\n<meta property=\"og:url\" content=\"https:\/\/www.meydan.tv\/az\/article\/abs-in-siyaseti-demokratiyaya-zerbe-vurur\/\" \/>\n<meta property=\"og:site_name\" content=\"MEYDAN.TV\" \/>\n<meta property=\"article:published_time\" content=\"2015-04-30T17:04:49+00:00\" \/>\n<meta property=\"og:image\" content=\"https:\/\/www.meydan.tv\/wp-content\/uploads\/8552.jpg\" \/>\n\t<meta property=\"og:image:width\" content=\"1200\" \/>\n\t<meta property=\"og:image:height\" content=\"843\" \/>\n\t<meta property=\"og:image:type\" content=\"image\/jpeg\" \/>\n<meta name=\"twitter:card\" content=\"summary_large_image\" \/>\n<!-- \/ Yoast SEO plugin. -->","yoast_head_json":{"title":"\"AB\u015e-\u0131n siyas\u0259ti demokratiyaya z\u0259rb\u0259 vurur\" - MEYDAN.TV","robots":{"index":"index","follow":"follow","max-snippet":"max-snippet:-1","max-image-preview":"max-image-preview:large","max-video-preview":"max-video-preview:-1"},"canonical":"https:\/\/www.meydan.tv\/az\/article\/abs-in-siyaseti-demokratiyaya-zerbe-vurur\/","og_locale":"az_AZ","og_type":"article","og_title":"\"AB\u015e-\u0131n siyas\u0259ti demokratiyaya z\u0259rb\u0259 vurur\" - MEYDAN.TV","og_description":"V\u0259t\u0259nda\u015f C\u0259miyy\u0259ti Koalisiyas\u0131n\u0131n \u00fczvl\u0259ri Q\u0259rbi ikili standartlara g\u00f6r\u0259 q\u0131nay\u0131b","og_url":"https:\/\/www.meydan.tv\/az\/article\/abs-in-siyaseti-demokratiyaya-zerbe-vurur\/","og_site_name":"MEYDAN.TV","article_published_time":"2015-04-30T17:04:49+00:00","og_image":[{"width":1200,"height":843,"url":"https:\/\/www.meydan.tv\/wp-content\/uploads\/8552.jpg","type":"image\/jpeg"}],"twitter_card":"summary_large_image","schema":{"@context":"https:\/\/schema.org","@graph":[{"@type":"Article","@id":"https:\/\/www.meydan.tv\/az\/article\/abs-in-siyaseti-demokratiyaya-zerbe-vurur\/#article","isPartOf":{"@id":"https:\/\/www.meydan.tv\/az\/article\/abs-in-siyaseti-demokratiyaya-zerbe-vurur\/"},"author":{"name":"user-manager","@id":"https:\/\/www.meydan.tv\/az\/#\/schema\/person\/10d11eccf6da3662cf5fdab9806ea91a"},"headline":"&#8220;AB\u015e-\u0131n siyas\u0259ti demokratiyaya z\u0259rb\u0259 vurur&#8221;","datePublished":"2015-04-30T17:04:49+00:00","mainEntityOfPage":{"@id":"https:\/\/www.meydan.tv\/az\/article\/abs-in-siyaseti-demokratiyaya-zerbe-vurur\/"},"wordCount":1462,"publisher":{"@id":"https:\/\/www.meydan.tv\/az\/#organization"},"image":{"@id":"https:\/\/www.meydan.tv\/az\/article\/abs-in-siyaseti-demokratiyaya-zerbe-vurur\/#primaryimage"},"thumbnailUrl":"https:\/\/www.meydan.tv\/wp-content\/uploads\/8552.jpg","articleSection":["X\u0259b\u0259rl\u0259r"],"inLanguage":"az"},{"@type":"WebPage","@id":"https:\/\/www.meydan.tv\/az\/article\/abs-in-siyaseti-demokratiyaya-zerbe-vurur\/","url":"https:\/\/www.meydan.tv\/az\/article\/abs-in-siyaseti-demokratiyaya-zerbe-vurur\/","name":"\"AB\u015e-\u0131n siyas\u0259ti demokratiyaya z\u0259rb\u0259 vurur\" - MEYDAN.TV","isPartOf":{"@id":"https:\/\/www.meydan.tv\/az\/#website"},"primaryImageOfPage":{"@id":"https:\/\/www.meydan.tv\/az\/article\/abs-in-siyaseti-demokratiyaya-zerbe-vurur\/#primaryimage"},"image":{"@id":"https:\/\/www.meydan.tv\/az\/article\/abs-in-siyaseti-demokratiyaya-zerbe-vurur\/#primaryimage"},"thumbnailUrl":"https:\/\/www.meydan.tv\/wp-content\/uploads\/8552.jpg","datePublished":"2015-04-30T17:04:49+00:00","breadcrumb":{"@id":"https:\/\/www.meydan.tv\/az\/article\/abs-in-siyaseti-demokratiyaya-zerbe-vurur\/#breadcrumb"},"inLanguage":"az","potentialAction":[{"@type":"ReadAction","target":["https:\/\/www.meydan.tv\/az\/article\/abs-in-siyaseti-demokratiyaya-zerbe-vurur\/"]}]},{"@type":"ImageObject","inLanguage":"az","@id":"https:\/\/www.meydan.tv\/az\/article\/abs-in-siyaseti-demokratiyaya-zerbe-vurur\/#primaryimage","url":"https:\/\/www.meydan.tv\/wp-content\/uploads\/8552.jpg","contentUrl":"https:\/\/www.meydan.tv\/wp-content\/uploads\/8552.jpg","width":1200,"height":843,"caption":"Source:"},{"@type":"BreadcrumbList","@id":"https:\/\/www.meydan.tv\/az\/article\/abs-in-siyaseti-demokratiyaya-zerbe-vurur\/#breadcrumb","itemListElement":[{"@type":"ListItem","position":1,"name":"Ana s\u0259hif\u0259","item":"https:\/\/www.meydan.tv\/az\/"},{"@type":"ListItem","position":2,"name":"X\u0259b\u0259rl\u0259r","item":"https:\/\/www.meydan.tv\/az\/section\/xeberler\/"},{"@type":"ListItem","position":3,"name":"&#8220;AB\u015e-\u0131n siyas\u0259ti demokratiyaya z\u0259rb\u0259 vurur&#8221;"}]},{"@type":"WebSite","@id":"https:\/\/www.meydan.tv\/az\/#website","url":"https:\/\/www.meydan.tv\/az\/","name":"MEYDAN.TV","description":"Meydan TV Az\u0259rbaycan\u0131n media m\u0259kan\u0131ndak\u0131 alternativ s\u0259sidir","publisher":{"@id":"https:\/\/www.meydan.tv\/az\/#organization"},"potentialAction":[{"@type":"SearchAction","target":{"@type":"EntryPoint","urlTemplate":"https:\/\/www.meydan.tv\/az\/?s={search_term_string}"},"query-input":{"@type":"PropertyValueSpecification","valueRequired":true,"valueName":"search_term_string"}}],"inLanguage":"az"},{"@type":"Organization","@id":"https:\/\/www.meydan.tv\/az\/#organization","name":"Meydan TV","url":"https:\/\/www.meydan.tv\/az\/","logo":{"@type":"ImageObject","inLanguage":"az","@id":"https:\/\/www.meydan.tv\/az\/#\/schema\/logo\/image\/","url":"https:\/\/www.meydan.tv\/wp-content\/uploads\/2021\/07\/meydan-logo.svg","contentUrl":"https:\/\/www.meydan.tv\/wp-content\/uploads\/2021\/07\/meydan-logo.svg","width":195,"height":46,"caption":"Meydan TV"},"image":{"@id":"https:\/\/www.meydan.tv\/az\/#\/schema\/logo\/image\/"}},{"@type":"Person","@id":"https:\/\/www.meydan.tv\/az\/#\/schema\/person\/10d11eccf6da3662cf5fdab9806ea91a","name":"user-manager"}]}},"_links":{"self":[{"href":"https:\/\/www.meydan.tv\/az\/wp-json\/wp\/v2\/posts\/167737","targetHints":{"allow":["GET"]}}],"collection":[{"href":"https:\/\/www.meydan.tv\/az\/wp-json\/wp\/v2\/posts"}],"about":[{"href":"https:\/\/www.meydan.tv\/az\/wp-json\/wp\/v2\/types\/post"}],"author":[{"embeddable":true,"href":"https:\/\/www.meydan.tv\/az\/wp-json\/wp\/v2\/users\/11"}],"replies":[{"embeddable":true,"href":"https:\/\/www.meydan.tv\/az\/wp-json\/wp\/v2\/comments?post=167737"}],"version-history":[{"count":0,"href":"https:\/\/www.meydan.tv\/az\/wp-json\/wp\/v2\/posts\/167737\/revisions"}],"wp:featuredmedia":[{"embeddable":true,"href":"https:\/\/www.meydan.tv\/az\/wp-json\/wp\/v2\/media\/23522"}],"wp:attachment":[{"href":"https:\/\/www.meydan.tv\/az\/wp-json\/wp\/v2\/media?parent=167737"}],"wp:term":[{"taxonomy":"category","embeddable":true,"href":"https:\/\/www.meydan.tv\/az\/wp-json\/wp\/v2\/categories?post=167737"},{"taxonomy":"post_tag","embeddable":true,"href":"https:\/\/www.meydan.tv\/az\/wp-json\/wp\/v2\/tags?post=167737"}],"curies":[{"name":"wp","href":"https:\/\/api.w.org\/{rel}","templated":true}]}}