{"id":167735,"date":"2015-04-30T14:23:14","date_gmt":"2015-04-30T14:23:14","guid":{"rendered":"https:\/\/www.meydan.tv\/article\/alman-parki-dagidilib-video\/"},"modified":"2015-04-30T14:23:14","modified_gmt":"2015-04-30T14:23:14","slug":"alman-parki-dagidilib-video","status":"publish","type":"post","link":"https:\/\/www.meydan.tv\/az\/article\/alman-parki-dagidilib-video\/","title":{"rendered":"&#8220;Alman park\u0131&#8221; da\u011f\u0131d\u0131l\u0131b (V\u0130DEO)"},"content":{"rendered":"<figure class=\"wp-block-embed is-type-video is-provider-youtube wp-block-embed-youtube wp-embed-aspect-16-9 wp-has-aspect-ratio\">\n<div class=\"wp-block-embed__wrapper\">\n    <iframe loading=\"lazy\"\ttitle=\"\" width=\"1200\" height=\"675\" src=\"https:\/\/www.youtube.com\/embed\/xvlZlB-VaNc\"\tframeborder=\"0\"\tallow=\"accelerometer; autoplay; clipboard-write; encrypted-media; gyroscope; picture-in-picture\" allowfullscreen><\/iframe>\n  <\/div><figcaption><\/figcaption><\/figure>\n<p>\n  Sumqay\u0131t sakinl\u0259rinin &#8220;Alman park\u0131\u201d adland\u0131rd\u0131\u011f\u0131 bu \u0259razi bir m\u00fcdd\u0259t \u0259vv\u0259l icra hakimiyy\u0259ti t\u0259r\u0259find\u0259n da\u011f\u0131d\u0131l\u0131b. Bura t\u0259kc\u0259 istirah\u0259t ed\u0259nl\u0259rin yox, x\u0131rda ticar\u0259tl\u0259 m\u0259\u015f\u011ful olanlar\u0131n da qazanc yeri idi. Sakinl\u0259r d\u0259 park\u0131n bu v\u0259ziyy\u0259td\u0259 olmas\u0131ndan narahatd\u0131r . M\u0259s\u0259l\u0259 il\u0259 ba\u011fl\u0131 Sumqay\u0131t \u015f\u0259h\u0259r icra hakimiyy\u0259tinin m\u0259tbuat xidm\u0259ti il\u0259 \u0259laq\u0259 saxlad\u0131q. \u0130cra hakimiyy\u0259tind\u0259n Meydan TV-\u0259 veril\u0259n m\u0259lumata g\u00f6r\u0259 da\u011f\u0131nt\u0131 i\u015fl\u0259ri m\u0259hk\u0259m\u0259 q\u0259rar\u0131 \u0259sas\u0131nda apar\u0131l\u0131b. Park\u0131n icar\u0259darlar\u0131ndan olan Ya\u015far \u018fsg\u0259rov deyir ki, buradak\u0131 obyektl\u0259r icra\u00e7\u0131lar t\u0259r\u0259find\u0259n da\u011f\u0131d\u0131l\u0131b, \u0259v\u0259zind\u0259 he\u00e7 bir kompensasiya \u00f6d\u0259nilm\u0259yib. O deyir ki, da\u011f\u0131nt\u0131 i\u015fl\u0259ri m\u0259hk\u0259m\u0259 q\u0259rar\u0131 olmadan apar\u0131l\u0131b. Sovetl\u0259r d\u00f6n\u0259mind\u0259n sal\u0131nan park abadla\u015faca\u011f\u0131 g\u00fcn\u00fc g\u00f6zl\u0259yir.<\/p>\n","protected":false},"excerpt":{"rendered":"<p>Bura t\u0259kc\u0259 istirah\u0259t ed\u0259nl\u0259rin yox, x\u0131rda ticar\u0259tl\u0259 m\u0259\u015f\u011ful olanlar\u0131n da qazanc yeri idi.<\/p>\n","protected":false},"author":11,"featured_media":23516,"comment_status":"closed","ping_status":"open","sticky":false,"template":"","format":"standard","meta":{"_acf_changed":false,"_sitemap_exclude":false,"_sitemap_priority":"","_sitemap_frequency":"","footnotes":""},"categories":[63],"tags":[],"class_list":["post-167735","post","type-post","status-publish","format-standard","has-post-thumbnail","hentry","category-video-2","infinite-scroll-item","generate-columns","tablet-grid-50","mobile-grid-100","grid-parent","grid-33","no-featured-image-padding"],"acf":[],"yoast_head":"<!-- This site is optimized with the Yoast SEO plugin v28.3 - https:\/\/yoast.com\/product\/yoast-seo-wordpress\/ -->\n<title>&quot;Alman park\u0131&quot; da\u011f\u0131d\u0131l\u0131b (V\u0130DEO) - MEYDAN.TV<\/title>\n<meta name=\"robots\" content=\"index, follow, max-snippet:-1, max-image-preview:large, max-video-preview:-1\" \/>\n<link rel=\"canonical\" href=\"https:\/\/www.meydan.tv\/az\/article\/alman-parki-dagidilib-video\/\" \/>\n<meta property=\"og:locale\" content=\"az_AZ\" \/>\n<meta property=\"og:type\" content=\"article\" \/>\n<meta property=\"og:title\" content=\"&quot;Alman park\u0131&quot; da\u011f\u0131d\u0131l\u0131b (V\u0130DEO) - MEYDAN.TV\" \/>\n<meta property=\"og:description\" content=\"Bura t\u0259kc\u0259 istirah\u0259t ed\u0259nl\u0259rin yox, x\u0131rda ticar\u0259tl\u0259 m\u0259\u015f\u011ful olanlar\u0131n da qazanc yeri idi.\" \/>\n<meta property=\"og:url\" content=\"https:\/\/www.meydan.tv\/az\/article\/alman-parki-dagidilib-video\/\" \/>\n<meta property=\"og:site_name\" content=\"MEYDAN.TV\" \/>\n<meta property=\"article:published_time\" content=\"2015-04-30T14:23:14+00:00\" \/>\n<meta property=\"og:image\" content=\"https:\/\/www.meydan.tv\/wp-content\/uploads\/8548.jpg\" \/>\n\t<meta property=\"og:image:width\" content=\"857\" \/>\n\t<meta property=\"og:image:height\" content=\"471\" \/>\n\t<meta property=\"og:image:type\" content=\"image\/jpeg\" \/>\n<meta name=\"twitter:card\" content=\"summary_large_image\" \/>\n<!-- \/ Yoast SEO plugin. -->","yoast_head_json":{"title":"\"Alman park\u0131\" da\u011f\u0131d\u0131l\u0131b (V\u0130DEO) - MEYDAN.TV","robots":{"index":"index","follow":"follow","max-snippet":"max-snippet:-1","max-image-preview":"max-image-preview:large","max-video-preview":"max-video-preview:-1"},"canonical":"https:\/\/www.meydan.tv\/az\/article\/alman-parki-dagidilib-video\/","og_locale":"az_AZ","og_type":"article","og_title":"\"Alman park\u0131\" da\u011f\u0131d\u0131l\u0131b (V\u0130DEO) - MEYDAN.TV","og_description":"Bura t\u0259kc\u0259 istirah\u0259t ed\u0259nl\u0259rin yox, x\u0131rda ticar\u0259tl\u0259 m\u0259\u015f\u011ful olanlar\u0131n da qazanc yeri idi.","og_url":"https:\/\/www.meydan.tv\/az\/article\/alman-parki-dagidilib-video\/","og_site_name":"MEYDAN.TV","article_published_time":"2015-04-30T14:23:14+00:00","og_image":[{"width":857,"height":471,"url":"https:\/\/www.meydan.tv\/wp-content\/uploads\/8548.jpg","type":"image\/jpeg"}],"twitter_card":"summary_large_image","schema":{"@context":"https:\/\/schema.org","@graph":[{"@type":"Article","@id":"https:\/\/www.meydan.tv\/az\/article\/alman-parki-dagidilib-video\/#article","isPartOf":{"@id":"https:\/\/www.meydan.tv\/az\/article\/alman-parki-dagidilib-video\/"},"author":{"name":"user-manager","@id":"https:\/\/www.meydan.tv\/az\/#\/schema\/person\/10d11eccf6da3662cf5fdab9806ea91a"},"headline":"&#8220;Alman park\u0131&#8221; da\u011f\u0131d\u0131l\u0131b (V\u0130DEO)","datePublished":"2015-04-30T14:23:14+00:00","mainEntityOfPage":{"@id":"https:\/\/www.meydan.tv\/az\/article\/alman-parki-dagidilib-video\/"},"wordCount":183,"publisher":{"@id":"https:\/\/www.meydan.tv\/az\/#organization"},"image":{"@id":"https:\/\/www.meydan.tv\/az\/article\/alman-parki-dagidilib-video\/#primaryimage"},"thumbnailUrl":"https:\/\/www.meydan.tv\/wp-content\/uploads\/8548.jpg","articleSection":["Video"],"inLanguage":"az"},{"@type":"WebPage","@id":"https:\/\/www.meydan.tv\/az\/article\/alman-parki-dagidilib-video\/","url":"https:\/\/www.meydan.tv\/az\/article\/alman-parki-dagidilib-video\/","name":"\"Alman park\u0131\" da\u011f\u0131d\u0131l\u0131b (V\u0130DEO) - MEYDAN.TV","isPartOf":{"@id":"https:\/\/www.meydan.tv\/az\/#website"},"primaryImageOfPage":{"@id":"https:\/\/www.meydan.tv\/az\/article\/alman-parki-dagidilib-video\/#primaryimage"},"image":{"@id":"https:\/\/www.meydan.tv\/az\/article\/alman-parki-dagidilib-video\/#primaryimage"},"thumbnailUrl":"https:\/\/www.meydan.tv\/wp-content\/uploads\/8548.jpg","datePublished":"2015-04-30T14:23:14+00:00","breadcrumb":{"@id":"https:\/\/www.meydan.tv\/az\/article\/alman-parki-dagidilib-video\/#breadcrumb"},"inLanguage":"az","potentialAction":[{"@type":"ReadAction","target":["https:\/\/www.meydan.tv\/az\/article\/alman-parki-dagidilib-video\/"]}]},{"@type":"ImageObject","inLanguage":"az","@id":"https:\/\/www.meydan.tv\/az\/article\/alman-parki-dagidilib-video\/#primaryimage","url":"https:\/\/www.meydan.tv\/wp-content\/uploads\/8548.jpg","contentUrl":"https:\/\/www.meydan.tv\/wp-content\/uploads\/8548.jpg","width":857,"height":471,"caption":"Source:"},{"@type":"BreadcrumbList","@id":"https:\/\/www.meydan.tv\/az\/article\/alman-parki-dagidilib-video\/#breadcrumb","itemListElement":[{"@type":"ListItem","position":1,"name":"Ana s\u0259hif\u0259","item":"https:\/\/www.meydan.tv\/az\/"},{"@type":"ListItem","position":2,"name":"Video","item":"https:\/\/www.meydan.tv\/az\/section\/video-2\/"},{"@type":"ListItem","position":3,"name":"&#8220;Alman park\u0131&#8221; da\u011f\u0131d\u0131l\u0131b (V\u0130DEO)"}]},{"@type":"WebSite","@id":"https:\/\/www.meydan.tv\/az\/#website","url":"https:\/\/www.meydan.tv\/az\/","name":"MEYDAN.TV","description":"Meydan TV Az\u0259rbaycan\u0131n media m\u0259kan\u0131ndak\u0131 alternativ s\u0259sidir","publisher":{"@id":"https:\/\/www.meydan.tv\/az\/#organization"},"potentialAction":[{"@type":"SearchAction","target":{"@type":"EntryPoint","urlTemplate":"https:\/\/www.meydan.tv\/az\/?s={search_term_string}"},"query-input":{"@type":"PropertyValueSpecification","valueRequired":true,"valueName":"search_term_string"}}],"inLanguage":"az"},{"@type":"Organization","@id":"https:\/\/www.meydan.tv\/az\/#organization","name":"Meydan TV","url":"https:\/\/www.meydan.tv\/az\/","logo":{"@type":"ImageObject","inLanguage":"az","@id":"https:\/\/www.meydan.tv\/az\/#\/schema\/logo\/image\/","url":"https:\/\/www.meydan.tv\/wp-content\/uploads\/2021\/07\/meydan-logo.svg","contentUrl":"https:\/\/www.meydan.tv\/wp-content\/uploads\/2021\/07\/meydan-logo.svg","width":195,"height":46,"caption":"Meydan TV"},"image":{"@id":"https:\/\/www.meydan.tv\/az\/#\/schema\/logo\/image\/"}},{"@type":"Person","@id":"https:\/\/www.meydan.tv\/az\/#\/schema\/person\/10d11eccf6da3662cf5fdab9806ea91a","name":"user-manager"}]}},"_links":{"self":[{"href":"https:\/\/www.meydan.tv\/az\/wp-json\/wp\/v2\/posts\/167735","targetHints":{"allow":["GET"]}}],"collection":[{"href":"https:\/\/www.meydan.tv\/az\/wp-json\/wp\/v2\/posts"}],"about":[{"href":"https:\/\/www.meydan.tv\/az\/wp-json\/wp\/v2\/types\/post"}],"author":[{"embeddable":true,"href":"https:\/\/www.meydan.tv\/az\/wp-json\/wp\/v2\/users\/11"}],"replies":[{"embeddable":true,"href":"https:\/\/www.meydan.tv\/az\/wp-json\/wp\/v2\/comments?post=167735"}],"version-history":[{"count":0,"href":"https:\/\/www.meydan.tv\/az\/wp-json\/wp\/v2\/posts\/167735\/revisions"}],"wp:featuredmedia":[{"embeddable":true,"href":"https:\/\/www.meydan.tv\/az\/wp-json\/wp\/v2\/media\/23516"}],"wp:attachment":[{"href":"https:\/\/www.meydan.tv\/az\/wp-json\/wp\/v2\/media?parent=167735"}],"wp:term":[{"taxonomy":"category","embeddable":true,"href":"https:\/\/www.meydan.tv\/az\/wp-json\/wp\/v2\/categories?post=167735"},{"taxonomy":"post_tag","embeddable":true,"href":"https:\/\/www.meydan.tv\/az\/wp-json\/wp\/v2\/tags?post=167735"}],"curies":[{"name":"wp","href":"https:\/\/api.w.org\/{rel}","templated":true}]}}