{"id":167734,"date":"2015-04-30T13:40:32","date_gmt":"2015-04-30T13:40:32","guid":{"rendered":"https:\/\/www.meydan.tv\/article\/adna-terrorundan-6-il-otdu\/"},"modified":"2015-04-30T13:40:32","modified_gmt":"2015-04-30T13:40:32","slug":"adna-terrorundan-6-il-otdu","status":"publish","type":"post","link":"https:\/\/www.meydan.tv\/az\/article\/adna-terrorundan-6-il-otdu\/","title":{"rendered":"ADNA terrorundan 6 il \u00f6td\u00fc"},"content":{"rendered":"<figure class=\"wp-block-image size-large\">\n  <img decoding=\"async\" src=\"https:\/\/www.meydan.tv\/az\/23519\/\" alt=\"\" class=\"wp-image-23519\"\/><figcaption><\/figcaption><\/figure>\n<figure class=\"wp-block-image size-large\">\n  <img decoding=\"async\" src=\"https:\/\/www.meydan.tv\/az\/23519\/\" alt=\"\" class=\"wp-image-23519\"\/><figcaption><\/figcaption><\/figure>\n<p>\n  <i><br \/>\n    Terror n\u0259tic\u0259sind\u0259 12 n\u0259f\u0259r \u00f6ld\u00fcr\u00fclm\u00fc\u015fd\u00fc, m\u0259hk\u0259m\u0259 3 n\u0259f\u0259r haqda \u00f6m\u00fcrl\u00fck azadl\u0131qdan m\u0259hrum etm\u0259 h\u00f6km\u00fc \u00e7\u0131xartd\u0131<br \/>\n  <\/i>\n<\/p>\n<p>\n  Az\u0259rbaycan D\u00f6vl\u0259t Neft Akademiyas\u0131nda (ADNA) t\u00f6r\u0259dil\u0259n terror hadis\u0259sind\u0259n 6 il \u00f6t\u00fcr.\n<\/p>\n<p>\n  Hadis\u0259 2009-cu il aprel ay\u0131n\u0131n 30-u s\u0259h\u0259r saat 09:30-da ba\u015f verib.\n<\/p>\n<p>\n  ADNA-n\u0131n Bak\u0131 \u015f\u0259h\u0259ri Dilar\u0259 \u018fliyeva k\u00fc\u00e7\u0259si, 227 sayl\u0131 \u00fcnvanda yerl\u0259\u015f\u0259n ikinci korpusuna daxil olan silahl\u0131 \u015f\u0259xs \u201cMakarov\u201d tipli tapan\u00e7adan istifad\u0259 edib.\n<\/p>\n<p>\n  \u0130stintaq materiallar\u0131na v\u0259 \u015fahid ifad\u0259l\u0259rin\u0259 g\u00f6r\u0259, cinay\u0259tkar \u015f\u0259xsl\u0259ri \u0259sas\u0259n ba\u015f v\u0259 boyun nahiy\u0259sind\u0259n g\u00fcll\u0259l\u0259yib. N\u0259tic\u0259d\u0259 12 n\u0259f\u0259r \u00f6l\u00fcb, 13 n\u0259f\u0259r yaralan\u0131b. G\u00fcll\u0259y\u0259 tu\u015f g\u0259l\u0259nl\u0259rin i\u00e7\u0259risind\u0259 akademiyan\u0131n professorlar\u0131, laborantlar, t\u0259l\u0259b\u0259l\u0259r, m\u00fc\u0259lliml\u0259r, qap\u0131\u00e7\u0131 v\u0259 h\u0259tta yem\u0259kxanaya s\u00fcd m\u0259hsullar\u0131 g\u0259tir\u0259n ya\u015fl\u0131 bir qad\u0131n da olub.\n<\/p>\n<p>\n  Qanl\u0131 hadis\u0259 n\u0259tic\u0259sind\u0259 Neft qaz istehsal\u0131 v\u0259 emal\u0131 texnikas\u0131 kafedras\u0131n\u0131n m\u00fcdiri, professor Abdullayev Ramiz X\u0259lil o\u011flu (1940), N\u0259z\u0259ri Mexanika Fakult\u0259sinin laboratoriya m\u00fcdiri \u018fzizova Tamilla Z\u00fclf\u00fcqar q\u0131z\u0131 (1951) Neft qaz istehsal\u0131 v\u0259 emal\u0131 texnikas\u0131 kafedras\u0131n\u0131n m\u00fc\u0259llimi Vahidov M\u0259cnun Abdulvahid o\u011flu, Biotexniki v\u0259 texniki cihazlar kafedras\u0131n\u0131n laborant\u0131 M\u0259mm\u0259dova \u015e\u0259fa Af\u0259t q\u0131z\u0131; t\u0259l\u0259b\u0259l\u0259r M\u0259mm\u0259dov Taleh Tariyel o\u011flu, B\u0259nd\u0259liyev Yusif Telman o\u011flu, Ba\u011f\u0131rov Ayaz Cavan\u015fir o\u011flu, Cabbarov Savalan Allahverdi o\u011flu, Abdullayev Emin \u0130mam\u0259li o\u011flu, Baba\u015fov Ruslan C\u0259f\u0259r o\u011flu, Aslanov Ceyhun Sakit o\u011flu, Akademiyaya s\u00fcd m\u0259hsullar\u0131 g\u0259tir\u0259n Qurbanova Ayna Abbasqulu q\u0131z\u0131 \u00f6ld\u00fcr\u00fcl\u00fcb.<br \/>\n  <br \/>\n  Hadis\u0259ni t\u00f6r\u0259d\u0259n cinay\u0259tkar \u0259l\u0259 ke\u00e7m\u0259m\u0259k \u00fc\u00e7\u00fcn \u0259lind\u0259ki silahla \u00f6z\u00fcn\u00fc vurub. H\u00fcquq-m\u00fchafiz\u0259 orqan\u0131 \u0259m\u0259kda\u015flar\u0131n\u0131n hadis\u0259 yerind\u0259 apard\u0131\u011f\u0131 ara\u015fd\u0131rmadan m\u0259lum oldu ki, cinay\u0259tkar 29 ya\u015fl\u0131 G\u00fcrc\u00fcstan v\u0259t\u0259nda\u015f\u0131 F\u0259rda Q\u0259dirovdur.\n<\/p>\n<p>\n  Faci\u0259 il\u0259 \u0259laq\u0259dar Cinay\u0259t M\u0259c\u0259ll\u0259sinin 120-ci madd\u0259nin b\u00fct\u00fcn b\u0259ndl\u0259ri, 29, 181 v\u0259 214-c\u00fc madd\u0259l\u0259rl\u0259 cinay\u0259t i\u015fi a\u00e7\u0131ld\u0131.\n<\/p>\n<p>\n  Cinay\u0259t i\u015fi \u00fczr\u0259 4 n\u0259f\u0259r t\u0259qsirl\u0259ndirilirdi. Cavidan Amirova Cinay\u0259t M\u0259c\u0259ll\u0259sinin 214.2.1, 214.2.3 (terror\u00e7uluq), 28,120.2.1 (q\u0259sd\u0259n adam \u00f6ld\u00fcrm\u0259y\u0259 haz\u0131rl\u0131q), 120.2.1, 120.2.3, 120.2.4, 120.2.5, 120.2.7, 120.2.10, 120.2.11, 120.2.12 (a\u011f\u0131rla\u015fd\u0131r\u0131c\u0131 hallarda q\u0259sd\u0259n adam \u00f6ld\u00fcrm\u0259), 29,120.2.1, 29,120.2.3, 29,120.2.4, 29,120.2.5, 29,120.2.7, 29,120.2.10, 29,120.2.11, 29,120.2.12 (a\u011f\u0131rla\u015fd\u0131r\u0131c\u0131 hallarda q\u0259sd\u0259n adam \u00f6ld\u00fcrm\u0259y\u0259 c\u0259hd), 206.4 (m\u00fct\u0259\u015f\u0259kkil d\u0259st\u0259 t\u0259r\u0259find\u0259n qa\u00e7aqmal\u00e7\u0131l\u0131q), 228.2.2, 228.3\u00a0 (qanunsuz olaraq odlu silah, d\u00f6y\u00fc\u015f s\u00fcrsat\u0131, \u0259ld\u0259 etm\u0259, saxlama, da\u015f\u0131ma v\u0259 g\u0259zdirm\u0259) v\u0259 234.1-c\u00fc (qanunsuz olaraq narkotik vasit\u0259l\u0259ri \u0259ld\u0259 etm\u0259, saxlama v\u0259 da\u015f\u0131ma) madd\u0259l\u0259ri il\u0259, Nadir \u018fliyev v\u0259 N\u0259c\u0259f S\u00fcleymanova CM-nin 214.2.1, 214.2.3, 120.2.1, 120.2.3, 120.2.4, 120.2.5, 120.2.7, 120.2.11, 120.2.12, 29,120.2.1, 29,120.2.3, 29,120.2.4, 29,120.2.5, 29,120.2.7, 29,120.2.11, 29,120.2.12, 206.4\u00a0 v\u0259 228.3-c\u00fc madd\u0259l\u0259ri il\u0259, Ariz Qabulova is\u0259 CM-nin 206.3.2 v\u0259 228.2.1-ci madd\u0259l\u0259ri il\u0259 ittiham elan olunurdu.\n<\/p>\n<p>\n  A\u011f\u0131r Cinay\u0259tl\u0259r\u0259 Dair \u0130\u015fl\u0259r \u00dczr\u0259 M\u0259hk\u0259m\u0259d\u0259 hakim Ramella Allahverdiyevan\u0131n s\u0259drliyi il\u0259 ke\u00e7iril\u0259n m\u0259hk\u0259m\u0259d\u0259 Nadir \u018fliyev, Cavidan \u018fmirov, N\u0259c\u0259f S\u00fcleymanov \u00f6m\u00fcrl\u00fck, Ariz Qabulov is\u0259 11 il azadl\u0131qdan m\u0259hrum edildil\u0259r.<\/p>\n","protected":false},"excerpt":{"rendered":"<p>Terror n\u0259tic\u0259sind\u0259 12 n\u0259f\u0259r \u00f6ld\u00fcr\u00fclm\u00fc\u015fd\u00fc, m\u0259hk\u0259m\u0259 3 n\u0259f\u0259r haqda \u00f6m\u00fcrl\u00fck azadl\u0131qdan m\u0259hrum etm\u0259 h\u00f6km\u00fc \u00e7\u0131xartd\u0131<\/p>\n","protected":false},"author":11,"featured_media":23519,"comment_status":"closed","ping_status":"open","sticky":false,"template":"","format":"standard","meta":{"_acf_changed":false,"_sitemap_exclude":false,"_sitemap_priority":"","_sitemap_frequency":"","footnotes":""},"categories":[56],"tags":[],"class_list":["post-167734","post","type-post","status-publish","format-standard","has-post-thumbnail","hentry","category-xeberler","infinite-scroll-item","generate-columns","tablet-grid-50","mobile-grid-100","grid-parent","grid-33","no-featured-image-padding"],"acf":[],"yoast_head":"<!-- This site is optimized with the Yoast SEO plugin v28.4 - https:\/\/yoast.com\/product\/yoast-seo-wordpress\/ -->\n<title>ADNA terrorundan 6 il \u00f6td\u00fc - MEYDAN.TV<\/title>\n<meta name=\"robots\" content=\"index, follow, max-snippet:-1, max-image-preview:large, max-video-preview:-1\" \/>\n<link rel=\"canonical\" href=\"https:\/\/www.meydan.tv\/az\/article\/adna-terrorundan-6-il-otdu\/\" \/>\n<meta property=\"og:locale\" content=\"az_AZ\" \/>\n<meta property=\"og:type\" content=\"article\" \/>\n<meta property=\"og:title\" content=\"ADNA terrorundan 6 il \u00f6td\u00fc - MEYDAN.TV\" \/>\n<meta property=\"og:description\" content=\"Terror n\u0259tic\u0259sind\u0259 12 n\u0259f\u0259r \u00f6ld\u00fcr\u00fclm\u00fc\u015fd\u00fc, m\u0259hk\u0259m\u0259 3 n\u0259f\u0259r haqda \u00f6m\u00fcrl\u00fck azadl\u0131qdan m\u0259hrum etm\u0259 h\u00f6km\u00fc \u00e7\u0131xartd\u0131\" \/>\n<meta property=\"og:url\" content=\"https:\/\/www.meydan.tv\/az\/article\/adna-terrorundan-6-il-otdu\/\" \/>\n<meta property=\"og:site_name\" content=\"MEYDAN.TV\" \/>\n<meta property=\"article:published_time\" content=\"2015-04-30T13:40:32+00:00\" \/>\n<meta property=\"og:image\" content=\"https:\/\/www.meydan.tv\/wp-content\/uploads\/8547.jpg\" \/>\n\t<meta property=\"og:image:width\" content=\"594\" \/>\n\t<meta property=\"og:image:height\" content=\"400\" \/>\n\t<meta property=\"og:image:type\" content=\"image\/jpeg\" \/>\n<meta name=\"twitter:card\" content=\"summary_large_image\" \/>\n<!-- \/ Yoast SEO plugin. -->","yoast_head_json":{"title":"ADNA terrorundan 6 il \u00f6td\u00fc - MEYDAN.TV","robots":{"index":"index","follow":"follow","max-snippet":"max-snippet:-1","max-image-preview":"max-image-preview:large","max-video-preview":"max-video-preview:-1"},"canonical":"https:\/\/www.meydan.tv\/az\/article\/adna-terrorundan-6-il-otdu\/","og_locale":"az_AZ","og_type":"article","og_title":"ADNA terrorundan 6 il \u00f6td\u00fc - MEYDAN.TV","og_description":"Terror n\u0259tic\u0259sind\u0259 12 n\u0259f\u0259r \u00f6ld\u00fcr\u00fclm\u00fc\u015fd\u00fc, m\u0259hk\u0259m\u0259 3 n\u0259f\u0259r haqda \u00f6m\u00fcrl\u00fck azadl\u0131qdan m\u0259hrum etm\u0259 h\u00f6km\u00fc \u00e7\u0131xartd\u0131","og_url":"https:\/\/www.meydan.tv\/az\/article\/adna-terrorundan-6-il-otdu\/","og_site_name":"MEYDAN.TV","article_published_time":"2015-04-30T13:40:32+00:00","og_image":[{"width":594,"height":400,"url":"https:\/\/www.meydan.tv\/wp-content\/uploads\/8547.jpg","type":"image\/jpeg"}],"twitter_card":"summary_large_image","schema":{"@context":"https:\/\/schema.org","@graph":[{"@type":"Article","@id":"https:\/\/www.meydan.tv\/az\/article\/adna-terrorundan-6-il-otdu\/#article","isPartOf":{"@id":"https:\/\/www.meydan.tv\/az\/article\/adna-terrorundan-6-il-otdu\/"},"author":{"name":"user-manager","@id":"https:\/\/www.meydan.tv\/az\/#\/schema\/person\/10d11eccf6da3662cf5fdab9806ea91a"},"headline":"ADNA terrorundan 6 il \u00f6td\u00fc","datePublished":"2015-04-30T13:40:32+00:00","mainEntityOfPage":{"@id":"https:\/\/www.meydan.tv\/az\/article\/adna-terrorundan-6-il-otdu\/"},"wordCount":578,"publisher":{"@id":"https:\/\/www.meydan.tv\/az\/#organization"},"image":{"@id":"https:\/\/www.meydan.tv\/az\/article\/adna-terrorundan-6-il-otdu\/#primaryimage"},"thumbnailUrl":"https:\/\/www.meydan.tv\/wp-content\/uploads\/8547.jpg","articleSection":["X\u0259b\u0259rl\u0259r"],"inLanguage":"az"},{"@type":"WebPage","@id":"https:\/\/www.meydan.tv\/az\/article\/adna-terrorundan-6-il-otdu\/","url":"https:\/\/www.meydan.tv\/az\/article\/adna-terrorundan-6-il-otdu\/","name":"ADNA terrorundan 6 il \u00f6td\u00fc - MEYDAN.TV","isPartOf":{"@id":"https:\/\/www.meydan.tv\/az\/#website"},"primaryImageOfPage":{"@id":"https:\/\/www.meydan.tv\/az\/article\/adna-terrorundan-6-il-otdu\/#primaryimage"},"image":{"@id":"https:\/\/www.meydan.tv\/az\/article\/adna-terrorundan-6-il-otdu\/#primaryimage"},"thumbnailUrl":"https:\/\/www.meydan.tv\/wp-content\/uploads\/8547.jpg","datePublished":"2015-04-30T13:40:32+00:00","breadcrumb":{"@id":"https:\/\/www.meydan.tv\/az\/article\/adna-terrorundan-6-il-otdu\/#breadcrumb"},"inLanguage":"az","potentialAction":[{"@type":"ReadAction","target":["https:\/\/www.meydan.tv\/az\/article\/adna-terrorundan-6-il-otdu\/"]}]},{"@type":"ImageObject","inLanguage":"az","@id":"https:\/\/www.meydan.tv\/az\/article\/adna-terrorundan-6-il-otdu\/#primaryimage","url":"https:\/\/www.meydan.tv\/wp-content\/uploads\/8547.jpg","contentUrl":"https:\/\/www.meydan.tv\/wp-content\/uploads\/8547.jpg","width":594,"height":400,"caption":"Source:"},{"@type":"BreadcrumbList","@id":"https:\/\/www.meydan.tv\/az\/article\/adna-terrorundan-6-il-otdu\/#breadcrumb","itemListElement":[{"@type":"ListItem","position":1,"name":"Ana s\u0259hif\u0259","item":"https:\/\/www.meydan.tv\/az\/"},{"@type":"ListItem","position":2,"name":"X\u0259b\u0259rl\u0259r","item":"https:\/\/www.meydan.tv\/az\/section\/xeberler\/"},{"@type":"ListItem","position":3,"name":"ADNA terrorundan 6 il \u00f6td\u00fc"}]},{"@type":"WebSite","@id":"https:\/\/www.meydan.tv\/az\/#website","url":"https:\/\/www.meydan.tv\/az\/","name":"MEYDAN.TV","description":"Meydan TV Az\u0259rbaycan\u0131n media m\u0259kan\u0131ndak\u0131 alternativ s\u0259sidir","publisher":{"@id":"https:\/\/www.meydan.tv\/az\/#organization"},"potentialAction":[{"@type":"SearchAction","target":{"@type":"EntryPoint","urlTemplate":"https:\/\/www.meydan.tv\/az\/?s={search_term_string}"},"query-input":{"@type":"PropertyValueSpecification","valueRequired":true,"valueName":"search_term_string"}}],"inLanguage":"az"},{"@type":"Organization","@id":"https:\/\/www.meydan.tv\/az\/#organization","name":"Meydan TV","url":"https:\/\/www.meydan.tv\/az\/","logo":{"@type":"ImageObject","inLanguage":"az","@id":"https:\/\/www.meydan.tv\/az\/#\/schema\/logo\/image\/","url":"https:\/\/www.meydan.tv\/wp-content\/uploads\/2021\/07\/meydan-logo.svg","contentUrl":"https:\/\/www.meydan.tv\/wp-content\/uploads\/2021\/07\/meydan-logo.svg","width":195,"height":46,"caption":"Meydan TV"},"image":{"@id":"https:\/\/www.meydan.tv\/az\/#\/schema\/logo\/image\/"}},{"@type":"Person","@id":"https:\/\/www.meydan.tv\/az\/#\/schema\/person\/10d11eccf6da3662cf5fdab9806ea91a","name":"user-manager"}]}},"_links":{"self":[{"href":"https:\/\/www.meydan.tv\/az\/wp-json\/wp\/v2\/posts\/167734","targetHints":{"allow":["GET"]}}],"collection":[{"href":"https:\/\/www.meydan.tv\/az\/wp-json\/wp\/v2\/posts"}],"about":[{"href":"https:\/\/www.meydan.tv\/az\/wp-json\/wp\/v2\/types\/post"}],"author":[{"embeddable":true,"href":"https:\/\/www.meydan.tv\/az\/wp-json\/wp\/v2\/users\/11"}],"replies":[{"embeddable":true,"href":"https:\/\/www.meydan.tv\/az\/wp-json\/wp\/v2\/comments?post=167734"}],"version-history":[{"count":0,"href":"https:\/\/www.meydan.tv\/az\/wp-json\/wp\/v2\/posts\/167734\/revisions"}],"wp:featuredmedia":[{"embeddable":true,"href":"https:\/\/www.meydan.tv\/az\/wp-json\/wp\/v2\/media\/23519"}],"wp:attachment":[{"href":"https:\/\/www.meydan.tv\/az\/wp-json\/wp\/v2\/media?parent=167734"}],"wp:term":[{"taxonomy":"category","embeddable":true,"href":"https:\/\/www.meydan.tv\/az\/wp-json\/wp\/v2\/categories?post=167734"},{"taxonomy":"post_tag","embeddable":true,"href":"https:\/\/www.meydan.tv\/az\/wp-json\/wp\/v2\/tags?post=167734"}],"curies":[{"name":"wp","href":"https:\/\/api.w.org\/{rel}","templated":true}]}}