{"id":167730,"date":"2015-04-29T20:06:11","date_gmt":"2015-04-29T20:06:11","guid":{"rendered":"https:\/\/www.meydan.tv\/article\/cingiz-abdullayev-indiyedek-bir-neferi-de-isden-cixarmamisiq\/"},"modified":"2015-04-29T20:06:11","modified_gmt":"2015-04-29T20:06:11","slug":"cingiz-abdullayev-indiyedek-bir-neferi-de-isden-cixarmamisiq","status":"publish","type":"post","link":"https:\/\/www.meydan.tv\/az\/article\/cingiz-abdullayev-indiyedek-bir-neferi-de-isden-cixarmamisiq\/","title":{"rendered":"\u00c7ingiz Abdullayev: &#8220;\u0130ndiy\u0259d\u0259k bir n\u0259f\u0259ri d\u0259 i\u015fd\u0259n \u00e7\u0131xarmam\u0131\u015f\u0131q&#8221;"},"content":{"rendered":"<figure class=\"wp-block-image size-large\">\n  <img decoding=\"async\" src=\"https:\/\/www.meydan.tv\/az\/23495\/\" alt=\"\" class=\"wp-image-23495\"\/><figcaption><\/figcaption><\/figure>\n<figure class=\"wp-block-image size-large\">\n  <img decoding=\"async\" src=\"https:\/\/www.meydan.tv\/az\/23495\/\" alt=\"\" class=\"wp-image-23495\"\/><figcaption><\/figcaption><\/figure>\n<p><div>\n    <i><br \/>\n      &#8220;Neft\u00e7i&#8221;nin T\u0259hl\u00fck\u0259sizlik Xidm\u0259ti yenid\u0259n qurulacaq<br \/>\n    <\/i>\n  <\/div>\n<\/p>\n<p>\n  AFFA-n\u0131n ba\u015f katibi Elxan M\u0259mm\u0259dovun g\u00f6st\u0259ri\u015fi il\u0259 &#8220;Neft\u00e7i&#8221;d\u0259 k\u00fctl\u0259vi ixtisarlara ba\u015flan\u0131b. Bu bar\u0259d\u0259 m\u0259lumat\u0131<br \/>\n  <a href=\"http:\/\/komanda.az\" target=\"_blank\" rel=\"noopener\"><br \/>\n    komanda.az<br \/>\n  <\/a><br \/>\n  sayt\u0131 yay\u0131b. Sayt\u0131n m\u0259lumat\u0131na g\u00f6r\u0259,\u00a0klubda \u00e7al\u0131\u015fan f\u0259hl\u0259l\u0259r, futbol\u00e7ular\u0131n paltarlar\u0131n\u0131 &#8211; y\u0259ni formalar\u0131n\u0131 yuyan \u00fc\u00e7 qad\u0131n, el\u0259c\u0259 d\u0259 t\u0259hl\u00fck\u0259sizlik xidm\u0259tinin i\u015f\u00e7il\u0259ri i\u015fd\u0259n azad olunublar.\n<\/p>\n<p>\n  X\u0259b\u0259rd\u0259 o da deyilir ki, Elxan M\u0259mm\u0259dovun g\u00f6st\u0259ri\u015fi il\u0259 icra\u00e7\u0131 direktor Elnur M\u0259mm\u0259dov 35 n\u0259f\u0259rin i\u015fd\u0259n \u00e7\u0131xmaqla ba\u011fl\u0131 \u0259riz\u0259sini al\u0131b. M\u00fcbariz Xudiyev icra\u00e7\u0131 direktorun muavini olub. M\u0259tbuat xidm\u0259tinin q\u0131sa zamanda Elnur M\u0259mm\u0259dovla dostluq \u0259laq\u0259l\u0259ri quran 4-5 \u0259m\u0259kda\u015f\u0131 is\u0259 klubda y\u00fcks\u0259k postlar tutacaqlar.\n<\/p>\n<p>\n  \u018fsasnam\u0259y\u0259 g\u00f6r\u0259, M\u00fc\u015fahid\u0259 \u015euras\u0131n\u0131n icaz\u0259si olmadan he\u00e7 bir q\u0259rar veril\u0259 bilm\u0259z. Bu, M\u00fc\u015fahid\u0259 \u015euras\u0131n\u0131n ilk iclas\u0131nda da deyilib.<br \/>\n  <br \/>\n  Yay\u0131lan x\u0259b\u0259rl\u0259 ba\u011fl\u0131 Meydan TV-y\u0259 a\u00e7\u0131qlama ver\u0259n M\u00fc\u015fahid\u0259 \u015euras\u0131n\u0131n r\u0259hb\u0259ri \u00c7ingiz Abdullayevin s\u00f6zl\u0259rin\u0259 g\u00f6r\u0259, he\u00e7 bir k\u00fctl\u0259vi ixtisar apar\u0131lmay\u0131b, sad\u0259c\u0259, futbol sezonu bitdiyind\u0259n b\u0259zi m\u0259s\u0259l\u0259l\u0259r\u0259 yenid\u0259n bax\u0131l\u0131r: &#8220;Ma\u015fallah, komandam\u0131zda 400-d\u0259n \u00e7ox adam var v\u0259 indiy\u0259 q\u0259d\u0259r bir adam\u0131 da ixtisar edilm\u0259yib&#8221;.\n<\/p>\n<p>\n  T\u0259hl\u00fck\u0259sizlik Xidm\u0259tind\u0259 \u00e7al\u0131\u015fanlar\u0131n ixtisar\u0131na g\u0259linc\u0259, M\u015e s\u0259dri dedi ki, bu sistemi yenid\u0259n qurmaq fikrind\u0259dirl\u0259r: &#8220;Biz onlarla m\u00fclki m\u00fcqavil\u0259l\u0259r ba\u011flayaca\u011f\u0131q. Bu m\u0259s\u0259l\u0259l\u0259r\u0259 h\u00fcquq\u015f\u00fcnaslar baxandan sonra q\u0259rar veril\u0259c\u0259k, L\u0259nk\u0259randa n\u0259l\u0259rin oldu\u011funu y\u0259qin ki, bilirsiniz. \u00dcmumiyy\u0259tl\u0259, yeni sistem qurulacaq, \u00e7\u00fcnki h\u0259r \u015feyin \u015f\u0259ffaf olmas\u0131n\u0131 ist\u0259yirik. Amma indiy\u0259 q\u0259d\u0259r bir n\u0259f\u0259ri d\u0259 i\u015fd\u0259n \u00e7\u0131xartmam\u0131\u015f\u0131q&#8221;.\n<\/p><\/p>\n","protected":false},"excerpt":{"rendered":"<p>&#8220;Neft\u00e7i&#8221;nin T\u0259hl\u00fck\u0259sizlik Xidm\u0259ti yenid\u0259n qurulacaq<\/p>\n","protected":false},"author":11,"featured_media":23495,"comment_status":"closed","ping_status":"open","sticky":false,"template":"","format":"standard","meta":{"_acf_changed":false,"_sitemap_exclude":false,"_sitemap_priority":"","_sitemap_frequency":"","footnotes":""},"categories":[56],"tags":[],"class_list":["post-167730","post","type-post","status-publish","format-standard","has-post-thumbnail","hentry","category-xeberler","infinite-scroll-item","generate-columns","tablet-grid-50","mobile-grid-100","grid-parent","grid-33","no-featured-image-padding"],"acf":[],"yoast_head":"<!-- This site is optimized with the Yoast SEO plugin v28.4 - https:\/\/yoast.com\/product\/yoast-seo-wordpress\/ -->\n<title>\u00c7ingiz Abdullayev: &quot;\u0130ndiy\u0259d\u0259k bir n\u0259f\u0259ri d\u0259 i\u015fd\u0259n \u00e7\u0131xarmam\u0131\u015f\u0131q&quot; - MEYDAN.TV<\/title>\n<meta name=\"robots\" content=\"index, follow, max-snippet:-1, max-image-preview:large, max-video-preview:-1\" \/>\n<link rel=\"canonical\" href=\"https:\/\/www.meydan.tv\/az\/article\/cingiz-abdullayev-indiyedek-bir-neferi-de-isden-cixarmamisiq\/\" \/>\n<meta property=\"og:locale\" content=\"az_AZ\" \/>\n<meta property=\"og:type\" content=\"article\" \/>\n<meta property=\"og:title\" content=\"\u00c7ingiz Abdullayev: &quot;\u0130ndiy\u0259d\u0259k bir n\u0259f\u0259ri d\u0259 i\u015fd\u0259n \u00e7\u0131xarmam\u0131\u015f\u0131q&quot; - MEYDAN.TV\" \/>\n<meta property=\"og:description\" content=\"&quot;Neft\u00e7i&quot;nin T\u0259hl\u00fck\u0259sizlik Xidm\u0259ti yenid\u0259n qurulacaq\" \/>\n<meta property=\"og:url\" content=\"https:\/\/www.meydan.tv\/az\/article\/cingiz-abdullayev-indiyedek-bir-neferi-de-isden-cixarmamisiq\/\" \/>\n<meta property=\"og:site_name\" content=\"MEYDAN.TV\" \/>\n<meta property=\"article:published_time\" content=\"2015-04-29T20:06:11+00:00\" \/>\n<meta property=\"og:image\" content=\"https:\/\/www.meydan.tv\/wp-content\/uploads\/8542.png\" \/>\n\t<meta property=\"og:image:width\" content=\"363\" \/>\n\t<meta property=\"og:image:height\" content=\"400\" \/>\n\t<meta property=\"og:image:type\" content=\"image\/png\" \/>\n<meta name=\"twitter:card\" content=\"summary_large_image\" \/>\n<!-- \/ Yoast SEO plugin. -->","yoast_head_json":{"title":"\u00c7ingiz Abdullayev: \"\u0130ndiy\u0259d\u0259k bir n\u0259f\u0259ri d\u0259 i\u015fd\u0259n \u00e7\u0131xarmam\u0131\u015f\u0131q\" - MEYDAN.TV","robots":{"index":"index","follow":"follow","max-snippet":"max-snippet:-1","max-image-preview":"max-image-preview:large","max-video-preview":"max-video-preview:-1"},"canonical":"https:\/\/www.meydan.tv\/az\/article\/cingiz-abdullayev-indiyedek-bir-neferi-de-isden-cixarmamisiq\/","og_locale":"az_AZ","og_type":"article","og_title":"\u00c7ingiz Abdullayev: \"\u0130ndiy\u0259d\u0259k bir n\u0259f\u0259ri d\u0259 i\u015fd\u0259n \u00e7\u0131xarmam\u0131\u015f\u0131q\" - MEYDAN.TV","og_description":"\"Neft\u00e7i\"nin T\u0259hl\u00fck\u0259sizlik Xidm\u0259ti yenid\u0259n qurulacaq","og_url":"https:\/\/www.meydan.tv\/az\/article\/cingiz-abdullayev-indiyedek-bir-neferi-de-isden-cixarmamisiq\/","og_site_name":"MEYDAN.TV","article_published_time":"2015-04-29T20:06:11+00:00","og_image":[{"width":363,"height":400,"url":"https:\/\/www.meydan.tv\/wp-content\/uploads\/8542.png","type":"image\/png"}],"twitter_card":"summary_large_image","schema":{"@context":"https:\/\/schema.org","@graph":[{"@type":"Article","@id":"https:\/\/www.meydan.tv\/az\/article\/cingiz-abdullayev-indiyedek-bir-neferi-de-isden-cixarmamisiq\/#article","isPartOf":{"@id":"https:\/\/www.meydan.tv\/az\/article\/cingiz-abdullayev-indiyedek-bir-neferi-de-isden-cixarmamisiq\/"},"author":{"name":"user-manager","@id":"https:\/\/www.meydan.tv\/az\/#\/schema\/person\/10d11eccf6da3662cf5fdab9806ea91a"},"headline":"\u00c7ingiz Abdullayev: &#8220;\u0130ndiy\u0259d\u0259k bir n\u0259f\u0259ri d\u0259 i\u015fd\u0259n \u00e7\u0131xarmam\u0131\u015f\u0131q&#8221;","datePublished":"2015-04-29T20:06:11+00:00","mainEntityOfPage":{"@id":"https:\/\/www.meydan.tv\/az\/article\/cingiz-abdullayev-indiyedek-bir-neferi-de-isden-cixarmamisiq\/"},"wordCount":371,"publisher":{"@id":"https:\/\/www.meydan.tv\/az\/#organization"},"image":{"@id":"https:\/\/www.meydan.tv\/az\/article\/cingiz-abdullayev-indiyedek-bir-neferi-de-isden-cixarmamisiq\/#primaryimage"},"thumbnailUrl":"https:\/\/www.meydan.tv\/wp-content\/uploads\/8542.png","articleSection":["X\u0259b\u0259rl\u0259r"],"inLanguage":"az"},{"@type":"WebPage","@id":"https:\/\/www.meydan.tv\/az\/article\/cingiz-abdullayev-indiyedek-bir-neferi-de-isden-cixarmamisiq\/","url":"https:\/\/www.meydan.tv\/az\/article\/cingiz-abdullayev-indiyedek-bir-neferi-de-isden-cixarmamisiq\/","name":"\u00c7ingiz Abdullayev: \"\u0130ndiy\u0259d\u0259k bir n\u0259f\u0259ri d\u0259 i\u015fd\u0259n \u00e7\u0131xarmam\u0131\u015f\u0131q\" - MEYDAN.TV","isPartOf":{"@id":"https:\/\/www.meydan.tv\/az\/#website"},"primaryImageOfPage":{"@id":"https:\/\/www.meydan.tv\/az\/article\/cingiz-abdullayev-indiyedek-bir-neferi-de-isden-cixarmamisiq\/#primaryimage"},"image":{"@id":"https:\/\/www.meydan.tv\/az\/article\/cingiz-abdullayev-indiyedek-bir-neferi-de-isden-cixarmamisiq\/#primaryimage"},"thumbnailUrl":"https:\/\/www.meydan.tv\/wp-content\/uploads\/8542.png","datePublished":"2015-04-29T20:06:11+00:00","breadcrumb":{"@id":"https:\/\/www.meydan.tv\/az\/article\/cingiz-abdullayev-indiyedek-bir-neferi-de-isden-cixarmamisiq\/#breadcrumb"},"inLanguage":"az","potentialAction":[{"@type":"ReadAction","target":["https:\/\/www.meydan.tv\/az\/article\/cingiz-abdullayev-indiyedek-bir-neferi-de-isden-cixarmamisiq\/"]}]},{"@type":"ImageObject","inLanguage":"az","@id":"https:\/\/www.meydan.tv\/az\/article\/cingiz-abdullayev-indiyedek-bir-neferi-de-isden-cixarmamisiq\/#primaryimage","url":"https:\/\/www.meydan.tv\/wp-content\/uploads\/8542.png","contentUrl":"https:\/\/www.meydan.tv\/wp-content\/uploads\/8542.png","width":363,"height":400,"caption":"Source:"},{"@type":"BreadcrumbList","@id":"https:\/\/www.meydan.tv\/az\/article\/cingiz-abdullayev-indiyedek-bir-neferi-de-isden-cixarmamisiq\/#breadcrumb","itemListElement":[{"@type":"ListItem","position":1,"name":"Ana s\u0259hif\u0259","item":"https:\/\/www.meydan.tv\/az\/"},{"@type":"ListItem","position":2,"name":"X\u0259b\u0259rl\u0259r","item":"https:\/\/www.meydan.tv\/az\/section\/xeberler\/"},{"@type":"ListItem","position":3,"name":"\u00c7ingiz Abdullayev: &#8220;\u0130ndiy\u0259d\u0259k bir n\u0259f\u0259ri d\u0259 i\u015fd\u0259n \u00e7\u0131xarmam\u0131\u015f\u0131q&#8221;"}]},{"@type":"WebSite","@id":"https:\/\/www.meydan.tv\/az\/#website","url":"https:\/\/www.meydan.tv\/az\/","name":"MEYDAN.TV","description":"Meydan TV Az\u0259rbaycan\u0131n media m\u0259kan\u0131ndak\u0131 alternativ s\u0259sidir","publisher":{"@id":"https:\/\/www.meydan.tv\/az\/#organization"},"potentialAction":[{"@type":"SearchAction","target":{"@type":"EntryPoint","urlTemplate":"https:\/\/www.meydan.tv\/az\/?s={search_term_string}"},"query-input":{"@type":"PropertyValueSpecification","valueRequired":true,"valueName":"search_term_string"}}],"inLanguage":"az"},{"@type":"Organization","@id":"https:\/\/www.meydan.tv\/az\/#organization","name":"Meydan TV","url":"https:\/\/www.meydan.tv\/az\/","logo":{"@type":"ImageObject","inLanguage":"az","@id":"https:\/\/www.meydan.tv\/az\/#\/schema\/logo\/image\/","url":"https:\/\/www.meydan.tv\/wp-content\/uploads\/2021\/07\/meydan-logo.svg","contentUrl":"https:\/\/www.meydan.tv\/wp-content\/uploads\/2021\/07\/meydan-logo.svg","width":195,"height":46,"caption":"Meydan TV"},"image":{"@id":"https:\/\/www.meydan.tv\/az\/#\/schema\/logo\/image\/"}},{"@type":"Person","@id":"https:\/\/www.meydan.tv\/az\/#\/schema\/person\/10d11eccf6da3662cf5fdab9806ea91a","name":"user-manager"}]}},"_links":{"self":[{"href":"https:\/\/www.meydan.tv\/az\/wp-json\/wp\/v2\/posts\/167730","targetHints":{"allow":["GET"]}}],"collection":[{"href":"https:\/\/www.meydan.tv\/az\/wp-json\/wp\/v2\/posts"}],"about":[{"href":"https:\/\/www.meydan.tv\/az\/wp-json\/wp\/v2\/types\/post"}],"author":[{"embeddable":true,"href":"https:\/\/www.meydan.tv\/az\/wp-json\/wp\/v2\/users\/11"}],"replies":[{"embeddable":true,"href":"https:\/\/www.meydan.tv\/az\/wp-json\/wp\/v2\/comments?post=167730"}],"version-history":[{"count":0,"href":"https:\/\/www.meydan.tv\/az\/wp-json\/wp\/v2\/posts\/167730\/revisions"}],"wp:featuredmedia":[{"embeddable":true,"href":"https:\/\/www.meydan.tv\/az\/wp-json\/wp\/v2\/media\/23495"}],"wp:attachment":[{"href":"https:\/\/www.meydan.tv\/az\/wp-json\/wp\/v2\/media?parent=167730"}],"wp:term":[{"taxonomy":"category","embeddable":true,"href":"https:\/\/www.meydan.tv\/az\/wp-json\/wp\/v2\/categories?post=167730"},{"taxonomy":"post_tag","embeddable":true,"href":"https:\/\/www.meydan.tv\/az\/wp-json\/wp\/v2\/tags?post=167730"}],"curies":[{"name":"wp","href":"https:\/\/api.w.org\/{rel}","templated":true}]}}