{"id":167727,"date":"2015-04-29T18:21:33","date_gmt":"2015-04-29T18:21:33","guid":{"rendered":"https:\/\/www.meydan.tv\/article\/abs-sefirliyi-amerikaya-qarsi-iddialar-tamamile-essasiz-ve-deyersizdir\/"},"modified":"2015-04-29T18:21:33","modified_gmt":"2015-04-29T18:21:33","slug":"abs-sefirliyi-amerikaya-qarsi-iddialar-tamamile-essasiz-ve-deyersizdir","status":"publish","type":"post","link":"https:\/\/www.meydan.tv\/az\/article\/abs-sefirliyi-amerikaya-qarsi-iddialar-tamamile-essasiz-ve-deyersizdir\/","title":{"rendered":"AB\u015e s\u0259firliyi: Amerikaya qar\u015f\u0131 iddialar tamamil\u0259 \u0259ssas\u0131z v\u0259 d\u0259y\u0259rsizdir"},"content":{"rendered":"<figure class=\"wp-block-image size-large\">\n  <img decoding=\"async\" src=\"https:\/\/www.meydan.tv\/az\/23471\/\" alt=\"\" class=\"wp-image-23471\"\/><figcaption><\/figcaption><\/figure>\n<figure class=\"wp-block-image size-large\">\n  <img decoding=\"async\" src=\"https:\/\/www.meydan.tv\/az\/23471\/\" alt=\"\" class=\"wp-image-23471\"\/><figcaption><\/figcaption><\/figure>\n<p>\n  <i><br \/>\n    &#8220;AB\u015e t\u0259r\u0259find\u0259n Az\u0259rbaycan\u0131n suverenliyi v\u0259 m\u00fcst\u0259qilliyin\u0259 g\u00f6st\u0259ril\u0259n uzunm\u00fcdd\u0259tli d\u0259st\u0259k yaln\u0131z s\u00f6zl\u0259rin deyil, h\u0259m d\u0259 \u0259m\u0259ll\u0259rin \u00fcz\u0259rind\u0259 q\u0259rarla\u015f\u0131b&#8221;<br \/>\n  <\/i>\n<\/p>\n<p>\n  Az\u0259rbaycan\u0131n APA, Trend v\u0259 bir s\u0131ra ba\u015fqa media orqanlar\u0131nda d\u0259rc olunmu\u015f \u201cCon Kerrinin Konqresd\u0259ki ofisind\u0259n idar\u0259 olunan anti-Az\u0259rbaycan kampaniyas\u0131 &#8211; ARA\u015eDIRMA\u201d ba\u015fl\u0131ql\u0131 eyni m\u0259zmunlu yaz\u0131 il\u0259 ba\u011fl\u0131 AB\u015e-\u0131n Az\u0259rbaycandak\u0131 s\u0259firliyi &#8220;Turan \u0130A&#8221;-\u0131n sor\u011fusuna cavab verib.\n<\/p>\n<p>\n  Cavabda deyilir: \u201cS\u00f6z\u00fcged\u0259n yaz\u0131dak\u0131 iddialar tamamil\u0259 \u0259sass\u0131z v\u0259 d\u0259y\u0259rsizdir. AB\u015e t\u0259r\u0259find\u0259n Az\u0259rbaycan\u0131n suverenliyi v\u0259 m\u00fcst\u0259qilliyin\u0259 g\u00f6st\u0259ril\u0259n uzunm\u00fcdd\u0259tli d\u0259st\u0259k yaln\u0131z s\u00f6zl\u0259rin deyil, h\u0259m d\u0259 \u0259m\u0259ll\u0259rin \u00fcz\u0259rind\u0259 q\u0259rarla\u015f\u0131b. Bizim Az\u0259rbaycanla yaratd\u0131\u011f\u0131m\u0131z t\u0259r\u0259fda\u015fl\u0131q \u0259laq\u0259l\u0259rimiz Az\u0259rbayan\u0131n m\u00fcmk\u00fcn olan q\u0259d\u0259r demokratik, sabit v\u0259 t\u0259r\u0259qqlili inki\u015faf\u0131na d\u0259st\u0259k verdiyimizi n\u00fcmayi\u015f etdirir\u201d.<\/p>\n","protected":false},"excerpt":{"rendered":"<p>&#8220;AB\u015e t\u0259r\u0259find\u0259n Az\u0259rbaycan\u0131n suverenliyi v\u0259 m\u00fcst\u0259qilliyin\u0259 g\u00f6st\u0259ril\u0259n uzunm\u00fcdd\u0259tli d\u0259st\u0259k yaln\u0131z s\u00f6zl\u0259rin deyil, h\u0259m d\u0259 \u0259m\u0259ll\u0259rin \u00fcz\u0259rind\u0259 q\u0259rarla\u015f\u0131b&#8221;<\/p>\n","protected":false},"author":11,"featured_media":23471,"comment_status":"closed","ping_status":"open","sticky":false,"template":"","format":"standard","meta":{"_acf_changed":false,"_sitemap_exclude":false,"_sitemap_priority":"","_sitemap_frequency":"","footnotes":""},"categories":[56],"tags":[],"class_list":["post-167727","post","type-post","status-publish","format-standard","has-post-thumbnail","hentry","category-xeberler","infinite-scroll-item","generate-columns","tablet-grid-50","mobile-grid-100","grid-parent","grid-33","no-featured-image-padding"],"acf":[],"yoast_head":"<!-- This site is optimized with the Yoast SEO plugin v28.4 - https:\/\/yoast.com\/product\/yoast-seo-wordpress\/ -->\n<title>AB\u015e s\u0259firliyi: Amerikaya qar\u015f\u0131 iddialar tamamil\u0259 \u0259ssas\u0131z v\u0259 d\u0259y\u0259rsizdir - MEYDAN.TV<\/title>\n<meta name=\"robots\" content=\"index, follow, max-snippet:-1, max-image-preview:large, max-video-preview:-1\" \/>\n<link rel=\"canonical\" href=\"https:\/\/www.meydan.tv\/az\/article\/abs-sefirliyi-amerikaya-qarsi-iddialar-tamamile-essasiz-ve-deyersizdir\/\" \/>\n<meta property=\"og:locale\" content=\"az_AZ\" \/>\n<meta property=\"og:type\" content=\"article\" \/>\n<meta property=\"og:title\" content=\"AB\u015e s\u0259firliyi: Amerikaya qar\u015f\u0131 iddialar tamamil\u0259 \u0259ssas\u0131z v\u0259 d\u0259y\u0259rsizdir - MEYDAN.TV\" \/>\n<meta property=\"og:description\" content=\"&quot;AB\u015e t\u0259r\u0259find\u0259n Az\u0259rbaycan\u0131n suverenliyi v\u0259 m\u00fcst\u0259qilliyin\u0259 g\u00f6st\u0259ril\u0259n uzunm\u00fcdd\u0259tli d\u0259st\u0259k yaln\u0131z s\u00f6zl\u0259rin deyil, h\u0259m d\u0259 \u0259m\u0259ll\u0259rin \u00fcz\u0259rind\u0259 q\u0259rarla\u015f\u0131b&quot;\" \/>\n<meta property=\"og:url\" content=\"https:\/\/www.meydan.tv\/az\/article\/abs-sefirliyi-amerikaya-qarsi-iddialar-tamamile-essasiz-ve-deyersizdir\/\" \/>\n<meta property=\"og:site_name\" content=\"MEYDAN.TV\" \/>\n<meta property=\"article:published_time\" content=\"2015-04-29T18:21:33+00:00\" \/>\n<meta property=\"og:image\" content=\"https:\/\/www.meydan.tv\/wp-content\/uploads\/8535.jpg\" \/>\n\t<meta property=\"og:image:width\" content=\"460\" \/>\n\t<meta property=\"og:image:height\" content=\"280\" \/>\n\t<meta property=\"og:image:type\" content=\"image\/jpeg\" \/>\n<meta name=\"twitter:card\" content=\"summary_large_image\" \/>\n<!-- \/ Yoast SEO plugin. -->","yoast_head_json":{"title":"AB\u015e s\u0259firliyi: Amerikaya qar\u015f\u0131 iddialar tamamil\u0259 \u0259ssas\u0131z v\u0259 d\u0259y\u0259rsizdir - MEYDAN.TV","robots":{"index":"index","follow":"follow","max-snippet":"max-snippet:-1","max-image-preview":"max-image-preview:large","max-video-preview":"max-video-preview:-1"},"canonical":"https:\/\/www.meydan.tv\/az\/article\/abs-sefirliyi-amerikaya-qarsi-iddialar-tamamile-essasiz-ve-deyersizdir\/","og_locale":"az_AZ","og_type":"article","og_title":"AB\u015e s\u0259firliyi: Amerikaya qar\u015f\u0131 iddialar tamamil\u0259 \u0259ssas\u0131z v\u0259 d\u0259y\u0259rsizdir - MEYDAN.TV","og_description":"\"AB\u015e t\u0259r\u0259find\u0259n Az\u0259rbaycan\u0131n suverenliyi v\u0259 m\u00fcst\u0259qilliyin\u0259 g\u00f6st\u0259ril\u0259n uzunm\u00fcdd\u0259tli d\u0259st\u0259k yaln\u0131z s\u00f6zl\u0259rin deyil, h\u0259m d\u0259 \u0259m\u0259ll\u0259rin \u00fcz\u0259rind\u0259 q\u0259rarla\u015f\u0131b\"","og_url":"https:\/\/www.meydan.tv\/az\/article\/abs-sefirliyi-amerikaya-qarsi-iddialar-tamamile-essasiz-ve-deyersizdir\/","og_site_name":"MEYDAN.TV","article_published_time":"2015-04-29T18:21:33+00:00","og_image":[{"width":460,"height":280,"url":"https:\/\/www.meydan.tv\/wp-content\/uploads\/8535.jpg","type":"image\/jpeg"}],"twitter_card":"summary_large_image","schema":{"@context":"https:\/\/schema.org","@graph":[{"@type":"Article","@id":"https:\/\/www.meydan.tv\/az\/article\/abs-sefirliyi-amerikaya-qarsi-iddialar-tamamile-essasiz-ve-deyersizdir\/#article","isPartOf":{"@id":"https:\/\/www.meydan.tv\/az\/article\/abs-sefirliyi-amerikaya-qarsi-iddialar-tamamile-essasiz-ve-deyersizdir\/"},"author":{"name":"user-manager","@id":"https:\/\/www.meydan.tv\/az\/#\/schema\/person\/10d11eccf6da3662cf5fdab9806ea91a"},"headline":"AB\u015e s\u0259firliyi: Amerikaya qar\u015f\u0131 iddialar tamamil\u0259 \u0259ssas\u0131z v\u0259 d\u0259y\u0259rsizdir","datePublished":"2015-04-29T18:21:33+00:00","mainEntityOfPage":{"@id":"https:\/\/www.meydan.tv\/az\/article\/abs-sefirliyi-amerikaya-qarsi-iddialar-tamamile-essasiz-ve-deyersizdir\/"},"wordCount":205,"publisher":{"@id":"https:\/\/www.meydan.tv\/az\/#organization"},"image":{"@id":"https:\/\/www.meydan.tv\/az\/article\/abs-sefirliyi-amerikaya-qarsi-iddialar-tamamile-essasiz-ve-deyersizdir\/#primaryimage"},"thumbnailUrl":"https:\/\/www.meydan.tv\/wp-content\/uploads\/8535.jpg","articleSection":["X\u0259b\u0259rl\u0259r"],"inLanguage":"az"},{"@type":"WebPage","@id":"https:\/\/www.meydan.tv\/az\/article\/abs-sefirliyi-amerikaya-qarsi-iddialar-tamamile-essasiz-ve-deyersizdir\/","url":"https:\/\/www.meydan.tv\/az\/article\/abs-sefirliyi-amerikaya-qarsi-iddialar-tamamile-essasiz-ve-deyersizdir\/","name":"AB\u015e s\u0259firliyi: Amerikaya qar\u015f\u0131 iddialar tamamil\u0259 \u0259ssas\u0131z v\u0259 d\u0259y\u0259rsizdir - MEYDAN.TV","isPartOf":{"@id":"https:\/\/www.meydan.tv\/az\/#website"},"primaryImageOfPage":{"@id":"https:\/\/www.meydan.tv\/az\/article\/abs-sefirliyi-amerikaya-qarsi-iddialar-tamamile-essasiz-ve-deyersizdir\/#primaryimage"},"image":{"@id":"https:\/\/www.meydan.tv\/az\/article\/abs-sefirliyi-amerikaya-qarsi-iddialar-tamamile-essasiz-ve-deyersizdir\/#primaryimage"},"thumbnailUrl":"https:\/\/www.meydan.tv\/wp-content\/uploads\/8535.jpg","datePublished":"2015-04-29T18:21:33+00:00","breadcrumb":{"@id":"https:\/\/www.meydan.tv\/az\/article\/abs-sefirliyi-amerikaya-qarsi-iddialar-tamamile-essasiz-ve-deyersizdir\/#breadcrumb"},"inLanguage":"az","potentialAction":[{"@type":"ReadAction","target":["https:\/\/www.meydan.tv\/az\/article\/abs-sefirliyi-amerikaya-qarsi-iddialar-tamamile-essasiz-ve-deyersizdir\/"]}]},{"@type":"ImageObject","inLanguage":"az","@id":"https:\/\/www.meydan.tv\/az\/article\/abs-sefirliyi-amerikaya-qarsi-iddialar-tamamile-essasiz-ve-deyersizdir\/#primaryimage","url":"https:\/\/www.meydan.tv\/wp-content\/uploads\/8535.jpg","contentUrl":"https:\/\/www.meydan.tv\/wp-content\/uploads\/8535.jpg","width":460,"height":280,"caption":"Source:"},{"@type":"BreadcrumbList","@id":"https:\/\/www.meydan.tv\/az\/article\/abs-sefirliyi-amerikaya-qarsi-iddialar-tamamile-essasiz-ve-deyersizdir\/#breadcrumb","itemListElement":[{"@type":"ListItem","position":1,"name":"Ana s\u0259hif\u0259","item":"https:\/\/www.meydan.tv\/az\/"},{"@type":"ListItem","position":2,"name":"X\u0259b\u0259rl\u0259r","item":"https:\/\/www.meydan.tv\/az\/section\/xeberler\/"},{"@type":"ListItem","position":3,"name":"AB\u015e s\u0259firliyi: Amerikaya qar\u015f\u0131 iddialar tamamil\u0259 \u0259ssas\u0131z v\u0259 d\u0259y\u0259rsizdir"}]},{"@type":"WebSite","@id":"https:\/\/www.meydan.tv\/az\/#website","url":"https:\/\/www.meydan.tv\/az\/","name":"MEYDAN.TV","description":"Meydan TV Az\u0259rbaycan\u0131n media m\u0259kan\u0131ndak\u0131 alternativ s\u0259sidir","publisher":{"@id":"https:\/\/www.meydan.tv\/az\/#organization"},"potentialAction":[{"@type":"SearchAction","target":{"@type":"EntryPoint","urlTemplate":"https:\/\/www.meydan.tv\/az\/?s={search_term_string}"},"query-input":{"@type":"PropertyValueSpecification","valueRequired":true,"valueName":"search_term_string"}}],"inLanguage":"az"},{"@type":"Organization","@id":"https:\/\/www.meydan.tv\/az\/#organization","name":"Meydan TV","url":"https:\/\/www.meydan.tv\/az\/","logo":{"@type":"ImageObject","inLanguage":"az","@id":"https:\/\/www.meydan.tv\/az\/#\/schema\/logo\/image\/","url":"https:\/\/www.meydan.tv\/wp-content\/uploads\/2021\/07\/meydan-logo.svg","contentUrl":"https:\/\/www.meydan.tv\/wp-content\/uploads\/2021\/07\/meydan-logo.svg","width":195,"height":46,"caption":"Meydan TV"},"image":{"@id":"https:\/\/www.meydan.tv\/az\/#\/schema\/logo\/image\/"}},{"@type":"Person","@id":"https:\/\/www.meydan.tv\/az\/#\/schema\/person\/10d11eccf6da3662cf5fdab9806ea91a","name":"user-manager"}]}},"_links":{"self":[{"href":"https:\/\/www.meydan.tv\/az\/wp-json\/wp\/v2\/posts\/167727","targetHints":{"allow":["GET"]}}],"collection":[{"href":"https:\/\/www.meydan.tv\/az\/wp-json\/wp\/v2\/posts"}],"about":[{"href":"https:\/\/www.meydan.tv\/az\/wp-json\/wp\/v2\/types\/post"}],"author":[{"embeddable":true,"href":"https:\/\/www.meydan.tv\/az\/wp-json\/wp\/v2\/users\/11"}],"replies":[{"embeddable":true,"href":"https:\/\/www.meydan.tv\/az\/wp-json\/wp\/v2\/comments?post=167727"}],"version-history":[{"count":0,"href":"https:\/\/www.meydan.tv\/az\/wp-json\/wp\/v2\/posts\/167727\/revisions"}],"wp:featuredmedia":[{"embeddable":true,"href":"https:\/\/www.meydan.tv\/az\/wp-json\/wp\/v2\/media\/23471"}],"wp:attachment":[{"href":"https:\/\/www.meydan.tv\/az\/wp-json\/wp\/v2\/media?parent=167727"}],"wp:term":[{"taxonomy":"category","embeddable":true,"href":"https:\/\/www.meydan.tv\/az\/wp-json\/wp\/v2\/categories?post=167727"},{"taxonomy":"post_tag","embeddable":true,"href":"https:\/\/www.meydan.tv\/az\/wp-json\/wp\/v2\/tags?post=167727"}],"curies":[{"name":"wp","href":"https:\/\/api.w.org\/{rel}","templated":true}]}}