{"id":167724,"date":"2015-04-29T16:41:09","date_gmt":"2015-04-29T16:41:09","guid":{"rendered":"https:\/\/www.meydan.tv\/article\/ictimai-yerlerde-pulsuz-wi-fi-zonalar-olacaq\/"},"modified":"2015-04-29T16:41:09","modified_gmt":"2015-04-29T16:41:09","slug":"ictimai-yerlerde-pulsuz-wi-fi-zonalar-olacaq","status":"publish","type":"post","link":"https:\/\/www.meydan.tv\/az\/article\/ictimai-yerlerde-pulsuz-wi-fi-zonalar-olacaq\/","title":{"rendered":"\u0130ctimai yerl\u0259rd\u0259 pulsuz &#8220;Wi-FI&#8221; zonalar olacaq"},"content":{"rendered":"<figure class=\"wp-block-image size-large\">\n  <img decoding=\"async\" src=\"https:\/\/www.meydan.tv\/az\/23477\/\" alt=\"\" class=\"wp-image-23477\"\/><figcaption><\/figcaption><\/figure>\n<p><div>\n    Provayderl\u0259r iki ay m\u00fcdd\u0259tind\u0259 \u00a0pulsuz f\u0259aliyy\u0259t g\u00f6st\u0259r\u0259c\u0259k\n  <\/div>\n<\/p>\n<p><div><\/div>\n<\/p>\n<p><div>\n    \u201cAz\u0259rspace 1\u201d telekommunikasiya peyki bu g\u00fcn Avropa Oyunlar\u0131n\u0131n b\u00fct\u00fcn d\u00fcnyaya yay\u0131m\u0131 \u00fc\u00e7\u00fcn c\u0259lb olunan 4 s\u00fcni peykd\u0259n biri se\u00e7ilib.\n  <\/div>\n<\/p>\n<p>\n  <a href=\"https:\/\/apa.az\/\"><br \/>\n    APA<br \/>\n  <\/a><br \/>\n  -n\u0131n x\u0259b\u0259rin\u0259 g\u00f6r\u0259, bunu rabit\u0259 v\u0259 y\u00fcks\u0259k texnologiyalar naziri\u00a0\u018fli Abbasov\u00a0jurnalistl\u0259r\u0259 a\u00e7\u0131qlamas\u0131nda deyib ki, art\u0131q peyk test prosesind\u0259n ke\u00e7ib.\n<\/p>\n<p>\n  Onun s\u00f6zl\u0259rin\u0259 g\u00f6r\u0259, bu g\u00fcn istifad\u0259 \u00fc\u00e7\u00fcn peyk tamamil\u0259 haz\u0131rd\u0131r.\n<\/p>\n<p>\n  \u018f. Abbasov h\u0259m\u00e7inin \u0259lav\u0259 edib ki, Avropa Oyunlar\u0131 il\u0259 \u0259laq\u0259dar ictimai yerl\u0259rd\u0259, bir \u00e7ox parklarda, olimpiya k\u0259ndind\u0259, oyunlar \u0259traf\u0131nda olan sah\u0259l\u0259rd\u0259 \u201cwi-fi\u201d zonalar istifad\u0259y\u0259 veril\u0259c\u0259k: \u201cBunlar\u0131n bir \u00e7ox hiss\u0259si \u0259sas\u0259n operatorlar, provayderl\u0259r t\u0259r\u0259find\u0259n h\u0259yata ke\u00e7iril\u0259c\u0259k. Biz onlara \u0259sas\u0259n bir g\u00fcz\u0259\u015ft t\u0259klif edirik ki, 2 ay m\u00fcdd\u0259tind\u0259 onlar\u0131n f\u0259aliyy\u0259ti pulsuz h\u0259yata ke\u00e7irilsin, sonradan is\u0259 onlar\u0131 \u00f6d\u0259ni\u015fli olaraq h\u0259yata ke\u00e7ir\u0259 bil\u0259rl\u0259r\u201d.<\/p>\n","protected":false},"excerpt":{"rendered":"<p>Provayderl\u0259r iki ay m\u00fcdd\u0259tind\u0259  pulsuz f\u0259aliyy\u0259t g\u00f6st\u0259r\u0259c\u0259k<\/p>\n","protected":false},"author":11,"featured_media":23477,"comment_status":"closed","ping_status":"open","sticky":false,"template":"","format":"standard","meta":{"_acf_changed":false,"_sitemap_exclude":false,"_sitemap_priority":"","_sitemap_frequency":"","footnotes":""},"categories":[56],"tags":[],"class_list":["post-167724","post","type-post","status-publish","format-standard","has-post-thumbnail","hentry","category-xeberler","infinite-scroll-item","generate-columns","tablet-grid-50","mobile-grid-100","grid-parent","grid-33","no-featured-image-padding"],"acf":[],"yoast_head":"<!-- This site is optimized with the Yoast SEO plugin v28.4 - https:\/\/yoast.com\/product\/yoast-seo-wordpress\/ -->\n<title>\u0130ctimai yerl\u0259rd\u0259 pulsuz &quot;Wi-FI&quot; zonalar olacaq - MEYDAN.TV<\/title>\n<meta name=\"robots\" content=\"index, follow, max-snippet:-1, max-image-preview:large, max-video-preview:-1\" \/>\n<link rel=\"canonical\" href=\"https:\/\/www.meydan.tv\/az\/article\/ictimai-yerlerde-pulsuz-wi-fi-zonalar-olacaq\/\" \/>\n<meta property=\"og:locale\" content=\"az_AZ\" \/>\n<meta property=\"og:type\" content=\"article\" \/>\n<meta property=\"og:title\" content=\"\u0130ctimai yerl\u0259rd\u0259 pulsuz &quot;Wi-FI&quot; zonalar olacaq - MEYDAN.TV\" \/>\n<meta property=\"og:description\" content=\"Provayderl\u0259r iki ay m\u00fcdd\u0259tind\u0259 pulsuz f\u0259aliyy\u0259t g\u00f6st\u0259r\u0259c\u0259k\" \/>\n<meta property=\"og:url\" content=\"https:\/\/www.meydan.tv\/az\/article\/ictimai-yerlerde-pulsuz-wi-fi-zonalar-olacaq\/\" \/>\n<meta property=\"og:site_name\" content=\"MEYDAN.TV\" \/>\n<meta property=\"article:published_time\" content=\"2015-04-29T16:41:09+00:00\" \/>\n<meta property=\"og:image\" content=\"https:\/\/www.meydan.tv\/wp-content\/uploads\/8531.jpg\" \/>\n\t<meta property=\"og:image:width\" content=\"1200\" \/>\n\t<meta property=\"og:image:height\" content=\"1200\" \/>\n\t<meta property=\"og:image:type\" content=\"image\/jpeg\" \/>\n<meta name=\"twitter:card\" content=\"summary_large_image\" \/>\n<!-- \/ Yoast SEO plugin. -->","yoast_head_json":{"title":"\u0130ctimai yerl\u0259rd\u0259 pulsuz \"Wi-FI\" zonalar olacaq - MEYDAN.TV","robots":{"index":"index","follow":"follow","max-snippet":"max-snippet:-1","max-image-preview":"max-image-preview:large","max-video-preview":"max-video-preview:-1"},"canonical":"https:\/\/www.meydan.tv\/az\/article\/ictimai-yerlerde-pulsuz-wi-fi-zonalar-olacaq\/","og_locale":"az_AZ","og_type":"article","og_title":"\u0130ctimai yerl\u0259rd\u0259 pulsuz \"Wi-FI\" zonalar olacaq - MEYDAN.TV","og_description":"Provayderl\u0259r iki ay m\u00fcdd\u0259tind\u0259 pulsuz f\u0259aliyy\u0259t g\u00f6st\u0259r\u0259c\u0259k","og_url":"https:\/\/www.meydan.tv\/az\/article\/ictimai-yerlerde-pulsuz-wi-fi-zonalar-olacaq\/","og_site_name":"MEYDAN.TV","article_published_time":"2015-04-29T16:41:09+00:00","og_image":[{"width":1200,"height":1200,"url":"https:\/\/www.meydan.tv\/wp-content\/uploads\/8531.jpg","type":"image\/jpeg"}],"twitter_card":"summary_large_image","schema":{"@context":"https:\/\/schema.org","@graph":[{"@type":"Article","@id":"https:\/\/www.meydan.tv\/az\/article\/ictimai-yerlerde-pulsuz-wi-fi-zonalar-olacaq\/#article","isPartOf":{"@id":"https:\/\/www.meydan.tv\/az\/article\/ictimai-yerlerde-pulsuz-wi-fi-zonalar-olacaq\/"},"author":{"name":"user-manager","@id":"https:\/\/www.meydan.tv\/az\/#\/schema\/person\/10d11eccf6da3662cf5fdab9806ea91a"},"headline":"\u0130ctimai yerl\u0259rd\u0259 pulsuz &#8220;Wi-FI&#8221; zonalar olacaq","datePublished":"2015-04-29T16:41:09+00:00","mainEntityOfPage":{"@id":"https:\/\/www.meydan.tv\/az\/article\/ictimai-yerlerde-pulsuz-wi-fi-zonalar-olacaq\/"},"wordCount":197,"publisher":{"@id":"https:\/\/www.meydan.tv\/az\/#organization"},"image":{"@id":"https:\/\/www.meydan.tv\/az\/article\/ictimai-yerlerde-pulsuz-wi-fi-zonalar-olacaq\/#primaryimage"},"thumbnailUrl":"https:\/\/www.meydan.tv\/wp-content\/uploads\/8531.jpg","articleSection":["X\u0259b\u0259rl\u0259r"],"inLanguage":"az"},{"@type":"WebPage","@id":"https:\/\/www.meydan.tv\/az\/article\/ictimai-yerlerde-pulsuz-wi-fi-zonalar-olacaq\/","url":"https:\/\/www.meydan.tv\/az\/article\/ictimai-yerlerde-pulsuz-wi-fi-zonalar-olacaq\/","name":"\u0130ctimai yerl\u0259rd\u0259 pulsuz \"Wi-FI\" zonalar olacaq - MEYDAN.TV","isPartOf":{"@id":"https:\/\/www.meydan.tv\/az\/#website"},"primaryImageOfPage":{"@id":"https:\/\/www.meydan.tv\/az\/article\/ictimai-yerlerde-pulsuz-wi-fi-zonalar-olacaq\/#primaryimage"},"image":{"@id":"https:\/\/www.meydan.tv\/az\/article\/ictimai-yerlerde-pulsuz-wi-fi-zonalar-olacaq\/#primaryimage"},"thumbnailUrl":"https:\/\/www.meydan.tv\/wp-content\/uploads\/8531.jpg","datePublished":"2015-04-29T16:41:09+00:00","breadcrumb":{"@id":"https:\/\/www.meydan.tv\/az\/article\/ictimai-yerlerde-pulsuz-wi-fi-zonalar-olacaq\/#breadcrumb"},"inLanguage":"az","potentialAction":[{"@type":"ReadAction","target":["https:\/\/www.meydan.tv\/az\/article\/ictimai-yerlerde-pulsuz-wi-fi-zonalar-olacaq\/"]}]},{"@type":"ImageObject","inLanguage":"az","@id":"https:\/\/www.meydan.tv\/az\/article\/ictimai-yerlerde-pulsuz-wi-fi-zonalar-olacaq\/#primaryimage","url":"https:\/\/www.meydan.tv\/wp-content\/uploads\/8531.jpg","contentUrl":"https:\/\/www.meydan.tv\/wp-content\/uploads\/8531.jpg","width":1200,"height":1200,"caption":"Source:"},{"@type":"BreadcrumbList","@id":"https:\/\/www.meydan.tv\/az\/article\/ictimai-yerlerde-pulsuz-wi-fi-zonalar-olacaq\/#breadcrumb","itemListElement":[{"@type":"ListItem","position":1,"name":"Ana s\u0259hif\u0259","item":"https:\/\/www.meydan.tv\/az\/"},{"@type":"ListItem","position":2,"name":"X\u0259b\u0259rl\u0259r","item":"https:\/\/www.meydan.tv\/az\/section\/xeberler\/"},{"@type":"ListItem","position":3,"name":"\u0130ctimai yerl\u0259rd\u0259 pulsuz &#8220;Wi-FI&#8221; zonalar olacaq"}]},{"@type":"WebSite","@id":"https:\/\/www.meydan.tv\/az\/#website","url":"https:\/\/www.meydan.tv\/az\/","name":"MEYDAN.TV","description":"Meydan TV Az\u0259rbaycan\u0131n media m\u0259kan\u0131ndak\u0131 alternativ s\u0259sidir","publisher":{"@id":"https:\/\/www.meydan.tv\/az\/#organization"},"potentialAction":[{"@type":"SearchAction","target":{"@type":"EntryPoint","urlTemplate":"https:\/\/www.meydan.tv\/az\/?s={search_term_string}"},"query-input":{"@type":"PropertyValueSpecification","valueRequired":true,"valueName":"search_term_string"}}],"inLanguage":"az"},{"@type":"Organization","@id":"https:\/\/www.meydan.tv\/az\/#organization","name":"Meydan TV","url":"https:\/\/www.meydan.tv\/az\/","logo":{"@type":"ImageObject","inLanguage":"az","@id":"https:\/\/www.meydan.tv\/az\/#\/schema\/logo\/image\/","url":"https:\/\/www.meydan.tv\/wp-content\/uploads\/2021\/07\/meydan-logo.svg","contentUrl":"https:\/\/www.meydan.tv\/wp-content\/uploads\/2021\/07\/meydan-logo.svg","width":195,"height":46,"caption":"Meydan TV"},"image":{"@id":"https:\/\/www.meydan.tv\/az\/#\/schema\/logo\/image\/"}},{"@type":"Person","@id":"https:\/\/www.meydan.tv\/az\/#\/schema\/person\/10d11eccf6da3662cf5fdab9806ea91a","name":"user-manager"}]}},"_links":{"self":[{"href":"https:\/\/www.meydan.tv\/az\/wp-json\/wp\/v2\/posts\/167724","targetHints":{"allow":["GET"]}}],"collection":[{"href":"https:\/\/www.meydan.tv\/az\/wp-json\/wp\/v2\/posts"}],"about":[{"href":"https:\/\/www.meydan.tv\/az\/wp-json\/wp\/v2\/types\/post"}],"author":[{"embeddable":true,"href":"https:\/\/www.meydan.tv\/az\/wp-json\/wp\/v2\/users\/11"}],"replies":[{"embeddable":true,"href":"https:\/\/www.meydan.tv\/az\/wp-json\/wp\/v2\/comments?post=167724"}],"version-history":[{"count":0,"href":"https:\/\/www.meydan.tv\/az\/wp-json\/wp\/v2\/posts\/167724\/revisions"}],"wp:featuredmedia":[{"embeddable":true,"href":"https:\/\/www.meydan.tv\/az\/wp-json\/wp\/v2\/media\/23477"}],"wp:attachment":[{"href":"https:\/\/www.meydan.tv\/az\/wp-json\/wp\/v2\/media?parent=167724"}],"wp:term":[{"taxonomy":"category","embeddable":true,"href":"https:\/\/www.meydan.tv\/az\/wp-json\/wp\/v2\/categories?post=167724"},{"taxonomy":"post_tag","embeddable":true,"href":"https:\/\/www.meydan.tv\/az\/wp-json\/wp\/v2\/tags?post=167724"}],"curies":[{"name":"wp","href":"https:\/\/api.w.org\/{rel}","templated":true}]}}