{"id":167723,"date":"2015-04-29T15:36:27","date_gmt":"2015-04-29T15:36:27","guid":{"rendered":"https:\/\/www.meydan.tv\/article\/hebsde-olan-bas-redaktor-daxili-isler-nazirliyini-mehkemeye-verir\/"},"modified":"2015-04-29T15:36:27","modified_gmt":"2015-04-29T15:36:27","slug":"hebsde-olan-bas-redaktor-daxili-isler-nazirliyini-mehkemeye-verir","status":"publish","type":"post","link":"https:\/\/www.meydan.tv\/az\/article\/hebsde-olan-bas-redaktor-daxili-isler-nazirliyini-mehkemeye-verir\/","title":{"rendered":"H\u0259bsd\u0259 olan ba\u015f redaktor Daxili \u0130\u015fl\u0259r Nazirliyini m\u0259hk\u0259m\u0259y\u0259 verir"},"content":{"rendered":"<figure class=\"wp-block-image size-large\">\n  <img decoding=\"async\" src=\"https:\/\/www.meydan.tv\/az\/23474\/\" alt=\"\" class=\"wp-image-23474\"\/><figcaption><\/figcaption><\/figure>\n<figure class=\"wp-block-image size-large\">\n  <img decoding=\"async\" src=\"https:\/\/www.meydan.tv\/az\/23474\/\" alt=\"\" class=\"wp-image-23474\"\/><figcaption><\/figcaption><\/figure>\n<p><div>\n    <i><br \/>\n      V\u0259kili Cavid \u015eir\u0259liyevin h\u0259bsi \u00fc\u00e7\u00fcn he\u00e7 bir \u0259sas olmad\u0131\u011f\u0131n\u0131 deyir<br \/>\n    <\/i>\n  <\/div>\n<\/p>\n<p>\n  \u00d6t\u0259n il Ba\u015f M\u00fct\u0259\u015f\u0259kkil Cinay\u0259tkarl\u0131\u011fa qar\u015f\u0131 M\u00fcbariz\u0259 \u0130dar\u0259sinin ke\u00e7irdiyi \u0259m\u0259liyyat n\u0259tic\u0259sind\u0259 h\u0259bs olunan 7Gun.az sayt\u0131n\u0131n ba\u015f redaktoru Cavid \u015eir\u0259liyev Daxili \u0130\u015fl\u0259r Nazirliyini m\u0259hk\u0259m\u0259y\u0259 verib.\n<\/p>\n<p>\n  M\u0259lumat\u0131 Meydan TV-y\u0259 Cavid \u015eir\u0259liyevin anas\u0131 Zahir\u0259 \u015eir\u0259liyeva verib.\n<\/p>\n<p>\n  Z.\u015eir\u0259liyeva o\u011flunun \u015f\u0259rl\u0259n\u0259r\u0259k h\u0259bs olundu\u011funu \u0259sas g\u0259tir\u0259r\u0259k, iddia qald\u0131r\u0131ld\u0131\u011f\u0131n\u0131 bildirib.\n<\/p>\n<p>\n  Ba\u015f redaktorun v\u0259kili Qeys Musayev is\u0259 Arqument.az-a bildirib ki, Cavid \u015eir\u0259liyevin h\u0259bsi \u00fc\u00e7\u00fcn he\u00e7 bir s\u00fcbut yoxdur. Ona qar\u015f\u0131 ir\u0259li s\u00fcr\u00fcl\u0259n ittiham is\u0259 \u0259sass\u0131zd\u0131r: &#8220;Cavid \u015eir\u0259liyevi d\u0259l\u0259duzluq madd\u0259si il\u0259 tutublar. Amma bax\u0131n, ondan \u015fikay\u0259t ed\u0259n \u015e\u0259fiq\u0259 \u0130smay\u0131lova il\u0259 aras\u0131nda telefon dan\u0131\u015f\u0131\u011f\u0131 olmay\u0131b. Guya Qazaxda &#8220;Tatar&#8221; kafesind\u0259n pul t\u0259l\u0259b olunub. Vergil\u0259r Nazirliyind\u0259n r\u0259smi olaraq bildiribl\u0259r ki, &#8220;Tatar&#8221; kafesi qeydiyyata al\u0131nmay\u0131b. \u0130ttihamda g\u00f6st\u0259rilir ki, Cavid \u015eir\u0259liyev 2013-c\u00fc ild\u0259 bu kafed\u0259n pul ist\u0259yib, amma b\u00fct\u00fcn r\u0259smi s\u0259n\u0259dl\u0259rd\u0259 g\u00f6st\u0259rilir ki, 2014-c\u00fc il\u0259 q\u0259d\u0259r \u015e\u0259fiq\u0259 \u0130smay\u0131lovan\u0131n ad\u0131ndan torpaq v\u0259 h\u0259r hans\u0131 bir obyekt olmay\u0131b. Maraql\u0131d\u0131r, 2013-c\u00fc ild\u0259 bu hadis\u0259 ba\u015f vermi\u015fdis\u0259, \u015e\u0259fiq\u0259 \u0130smay\u0131lova 2014-c\u00fc ild\u0259 &#8211; 1 il sonra niy\u0259 m\u00fcraci\u0259t edirdi? Daha bir fakt odur ki, Cavid\u0259 pulun verilib-verilm\u0259m\u0259sini t\u0259sdiq ed\u0259n \u015fahid yoxdur. B\u00fct\u00fcn bunlar ittiham\u0131n \u0259sass\u0131z oldu\u011funu g\u00f6st\u0259rir&#8221;.\n<\/p>\n<p>\n  2014-c\u00fc il senytabr\u0131n 1-d\u0259 \u201c<br \/>\n  <a href=\"http:\/\/7gun.az\/\" target=\"_blank\" rel=\"noopener\"><br \/>\n    7gun.az<br \/>\n  <\/a><br \/>\n  \u201d sayt\u0131n\u0131n v\u0259 \u201c7 gun x\u0259b\u0259r\u201d q\u0259zetinin r\u0259hb\u0259ri D\u0130N-nin Ba\u015f M\u00fct\u0259\u015f\u0259kkil Cinay\u0259tkarl\u0131\u011fa Qar\u015f\u0131 M\u00fcbariz\u0259 \u0130dar\u0259sinin \u0259m\u0259kda\u015flar\u0131 t\u0259r\u0259find\u0259n saxlan\u0131l\u0131b. Bel\u0259 ki, \u201c<br \/>\n  <a href=\"http:\/\/7gun.az\/\" target=\"_blank\" rel=\"noopener\"><br \/>\n    7gun.az<br \/>\n  <\/a><br \/>\n  \u201d-\u0131n r\u0259hb\u0259ri Cavid \u018fl\u0259sg\u0259ro\u011flu Qazax rayonundak\u0131 evinin qar\u015f\u0131s\u0131nda bir qrup polis t\u0259r\u0259find\u0259n saxlan\u0131laraq h\u0259bs olunub. Ba\u015f redaktor bar\u0259sind\u0259\u00a0 2 ay h\u0259bsq\u0259timkan t\u0259dbiri se\u00e7ilib v\u0259 4 d\u0259f\u0259 h\u0259bsin m\u00fcdd\u0259ti uzad\u0131l\u0131b. O, haz\u0131rda K\u00fcrd\u0259xan\u0131 t\u0259cridxanas\u0131nda saxlan\u0131l\u0131r.\n<\/p>\n<p>\n  Cavid \u018fl\u0259sg\u0259ro\u011flu 10 ild\u0259n art\u0131qd\u0131r ki,<br \/>\n  <a href=\"http:\/\/7gun.az\/\" target=\"_blank\" rel=\"noopener\"><br \/>\n    7gun.az<br \/>\n  <\/a><br \/>\n  \u00a0x\u0259b\u0259r portal\u0131na r\u0259hb\u0259rlik edir. C. \u015eir\u0259liyev 2010-cu ild\u0259 Masall\u0131 rayon 71 sayl\u0131 Se\u00e7ki Dair\u0259sind\u0259n deputatl\u0131\u011fa namiz\u0259dliyini ir\u0259li s\u00fcr\u00fcb. O, h\u0259m d\u0259 \u201c7 gun x\u0259b\u0259r\u201d q\u0259zetinin t\u0259sis\u00e7isidir.<\/p>\n","protected":false},"excerpt":{"rendered":"<p>V\u0259kili Cavid \u015eir\u0259liyevin h\u0259bsi \u00fc\u00e7\u00fcn he\u00e7 bir \u0259sas olmad\u0131\u011f\u0131n\u0131 deyir<\/p>\n","protected":false},"author":11,"featured_media":23474,"comment_status":"closed","ping_status":"open","sticky":false,"template":"","format":"standard","meta":{"_acf_changed":false,"_sitemap_exclude":false,"_sitemap_priority":"","_sitemap_frequency":"","footnotes":""},"categories":[56],"tags":[],"class_list":["post-167723","post","type-post","status-publish","format-standard","has-post-thumbnail","hentry","category-xeberler","infinite-scroll-item","generate-columns","tablet-grid-50","mobile-grid-100","grid-parent","grid-33","no-featured-image-padding"],"acf":[],"yoast_head":"<!-- This site is optimized with the Yoast SEO plugin v28.4 - https:\/\/yoast.com\/product\/yoast-seo-wordpress\/ -->\n<title>H\u0259bsd\u0259 olan ba\u015f redaktor Daxili \u0130\u015fl\u0259r Nazirliyini m\u0259hk\u0259m\u0259y\u0259 verir - MEYDAN.TV<\/title>\n<meta name=\"robots\" content=\"index, follow, max-snippet:-1, max-image-preview:large, max-video-preview:-1\" \/>\n<link rel=\"canonical\" href=\"https:\/\/www.meydan.tv\/az\/article\/hebsde-olan-bas-redaktor-daxili-isler-nazirliyini-mehkemeye-verir\/\" \/>\n<meta property=\"og:locale\" content=\"az_AZ\" \/>\n<meta property=\"og:type\" content=\"article\" \/>\n<meta property=\"og:title\" content=\"H\u0259bsd\u0259 olan ba\u015f redaktor Daxili \u0130\u015fl\u0259r Nazirliyini m\u0259hk\u0259m\u0259y\u0259 verir - MEYDAN.TV\" \/>\n<meta property=\"og:description\" content=\"V\u0259kili Cavid \u015eir\u0259liyevin h\u0259bsi \u00fc\u00e7\u00fcn he\u00e7 bir \u0259sas olmad\u0131\u011f\u0131n\u0131 deyir\" \/>\n<meta property=\"og:url\" content=\"https:\/\/www.meydan.tv\/az\/article\/hebsde-olan-bas-redaktor-daxili-isler-nazirliyini-mehkemeye-verir\/\" \/>\n<meta property=\"og:site_name\" content=\"MEYDAN.TV\" \/>\n<meta property=\"article:published_time\" content=\"2015-04-29T15:36:27+00:00\" \/>\n<meta property=\"og:image\" content=\"https:\/\/www.meydan.tv\/wp-content\/uploads\/8530.jpg\" \/>\n\t<meta property=\"og:image:width\" content=\"428\" \/>\n\t<meta property=\"og:image:height\" content=\"300\" \/>\n\t<meta property=\"og:image:type\" content=\"image\/jpeg\" \/>\n<meta name=\"twitter:card\" content=\"summary_large_image\" \/>\n<!-- \/ Yoast SEO plugin. -->","yoast_head_json":{"title":"H\u0259bsd\u0259 olan ba\u015f redaktor Daxili \u0130\u015fl\u0259r Nazirliyini m\u0259hk\u0259m\u0259y\u0259 verir - MEYDAN.TV","robots":{"index":"index","follow":"follow","max-snippet":"max-snippet:-1","max-image-preview":"max-image-preview:large","max-video-preview":"max-video-preview:-1"},"canonical":"https:\/\/www.meydan.tv\/az\/article\/hebsde-olan-bas-redaktor-daxili-isler-nazirliyini-mehkemeye-verir\/","og_locale":"az_AZ","og_type":"article","og_title":"H\u0259bsd\u0259 olan ba\u015f redaktor Daxili \u0130\u015fl\u0259r Nazirliyini m\u0259hk\u0259m\u0259y\u0259 verir - MEYDAN.TV","og_description":"V\u0259kili Cavid \u015eir\u0259liyevin h\u0259bsi \u00fc\u00e7\u00fcn he\u00e7 bir \u0259sas olmad\u0131\u011f\u0131n\u0131 deyir","og_url":"https:\/\/www.meydan.tv\/az\/article\/hebsde-olan-bas-redaktor-daxili-isler-nazirliyini-mehkemeye-verir\/","og_site_name":"MEYDAN.TV","article_published_time":"2015-04-29T15:36:27+00:00","og_image":[{"width":428,"height":300,"url":"https:\/\/www.meydan.tv\/wp-content\/uploads\/8530.jpg","type":"image\/jpeg"}],"twitter_card":"summary_large_image","schema":{"@context":"https:\/\/schema.org","@graph":[{"@type":"Article","@id":"https:\/\/www.meydan.tv\/az\/article\/hebsde-olan-bas-redaktor-daxili-isler-nazirliyini-mehkemeye-verir\/#article","isPartOf":{"@id":"https:\/\/www.meydan.tv\/az\/article\/hebsde-olan-bas-redaktor-daxili-isler-nazirliyini-mehkemeye-verir\/"},"author":{"name":"user-manager","@id":"https:\/\/www.meydan.tv\/az\/#\/schema\/person\/10d11eccf6da3662cf5fdab9806ea91a"},"headline":"H\u0259bsd\u0259 olan ba\u015f redaktor Daxili \u0130\u015fl\u0259r Nazirliyini m\u0259hk\u0259m\u0259y\u0259 verir","datePublished":"2015-04-29T15:36:27+00:00","mainEntityOfPage":{"@id":"https:\/\/www.meydan.tv\/az\/article\/hebsde-olan-bas-redaktor-daxili-isler-nazirliyini-mehkemeye-verir\/"},"wordCount":467,"publisher":{"@id":"https:\/\/www.meydan.tv\/az\/#organization"},"image":{"@id":"https:\/\/www.meydan.tv\/az\/article\/hebsde-olan-bas-redaktor-daxili-isler-nazirliyini-mehkemeye-verir\/#primaryimage"},"thumbnailUrl":"https:\/\/www.meydan.tv\/wp-content\/uploads\/8530.jpg","articleSection":["X\u0259b\u0259rl\u0259r"],"inLanguage":"az"},{"@type":"WebPage","@id":"https:\/\/www.meydan.tv\/az\/article\/hebsde-olan-bas-redaktor-daxili-isler-nazirliyini-mehkemeye-verir\/","url":"https:\/\/www.meydan.tv\/az\/article\/hebsde-olan-bas-redaktor-daxili-isler-nazirliyini-mehkemeye-verir\/","name":"H\u0259bsd\u0259 olan ba\u015f redaktor Daxili \u0130\u015fl\u0259r Nazirliyini m\u0259hk\u0259m\u0259y\u0259 verir - MEYDAN.TV","isPartOf":{"@id":"https:\/\/www.meydan.tv\/az\/#website"},"primaryImageOfPage":{"@id":"https:\/\/www.meydan.tv\/az\/article\/hebsde-olan-bas-redaktor-daxili-isler-nazirliyini-mehkemeye-verir\/#primaryimage"},"image":{"@id":"https:\/\/www.meydan.tv\/az\/article\/hebsde-olan-bas-redaktor-daxili-isler-nazirliyini-mehkemeye-verir\/#primaryimage"},"thumbnailUrl":"https:\/\/www.meydan.tv\/wp-content\/uploads\/8530.jpg","datePublished":"2015-04-29T15:36:27+00:00","breadcrumb":{"@id":"https:\/\/www.meydan.tv\/az\/article\/hebsde-olan-bas-redaktor-daxili-isler-nazirliyini-mehkemeye-verir\/#breadcrumb"},"inLanguage":"az","potentialAction":[{"@type":"ReadAction","target":["https:\/\/www.meydan.tv\/az\/article\/hebsde-olan-bas-redaktor-daxili-isler-nazirliyini-mehkemeye-verir\/"]}]},{"@type":"ImageObject","inLanguage":"az","@id":"https:\/\/www.meydan.tv\/az\/article\/hebsde-olan-bas-redaktor-daxili-isler-nazirliyini-mehkemeye-verir\/#primaryimage","url":"https:\/\/www.meydan.tv\/wp-content\/uploads\/8530.jpg","contentUrl":"https:\/\/www.meydan.tv\/wp-content\/uploads\/8530.jpg","width":428,"height":300,"caption":"Source:"},{"@type":"BreadcrumbList","@id":"https:\/\/www.meydan.tv\/az\/article\/hebsde-olan-bas-redaktor-daxili-isler-nazirliyini-mehkemeye-verir\/#breadcrumb","itemListElement":[{"@type":"ListItem","position":1,"name":"Ana s\u0259hif\u0259","item":"https:\/\/www.meydan.tv\/az\/"},{"@type":"ListItem","position":2,"name":"X\u0259b\u0259rl\u0259r","item":"https:\/\/www.meydan.tv\/az\/section\/xeberler\/"},{"@type":"ListItem","position":3,"name":"H\u0259bsd\u0259 olan ba\u015f redaktor Daxili \u0130\u015fl\u0259r Nazirliyini m\u0259hk\u0259m\u0259y\u0259 verir"}]},{"@type":"WebSite","@id":"https:\/\/www.meydan.tv\/az\/#website","url":"https:\/\/www.meydan.tv\/az\/","name":"MEYDAN.TV","description":"Meydan TV Az\u0259rbaycan\u0131n media m\u0259kan\u0131ndak\u0131 alternativ s\u0259sidir","publisher":{"@id":"https:\/\/www.meydan.tv\/az\/#organization"},"potentialAction":[{"@type":"SearchAction","target":{"@type":"EntryPoint","urlTemplate":"https:\/\/www.meydan.tv\/az\/?s={search_term_string}"},"query-input":{"@type":"PropertyValueSpecification","valueRequired":true,"valueName":"search_term_string"}}],"inLanguage":"az"},{"@type":"Organization","@id":"https:\/\/www.meydan.tv\/az\/#organization","name":"Meydan TV","url":"https:\/\/www.meydan.tv\/az\/","logo":{"@type":"ImageObject","inLanguage":"az","@id":"https:\/\/www.meydan.tv\/az\/#\/schema\/logo\/image\/","url":"https:\/\/www.meydan.tv\/wp-content\/uploads\/2021\/07\/meydan-logo.svg","contentUrl":"https:\/\/www.meydan.tv\/wp-content\/uploads\/2021\/07\/meydan-logo.svg","width":195,"height":46,"caption":"Meydan TV"},"image":{"@id":"https:\/\/www.meydan.tv\/az\/#\/schema\/logo\/image\/"}},{"@type":"Person","@id":"https:\/\/www.meydan.tv\/az\/#\/schema\/person\/10d11eccf6da3662cf5fdab9806ea91a","name":"user-manager"}]}},"_links":{"self":[{"href":"https:\/\/www.meydan.tv\/az\/wp-json\/wp\/v2\/posts\/167723","targetHints":{"allow":["GET"]}}],"collection":[{"href":"https:\/\/www.meydan.tv\/az\/wp-json\/wp\/v2\/posts"}],"about":[{"href":"https:\/\/www.meydan.tv\/az\/wp-json\/wp\/v2\/types\/post"}],"author":[{"embeddable":true,"href":"https:\/\/www.meydan.tv\/az\/wp-json\/wp\/v2\/users\/11"}],"replies":[{"embeddable":true,"href":"https:\/\/www.meydan.tv\/az\/wp-json\/wp\/v2\/comments?post=167723"}],"version-history":[{"count":0,"href":"https:\/\/www.meydan.tv\/az\/wp-json\/wp\/v2\/posts\/167723\/revisions"}],"wp:featuredmedia":[{"embeddable":true,"href":"https:\/\/www.meydan.tv\/az\/wp-json\/wp\/v2\/media\/23474"}],"wp:attachment":[{"href":"https:\/\/www.meydan.tv\/az\/wp-json\/wp\/v2\/media?parent=167723"}],"wp:term":[{"taxonomy":"category","embeddable":true,"href":"https:\/\/www.meydan.tv\/az\/wp-json\/wp\/v2\/categories?post=167723"},{"taxonomy":"post_tag","embeddable":true,"href":"https:\/\/www.meydan.tv\/az\/wp-json\/wp\/v2\/tags?post=167723"}],"curies":[{"name":"wp","href":"https:\/\/api.w.org\/{rel}","templated":true}]}}