{"id":167722,"date":"2015-04-29T15:16:44","date_gmt":"2015-04-29T15:16:44","guid":{"rendered":"https:\/\/www.meydan.tv\/article\/avropa-oyunlari-ucun-olkeye-gelen-turistlerin-qarsisinda-ozumu-yandirim\/"},"modified":"2015-04-29T15:16:44","modified_gmt":"2015-04-29T15:16:44","slug":"avropa-oyunlari-ucun-olkeye-gelen-turistlerin-qarsisinda-ozumu-yandirim","status":"publish","type":"post","link":"https:\/\/www.meydan.tv\/az\/article\/avropa-oyunlari-ucun-olkeye-gelen-turistlerin-qarsisinda-ozumu-yandirim\/","title":{"rendered":"&#8220;Avropa oyunlar\u0131 \u00fc\u00e7\u00fcn \u00f6lk\u0259y\u0259 g\u0259l\u0259n turistl\u0259rin qar\u015f\u0131s\u0131nda \u00f6z\u00fcm\u00fc yand\u0131r\u0131m?&#8221;"},"content":{"rendered":"<figure class=\"wp-block-image size-large\">\n  <img decoding=\"async\" src=\"https:\/\/www.meydan.tv\/az\/23468\/\" alt=\"\" class=\"wp-image-23468\"\/><figcaption><\/figcaption><\/figure>\n<figure class=\"wp-block-image size-large\">\n  <img decoding=\"async\" src=\"https:\/\/www.meydan.tv\/az\/23468\/\" alt=\"\" class=\"wp-image-23468\"\/><figcaption><\/figcaption><\/figure>\n<p>\n  <i><br \/>\n    M\u0259n\u0259vi terrora m\u0259ruz qald\u0131\u011f\u0131n\u0131 dey\u0259n jurnalist \u00e7\u0131x\u0131\u015f yolunu intiharda g\u00f6r\u00fcr<br \/>\n  <\/i>\n<\/p>\n<p>\n  Jurnalist Aynur \u0130mranova m\u0259n\u0259vi terrora m\u0259ruz qalmas\u0131 il\u0259 ba\u011fl\u0131 ictimaiyy\u0259t\u0259 m\u00fcraci\u0259t edib. \u00d6z\u00fcn\u00fcn Facebook s\u0259hif\u0259sind\u0259 bu bar\u0259d\u0259 yazan jurnalist\u00a0 deyir ki, 1 ild\u0259n art\u0131qd\u0131r bank hesablar\u0131 h\u0259bsd\u0259dir: \u201cH\u0259l\u0259 ke\u00e7\u0259n ilin may ay\u0131ndan bu m\u0259\u015fhur QHT i\u015fi il\u0259 ba\u011fl\u0131 \u015fahid kimi c\u0259lb edilmi\u015f\u0259m. Onu da qeyd edim ki, bu i\u015fl\u0259 h\u0259bs olunanlar\u0131n he\u00e7 biri il\u0259 ortaq \u0259m\u0259kda\u015fl\u0131\u011f\u0131m olmay\u0131b. Maydan sentyabra q\u0259d\u0259r \u015f\u0259xsim\u0259 qar\u015f\u0131 absurd suallara cavab verm\u0259k \u00fc\u00e7\u00fcn d\u0259f\u0259l\u0259rl\u0259 Ba\u015f Prokurorlu\u011fun A\u011f\u0131r Cinay\u0259tl\u0259r\u0259 Dair \u0130\u015fl\u0259r \u00fczr\u0259 \u0130stintaq \u0130dar\u0259sin\u0259 \u00e7a\u011fr\u0131lm\u0131\u015fam. Sad\u0259c\u0259 bir d\u0259f\u0259 telefona cavab verm\u0259mi\u015f\u0259m dey\u0259 Z\u0259rdab rayonunda ya\u015fayan anam\u0131n evin\u0259 polis g\u00f6nd\u0259rilib, ail\u0259m\u0259 t\u0259zyiq olunub.\n<\/p>\n<p>\n  Oktyabr ay\u0131nda G\u00fcrc\u00fcstana s\u0259f\u0259rim zaman\u0131 m\u0259hk\u0259m\u0259 q\u0259rar\u0131 t\u0259qdim olunmadan \u015f\u0259xsi bax\u0131\u015fa m\u0259ruz qald\u0131m. Bir v\u0259t\u0259nda\u015f kimi t\u0259hqir olundum, h\u00fcquqlar\u0131m tapdaland\u0131. Sonra noyabr ay\u0131nda m\u0259nim \u00f6lk\u0259d\u0259n \u00e7\u0131x\u0131\u015f\u0131m\u0131 da ba\u011flad\u0131lar. B\u00fct\u00fcn xarici s\u0259f\u0259rl\u0259rim l\u0259\u011fv oldu, i\u015ftirak \u00fc\u00e7\u00fcn d\u0259v\u0259t ald\u0131\u011f\u0131m bir ne\u00e7\u0259 konfransa ged\u0259 bilm\u0259dim\u201d.\n<\/p>\n<p>\n  Aynur \u0130mranova deyir ki, \u00f6t\u0259n ilin dekabr\u0131ndan ara\u015fd\u0131rma\u00e7\u0131 jurnalist X\u0259dic\u0259 \u0130smay\u0131lovan\u0131n i\u015fi il\u0259 ba\u011fl\u0131 istintaqa c\u0259lb olunub: \u201cDekabr-yanvar aylar\u0131nda Bak\u0131 \u015f\u0259h\u0259r Prokurorlu\u011funda dem\u0259k olar ki, m\u0259n\u0259vi terrorla \u00fcz-\u00fcz\u0259 qald\u0131m. M\u0259ni h\u0259r g\u00fcn istintaqa \u00e7a\u011f\u0131r\u0131r, saatlarca X\u0259dic\u0259nin \u015f\u0259xsi h\u0259yat\u0131na dair, i\u015f\u0259 aid olmayan suallar verirdil\u0259r. He\u00e7 n\u0259 bilm\u0259diyimi israrla bildirs\u0259m d\u0259, t\u0259zyiql\u0259r davam edirdi. \u0130ki ay \u0259rzind\u0259 m\u0259n c\u0259mi iki d\u0259f\u0259 yaz\u0131l\u0131 ifad\u0259 vermi\u015fdim. Halbuki, \u0259n az\u0131 20 d\u0259f\u0259 prokurorluqda saatlarla sor\u011fu-sual edilmi\u015fdim. X\u0259dic\u0259nin ad\u0131n\u0131n israrla m\u0259nim r\u0259hb\u0259ri oldu\u011fum bir layih\u0259y\u0259 qo\u015fulmas\u0131na s\u0259y g\u00f6st\u0259rilirdi. Orda ba\u015f\u0131ma g\u0259l\u0259nl\u0259ri yazsam \u00e7ox uzun al\u0131nacaq. Amma n\u0259hay\u0259t ki, m\u0259ni kimins\u0259 \u00fcz\u00fcn\u0259 qoya bilm\u0259y\u0259c\u0259kl\u0259rini anlay\u0131b \u0259l \u00e7\u0259kdil\u0259r\u201d.\n<\/p>\n<p>\n  Jurnalist deyir ki, bir m\u00fcdd\u0259t h\u0259bs olunaca\u011f\u0131 h\u0259y\u0259can\u0131 il\u0259 ya\u015fay\u0131b: \u201cDavam\u0131nda Ba\u015f Prokurorlu\u011fun A\u011f\u0131r Cinay\u0259tl\u0259r\u0259 Dair \u0130\u015fl\u0259r \u00fczr\u0259 \u0130stintaq \u0130dar\u0259sin\u0259 yenid\u0259n \u00e7a\u011fr\u0131lma\u011fa ba\u015flad\u0131m. S\u0259tiralt\u0131 h\u0259d\u0259-qorxu o q\u0259d\u0259r idi ki, m\u0259n h\u0259tta 10 g\u00fcn\u0259 yax\u0131n bir m\u00fcdd\u0259td\u0259 h\u0259r g\u00fcn h\u0259bs olunaca\u011f\u0131m\u0131 d\u00fc\u015f\u00fcn\u0259r\u0259k sor\u011fuya haz\u0131r \u00e7anta il\u0259 gedirdim. Buna m\u0259ni h\u0259r d\u0259f\u0259 idar\u0259y\u0259 q\u0259d\u0259r m\u00fc\u015fayi\u0259t ed\u0259n dostlar\u0131m da \u015fahiddir. \u00d6vlad\u0131m yetkinlik ya\u015f\u0131na \u00e7atmad\u0131\u011f\u0131 \u00fc\u00e7\u00fcn h\u0259bsd\u0259n sonra ilkin d\u00f6vrd\u0259 yan\u0131ma kimins\u0259 g\u0259l\u0259 bilm\u0259y\u0259c\u0259yini d\u00fc\u015f\u00fcn\u0259r\u0259k, \u00f6z\u00fcm\u0259 ki\u00e7ik bir \u00e7anta haz\u0131rlam\u0131\u015fd\u0131m. Siz m\u0259nim o \u00e7anta il\u0259 h\u0259r gen evd\u0259n \u00e7\u0131xark\u0259n \u00f6vlad\u0131m\u0131n ya\u015fad\u0131qlar\u0131n\u0131 d\u00fc\u015f\u00fcn\u0259 bilirsinizmi?! Bu travman\u0131n cavab\u0131n\u0131 kim ver\u0259c\u0259k?!\n<\/p>\n<p>\n  Sor\u011fularda bu t\u0259zyiql\u0259rin birba\u015fa yaz\u0131lar\u0131mla ba\u011fl\u0131 oldu\u011funu anlamaq \u00e7\u0259tin deyildi. Suallar da bu istiqam\u0259td\u0259 idi. M\u0259n yuxar\u0131da yazd\u0131\u011f\u0131m b\u00fct\u00fcn t\u0259zyiql\u0259rl\u0259 ba\u011fl\u0131 m\u0259hk\u0259m\u0259 prosesl\u0259ri ba\u015flatm\u0131\u015fam. Bank hesablar\u0131mla ba\u011fl\u0131 i\u015fim art\u0131q Avropa M\u0259hk\u0259m\u0259sind\u0259 qeydiyyata g\u00f6t\u00fcr\u00fcl\u00fcb. \u00d6lk\u0259d\u0259n \u00e7\u0131x\u0131\u015f\u0131m ba\u011fl\u0131 m\u0259hk\u0259m\u0259m davam edir v\u0259 s\u0259rh\u0259dd\u0259 qanunsuz \u015f\u0259xsi bax\u0131\u015fla ba\u011fl\u0131 i\u015fiml\u0259 \u0259laq\u0259dar m\u0259hk\u0259m\u0259 q\u0259rar\u0131ndan apellyasiya \u015fikay\u0259ti vermi\u015fik\u201d.\n<\/p>\n<p>\n  Jurnalist deyir ki, b\u00fct\u00fcn bunlara r\u0259\u011fm\u0259n ona qar\u015f\u0131 t\u0259zyiql\u0259r h\u0259l\u0259 d\u0259 davam edir: \u201cM\u0259n\u0259 t\u0259zyiql\u0259r h\u0259l\u0259 d\u0259 davam edir. Novruz bayram\u0131ndan sonra yen\u0259 \u0130dar\u0259y\u0259 \u00e7a\u011fr\u0131lma\u011fa ba\u015flam\u0131\u015fam. &#8220;N\u0259yl\u0259 dolan\u0131rsan&#8221;, &#8220;hardan qazan\u0131rsan&#8221; dey\u0259 m\u0259ntiqsiz suallarla \u00fcz-\u00fcz\u0259 qalm\u0131\u015fam. Bel\u0259 ba\u015fa d\u00fc\u015f\u00fcr\u0259m ki, m\u0259nim \u00f6lm\u0259yimi g\u00f6zl\u0259yirl\u0259r. B\u00fct\u00fcn bu olanlar sa\u011flaml\u0131\u011f\u0131ma ciddi z\u0259rb\u0259 vurur. M\u0259nim beynimd\u0259 hipofiz v\u0259zinin adenomas\u0131 var, eyni zamanda t\u0259zyiq x\u0259st\u0259siy\u0259m. H\u0259yat yolda\u015f\u0131m orduda h\u0259lak olandan sonra d\u0259f\u0259l\u0259rl\u0259 xaricd\u0259 m\u00fcalic\u0259 olunmu\u015fam v\u0259 yaln\u0131z bundan sonra normal h\u0259yata qay\u0131da bilmi\u015f\u0259m. M\u00fcalic\u0259l\u0259rim davaml\u0131 olmazsa, bir g\u00f6z\u00fcm\u00fcn tutulaca\u011f\u0131 il\u0259 ba\u011fl\u0131 h\u0259kiml\u0259r x\u0259b\u0259rdarl\u0131q edib. Amma m\u0259ni sald\u0131qlar\u0131 h\u0259m maddi s\u0131x\u0131nt\u0131lar, h\u0259m d\u0259 h\u0259r\u0259k\u0259t m\u0259hdudiyy\u0259tim \u00fcz\u00fcnd\u0259n m\u00fcalic\u0259mi davam etdir\u0259 bilmir\u0259m. Son m\u00fcayin\u0259 zaman\u0131 h\u0259kimim ya\u015fad\u0131\u011f\u0131m stressl\u0259rin h\u0259yat\u0131m\u0131 t\u0259hl\u00fck\u0259 alt\u0131na sald\u0131\u011f\u0131n\u0131 bildirdi.\n<\/p>\n<p>\n  Hal-haz\u0131rda bu \u015f\u0259xsim\u0259 qar\u015f\u0131 edil\u0259n t\u0259zyiql\u0259r m\u0259ni \u00e7ox a\u011f\u0131r duruma sal\u0131b. D\u0259f\u0259l\u0259rl\u0259 Ba\u015f prokuror Zakir Qaralova v\u0259ziyy\u0259timl\u0259 ba\u011fl\u0131 m\u00fcraci\u0259t el\u0259mi\u015f\u0259m. M\u0259ktublar\u0131n \u00e7atmas\u0131 il\u0259 ba\u011fl\u0131 bildiri\u015f g\u0259ls\u0259 d\u0259, cavab olmay\u0131b\u201d.\n<\/p>\n<p>\n  Jurnalist \u00e7\u0131x\u0131\u015f yolunu intiharda g\u00f6r\u00fcr: \u201cM\u0259nim himay\u0259md\u0259 yetkinlik ya\u015f\u0131na \u00e7atmayan \u00f6vlad\u0131m var, onun normal ya\u015fay\u0131\u015f\u0131n\u0131 t\u0259min etm\u0259k \u00fc\u00e7\u00fcn bu g\u00fcn qar\u015f\u0131la\u015fd\u0131\u011f\u0131m a\u011f\u0131r durumdan he\u00e7 bir \u00e7\u0131x\u0131\u015f yolu tapa bilmir\u0259m. \u0130ndi m\u0259n neyn\u0259m\u0259liy\u0259m? Avropa oyunlar\u0131 \u00fc\u00e7\u00fcn \u00f6lk\u0259y\u0259 g\u0259l\u0259n turistl\u0259rin qar\u015f\u0131s\u0131nda \u00f6z\u00fcm\u00fc yand\u0131r\u0131m? Bu add\u0131m\u0131m kim\u0259s\u0259 h\u0259d\u0259-qorxu g\u0259lm\u0259k \u00fc\u00e7\u00fcn deyil. M\u0259n Konstitusiya il\u0259 qorunan h\u00fcquqlar\u0131m\u0131n pozulmas\u0131ndan cana doymu\u015fam. \u00d6z\u00fcm\u00fc v\u0259 \u00f6vlad\u0131m\u0131 bu m\u0259n\u0259vi i\u015fg\u0259nc\u0259d\u0259n qurtarma\u011f\u0131n ba\u015fqa yolunu g\u00f6rm\u00fcr\u0259m.\n<\/p>\n<p>\n  Y\u0259qin ki, bu g\u00fcnl\u0259rd\u0259 m\u0259tbuat konfrans\u0131 ke\u00e7irib daha \u00e7ox detallar\u0131 da a\u00e7\u0131qlayacam. Bu bar\u0259d\u0259 art\u0131q xarici media orqanlar\u0131na m\u0259ktublar da g\u00f6nd\u0259rmi\u015f\u0259m\u201d.<\/p>\n","protected":false},"excerpt":{"rendered":"<p>M\u0259n\u0259vi terrora m\u0259ruz qald\u0131\u011f\u0131n\u0131 dey\u0259n jurnalist \u00e7\u0131x\u0131\u015f yolunu intiharda g\u00f6r\u00fcr<\/p>\n","protected":false},"author":11,"featured_media":23468,"comment_status":"closed","ping_status":"open","sticky":false,"template":"","format":"standard","meta":{"_acf_changed":false,"_sitemap_exclude":false,"_sitemap_priority":"","_sitemap_frequency":"","footnotes":""},"categories":[56],"tags":[],"class_list":["post-167722","post","type-post","status-publish","format-standard","has-post-thumbnail","hentry","category-xeberler","infinite-scroll-item","generate-columns","tablet-grid-50","mobile-grid-100","grid-parent","grid-33","no-featured-image-padding"],"acf":[],"yoast_head":"<!-- This site is optimized with the Yoast SEO plugin v28.4 - https:\/\/yoast.com\/product\/yoast-seo-wordpress\/ -->\n<title>&quot;Avropa oyunlar\u0131 \u00fc\u00e7\u00fcn \u00f6lk\u0259y\u0259 g\u0259l\u0259n turistl\u0259rin qar\u015f\u0131s\u0131nda \u00f6z\u00fcm\u00fc yand\u0131r\u0131m?&quot; - MEYDAN.TV<\/title>\n<meta name=\"robots\" content=\"index, follow, max-snippet:-1, max-image-preview:large, max-video-preview:-1\" \/>\n<link rel=\"canonical\" href=\"https:\/\/www.meydan.tv\/az\/article\/avropa-oyunlari-ucun-olkeye-gelen-turistlerin-qarsisinda-ozumu-yandirim\/\" \/>\n<meta property=\"og:locale\" content=\"az_AZ\" \/>\n<meta property=\"og:type\" content=\"article\" \/>\n<meta property=\"og:title\" content=\"&quot;Avropa oyunlar\u0131 \u00fc\u00e7\u00fcn \u00f6lk\u0259y\u0259 g\u0259l\u0259n turistl\u0259rin qar\u015f\u0131s\u0131nda \u00f6z\u00fcm\u00fc yand\u0131r\u0131m?&quot; - MEYDAN.TV\" \/>\n<meta property=\"og:description\" content=\"M\u0259n\u0259vi terrora m\u0259ruz qald\u0131\u011f\u0131n\u0131 dey\u0259n jurnalist \u00e7\u0131x\u0131\u015f yolunu intiharda g\u00f6r\u00fcr\" \/>\n<meta property=\"og:url\" content=\"https:\/\/www.meydan.tv\/az\/article\/avropa-oyunlari-ucun-olkeye-gelen-turistlerin-qarsisinda-ozumu-yandirim\/\" \/>\n<meta property=\"og:site_name\" content=\"MEYDAN.TV\" \/>\n<meta property=\"article:published_time\" content=\"2015-04-29T15:16:44+00:00\" \/>\n<meta property=\"og:image\" content=\"https:\/\/www.meydan.tv\/wp-content\/uploads\/8529.jpg\" \/>\n\t<meta property=\"og:image:width\" content=\"400\" \/>\n\t<meta property=\"og:image:height\" content=\"300\" \/>\n\t<meta property=\"og:image:type\" content=\"image\/jpeg\" \/>\n<meta name=\"twitter:card\" content=\"summary_large_image\" \/>\n<!-- \/ Yoast SEO plugin. -->","yoast_head_json":{"title":"\"Avropa oyunlar\u0131 \u00fc\u00e7\u00fcn \u00f6lk\u0259y\u0259 g\u0259l\u0259n turistl\u0259rin qar\u015f\u0131s\u0131nda \u00f6z\u00fcm\u00fc yand\u0131r\u0131m?\" - MEYDAN.TV","robots":{"index":"index","follow":"follow","max-snippet":"max-snippet:-1","max-image-preview":"max-image-preview:large","max-video-preview":"max-video-preview:-1"},"canonical":"https:\/\/www.meydan.tv\/az\/article\/avropa-oyunlari-ucun-olkeye-gelen-turistlerin-qarsisinda-ozumu-yandirim\/","og_locale":"az_AZ","og_type":"article","og_title":"\"Avropa oyunlar\u0131 \u00fc\u00e7\u00fcn \u00f6lk\u0259y\u0259 g\u0259l\u0259n turistl\u0259rin qar\u015f\u0131s\u0131nda \u00f6z\u00fcm\u00fc yand\u0131r\u0131m?\" - MEYDAN.TV","og_description":"M\u0259n\u0259vi terrora m\u0259ruz qald\u0131\u011f\u0131n\u0131 dey\u0259n jurnalist \u00e7\u0131x\u0131\u015f yolunu intiharda g\u00f6r\u00fcr","og_url":"https:\/\/www.meydan.tv\/az\/article\/avropa-oyunlari-ucun-olkeye-gelen-turistlerin-qarsisinda-ozumu-yandirim\/","og_site_name":"MEYDAN.TV","article_published_time":"2015-04-29T15:16:44+00:00","og_image":[{"width":400,"height":300,"url":"https:\/\/www.meydan.tv\/wp-content\/uploads\/8529.jpg","type":"image\/jpeg"}],"twitter_card":"summary_large_image","schema":{"@context":"https:\/\/schema.org","@graph":[{"@type":"Article","@id":"https:\/\/www.meydan.tv\/az\/article\/avropa-oyunlari-ucun-olkeye-gelen-turistlerin-qarsisinda-ozumu-yandirim\/#article","isPartOf":{"@id":"https:\/\/www.meydan.tv\/az\/article\/avropa-oyunlari-ucun-olkeye-gelen-turistlerin-qarsisinda-ozumu-yandirim\/"},"author":{"name":"user-manager","@id":"https:\/\/www.meydan.tv\/az\/#\/schema\/person\/10d11eccf6da3662cf5fdab9806ea91a"},"headline":"&#8220;Avropa oyunlar\u0131 \u00fc\u00e7\u00fcn \u00f6lk\u0259y\u0259 g\u0259l\u0259n turistl\u0259rin qar\u015f\u0131s\u0131nda \u00f6z\u00fcm\u00fc yand\u0131r\u0131m?&#8221;","datePublished":"2015-04-29T15:16:44+00:00","mainEntityOfPage":{"@id":"https:\/\/www.meydan.tv\/az\/article\/avropa-oyunlari-ucun-olkeye-gelen-turistlerin-qarsisinda-ozumu-yandirim\/"},"wordCount":1127,"publisher":{"@id":"https:\/\/www.meydan.tv\/az\/#organization"},"image":{"@id":"https:\/\/www.meydan.tv\/az\/article\/avropa-oyunlari-ucun-olkeye-gelen-turistlerin-qarsisinda-ozumu-yandirim\/#primaryimage"},"thumbnailUrl":"https:\/\/www.meydan.tv\/wp-content\/uploads\/8529.jpg","articleSection":["X\u0259b\u0259rl\u0259r"],"inLanguage":"az"},{"@type":"WebPage","@id":"https:\/\/www.meydan.tv\/az\/article\/avropa-oyunlari-ucun-olkeye-gelen-turistlerin-qarsisinda-ozumu-yandirim\/","url":"https:\/\/www.meydan.tv\/az\/article\/avropa-oyunlari-ucun-olkeye-gelen-turistlerin-qarsisinda-ozumu-yandirim\/","name":"\"Avropa oyunlar\u0131 \u00fc\u00e7\u00fcn \u00f6lk\u0259y\u0259 g\u0259l\u0259n turistl\u0259rin qar\u015f\u0131s\u0131nda \u00f6z\u00fcm\u00fc yand\u0131r\u0131m?\" - MEYDAN.TV","isPartOf":{"@id":"https:\/\/www.meydan.tv\/az\/#website"},"primaryImageOfPage":{"@id":"https:\/\/www.meydan.tv\/az\/article\/avropa-oyunlari-ucun-olkeye-gelen-turistlerin-qarsisinda-ozumu-yandirim\/#primaryimage"},"image":{"@id":"https:\/\/www.meydan.tv\/az\/article\/avropa-oyunlari-ucun-olkeye-gelen-turistlerin-qarsisinda-ozumu-yandirim\/#primaryimage"},"thumbnailUrl":"https:\/\/www.meydan.tv\/wp-content\/uploads\/8529.jpg","datePublished":"2015-04-29T15:16:44+00:00","breadcrumb":{"@id":"https:\/\/www.meydan.tv\/az\/article\/avropa-oyunlari-ucun-olkeye-gelen-turistlerin-qarsisinda-ozumu-yandirim\/#breadcrumb"},"inLanguage":"az","potentialAction":[{"@type":"ReadAction","target":["https:\/\/www.meydan.tv\/az\/article\/avropa-oyunlari-ucun-olkeye-gelen-turistlerin-qarsisinda-ozumu-yandirim\/"]}]},{"@type":"ImageObject","inLanguage":"az","@id":"https:\/\/www.meydan.tv\/az\/article\/avropa-oyunlari-ucun-olkeye-gelen-turistlerin-qarsisinda-ozumu-yandirim\/#primaryimage","url":"https:\/\/www.meydan.tv\/wp-content\/uploads\/8529.jpg","contentUrl":"https:\/\/www.meydan.tv\/wp-content\/uploads\/8529.jpg","width":400,"height":300,"caption":"Source:"},{"@type":"BreadcrumbList","@id":"https:\/\/www.meydan.tv\/az\/article\/avropa-oyunlari-ucun-olkeye-gelen-turistlerin-qarsisinda-ozumu-yandirim\/#breadcrumb","itemListElement":[{"@type":"ListItem","position":1,"name":"Ana s\u0259hif\u0259","item":"https:\/\/www.meydan.tv\/az\/"},{"@type":"ListItem","position":2,"name":"X\u0259b\u0259rl\u0259r","item":"https:\/\/www.meydan.tv\/az\/section\/xeberler\/"},{"@type":"ListItem","position":3,"name":"&#8220;Avropa oyunlar\u0131 \u00fc\u00e7\u00fcn \u00f6lk\u0259y\u0259 g\u0259l\u0259n turistl\u0259rin qar\u015f\u0131s\u0131nda \u00f6z\u00fcm\u00fc yand\u0131r\u0131m?&#8221;"}]},{"@type":"WebSite","@id":"https:\/\/www.meydan.tv\/az\/#website","url":"https:\/\/www.meydan.tv\/az\/","name":"MEYDAN.TV","description":"Meydan TV Az\u0259rbaycan\u0131n media m\u0259kan\u0131ndak\u0131 alternativ s\u0259sidir","publisher":{"@id":"https:\/\/www.meydan.tv\/az\/#organization"},"potentialAction":[{"@type":"SearchAction","target":{"@type":"EntryPoint","urlTemplate":"https:\/\/www.meydan.tv\/az\/?s={search_term_string}"},"query-input":{"@type":"PropertyValueSpecification","valueRequired":true,"valueName":"search_term_string"}}],"inLanguage":"az"},{"@type":"Organization","@id":"https:\/\/www.meydan.tv\/az\/#organization","name":"Meydan TV","url":"https:\/\/www.meydan.tv\/az\/","logo":{"@type":"ImageObject","inLanguage":"az","@id":"https:\/\/www.meydan.tv\/az\/#\/schema\/logo\/image\/","url":"https:\/\/www.meydan.tv\/wp-content\/uploads\/2021\/07\/meydan-logo.svg","contentUrl":"https:\/\/www.meydan.tv\/wp-content\/uploads\/2021\/07\/meydan-logo.svg","width":195,"height":46,"caption":"Meydan TV"},"image":{"@id":"https:\/\/www.meydan.tv\/az\/#\/schema\/logo\/image\/"}},{"@type":"Person","@id":"https:\/\/www.meydan.tv\/az\/#\/schema\/person\/10d11eccf6da3662cf5fdab9806ea91a","name":"user-manager"}]}},"_links":{"self":[{"href":"https:\/\/www.meydan.tv\/az\/wp-json\/wp\/v2\/posts\/167722","targetHints":{"allow":["GET"]}}],"collection":[{"href":"https:\/\/www.meydan.tv\/az\/wp-json\/wp\/v2\/posts"}],"about":[{"href":"https:\/\/www.meydan.tv\/az\/wp-json\/wp\/v2\/types\/post"}],"author":[{"embeddable":true,"href":"https:\/\/www.meydan.tv\/az\/wp-json\/wp\/v2\/users\/11"}],"replies":[{"embeddable":true,"href":"https:\/\/www.meydan.tv\/az\/wp-json\/wp\/v2\/comments?post=167722"}],"version-history":[{"count":0,"href":"https:\/\/www.meydan.tv\/az\/wp-json\/wp\/v2\/posts\/167722\/revisions"}],"wp:featuredmedia":[{"embeddable":true,"href":"https:\/\/www.meydan.tv\/az\/wp-json\/wp\/v2\/media\/23468"}],"wp:attachment":[{"href":"https:\/\/www.meydan.tv\/az\/wp-json\/wp\/v2\/media?parent=167722"}],"wp:term":[{"taxonomy":"category","embeddable":true,"href":"https:\/\/www.meydan.tv\/az\/wp-json\/wp\/v2\/categories?post=167722"},{"taxonomy":"post_tag","embeddable":true,"href":"https:\/\/www.meydan.tv\/az\/wp-json\/wp\/v2\/tags?post=167722"}],"curies":[{"name":"wp","href":"https:\/\/api.w.org\/{rel}","templated":true}]}}