{"id":167720,"date":"2015-04-29T14:28:47","date_gmt":"2015-04-29T14:28:47","guid":{"rendered":"https:\/\/www.meydan.tv\/article\/freedom-house-azerbaycanda-kiv-azad-olmayaraq-qalir\/"},"modified":"2015-04-29T14:28:47","modified_gmt":"2015-04-29T14:28:47","slug":"freedom-house-azerbaycanda-kiv-azad-olmayaraq-qalir","status":"publish","type":"post","link":"https:\/\/www.meydan.tv\/az\/article\/freedom-house-azerbaycanda-kiv-azad-olmayaraq-qalir\/","title":{"rendered":"Freedom House: Az\u0259rbaycanda K\u0130V azad olmayaraq qal\u0131r"},"content":{"rendered":"<figure class=\"wp-block-image size-large\">\n  <img decoding=\"async\" src=\"https:\/\/www.meydan.tv\/az\/23462\/\" alt=\"\" class=\"wp-image-23462\"\/><figcaption><\/figcaption><\/figure>\n<figure class=\"wp-block-image size-large\">\n  <img decoding=\"async\" src=\"https:\/\/www.meydan.tv\/az\/23462\/\" alt=\"\" class=\"wp-image-23462\"\/><figcaption><\/figcaption><\/figure>\n<p>\n  <i><br \/>\n    H\u00f6kum\u0259t m\u00fcst\u0259qil K\u0130V-\u0259 qar\u015f\u0131 iri h\u00fccum kampaniyas\u0131 h\u0259yata ke\u00e7irir, reydl\u0259r t\u0259\u015fkil edir, h\u0259d\u0259- qorxulara, m\u0259hdudla\u015fd\u0131r\u0131c\u0131 qanunlara, saxta cinay\u0259t ittihamlar\u0131na \u0259l at\u0131r<br \/>\n  <\/i>\n<\/p>\n<p>\n  2014-c\u00fc ild\u0259 b\u00fct\u00fcn d\u00fcnyada K\u0130V-in f\u0259aliyy\u0259ti \u00fc\u00e7\u00fcn v\u0259ziyy\u0259t pisl\u0259\u015f\u0259r\u0259k son 10 ild\u0259 k\u0259skin hal al\u0131b. Jurnalistl\u0259r h\u00f6kum\u0259tl\u0259r, cinay\u0259tkarlar v\u0259 K\u0130V sahibl\u0259ri t\u0259r\u0259find\u0259n b\u00f6y\u00fck m\u0259hdudiyy\u0259tl\u0259rl\u0259 \u00fczl\u0259\u015firl\u0259r. Bu bar\u0259d\u0259 Freedom House t\u0259\u015fkilat\u0131n\u0131n aprelin 28-d\u0259 a\u00e7\u0131qlad\u0131\u011f\u0131 illik hesabatda deyilir.\n<\/p>\n<p>\n  Layih\u0259nin r\u0259hb\u0259ri Cennifer Danhem hesab edir ki, h\u00f6kum\u0259t t\u0259nqidi s\u0259sl\u0259ri susdurmaq \u00fc\u00e7\u00fcn b\u0259han\u0259 kimi t\u0259hl\u00fck\u0259sizlik haqda qanunlardan istifad\u0259 edir, daha \u00e7ox jurnalistl\u0259r qorxudulur,\u00a0 K\u0130V sahibl\u0259ri siyasi v\u0259 ya biznes maraqlara xidm\u0259t etm\u0259k \u00fc\u00e7\u00fcn x\u0259b\u0259rl\u0259rl\u0259 manipulyasiya edirl\u0259r.\n<\/p>\n<p>\n  2014-c\u00fc ild\u0259 monitorinqin apar\u0131ld\u0131\u011f\u0131 199 \u00f6lk\u0259 v\u0259 \u0259razid\u0259n \u00a0\u00a063-\u00fc (32%) azad, 71-i (36%) qism\u0259n azad, 65-i (32%) qeyri-azad kimi tan\u0131n\u0131b.\n<\/p>\n<p>\n  \u018fvv\u0259lkit\u0259k azad m\u0259tbuat Avropa v\u0259 \u015eimali Amerikada f\u0259aliyy\u0259t g\u00f6st\u0259rir. \u018fn pis v\u0259ziyy\u0259t Afrika v\u0259 Avrasiyadad\u0131r.\n<\/p>\n<p>\n  Pis v\u0259ziyy\u0259td\u0259 olan 10 \u00f6lk\u0259 bunlard\u0131r: Belarus, Kr\u0131m, Kuba, Ekvatorial Qvineya, Eritreya, \u0130ran, \u015eimali Koreya, Suriya, T\u00fcrkm\u0259nistan, \u00d6zb\u0259kistan. Rusiyan\u0131n i\u015f\u011fal etdiyi Kr\u0131m ilk d\u0259f\u0259 olaraq ayr\u0131ca qiym\u0259tl\u0259ndirilib.\n<\/p>\n<p>\n  Rusiya h\u00f6kum\u0259ti K\u0130V \u00fcz\u0259rind\u0259 n\u0259zar\u0259ti s\u0259rtl\u0259\u015fdirib, m\u00fcst\u0259qil m\u0259tbuat\u0131 s\u0131x\u0131\u015fd\u0131r\u0131l\u0131r, mediaya d\u00f6vl\u0259t n\u0259zar\u0259ti \u015f\u0259b\u0259k\u0259si geni\u015fl\u0259ndirilir. Bu, \u00f6zg\u0259fikirliliyin qar\u015f\u0131s\u0131n\u0131n al\u0131nmas\u0131 v\u0259 xarici K\u0130V-\u0259 qar\u015f\u0131 \u0259ks-t\u0259bli\u011fat m\u0259qs\u0259dil\u0259 edilir.\n<\/p>\n<p>\n  Az\u0259rbaycan h\u00f6kum\u0259ti m\u00fcst\u0259qil K\u0130V-\u0259 qar\u015f\u0131 iri h\u00fccum kampaniyas\u0131 h\u0259yata ke\u00e7irir, reydl\u0259r t\u0259\u015fkil edir, h\u0259d\u0259- qorxulara, m\u0259hdudla\u015fd\u0131r\u0131c\u0131 qanunlara, saxta cinay\u0259t ittihamlar\u0131na \u0259l at\u0131r.\n<\/p>\n<p>\n  Az\u0259rbaycan \u00f6t\u0259n ilin g\u00f6st\u0259ricisini \u00fc\u00e7 b\u0259nd pisl\u0259\u015fdir\u0259r\u0259rk Qlobal reytinqd\u0259 188-ci yeri tutub v\u0259 yenid\u0259n qeyr-azad m\u0259tbuatl\u0131 \u00f6lk\u0259l\u0259r aras\u0131nda yer al\u0131b.\n<\/p>\n<p>\n  Onun qon\u015fular\u0131 Erm\u0259nistan 135-ci yer tutaraq qeyri-azad, G\u00fcrc\u00fcstan is\u0259 93-c\u00fc yerl\u0259 qism\u0259n azad \u00f6lk\u0259l\u0259r sras\u0131nda yer al\u0131b.<\/p>\n","protected":false},"excerpt":{"rendered":"<p>H\u00f6kum\u0259t m\u00fcst\u0259qil K\u0130V-\u0259 qar\u015f\u0131 iri h\u00fccum kampaniyas\u0131 h\u0259yata ke\u00e7irir, reydl\u0259r t\u0259\u015fkil edir, h\u0259d\u0259- qorxulara, m\u0259hdudla\u015fd\u0131r\u0131c\u0131 qanunlara, saxta cinay\u0259t ittihamlar\u0131na \u0259l at\u0131r<\/p>\n","protected":false},"author":11,"featured_media":23462,"comment_status":"closed","ping_status":"open","sticky":false,"template":"","format":"standard","meta":{"_acf_changed":false,"_sitemap_exclude":false,"_sitemap_priority":"","_sitemap_frequency":"","footnotes":""},"categories":[56],"tags":[],"class_list":["post-167720","post","type-post","status-publish","format-standard","has-post-thumbnail","hentry","category-xeberler","infinite-scroll-item","generate-columns","tablet-grid-50","mobile-grid-100","grid-parent","grid-33","no-featured-image-padding"],"acf":[],"yoast_head":"<!-- This site is optimized with the Yoast SEO plugin v28.4 - https:\/\/yoast.com\/product\/yoast-seo-wordpress\/ -->\n<title>Freedom House: Az\u0259rbaycanda K\u0130V azad olmayaraq qal\u0131r - MEYDAN.TV<\/title>\n<meta name=\"robots\" content=\"index, follow, max-snippet:-1, max-image-preview:large, max-video-preview:-1\" \/>\n<link rel=\"canonical\" href=\"https:\/\/www.meydan.tv\/az\/article\/freedom-house-azerbaycanda-kiv-azad-olmayaraq-qalir\/\" \/>\n<meta property=\"og:locale\" content=\"az_AZ\" \/>\n<meta property=\"og:type\" content=\"article\" \/>\n<meta property=\"og:title\" content=\"Freedom House: Az\u0259rbaycanda K\u0130V azad olmayaraq qal\u0131r - MEYDAN.TV\" \/>\n<meta property=\"og:description\" content=\"H\u00f6kum\u0259t m\u00fcst\u0259qil K\u0130V-\u0259 qar\u015f\u0131 iri h\u00fccum kampaniyas\u0131 h\u0259yata ke\u00e7irir, reydl\u0259r t\u0259\u015fkil edir, h\u0259d\u0259- qorxulara, m\u0259hdudla\u015fd\u0131r\u0131c\u0131 qanunlara, saxta cinay\u0259t ittihamlar\u0131na \u0259l at\u0131r\" \/>\n<meta property=\"og:url\" content=\"https:\/\/www.meydan.tv\/az\/article\/freedom-house-azerbaycanda-kiv-azad-olmayaraq-qalir\/\" \/>\n<meta property=\"og:site_name\" content=\"MEYDAN.TV\" \/>\n<meta property=\"article:published_time\" content=\"2015-04-29T14:28:47+00:00\" \/>\n<meta property=\"og:image\" content=\"https:\/\/www.meydan.tv\/wp-content\/uploads\/8524.jpg\" \/>\n\t<meta property=\"og:image:width\" content=\"400\" \/>\n\t<meta property=\"og:image:height\" content=\"286\" \/>\n\t<meta property=\"og:image:type\" content=\"image\/jpeg\" \/>\n<meta name=\"twitter:card\" content=\"summary_large_image\" \/>\n<!-- \/ Yoast SEO plugin. -->","yoast_head_json":{"title":"Freedom House: Az\u0259rbaycanda K\u0130V azad olmayaraq qal\u0131r - MEYDAN.TV","robots":{"index":"index","follow":"follow","max-snippet":"max-snippet:-1","max-image-preview":"max-image-preview:large","max-video-preview":"max-video-preview:-1"},"canonical":"https:\/\/www.meydan.tv\/az\/article\/freedom-house-azerbaycanda-kiv-azad-olmayaraq-qalir\/","og_locale":"az_AZ","og_type":"article","og_title":"Freedom House: Az\u0259rbaycanda K\u0130V azad olmayaraq qal\u0131r - MEYDAN.TV","og_description":"H\u00f6kum\u0259t m\u00fcst\u0259qil K\u0130V-\u0259 qar\u015f\u0131 iri h\u00fccum kampaniyas\u0131 h\u0259yata ke\u00e7irir, reydl\u0259r t\u0259\u015fkil edir, h\u0259d\u0259- qorxulara, m\u0259hdudla\u015fd\u0131r\u0131c\u0131 qanunlara, saxta cinay\u0259t ittihamlar\u0131na \u0259l at\u0131r","og_url":"https:\/\/www.meydan.tv\/az\/article\/freedom-house-azerbaycanda-kiv-azad-olmayaraq-qalir\/","og_site_name":"MEYDAN.TV","article_published_time":"2015-04-29T14:28:47+00:00","og_image":[{"width":400,"height":286,"url":"https:\/\/www.meydan.tv\/wp-content\/uploads\/8524.jpg","type":"image\/jpeg"}],"twitter_card":"summary_large_image","schema":{"@context":"https:\/\/schema.org","@graph":[{"@type":"Article","@id":"https:\/\/www.meydan.tv\/az\/article\/freedom-house-azerbaycanda-kiv-azad-olmayaraq-qalir\/#article","isPartOf":{"@id":"https:\/\/www.meydan.tv\/az\/article\/freedom-house-azerbaycanda-kiv-azad-olmayaraq-qalir\/"},"author":{"name":"user-manager","@id":"https:\/\/www.meydan.tv\/az\/#\/schema\/person\/10d11eccf6da3662cf5fdab9806ea91a"},"headline":"Freedom House: Az\u0259rbaycanda K\u0130V azad olmayaraq qal\u0131r","datePublished":"2015-04-29T14:28:47+00:00","mainEntityOfPage":{"@id":"https:\/\/www.meydan.tv\/az\/article\/freedom-house-azerbaycanda-kiv-azad-olmayaraq-qalir\/"},"wordCount":422,"publisher":{"@id":"https:\/\/www.meydan.tv\/az\/#organization"},"image":{"@id":"https:\/\/www.meydan.tv\/az\/article\/freedom-house-azerbaycanda-kiv-azad-olmayaraq-qalir\/#primaryimage"},"thumbnailUrl":"https:\/\/www.meydan.tv\/wp-content\/uploads\/8524.jpg","articleSection":["X\u0259b\u0259rl\u0259r"],"inLanguage":"az"},{"@type":"WebPage","@id":"https:\/\/www.meydan.tv\/az\/article\/freedom-house-azerbaycanda-kiv-azad-olmayaraq-qalir\/","url":"https:\/\/www.meydan.tv\/az\/article\/freedom-house-azerbaycanda-kiv-azad-olmayaraq-qalir\/","name":"Freedom House: Az\u0259rbaycanda K\u0130V azad olmayaraq qal\u0131r - MEYDAN.TV","isPartOf":{"@id":"https:\/\/www.meydan.tv\/az\/#website"},"primaryImageOfPage":{"@id":"https:\/\/www.meydan.tv\/az\/article\/freedom-house-azerbaycanda-kiv-azad-olmayaraq-qalir\/#primaryimage"},"image":{"@id":"https:\/\/www.meydan.tv\/az\/article\/freedom-house-azerbaycanda-kiv-azad-olmayaraq-qalir\/#primaryimage"},"thumbnailUrl":"https:\/\/www.meydan.tv\/wp-content\/uploads\/8524.jpg","datePublished":"2015-04-29T14:28:47+00:00","breadcrumb":{"@id":"https:\/\/www.meydan.tv\/az\/article\/freedom-house-azerbaycanda-kiv-azad-olmayaraq-qalir\/#breadcrumb"},"inLanguage":"az","potentialAction":[{"@type":"ReadAction","target":["https:\/\/www.meydan.tv\/az\/article\/freedom-house-azerbaycanda-kiv-azad-olmayaraq-qalir\/"]}]},{"@type":"ImageObject","inLanguage":"az","@id":"https:\/\/www.meydan.tv\/az\/article\/freedom-house-azerbaycanda-kiv-azad-olmayaraq-qalir\/#primaryimage","url":"https:\/\/www.meydan.tv\/wp-content\/uploads\/8524.jpg","contentUrl":"https:\/\/www.meydan.tv\/wp-content\/uploads\/8524.jpg","width":400,"height":286,"caption":"Source:"},{"@type":"BreadcrumbList","@id":"https:\/\/www.meydan.tv\/az\/article\/freedom-house-azerbaycanda-kiv-azad-olmayaraq-qalir\/#breadcrumb","itemListElement":[{"@type":"ListItem","position":1,"name":"Ana s\u0259hif\u0259","item":"https:\/\/www.meydan.tv\/az\/"},{"@type":"ListItem","position":2,"name":"X\u0259b\u0259rl\u0259r","item":"https:\/\/www.meydan.tv\/az\/section\/xeberler\/"},{"@type":"ListItem","position":3,"name":"Freedom House: Az\u0259rbaycanda K\u0130V azad olmayaraq qal\u0131r"}]},{"@type":"WebSite","@id":"https:\/\/www.meydan.tv\/az\/#website","url":"https:\/\/www.meydan.tv\/az\/","name":"MEYDAN.TV","description":"Meydan TV Az\u0259rbaycan\u0131n media m\u0259kan\u0131ndak\u0131 alternativ s\u0259sidir","publisher":{"@id":"https:\/\/www.meydan.tv\/az\/#organization"},"potentialAction":[{"@type":"SearchAction","target":{"@type":"EntryPoint","urlTemplate":"https:\/\/www.meydan.tv\/az\/?s={search_term_string}"},"query-input":{"@type":"PropertyValueSpecification","valueRequired":true,"valueName":"search_term_string"}}],"inLanguage":"az"},{"@type":"Organization","@id":"https:\/\/www.meydan.tv\/az\/#organization","name":"Meydan TV","url":"https:\/\/www.meydan.tv\/az\/","logo":{"@type":"ImageObject","inLanguage":"az","@id":"https:\/\/www.meydan.tv\/az\/#\/schema\/logo\/image\/","url":"https:\/\/www.meydan.tv\/wp-content\/uploads\/2021\/07\/meydan-logo.svg","contentUrl":"https:\/\/www.meydan.tv\/wp-content\/uploads\/2021\/07\/meydan-logo.svg","width":195,"height":46,"caption":"Meydan TV"},"image":{"@id":"https:\/\/www.meydan.tv\/az\/#\/schema\/logo\/image\/"}},{"@type":"Person","@id":"https:\/\/www.meydan.tv\/az\/#\/schema\/person\/10d11eccf6da3662cf5fdab9806ea91a","name":"user-manager"}]}},"_links":{"self":[{"href":"https:\/\/www.meydan.tv\/az\/wp-json\/wp\/v2\/posts\/167720","targetHints":{"allow":["GET"]}}],"collection":[{"href":"https:\/\/www.meydan.tv\/az\/wp-json\/wp\/v2\/posts"}],"about":[{"href":"https:\/\/www.meydan.tv\/az\/wp-json\/wp\/v2\/types\/post"}],"author":[{"embeddable":true,"href":"https:\/\/www.meydan.tv\/az\/wp-json\/wp\/v2\/users\/11"}],"replies":[{"embeddable":true,"href":"https:\/\/www.meydan.tv\/az\/wp-json\/wp\/v2\/comments?post=167720"}],"version-history":[{"count":0,"href":"https:\/\/www.meydan.tv\/az\/wp-json\/wp\/v2\/posts\/167720\/revisions"}],"wp:featuredmedia":[{"embeddable":true,"href":"https:\/\/www.meydan.tv\/az\/wp-json\/wp\/v2\/media\/23462"}],"wp:attachment":[{"href":"https:\/\/www.meydan.tv\/az\/wp-json\/wp\/v2\/media?parent=167720"}],"wp:term":[{"taxonomy":"category","embeddable":true,"href":"https:\/\/www.meydan.tv\/az\/wp-json\/wp\/v2\/categories?post=167720"},{"taxonomy":"post_tag","embeddable":true,"href":"https:\/\/www.meydan.tv\/az\/wp-json\/wp\/v2\/tags?post=167720"}],"curies":[{"name":"wp","href":"https:\/\/api.w.org\/{rel}","templated":true}]}}