{"id":167718,"date":"2015-04-29T00:29:11","date_gmt":"2015-04-29T00:29:11","guid":{"rendered":"https:\/\/www.meydan.tv\/article\/hokumet-mediasi-anti-azerbaycan-kampaniyasindan-yazir\/"},"modified":"2015-04-29T00:29:11","modified_gmt":"2015-04-29T00:29:11","slug":"hokumet-mediasi-anti-azerbaycan-kampaniyasindan-yazir","status":"publish","type":"post","link":"https:\/\/www.meydan.tv\/az\/article\/hokumet-mediasi-anti-azerbaycan-kampaniyasindan-yazir\/","title":{"rendered":"H\u00f6kum\u0259t medias\u0131 \u201canti-Az\u0259rbaycan\u201d kampaniyas\u0131ndan yaz\u0131r"},"content":{"rendered":"<figure class=\"wp-block-image size-large\">\n  <img decoding=\"async\" src=\"https:\/\/www.meydan.tv\/az\/23435\/\" alt=\"\" class=\"wp-image-23435\"\/><figcaption><\/figcaption><\/figure>\n<figure class=\"wp-block-image size-large\">\n  <img decoding=\"async\" src=\"https:\/\/www.meydan.tv\/az\/23438\/\" alt=\"\" class=\"wp-image-23438\"\/><figcaption><\/figcaption><\/figure>\n<p>\n  <i><br \/>\n    \u201c\u018fg\u0259r APA-n\u0131, yaxud bu agentliyin arxas\u0131nda dayanan q\u00fcvv\u0259l\u0259ri t\u0259nqid edirl\u0259rs\u0259, onlar dem\u0259sin ki, Az\u0259rbaycan t\u0259nqid olunur\u201d<br \/>\n  <\/i>\n<\/p>\n<p>\n  Aprelin 28-d\u0259 \u201cTrend&#8221; v\u0259 APA informasiya agentlikl\u0259ri \u201cJohn Kerry-nin Konqresd\u0259ki ofisind\u0259n idar\u0259 olunan anti-Az\u0259rbaycan kampaniyas\u0131\u201d ba\u015fl\u0131\u011f\u0131 alt\u0131nda analitik yaz\u0131lar d\u0259rc edibl\u0259r.\n<\/p>\n<p>\n  Eyni m\u0259zmunlu m\u0259qal\u0259d\u0259 m\u00fc\u0259llifin ad\u0131 qeyd olunmay\u0131b. Yaz\u0131da qeyd olunur ki, AB\u015e-da s\u00f6z\u00fcged\u0259n kampaniyan\u0131n t\u0259\u015fkili \u201cNational Endowment for Democracy\u201d (NEd) t\u0259\u015fkilat\u0131na h\u0259val\u0259 edilib:\n<\/p>\n<p>\n  \u201cM\u0259lumdur ki, \u0259sas\u0259n AB\u015e-\u0131n Beyn\u0259lxalq \u0130nki\u015faf Agentliyi v\u0259 dem\u0259li, d\u00f6vl\u0259t b\u00fcdc\u0259sind\u0259n maliyy\u0259l\u0259\u015fdiril\u0259n NED uzun ill\u0259rdir Az\u0259rbaycanda \u201c5-ci kolon\u201dun formala\u015fd\u0131r\u0131lmas\u0131, hakimiyy\u0259t \u00e7evrili\u015fi planlar\u0131n\u0131n f\u0259al i\u015ftirak\u00e7\u0131lar\u0131ndan biri rolunda \u00e7\u0131x\u0131\u015f edir. Bu t\u0259\u015fkilat vasit\u0259sil\u0259 Az\u0259rbaycandak\u0131 \u201ct\u0259r\u0259fda\u015f\u201d QHT v\u0259 media vasit\u0259l\u0259rin\u0259 AB\u015e v\u0259 Q\u0259rb m\u0259nb\u0259l\u0259rind\u0259n milyonlarla dollar v\u0259sait \u00f6t\u00fcr\u00fcl\u00fcb.\n<\/p>\n<p>\n  Bir m\u00fcdd\u0259t bundan \u00f6nc\u0259 m\u0259rk\u0259zi fiqur NED olmaqla Az\u0259rbaycanla ba\u011fl\u0131 x\u00fcsusi layih\u0259 haz\u0131rlan\u0131b. Haz\u0131rda layih\u0259 t\u0259sdiq m\u0259rh\u0259l\u0259sind\u0259dir v\u0259 yax\u0131n g\u00fcnl\u0259rd\u0259 onun a\u00e7\u0131qlanmas\u0131 n\u0259z\u0259rd\u0259 tutulur. 2 il m\u00fcdd\u0259tind\u0259 h\u0259yata ke\u00e7iril\u0259c\u0259k layih\u0259y\u0259 art\u0131q k\u00fclli-miqdarda v\u0259sait ayr\u0131l\u0131b. S\u0259n\u0259din preambula hiss\u0259sind\u0259 a\u00e7\u0131q \u015f\u0259kild\u0259 bildirilir ki, \u201cAz\u0259rbaycana \u00f6z davran\u0131\u015flar\u0131na g\u00f6r\u0259 yerini g\u00f6st\u0259rm\u0259k zaman\u0131 g\u0259lmi\u015fdir\u201d.\n<\/p>\n<p>\n  <i><\/i>\n<\/p>\n<figure class=\"wp-block-image size-large\">\n  <img decoding=\"async\" src=\"https:\/\/www.meydan.tv\/az\/23435\/\" alt=\"\" class=\"wp-image-23435\"\/><figcaption><\/figcaption><\/figure>\n<p>\n  <i><br \/>\n    \u201cF\u00fcrs\u0259td\u0259n istifad\u0259 edilm\u0259kl\u0259 Az\u0259rbaycana qar\u015f\u0131 m\u0259cburetm\u0259 t\u0259dbirl\u0259ri h\u0259yata ke\u00e7irilm\u0259lidir\u201d<br \/>\n  <\/i>\n<\/p>\n<p>\n  M\u0259qal\u0259d\u0259 deyilir ki, planlardan biri d\u0259 Konqresd\u0259 dinl\u0259m\u0259l\u0259r t\u0259\u015fkil etm\u0259k, Az\u0259rbaycana qar\u015f\u0131 sanksiyalar\u0131n t\u0259tbiqi, Az\u0259rbaycan v\u0259t\u0259nda\u015flar\u0131n\u0131n s\u0259yah\u0259t imkanlar\u0131n\u0131 m\u0259hdudla\u015fd\u0131rmaq, bank hesablar\u0131n\u0131 dondurmaqd\u0131r.\n<\/p>\n<p>\n  S\u00f6z\u00fcged\u0259n m\u0259qal\u0259d\u0259 iddia edilir ki, Az\u0259rbaycanda bu i\u015f\u0259 Milli \u015eura d\u0259st\u0259k ver\u0259c\u0259k.\n<\/p>\n<p>\n  M\u0259qal\u0259d\u0259 \u201c\u0130nsan h\u00fcquqlar\u0131 namin\u0259 idman\u201d kampaniyas\u0131 adland\u0131r\u0131lan \u201cikinci s\u0259n\u0259d\u201dd\u0259n d\u0259 dan\u0131\u015f\u0131l\u0131r:\n<\/p>\n<p>\n  \u201cH\u0259min s\u0259n\u0259d\u0259 \u0259sas\u0259n, Avropada h\u0259r\u0259k\u0259tverici q\u00fcvv\u0259 rolunda beyn\u0259lxalq h\u00fcquq-m\u00fcdafi\u0259 t\u0259\u015fkilatlar\u0131 \u00e7\u0131x\u0131\u015f etm\u0259kl\u0259, habel\u0259 r\u0259smi dair\u0259l\u0259r, Avropa \u0130ttifaq\u0131, Avropa \u015euras\u0131, AT\u018fT v\u0259 dig\u0259r b\u00f6y\u00fck beyn\u0259lxalq t\u0259\u015fkilatlar c\u0259lb olunmaqla Az\u0259rbaycana qar\u015f\u0131 yeni \u00abqara piar\u00bb layih\u0259sinin icras\u0131na ba\u015flanm\u0131\u015fd\u0131r. S\u0259n\u0259dd\u0259 a\u00e7\u0131q \u015f\u0259kild\u0259 bildirilir ki, bu il v\u0259 qar\u015f\u0131dan g\u0259l\u0259n ill\u0259rd\u0259 Az\u0259rbaycanda I Avropa Oyunlar\u0131n\u0131n, parlament se\u00e7kil\u0259rinin, \u201cFormula 1\u201d yar\u0131\u015fmas\u0131n\u0131n, \u0130slam H\u0259mr\u0259ylik Oyunlar\u0131n\u0131n v\u0259 dig\u0259r m\u00fch\u00fcm beyn\u0259lxalq t\u0259dbirl\u0259r ke\u00e7iril\u0259c\u0259yin\u0259 g\u00f6r\u0259, d\u00fcnya ictimaiyy\u0259tinin diqq\u0259ti \u00f6lk\u0259miz\u0259 y\u00f6n\u0259l\u0259c\u0259kdir v\u0259 bu f\u00fcrs\u0259td\u0259n istifad\u0259 edilm\u0259kl\u0259 Az\u0259rbaycana qar\u015f\u0131 m\u0259cburetm\u0259 t\u0259dbirl\u0259ri h\u0259yata ke\u00e7irilm\u0259lidir\u201d.\n<\/p>\n<p>\n  <i><br \/>\n    \u201c10 ay \u201c\u0130nsan h\u00fcquqlar\u0131 namin\u0259 idman\u201d kampaniyas\u0131 ke\u00e7iril\u0259c\u0259k\u201d<br \/>\n  <\/i>\n<\/p>\n<p>\n  Yaz\u0131da s\u0259n\u0259dl\u0259 ba\u011fl\u0131 bu ilin yanvar\u0131nda Var\u015favada g\u00f6r\u00fc\u015fl\u0259r ke\u00e7irildiyi iddia olunur:\n<\/p>\n<p>\n  \u201cG\u00f6r\u00fc\u015fd\u0259 Az\u0259rbaycana qar\u015f\u0131 t\u0259\u015fkil olunacaq kampaniyan\u0131n ilkin konturlar\u0131 m\u00fczakir\u0259 olunub. Bildirilib ki, bu ilin iyununda Bak\u0131da I Avropa Oyunlar\u0131n\u0131n ke\u00e7irilm\u0259si beyn\u0259lxalq ictimaiyy\u0259tin diqq\u0259tini Az\u0259rbaycana y\u00f6n\u0259ltm\u0259k v\u0259 X\u0259dic\u0259 \u0130smay\u0131lova, \u0130ntiqam \u018fliyev, Leyla v\u0259 Arif Yunuslar, Anar M\u0259mm\u0259dli v\u0259 dig\u0259rl\u0259rinin azad edilm\u0259sin\u0259 nail olmaq \u00fc\u00e7\u00fcn \u0259lveri\u015fli m\u0259qam yarad\u0131b. M\u00fczakir\u0259nin n\u0259tic\u0259si olaraq t\u0259rtib olunmu\u015f ilkin layih\u0259d\u0259 kampaniyan\u0131n \u0259sas m\u0259qs\u0259di, \u00e7a\u011f\u0131r\u0131\u015f\u0131, Az\u0259rbaycanda, beyn\u0259lxalq miqyasda v\u0259 internetd\u0259 f\u0259aliyy\u0259tin \u0259sas istiqam\u0259tl\u0259ri, laz\u0131m olan resurslar \u00f6z \u0259ksini tap\u0131b, habel\u0259 i\u015f\u00e7i qruplar m\u00fc\u0259yy\u0259nl\u0259\u015fdirilib\u201d.\n<\/p>\n<p>\n  <i><\/i>\n<\/p>\n<figure class=\"wp-block-image size-large\">\n  <img decoding=\"async\" src=\"https:\/\/www.meydan.tv\/az\/23444\/\" alt=\"\" class=\"wp-image-23444\"\/><figcaption><\/figcaption><\/figure>\n<p>\n  <i><br \/>\n    \u201cKampaniyan\u0131n maliyy\u0259l\u0259sini NED, Soros Fondu v\u0259 IMS \u00f6d\u0259y\u0259c\u0259k\u201d<br \/>\n  <\/i>\n<\/p>\n<p>\n  M\u0259qal\u0259d\u0259 \u201c\u0130nsan h\u00fcquqlar\u0131 namin\u0259 idman\u201d kampaniyas\u0131 layih\u0259sinin mart\u0131n 31-d\u0259 t\u0259sdiql\u0259ndiyi v\u0259 onun icras\u0131na k\u00fclli-miqdarda v\u0259sait ayr\u0131ld\u0131\u011f\u0131 qeyd olunur. Layih\u0259nin 10 ay \u0259rzind\u0259 &#8211; mart\u0131n 1-d\u0259n dekabr\u0131n 31-n\u0259 kimi icra olunaca\u011f\u0131 bildirilir.\n<\/p>\n<p>\n  Kampaniyaya \u201cInternational Media Support\u201d (IMS) v\u0259 Pol\u015fada yerl\u0259\u015f\u0259n Helsinki \u0130nsan Haqlar\u0131 Fondunun r\u0259hb\u0259rlik ed\u0259c\u0259kl\u0259ri s\u00f6yl\u0259nir: \u201cLayih\u0259nin icras\u0131 m\u0259qs\u0259dil\u0259 yarad\u0131lm\u0131\u015f katibliyin bu iki qurum v\u0259 A\u00e7\u0131q C\u0259miyy\u0259t \u0130nstitutu il\u0259 birg\u0259 f\u0259aliyy\u0259t g\u00f6st\u0259r\u0259c\u0259yi qeyd olunub. Kampaniyan\u0131n maliyy\u0259l\u0259\u015fdirilm\u0259sini NED, Soros Fondu v\u0259 IMS h\u0259yata ke\u00e7irirl\u0259r\u201d.\n<\/p>\n<p>\n  <b><\/b>\n<\/p>\n<p>\n  <i><br \/>\n    M\u0259qal\u0259d\u0259 g\u00f6r\u00fcl\u0259n i\u015fl\u0259rin plan\u0131 da qeyd olunub:<br \/>\n  <\/i>\n<\/p>\n<p>\n  &#8211; Avropa Oyunlar\u0131 il\u0259 ba\u011fl\u0131 korrupsiya v\u0259 qanunsuzluqlara dair hesabatlar\u0131n haz\u0131rlanmas\u0131;\n<\/p>\n<p>\n  &#8211; Az\u0259rbaycanda idman\u00e7\u0131lar v\u0259 m\u0259\u015fhur \u015f\u0259xsl\u0259rl\u0259 \u0259laq\u0259 saxlamaqla kampaniya \u00fc\u00e7\u00fcn s\u0259firl\u0259r t\u0259yin edilm\u0259si;\n<\/p>\n<p>\n  &#8211; H\u0259bsd\u0259 olan \u015f\u0259xsl\u0259rin hal anketl\u0259rinin, onlar\u0131n infoqrafika v\u0259 \u015f\u0259kill\u0259rinin, media \u00fc\u00e7\u00fcn informasiya paketl\u0259rinin haz\u0131rlanmas\u0131;\n<\/p>\n<p>\n  &#8211; AB\u015e v\u0259 Avropa r\u0259smil\u0259ri v\u0259 siyas\u0259t\u00e7il\u0259ri il\u0259 davaml\u0131 t\u0259bli\u011fat i\u015fl\u0259rinin apar\u0131lmas\u0131;\n<\/p>\n<p>\n  &#8211; \u0130nternet s\u0259hif\u0259l\u0259rinin, b\u00fclletenl\u0259rin, b\u0259yanatlar\u0131n, m\u0259ktub v\u0259 m\u00fcraci\u0259tl\u0259rin haz\u0131rlanmas\u0131;\n<\/p>\n<p>\n  &#8211; \u201c\u018fl-C\u0259zir\u0259\u201d, BBC v\u0259 \u201cNordic Broadcasters\u201d m\u0259rk\u0259z K\u0130V-l\u0259r olmaqla kampaniyaya beyn\u0259lxalq media yard\u0131m\u0131n\u0131n t\u0259\u015fkil edilm\u0259si;\n<\/p>\n<p>\n  &#8211; Az\u0259rbaycanda ba\u015f ver\u0259n h\u0259r bir neqativ hadis\u0259d\u0259n \u00f6z m\u0259qs\u0259dl\u0259ri \u00fc\u00e7\u00fcn istifad\u0259 edilm\u0259si;\n<\/p>\n<p>\n  &#8211; Avropa Oyunlar\u0131n\u0131 boykot etm\u0259k \u00fc\u00e7\u00fcn siyas\u0259t\u00e7il\u0259rd\u0259n, x\u00fcsusil\u0259 xarici i\u015fl\u0259r nazirl\u0259rind\u0259n xahi\u015f edilm\u0259si;\n<\/p>\n<p>\n  &#8211; \u0130dman\u00e7\u0131lar\u0131n bu kampaniyan\u0131n \u00abxo\u015fm\u0259raml\u0131 s\u0259firi\u00bb olma\u011fa c\u0259lb edilm\u0259si;\n<\/p>\n<p>\n  &#8211; Beyn\u0259lxalq Olimpiya Komit\u0259si, milli olimpiya komit\u0259l\u0259rin\u0259 m\u00fcraci\u0259tl\u0259r haz\u0131rlanmas\u0131 v\u0259 g\u00f6nd\u0259rilm\u0259si;\n<\/p>\n<p>\n  &#8211; Avropa Oyunlar\u0131nda i\u015ftirak ed\u0259n b\u00fct\u00fcn \u00f6lk\u0259l\u0259rd\u0259 etiraz aksiyalar\u0131n\u0131n ke\u00e7irilm\u0259si;\n<\/p>\n<p>\n  &#8211; Avropa Parlamenti, Avropa \u015euras\u0131 v\u0259 dig\u0259r beyn\u0259lxalq institutlar\u0131n bu qara kampaniyan\u0131n m\u0259qs\u0259d v\u0259 m\u0259ram\u0131n\u0131n h\u0259yata ke\u00e7irilm\u0259sin\u0259 c\u0259lb olunmas\u0131 v\u0259 s\u2026\n<\/p>\n<p>\n  Yaz\u0131n\u0131n sonunda bu kampaniyalar\u0131n bir \u00e7\u0259tir alt\u0131nda birl\u0259\u015fdirildiyi v\u0259 m\u0259rk\u0259zl\u0259\u015fdirilmi\u015f qaydada h\u0259yata ke\u00e7irildiyi vur\u011fulan\u0131r:\n<\/p>\n<p>\n  \u201cAB\u015e-da NED-in vasit\u0259sil\u0259 realla\u015fd\u0131r\u0131lan kampaniya il\u0259 Avropada start verilmi\u015f layih\u0259nin koordinasiyas\u0131na dair raz\u0131la\u015fman\u0131n oldu\u011fu v\u0259 \u00fcmumi n\u0259zar\u0259tin Va\u015finqton v\u0259 Londondan h\u0259yata ke\u00e7irildiyin\u0259 dair faktlar m\u00f6vcuddur\u201d.\n<\/p>\n<p>\n  <i><\/i>\n<\/p>\n<figure class=\"wp-block-image size-large\">\n  <img decoding=\"async\" src=\"https:\/\/www.meydan.tv\/az\/23441\/\" alt=\"\" class=\"wp-image-23441\"\/><figcaption><\/figcaption><\/figure>\n<p>\n  <i><br \/>\n    \u201cAz\u0259rbaycan beyn\u0259lxalq sazi\u015fl\u0259r imzalay\u0131b ki, k\u0259nardan g\u0259l\u0259n t\u0259nqidl\u0259ri q\u0259bul ed\u0259c\u0259k\u201d<br \/>\n  <\/i>\n<\/p>\n<p>\n  Politoloq Hikm\u0259t Hac\u0131zad\u0259 Q\u0259rbd\u0259n olan t\u0259nqidl\u0259rin Az\u0259rbaycana yox, hakimiyy\u0259t\u0259 qar\u015f\u0131 s\u0259sl\u0259ndiyini d\u00fc\u015f\u00fcn\u00fcr. O, Meydan TV-y\u0259 a\u00e7\u0131qlamas\u0131nda deyib ki, h\u00f6kum\u0259tin informasiya m\u0259nb\u0259l\u0259ri d\u00f6vl\u0259tl\u0259 hakimiyy\u0259ti eynil\u0259\u015fdirm\u0259kl\u0259 ictimaiyy\u0259ti \u00e7a\u015fd\u0131r\u0131r: \u201c\u018fg\u0259r APA-n\u0131, yaxud bu agentliyin arxas\u0131nda dayanan q\u00fcvv\u0259l\u0259ri t\u0259nqid edirl\u0259rs\u0259, onlar dem\u0259sin ki, Az\u0259rbaycan t\u0259nqid olunur. \u018fslind\u0259, Q\u0259rb m\u0259tbuat\u0131 v\u0259 QHT-l\u0259rin t\u0259nqidi Az\u0259rbaycan\u0131n xeyrin\u0259dir. Ona g\u00f6r\u0259 kampaniya yoxdur, \u00e7\u00fcnki t\u0259nqidl\u0259r haql\u0131d\u0131r\u201d.\n<\/p>\n<p>\n  Onun fikrinc\u0259, hakimiyy\u0259tin anti-Q\u0259rb ovqat\u0131 Avropan\u0131n hakimiyy\u0259tin insan haqlar\u0131na h\u00f6rm\u0259t etm\u0259si v\u0259 \u00f6hd\u0259likl\u0259ri yerin\u0259 yetirm\u0259si haqda v\u0259dl\u0259r\u0259 \u0259m\u0259l edilm\u0259si t\u0259l\u0259bl\u0259rind\u0259n do\u011fur. Hakimiyy\u0259td\u0259kil\u0259r is\u0259 insan haqlar\u0131na h\u00f6rm\u0259t etmir, demokratiya ist\u0259mir: \u201cD\u00fcnya demokratlar\u0131 insan haqlar\u0131n\u0131n pozulmas\u0131na g\u00f6z yummur. \u0130kincisi, Az\u0259rbaycan beyn\u0259lxalq sazi\u015fl\u0259r imzalay\u0131b ki, k\u0259nardan g\u0259l\u0259n t\u0259nqidl\u0259ri q\u0259bul ed\u0259c\u0259k. S\u00f6hb\u0259t Helsinki Sazi\u015fl\u0259rinin Vyana protokolundan gedir. H\u0259min protokolun alt\u0131nda Heyd\u0259r \u018fliyevin imzas\u0131 var, \u00f6hd\u0259lik g\u00f6t\u00fcr\u00fcl\u00fcb ax\u0131. Bax, Q\u0259rb bunu \u0259sas g\u0259tirib t\u0259nqid edir\u201d.\n<\/p>\n<p>\n  Hikm\u0259t Hac\u0131zad\u0259 deyir ki, yaz\u0131da he\u00e7 bir s\u00fcbut yoxdur, \u00fcmumi s\u00f6zl\u0259rdir: \u201cHans\u0131sa t\u0259\u015fkilat\u0131n ad\u0131n\u0131 \u00e7\u0259km\u0259k s\u00fcbut g\u00f6st\u0259rm\u0259k anlam\u0131na g\u0259lmir. \u018fg\u0259r, do\u011frudan da, qarayaxmalar varsa, m\u0259hk\u0259m\u0259y\u0259 verib, s\u00fcbut etsinl\u0259r\u201d.\n<\/p>\n<p>\n  <i><\/i><br \/>\n  <i><br \/>\n    \u201cYaz\u0131da s\u0259n\u0259dl\u0259r oldu\u011fu deyils\u0259 d\u0259, fotosur\u0259t \u015f\u0259klind\u0259 bel\u0259 fakt \u00a0yoxdur\u201d<br \/>\n  <\/i>\n<\/p>\n<figure class=\"wp-block-image size-large\">\n  <img decoding=\"async\" src=\"https:\/\/www.meydan.tv\/az\/23449\/\" alt=\"\" class=\"wp-image-23449\"\/><figcaption><\/figcaption><\/figure>\n<p>\n  Deyil\u0259nl\u0259ri Meydan TV-y\u0259 \u015f\u0259rh ed\u0259n politoloq S\u00fclh\u0259ddin \u018fkb\u0259r hesab edir ki, qeyd olunan iddialar\u0131 ir\u0259li s\u00fcrm\u0259k \u00fc\u00e7\u00fcn s\u00fcbutlar v\u0259 faktlara ehtiyac var: \u201cYaz\u0131da s\u0259n\u0259dl\u0259r oldu\u011fu deyils\u0259 d\u0259, fotosur\u0259t \u015f\u0259klind\u0259 bel\u0259 fakt \u00a0yoxdur. Bu y\u00f6nd\u0259 fakt olsayd\u0131, h\u0259r hans\u0131 fikir y\u00fcr\u00fctm\u0259k olard\u0131. Ona g\u00f6r\u0259 fikir s\u00f6yl\u0259m\u0259kd\u0259 \u00e7\u0259tinlik \u00e7\u0259kir\u0259m\u201d.\n<\/p>\n<p>\n  S.\u018fkb\u0259r r\u0259smi Bak\u0131n\u0131n son vaxtlar anti-Amerika v\u0259 Rusiyameylli siyas\u0259tini bel\u0259 \u015f\u0259rh etdi: \u201cD\u00fcnyada, x\u00fcsus\u0259n postsovet m\u0259kan\u0131nda geopolitik qar\u015f\u0131durma k\u0259skinl\u0259\u015fdikd\u0259n sonra qon\u015fu \u00f6lk\u0259l\u0259rd\u0259n m\u00f6vqe t\u0259l\u0259b olunur.\n<\/p>\n<p>\n  AB\u015e h\u0259tta bununla ba\u011fl\u0131 milli t\u0259hl\u00fck\u0259sizlik strategiyas\u0131na d\u0259yi\u015fiklik etdi, yeni m\u0259tnd\u0259 Rusiyan\u0131 durdurmaq \u0259sas x\u0259tt se\u00e7ildi. M\u0259nc\u0259, AB\u015e r\u0259smisi Viktoriya Nuland\u0131n Bak\u0131da d\u00f6vl\u0259t ba\u015f\u00e7\u0131s\u0131 \u0130lham \u018fliyevl\u0259 g\u00f6r\u00fc\u015f\u00fcnd\u0259 d\u0259 bu suala cavab axtar\u0131ld\u0131. Eyni qaydada Rusiya Avrasiya \u0130ttifaq\u0131n\u0131 \u00f6z\u00fcn\u00fcn \u0259sas strateji x\u0259tti se\u00e7di\u201d.\n<\/p>\n<p>\n  O, t\u0259\u0259ss\u00fcfl\u0259nir ki, postsovet m\u0259kan\u0131nda yaln\u0131z Az\u0259rbaycan \u00f6z m\u00f6vqeyini m\u00fc\u0259yy\u0259n etm\u0259yib. MDB \u00f6lk\u0259l\u0259rinin yar\u0131s\u0131 Rusiya, yar\u0131s\u0131 da Q\u0259rby\u00f6nl\u00fc siyasi x\u0259tti se\u00e7ibl\u0259r. T\u00fcrkm\u0259nistan is\u0259 neytral siyas\u0259t\u0259 \u00fcst\u00fcnl\u00fck verib.\n<\/p>\n<p>\n  S.\u018fkb\u0259rin fikrinc\u0259, Az\u0259rbaycan milli t\u0259hl\u00fck\u0259sizlik konsepsiyas\u0131nda Avrointeqrasiya x\u0259tti deklorativ \u015f\u0259kild\u0259 b\u0259yan edils\u0259 d\u0259, ger\u00e7\u0259klikd\u0259 m\u0259hdud add\u0131mlar at\u0131l\u0131b. Kr\u0131m\u0131n i\u015f\u011fal\u0131ndan v\u0259 Donbas olaylar\u0131ndan sonra r\u0259smi Bak\u0131 tamamil\u0259 Rusiyaya do\u011fru siyas\u0259t y\u00fcr\u00fctd\u00fc. \u00a0Az\u0259rbaycana son t\u0259zyiql\u0259r d\u0259 m\u0259hz strateji se\u00e7im etm\u0259m\u0259si il\u0259 ba\u011fl\u0131d\u0131r: \u201cOna g\u00f6r\u0259 t\u0259zyiql\u0259r h\u0259r iki t\u0259r\u0259fd\u0259ndir. Y\u0259ni Ukrayna v\u0259 G\u00fcrc\u00fcstan kimi se\u00e7im ets\u0259ydi, Q\u0259rbd\u0259n d\u0259st\u0259k ala bil\u0259rdi. R\u0259smi Bak\u0131ya se\u00e7im etm\u0259diyin\u0259 g\u00f6r\u0259 t\u0259zyiql\u0259r t\u0259dric\u0259n artacaq. \u00c7\u00fcnki el\u0259 co\u011frafi m\u0259kanda yerl\u0259\u015firik ki, T\u00fcrkm\u0259nistan kimi neytrall\u0131q ed\u0259 bilmirik. Bax\u0131n, Rusiya v\u0259 \u0130ranla birba\u015fa h\u0259ms\u0259rh\u0259dik, at\u0259\u015fk\u0259s olsa da, m\u00fcharib\u0259 v\u0259ziyy\u0259tind\u0259yik, tez-tez s\u0259rh\u0259dd\u0259 at\u0259\u015fk\u0259s pozulur. Bu is\u0259 geopolitik qar\u015f\u0131durman\u0131n \u0259lam\u0259tidir\u201d.\n<\/p>\n<figure class=\"wp-block-image size-large\">\n  <img decoding=\"async\" src=\"https:\/\/www.meydan.tv\/az\/23447\/\" alt=\"\" class=\"wp-image-23447\"\/><figcaption><\/figcaption><\/figure>\n<p>\n  <i><br \/>\n    F\u0259zail A\u011famal\u0131: \u201cAB\u015e kimi n\u0259h\u0259ng bir d\u00f6vl\u0259t J.Kerry-nin \u0259lind\u0259 qal\u0131bsa\u2026\u201d<br \/>\n  <\/i>\n<\/p>\n<p>\n  Ana V\u0259t\u0259n Partiyas\u0131n\u0131n s\u0259dri, deputat F\u0259zail A\u011famal\u0131 John Kerry-nin \u201ch\u0259r zaman antiaz\u0259rbaycan m\u00f6vqeyi s\u0259rgil\u0259diyini, bu g\u00fcn Az\u0259rbaycana qar\u015f\u0131 apar\u0131lan kampaniyalar\u0131n John Kerry-nin birba\u015fa f\u0259aliyy\u0259tinin n\u0259tic\u0259si\u201d oldu\u011funu s\u00f6yl\u0259yib:\n<\/p>\n<p>\n  \u201cAB\u015e d\u00f6vl\u0259t katibi John Kerry-nin antiaz\u0259rbaycan m\u00f6vqeyi h\u0259l\u0259 90-c\u0131 ill\u0259rin \u0259vv\u0259ll\u0259rind\u0259n m\u0259lumdur. O zaman Gorbachev-a m\u0259ktub \u00fcnvanlayaraq erm\u0259nil\u0259ri m\u00fcdafi\u0259 edib Az\u0259rbaycana qo\u015fun yeritm\u0259sin\u0259 \u00e7a\u011f\u0131ran m\u0259ktubun m\u00fc\u0259llifl\u0259rind\u0259n biri m\u0259hz John Kerry-dir\u201d.\n<\/p>\n<p>\n  Deputat hesab edir ki, AB\u015e kimi n\u0259h\u0259ng bir d\u00f6vl\u0259t J.Kerry-nin \u0259lind\u0259 qal\u0131bsa v\u0259 siyas\u0259tini J.Kerry vasit\u0259sil\u0259 realla\u015fd\u0131r\u0131rsa, bu, art\u0131q AB\u015e-\u0131n imicin\u0259 b\u00f6y\u00fck z\u0259rb\u0259dir, beyn\u0259lxalq al\u0259md\u0259 AB\u015e-a etimad\u0131 z\u0259ifl\u0259d\u0259n bir hadis\u0259dir: \u201c\u00c7ox t\u0259\u0259ss\u00fcf olsun ki, bu g\u00fcn AB\u015e-\u0131n xarici siyas\u0259tind\u0259 m\u0259hz John Kerry-nin r\u0259hb\u0259rliyi alt\u0131nda bir erm\u0259ni barma\u011f\u0131 dayan\u0131r. N\u0259 q\u0259d\u0259r ki, AB\u015e-\u0131n xarici siyas\u0259tind\u0259 John Kerry apar\u0131c\u0131 m\u00f6vqed\u0259 dayan\u0131r, AB\u015e-\u0131n bu v\u0259 ya dig\u0259r s\u0259viyy\u0259d\u0259 antiaz\u0259rbaycan siyas\u0259ti davam ed\u0259c\u0259k. Ona g\u00f6r\u0259 d\u0259, biz faktlara, arqumentl\u0259r\u0259 s\u00f6yk\u0259n\u0259r\u0259k John Kerry-nin if\u015fa olunmas\u0131nda irad\u0259mizi ortaya qoymal\u0131y\u0131q\u201d.\n<\/p>\n<p>\n  Onun dediyin\u0259 g\u00f6r\u0259, b\u00fct\u00fcn d\u00fcnyan\u0131n diqq\u0259tinin Az\u0259rbaycana y\u00f6n\u0259ldiyi bir vaxtda bu c\u00fcr f\u0259aliyy\u0259tin m\u0259qs\u0259di Az\u0259rbaycan\u0131n u\u011furlar\u0131na k\u00f6lg\u0259 salmaq, \u00f6lk\u0259nin y\u00fcks\u0259lm\u0259kd\u0259 olan n\u00fcfuzuna x\u0259l\u0259l g\u0259tirm\u0259kdir:\n<\/p>\n<p>\n  \u201cBunlar\u0131n he\u00e7 biri al\u0131nmayacaq. Art\u0131q Az\u0259rbaycan ilk Avropa Oyunlar\u0131n\u0131n m\u0259\u015f\u0259lini yand\u0131r\u0131b, b\u00fct\u00fcn Avropa d\u00f6vl\u0259tl\u0259ri d\u0259 bu Oyunlar\u0131 y\u00fcks\u0259k qiym\u0259tl\u0259ndirir. He\u00e7 bir \u015f\u00fcbh\u0259 yoxdur ki, bu Oyunlar Az\u0259rbaycanda y\u00fcks\u0259k s\u0259viyy\u0259d\u0259 ke\u00e7iril\u0259c\u0259k\u201d (azadliq.org).\n<\/p>\n<\/p>\n<p>\n  <i><br \/>\n    \u201cBu g\u00fcn Az\u0259rbaycan jurnalistikas\u0131n\u0131n \u00fcz\u0259rin\u0259 missiya d\u00fc\u015f\u00fcr\u201d<br \/>\n  <\/i>\n<\/p>\n<figure class=\"wp-block-image size-large\">\n  <img decoding=\"async\" src=\"https:\/\/www.meydan.tv\/az\/23453\/\" alt=\"\" class=\"wp-image-23453\"\/><figcaption><\/figcaption><\/figure>\n<p>\n  M\u0259tbuat \u015euras\u0131n\u0131n (M\u015e) s\u0259dri \u018fflatun Ama\u015fov da m\u0259s\u0259l\u0259 il\u0259 ba\u011fl\u0131 m\u00f6vqeyini a\u00e7\u0131qlay\u0131b. M\u015e s\u0259dri \u201cTrend\u201d-\u0259 deyib ki, biz toplum olaraq, buna haz\u0131r olmal\u0131y\u0131q: \u201c\u00c7\u00fcnki I Avropa Oyunlar\u0131 b\u00fct\u00f6vl\u00fckd\u0259 Az\u0259rbaycan xalq\u0131n\u0131n h\u0259yat\u0131nda m\u00fch\u00fcm hadis\u0259dir. Bu, t\u0259kc\u0259 idman hadis\u0259si deyil, h\u0259m d\u0259 Az\u0259rbaycan m\u0259d\u0259niyy\u0259tinin, milli kimliyimizin d\u00fcnyaya tan\u0131d\u0131lmas\u0131 \u00fc\u00e7\u00fcn bir meydand\u0131r&#8221;.\n<\/p>\n<p>\n  \u018f.Ama\u015fovun s\u00f6zl\u0259rin\u0259 g\u00f6r\u0259, Az\u0259rbaycan\u0131n malik oldu\u011fu bu \u00fcst\u00fcnl\u00fcy\u00fc g\u00f6z\u00fc g\u00f6t\u00fcrm\u0259y\u0259n q\u00fcvv\u0259l\u0259r f\u0259aliyy\u0259tl\u0259rinin daha m\u00fct\u0259\u015f\u0259kkil m\u0259cras\u0131na \u00e7\u0131xa bilibl\u0259r: &#8220;Ba\u015f ver\u0259n olaylarla ba\u011fl\u0131 yay\u0131lm\u0131\u015f x\u0259b\u0259rl\u0259rd\u0259 g\u00f6st\u0259ril\u0259n m\u0259qamlar da bunu dem\u0259y\u0259 \u0259sas verir. Ayd\u0131n g\u00f6r\u00fcn\u00fcr ki, m\u0259qs\u0259d \u00f6lk\u0259mizin imici il\u0259 ba\u011fl\u0131 birm\u0259nal\u0131 qaydada m\u0259nfi r\u0259y yaratmaqd\u0131r.\n<\/p>\n<p>\n  Bu g\u00fcn Az\u0259rbaycan jurnalistikas\u0131n\u0131n \u00fcz\u0259rin\u0259 missiya d\u00fc\u015f\u00fcr. \u00c7\u00fcnki qar\u015f\u0131dak\u0131 aylarda da bel\u0259 m\u0259nfi fikirl\u0259rin bir q\u0259d\u0259r d\u0259 intensivl\u0259\u015f\u0259c\u0259yi ehtimal edilir. Az\u0259rbaycan jurnalistikas\u0131 daha h\u0259ssas olmal\u0131, Az\u0259rbaycan c\u0259miyy\u0259ti d\u00fczg\u00fcn \u015f\u0259kild\u0259 m\u0259lumatland\u0131r\u0131lmal\u0131d\u0131r&#8221;.\n<\/p>\n<p>\n  M\u0259tbuat \u015euras\u0131n\u0131n s\u0259dri hesab edir ki, eyni zamanda, Az\u0259rbaycanla ba\u011fl\u0131 ba\u015f ver\u0259n olaylara g\u00f6r\u0259 Az\u0259rbaycan medias\u0131n\u0131n beyn\u0259lxalq ictimai r\u0259y\u0259 t\u0259sir etm\u0259k g\u00fcc\u00fc art\u0131r\u0131lmal\u0131d\u0131r.\n<\/p>\n<p>\n  Onun s\u00f6zl\u0259rin\u0259 g\u00f6r\u0259, antiaz\u0259rbaycan kampaniyas\u0131n\u0131n AB\u015e d\u00f6vl\u0259t katibi C.Kerrinin konqresd\u0259ki ofisind\u0259n idar\u0259 olunmas\u0131 Az\u0259rbaycana qar\u015f\u0131 y\u00f6n\u0259lmi\u015f sistemli f\u0259aliyy\u0259tin t\u0259rkib hiss\u0259sidir: &#8220;Onun Az\u0259rbaycan xalq\u0131na, Az\u0259rbaycan d\u00f6vl\u0259t\u00e7iliyin\u0259 vuraca\u011f\u0131 z\u0259r\u0259r kifay\u0259t q\u0259d\u0259r d\u00fc\u015f\u00fcn\u00fclm\u00fc\u015f \u015f\u0259kild\u0259 hesablan\u0131b. \u0130nanm\u0131ram ki, s\u0259n\u0259dd\u0259 ad\u0131\u00e7\u0259kil\u0259n h\u0259min \u015f\u0259xsl\u0259r bu mahiyy\u0259ti anlamayacaq d\u0259r\u0259c\u0259d\u0259 sad\u0259l\u00f6vhd\u00fcrl\u0259r. El\u0259 m\u0259s\u0259l\u0259l\u0259r var ki, onlara bax\u0131\u015f siyasi m\u00f6vqeyind\u0259n as\u0131l\u0131 olmayaraq birm\u0259nal\u0131 olmal\u0131d\u0131r, \u00fcmummilli maraqlar bax\u0131m\u0131ndan olmal\u0131d\u0131r. M\u0259hz bu bax\u0131mdan I Avropa Oyunlar\u0131 da bel\u0259 miqyasl\u0131 t\u0259dbirdir&#8221;.\n<\/p>\n<p>\n  \u018f.Ama\u015fov hesab edir ki, b\u0259zi hallarda Az\u0259rbaycanda ya\u015fayan, ayr\u0131-ayr\u0131 media vasit\u0259l\u0259rind\u0259 \u00e7al\u0131\u015fan insanlar da bel\u0259 m\u0259qamlarda \u00fcmummilli maraqlardan \u00e7\u0131x\u0131\u015f etm\u0259lidirl\u0259r: &#8220;Bu, kifay\u0259t q\u0259d\u0259r t\u0259sirli olur. Az\u0259rbaycan medias\u0131 g\u00fccl\u00fcd\u00fcr, Az\u0259rbaycan medias\u0131 \u0259sas\u0259n \u00fcmummillli maraqlardan \u00e7\u0131x\u0131\u015f ed\u0259n mediad\u0131r. \u018fmin\u0259n ki, Az\u0259rbaycan medias\u0131 bel\u0259 bir m\u0259qamda \u00f6z \u00fcz\u0259rin\u0259 d\u00fc\u015f\u0259n missiyan\u0131 d\u0259rk ed\u0259r\u0259k h\u0259m yerli, h\u0259m d\u0259 beyn\u0259lxalq ictimaiyy\u0259ti Az\u0259rbaycanda ba\u015f ver\u0259n olaylarla ba\u011fl\u0131 kifay\u0259t q\u0259d\u0259r do\u011fru m\u0259lumatland\u0131rmal\u0131d\u0131r. \u018fmin\u0259m ki, o c\u0259hdl\u0259rin he\u00e7 bir \u0259h\u0259miyy\u0259ti olmayacaq&#8221;.\n<\/p>\n<figure class=\"wp-block-image size-large\">\n  <img decoding=\"async\" src=\"https:\/\/www.meydan.tv\/az\/23456\/\" alt=\"\" class=\"wp-image-23456\"\/><figcaption><\/figcaption><\/figure>\n<p>\n  <i><br \/>\n    Z\u00f6hrab \u0130smay\u0131l: \u201cD\u00fc\u015f\u00fcn\u00fcr\u0259m ki, bu iddialar x\u0259st\u0259 bir t\u0259x\u0259yy\u00fcl\u00fcn m\u0259hsuludur\u201d<br \/>\n  <\/i>\n<\/p>\n<p>\n  H\u0259min m\u0259qal\u0259d\u0259 ad\u0131\u00e7\u0259kil\u0259n iqtisad\u00e7\u0131 Z\u00f6hrab \u0130smay\u0131l bununla ba\u011fl\u0131 Azadl\u0131q Radiosuna deyib: \u201cD\u00fc\u015f\u00fcn\u00fcr\u0259m ki, bu iddialar x\u0259st\u0259 bir t\u0259x\u0259yy\u00fcl\u00fcn m\u0259hsuludur. M\u0259nim ad\u0131m\u0131 v\u0259 t\u0259\u015fkilat\u0131m\u0131z\u0131n ad\u0131n\u0131 x\u00fcsusi \u00e7\u0259kibl\u0259r. Bel\u0259 g\u00f6r\u00fcn\u00fcr, biz\u0259 qar\u015f\u0131 hans\u0131sa \u00e7irkin m\u0259qs\u0259d var\u201d.\n<\/p>\n<p>\n  M\u0259qal\u0259d\u0259 deyilir: \u201cHaz\u0131rda Praqada olan \u201cAzad \u0130qtisadiyyata Yard\u0131m\u201d \u0130B-nin s\u0259dri Z\u00f6hrab \u0130smay\u0131la iqtisadiyyat v\u0259 idman qur\u011fular\u0131n\u0131n tikintisind\u0259 guya korrupsiya hallar\u0131n\u0131n oldu\u011funa dair materiallar\u0131n haz\u0131rlanmas\u0131 h\u0259val\u0259 olunub\u00bb.\n<\/p>\n<p>\n  \u0130qtisad\u00e7\u0131 \u00f6z\u00fcn\u00fcn v\u0259 ba\u015f\u00e7\u0131l\u0131q etdiyi t\u0259\u015fkilat\u0131n hans\u0131sa beyn\u0259lxalq kampaniyan\u0131n i\u015ftirak\u00e7\u0131s\u0131 olmad\u0131\u011f\u0131n\u0131 vur\u011fulay\u0131r: \u00abBel\u0259 bir planl\u0131 kampaniyan\u0131n olmas\u0131 da na\u011f\u0131la ox\u015fay\u0131r. Kerry-nin ad\u0131n\u0131 \u00e7\u0259kirl\u0259r. M\u0259n is\u0259 d\u00fc\u015f\u00fcn\u00fcr\u0259m ki, Az\u0259rbaycan hakimiyy\u0259tinin \u0259sas d\u0259st\u0259k\u00e7isi indi AB\u015e v\u0259 Avropa Birliyinin b\u0259zi dair\u0259l\u0259ridir. Bel\u0259 bir hakimiyy\u0259t onlar\u0131n maraqlar\u0131na cavab verir. Buna g\u00f6r\u0259 d\u0259 hakimiyy\u0259ty\u00f6nl\u00fc median\u0131n bel\u0259 vay-\u015fiv\u0259n salmaqda ba\u015fqa m\u0259qs\u0259d g\u00fcdd\u00fcy\u00fcn\u00fc d\u00fc\u015f\u00fcn\u00fcr\u0259m. M\u0259qs\u0259d m\u00fcst\u0259qil v\u0259t\u0259nda\u015f c\u0259miyy\u0259ti n\u00fcmay\u0259nd\u0259l\u0259rini s\u0131radan \u00e7\u0131xartmaqd\u0131r. Buna g\u00f6r\u0259 d\u0259 bel\u0259 \u201chekay\u0259l\u0259&#8221; uydurulur&#8230;\u201d &#8211; Z\u00f6hrab \u0130smay\u0131l deyir.\n<\/p><\/p>\n","protected":false},"excerpt":{"rendered":"<p>\u201c\u018fg\u0259r APA -n\u0131, yaxud bu agentliyin arxas\u0131nda dayanan q\u00fcvv\u0259l\u0259ri t\u0259nqid edirl\u0259rs\u0259, onlar dem\u0259sin ki, Az\u0259rbaycan t\u0259nqid olunur\u201d<\/p>\n","protected":false},"author":11,"featured_media":23435,"comment_status":"closed","ping_status":"open","sticky":false,"template":"","format":"standard","meta":{"_acf_changed":false,"_sitemap_exclude":false,"_sitemap_priority":"","_sitemap_frequency":"","footnotes":""},"categories":[56],"tags":[],"class_list":["post-167718","post","type-post","status-publish","format-standard","has-post-thumbnail","hentry","category-xeberler","infinite-scroll-item","generate-columns","tablet-grid-50","mobile-grid-100","grid-parent","grid-33","no-featured-image-padding"],"acf":[],"yoast_head":"<!-- This site is optimized with the Yoast SEO plugin v28.4 - https:\/\/yoast.com\/product\/yoast-seo-wordpress\/ -->\n<title>H\u00f6kum\u0259t medias\u0131 \u201canti-Az\u0259rbaycan\u201d kampaniyas\u0131ndan yaz\u0131r - MEYDAN.TV<\/title>\n<meta name=\"robots\" content=\"index, follow, max-snippet:-1, max-image-preview:large, max-video-preview:-1\" \/>\n<link rel=\"canonical\" href=\"https:\/\/www.meydan.tv\/az\/article\/hokumet-mediasi-anti-azerbaycan-kampaniyasindan-yazir\/\" \/>\n<meta property=\"og:locale\" content=\"az_AZ\" \/>\n<meta property=\"og:type\" content=\"article\" \/>\n<meta property=\"og:title\" content=\"H\u00f6kum\u0259t medias\u0131 \u201canti-Az\u0259rbaycan\u201d kampaniyas\u0131ndan yaz\u0131r - MEYDAN.TV\" \/>\n<meta property=\"og:description\" content=\"\u201c\u018fg\u0259r APA -n\u0131, yaxud bu agentliyin arxas\u0131nda dayanan q\u00fcvv\u0259l\u0259ri t\u0259nqid edirl\u0259rs\u0259, onlar dem\u0259sin ki, Az\u0259rbaycan t\u0259nqid olunur\u201d\" \/>\n<meta property=\"og:url\" content=\"https:\/\/www.meydan.tv\/az\/article\/hokumet-mediasi-anti-azerbaycan-kampaniyasindan-yazir\/\" \/>\n<meta property=\"og:site_name\" content=\"MEYDAN.TV\" \/>\n<meta property=\"article:published_time\" content=\"2015-04-29T00:29:11+00:00\" \/>\n<meta property=\"og:image\" content=\"https:\/\/www.meydan.tv\/wp-content\/uploads\/8514.jpg\" \/>\n\t<meta property=\"og:image:width\" content=\"400\" \/>\n\t<meta property=\"og:image:height\" content=\"269\" \/>\n\t<meta property=\"og:image:type\" content=\"image\/jpeg\" \/>\n<meta name=\"twitter:card\" content=\"summary_large_image\" \/>\n<!-- \/ Yoast SEO plugin. -->","yoast_head_json":{"title":"H\u00f6kum\u0259t medias\u0131 \u201canti-Az\u0259rbaycan\u201d kampaniyas\u0131ndan yaz\u0131r - MEYDAN.TV","robots":{"index":"index","follow":"follow","max-snippet":"max-snippet:-1","max-image-preview":"max-image-preview:large","max-video-preview":"max-video-preview:-1"},"canonical":"https:\/\/www.meydan.tv\/az\/article\/hokumet-mediasi-anti-azerbaycan-kampaniyasindan-yazir\/","og_locale":"az_AZ","og_type":"article","og_title":"H\u00f6kum\u0259t medias\u0131 \u201canti-Az\u0259rbaycan\u201d kampaniyas\u0131ndan yaz\u0131r - MEYDAN.TV","og_description":"\u201c\u018fg\u0259r APA -n\u0131, yaxud bu agentliyin arxas\u0131nda dayanan q\u00fcvv\u0259l\u0259ri t\u0259nqid edirl\u0259rs\u0259, onlar dem\u0259sin ki, Az\u0259rbaycan t\u0259nqid olunur\u201d","og_url":"https:\/\/www.meydan.tv\/az\/article\/hokumet-mediasi-anti-azerbaycan-kampaniyasindan-yazir\/","og_site_name":"MEYDAN.TV","article_published_time":"2015-04-29T00:29:11+00:00","og_image":[{"width":400,"height":269,"url":"https:\/\/www.meydan.tv\/wp-content\/uploads\/8514.jpg","type":"image\/jpeg"}],"twitter_card":"summary_large_image","schema":{"@context":"https:\/\/schema.org","@graph":[{"@type":"Article","@id":"https:\/\/www.meydan.tv\/az\/article\/hokumet-mediasi-anti-azerbaycan-kampaniyasindan-yazir\/#article","isPartOf":{"@id":"https:\/\/www.meydan.tv\/az\/article\/hokumet-mediasi-anti-azerbaycan-kampaniyasindan-yazir\/"},"author":{"name":"user-manager","@id":"https:\/\/www.meydan.tv\/az\/#\/schema\/person\/10d11eccf6da3662cf5fdab9806ea91a"},"headline":"H\u00f6kum\u0259t medias\u0131 \u201canti-Az\u0259rbaycan\u201d kampaniyas\u0131ndan yaz\u0131r","datePublished":"2015-04-29T00:29:11+00:00","mainEntityOfPage":{"@id":"https:\/\/www.meydan.tv\/az\/article\/hokumet-mediasi-anti-azerbaycan-kampaniyasindan-yazir\/"},"wordCount":3138,"publisher":{"@id":"https:\/\/www.meydan.tv\/az\/#organization"},"image":{"@id":"https:\/\/www.meydan.tv\/az\/article\/hokumet-mediasi-anti-azerbaycan-kampaniyasindan-yazir\/#primaryimage"},"thumbnailUrl":"https:\/\/www.meydan.tv\/wp-content\/uploads\/8514.jpg","articleSection":["X\u0259b\u0259rl\u0259r"],"inLanguage":"az"},{"@type":"WebPage","@id":"https:\/\/www.meydan.tv\/az\/article\/hokumet-mediasi-anti-azerbaycan-kampaniyasindan-yazir\/","url":"https:\/\/www.meydan.tv\/az\/article\/hokumet-mediasi-anti-azerbaycan-kampaniyasindan-yazir\/","name":"H\u00f6kum\u0259t medias\u0131 \u201canti-Az\u0259rbaycan\u201d kampaniyas\u0131ndan yaz\u0131r - MEYDAN.TV","isPartOf":{"@id":"https:\/\/www.meydan.tv\/az\/#website"},"primaryImageOfPage":{"@id":"https:\/\/www.meydan.tv\/az\/article\/hokumet-mediasi-anti-azerbaycan-kampaniyasindan-yazir\/#primaryimage"},"image":{"@id":"https:\/\/www.meydan.tv\/az\/article\/hokumet-mediasi-anti-azerbaycan-kampaniyasindan-yazir\/#primaryimage"},"thumbnailUrl":"https:\/\/www.meydan.tv\/wp-content\/uploads\/8514.jpg","datePublished":"2015-04-29T00:29:11+00:00","breadcrumb":{"@id":"https:\/\/www.meydan.tv\/az\/article\/hokumet-mediasi-anti-azerbaycan-kampaniyasindan-yazir\/#breadcrumb"},"inLanguage":"az","potentialAction":[{"@type":"ReadAction","target":["https:\/\/www.meydan.tv\/az\/article\/hokumet-mediasi-anti-azerbaycan-kampaniyasindan-yazir\/"]}]},{"@type":"ImageObject","inLanguage":"az","@id":"https:\/\/www.meydan.tv\/az\/article\/hokumet-mediasi-anti-azerbaycan-kampaniyasindan-yazir\/#primaryimage","url":"https:\/\/www.meydan.tv\/wp-content\/uploads\/8514.jpg","contentUrl":"https:\/\/www.meydan.tv\/wp-content\/uploads\/8514.jpg","width":400,"height":269,"caption":"Source:"},{"@type":"BreadcrumbList","@id":"https:\/\/www.meydan.tv\/az\/article\/hokumet-mediasi-anti-azerbaycan-kampaniyasindan-yazir\/#breadcrumb","itemListElement":[{"@type":"ListItem","position":1,"name":"Ana s\u0259hif\u0259","item":"https:\/\/www.meydan.tv\/az\/"},{"@type":"ListItem","position":2,"name":"X\u0259b\u0259rl\u0259r","item":"https:\/\/www.meydan.tv\/az\/section\/xeberler\/"},{"@type":"ListItem","position":3,"name":"H\u00f6kum\u0259t medias\u0131 \u201canti-Az\u0259rbaycan\u201d kampaniyas\u0131ndan yaz\u0131r"}]},{"@type":"WebSite","@id":"https:\/\/www.meydan.tv\/az\/#website","url":"https:\/\/www.meydan.tv\/az\/","name":"MEYDAN.TV","description":"Meydan TV Az\u0259rbaycan\u0131n media m\u0259kan\u0131ndak\u0131 alternativ s\u0259sidir","publisher":{"@id":"https:\/\/www.meydan.tv\/az\/#organization"},"potentialAction":[{"@type":"SearchAction","target":{"@type":"EntryPoint","urlTemplate":"https:\/\/www.meydan.tv\/az\/?s={search_term_string}"},"query-input":{"@type":"PropertyValueSpecification","valueRequired":true,"valueName":"search_term_string"}}],"inLanguage":"az"},{"@type":"Organization","@id":"https:\/\/www.meydan.tv\/az\/#organization","name":"Meydan TV","url":"https:\/\/www.meydan.tv\/az\/","logo":{"@type":"ImageObject","inLanguage":"az","@id":"https:\/\/www.meydan.tv\/az\/#\/schema\/logo\/image\/","url":"https:\/\/www.meydan.tv\/wp-content\/uploads\/2021\/07\/meydan-logo.svg","contentUrl":"https:\/\/www.meydan.tv\/wp-content\/uploads\/2021\/07\/meydan-logo.svg","width":195,"height":46,"caption":"Meydan TV"},"image":{"@id":"https:\/\/www.meydan.tv\/az\/#\/schema\/logo\/image\/"}},{"@type":"Person","@id":"https:\/\/www.meydan.tv\/az\/#\/schema\/person\/10d11eccf6da3662cf5fdab9806ea91a","name":"user-manager"}]}},"_links":{"self":[{"href":"https:\/\/www.meydan.tv\/az\/wp-json\/wp\/v2\/posts\/167718","targetHints":{"allow":["GET"]}}],"collection":[{"href":"https:\/\/www.meydan.tv\/az\/wp-json\/wp\/v2\/posts"}],"about":[{"href":"https:\/\/www.meydan.tv\/az\/wp-json\/wp\/v2\/types\/post"}],"author":[{"embeddable":true,"href":"https:\/\/www.meydan.tv\/az\/wp-json\/wp\/v2\/users\/11"}],"replies":[{"embeddable":true,"href":"https:\/\/www.meydan.tv\/az\/wp-json\/wp\/v2\/comments?post=167718"}],"version-history":[{"count":0,"href":"https:\/\/www.meydan.tv\/az\/wp-json\/wp\/v2\/posts\/167718\/revisions"}],"wp:featuredmedia":[{"embeddable":true,"href":"https:\/\/www.meydan.tv\/az\/wp-json\/wp\/v2\/media\/23435"}],"wp:attachment":[{"href":"https:\/\/www.meydan.tv\/az\/wp-json\/wp\/v2\/media?parent=167718"}],"wp:term":[{"taxonomy":"category","embeddable":true,"href":"https:\/\/www.meydan.tv\/az\/wp-json\/wp\/v2\/categories?post=167718"},{"taxonomy":"post_tag","embeddable":true,"href":"https:\/\/www.meydan.tv\/az\/wp-json\/wp\/v2\/tags?post=167718"}],"curies":[{"name":"wp","href":"https:\/\/api.w.org\/{rel}","templated":true}]}}