{"id":167717,"date":"2015-04-28T19:50:19","date_gmt":"2015-04-28T19:50:19","guid":{"rendered":"https:\/\/www.meydan.tv\/article\/xedice-ismayila-tohmet-verilib\/"},"modified":"2015-04-28T19:50:19","modified_gmt":"2015-04-28T19:50:19","slug":"xedice-ismayila-tohmet-verilib","status":"publish","type":"post","link":"https:\/\/www.meydan.tv\/az\/article\/xedice-ismayila-tohmet-verilib\/","title":{"rendered":"X\u0259dic\u0259 \u0130smay\u0131la t\u00f6hm\u0259t verilib"},"content":{"rendered":"<figure class=\"wp-block-image size-large\">\n  <img decoding=\"async\" src=\"https:\/\/www.meydan.tv\/az\/23432\/\" alt=\"\" class=\"wp-image-23432\"\/><figcaption><\/figcaption><\/figure>\n<figure class=\"wp-block-image size-large\">\n  <img decoding=\"async\" src=\"https:\/\/www.meydan.tv\/az\/23432\/\" alt=\"\" class=\"wp-image-23432\"\/><figcaption><\/figcaption><\/figure>\n<p>\n  <i><br \/>\n    T\u0259cridxanadan yazd\u0131\u011f\u0131 yaz\u0131lardan sonra onun kameras\u0131nda axtar\u0131\u015f apar\u0131l\u0131b<br \/>\n  <\/i>\n<\/p>\n<p><div>\n    H\u0259bsd\u0259 olan ara\u015fd\u0131rma\u00e7\u0131 jurnalist X\u0259dic\u0259 \u0130smay\u0131l\u0131n son yaz\u0131lar\u0131ndan sonra saxland\u0131\u011f\u0131 kameras\u0131nda axtar\u0131\u015f apar\u0131l\u0131b v\u0259 ona t\u00f6hm\u0259t verilib.<br \/>\n    <br \/>\n    Bu bar\u0259d\u0259 jurnalist aprelin 28-d\u0259 apellyasiya \u015fikay\u0259tin\u0259 bax\u0131lark\u0259n deyib.\n  <\/div>\n<\/p>\n<p><div><\/div>\n<\/p>\n<p><div>\n    X\u0259dic\u0259 \u0130smay\u0131l\u0131n s\u00f6zl\u0259rin\u0259 g\u00f6r\u0259, Bak\u0131 \u0130stintaq T\u0259cridxanas\u0131n\u0131n r\u0259isi Az\u0259r Seyidov onu kabinetin\u0259 \u00e7a\u011f\u0131raraq deyib ki, b\u00f6htan v\u0259 t\u0259hqir xarakterli m\u0259qal\u0259l\u0259r yazd\u0131\u011f\u0131na g\u00f6r\u0259 ona t\u00f6hm\u0259t elan olunur: &#8220;M\u0259n\u0259 dedi ki, bir daha bel\u0259 hallar olsa, ail\u0259l\u0259nl\u0259 n\u0259 g\u00f6r\u00fc\u015f\u0259, n\u0259 d\u0259 telefonla \u0259laq\u0259 saxlaya bil\u0259c\u0259ks\u0259n&#8221;.\n  <\/div>\n<\/p>\n<p>\n  Eyni zamanda, jurnalistin kameras\u0131nda axtar\u0131\u015f apar\u0131lark\u0259n \u00e7arpay\u0131s\u0131n\u0131n ba\u015f t\u0259r\u0259find\u0259 saxlanc yeri a\u015fkar etdikl\u0259rini bildiribl\u0259r v\u0259 t\u00f6hm\u0259t h\u0259m d\u0259 buna g\u00f6r\u0259 verilib. Ancaq jurnalist bildirib ki, onun saxland\u0131\u011f\u0131 kamerada sabiq YAP-\u00e7\u0131 deputat G\u00fcl\u0259r \u018fhm\u0259dova da olub, \u00e7arpay\u0131 is\u0259 2009-cu ild\u0259n istifad\u0259dir. Saxlanc yerinin kim t\u0259r\u0259find\u0259n haz\u0131rland\u0131\u011f\u0131 ona m\u0259lum deyil: &#8220;Az\u0259r Seyidova dedim ki, n\u0259 ist\u0259yirsiniz edin. Seyidov dedi ki, bunlar\u0131 ona g\u00f6r\u0259 yaz\u0131rsan ki, s\u0259ni karsa salaq? Amma bunu etm\u0259y\u0259c\u0259yik. \u018fsas verm\u0259y\u0259c\u0259yik ki, Avropa Oyunlar\u0131ndan yazd\u0131\u011f\u0131n \u00fc\u00e7\u00fcn karsa sal\u0131nd\u0131\u011f\u0131n\u0131 s\u00f6yl\u0259y\u0259s\u0259n. Amma karsa salmaq t\u0259hdidi sezilirdi, bu bax\u0131mdan dedim ki, n\u0259 ist\u0259yirsiniz edin, amma m\u0259ni daha g\u00f6r\u00fc\u015f\u0259 \u00e7a\u011f\u0131rmay\u0131n&#8221;.\n<\/p>\n<p>\n  Proses zaman\u0131 X\u0259dic\u0259 \u0130smay\u0131l \u015f\u00fc\u015f\u0259 yox, d\u0259mir barmaql\u0131qlar aras\u0131na sal\u0131n\u0131b. Prosesd\u0259 i\u015ftirak ed\u0259n Meydan TV \u0259m\u0259kda\u015f\u0131n\u0131n s\u00f6zl\u0259rin\u0259 g\u00f6r\u0259, v\u0259kill\u0259rin bununla ba\u011fl\u0131 v\u0259sat\u0259ti t\u0259min olunmay\u0131b. H\u0259tta onun v\u0259kili il\u0259 s\u00f6hb\u0259ti v\u0259 g\u00f6r\u00fc\u015f\u00fc d\u0259 m\u0259hdudla\u015fd\u0131r\u0131l\u0131b. N\u0259zar\u0259t\u00e7il\u0259rin icaz\u0259si olmadan jurnalist v\u0259kill\u0259r\u0259 he\u00e7 n\u0259 ver\u0259 bilm\u0259yib.\n<\/p>\n<p>\n  Meydan TV-in \u0259m\u0259kda\u015f\u0131 bildirib ki, hakim n\u0259zar\u0259t\u00e7il\u0259rl\u0259 m\u0259sl\u0259h\u0259tl\u0259\u015f\u0259nd\u0259n sonra v\u0259sat\u0259tl\u0259r\u0259 m\u00fcnasib\u0259t bildirib.\n<\/p>\n<p>\n  Prosesd\u0259 v\u0259kill\u0259r Apellyasiya M\u0259hk\u0259m\u0259sind\u0259 qism\u0259n istintaqa bax\u0131lmas\u0131 v\u0259sat\u0259tini qald\u0131r\u0131blar, \u00e7\u00fcnki Bin\u0259q\u0259di M\u0259hk\u0259m\u0259sind\u0259 istintaq ara\u015fd\u0131r\u0131lmas\u0131 apar\u0131lmay\u0131b. Amma v\u0259sat\u0259t t\u0259min olunmay\u0131b.\n<\/p>\n<p>\n  N\u00f6vb\u0259ti proses may\u0131n 12-d\u0259 ke\u00e7iril\u0259c\u0259k.\n<\/p>\n<p>\n  Elman H\u0259s\u0259nov (T\u00fcrko\u011flu) X\u0259dic\u0259 \u0130smay\u0131l\u0131n \u201cfacebook\u201d sosial \u015f\u0259b\u0259k\u0259sind\u0259 onun \u015f\u0259r\u0259f v\u0259 l\u0259yaq\u0259tini al\u00e7altd\u0131\u011f\u0131n\u0131 v\u0259 b\u00f6htan xarakterli m\u0259lumat yaymas\u0131n\u0131 \u0259sas g\u0259tir\u0259r\u0259k, Bin\u0259q\u0259di Rayon M\u0259hk\u0259m\u0259sin\u0259 m\u00fcraci\u0259t edib. Bin\u0259q\u0259di Rayon M\u0259hk\u0259m\u0259si is\u0259 X\u0259dic\u0259 \u0130smay\u0131l\u0131n 2500 manat c\u0259rim\u0259l\u0259nm\u0259si bar\u0259d\u0259 q\u0259rar \u00e7\u0131xar\u0131b. H\u0259min q\u0259rardan X\u0259dic\u0259 \u0130smay\u0131l v\u0259kili vasit\u0259si il\u0259 apellyasiya \u015fikay\u0259ti verib.<br \/>\n  <br \/>\n  \u00a0X\u0259dic\u0259 \u0130smay\u0131l \u00f6t\u0259n il dekabr\u0131n 5-d\u0259 h\u0259bs edilib. O, Cinay\u0259t M\u0259c\u0259ll\u0259sinin 125-ci (\u00f6z\u00fcn\u00fc \u00f6ld\u00fcrm\u0259 h\u0259ddin\u0259 \u00e7atd\u0131rma), 179.3.2-ci (m\u0259nims\u0259m\u0259 v\u0259 ya israf etm\u0259) v\u0259 dig\u0259r madd\u0259l\u0259r\u0259 \u0259sas\u0259n ittiham edilir.<\/p>\n","protected":false},"excerpt":{"rendered":"<p>T\u0259cridxanadan yazd\u0131\u011f\u0131 yaz\u0131lardan sonra onun kameras\u0131nda axtar\u0131\u015f apar\u0131l\u0131b<\/p>\n","protected":false},"author":11,"featured_media":23432,"comment_status":"closed","ping_status":"open","sticky":false,"template":"","format":"standard","meta":{"_acf_changed":false,"_sitemap_exclude":false,"_sitemap_priority":"","_sitemap_frequency":"","footnotes":""},"categories":[56],"tags":[],"class_list":["post-167717","post","type-post","status-publish","format-standard","has-post-thumbnail","hentry","category-xeberler","infinite-scroll-item","generate-columns","tablet-grid-50","mobile-grid-100","grid-parent","grid-33","no-featured-image-padding"],"acf":[],"yoast_head":"<!-- This site is optimized with the Yoast SEO plugin v28.4 - https:\/\/yoast.com\/product\/yoast-seo-wordpress\/ -->\n<title>X\u0259dic\u0259 \u0130smay\u0131la t\u00f6hm\u0259t verilib - MEYDAN.TV<\/title>\n<meta name=\"robots\" content=\"index, follow, max-snippet:-1, max-image-preview:large, max-video-preview:-1\" \/>\n<link rel=\"canonical\" href=\"https:\/\/www.meydan.tv\/az\/article\/xedice-ismayila-tohmet-verilib\/\" \/>\n<meta property=\"og:locale\" content=\"az_AZ\" \/>\n<meta property=\"og:type\" content=\"article\" \/>\n<meta property=\"og:title\" content=\"X\u0259dic\u0259 \u0130smay\u0131la t\u00f6hm\u0259t verilib - MEYDAN.TV\" \/>\n<meta property=\"og:description\" content=\"T\u0259cridxanadan yazd\u0131\u011f\u0131 yaz\u0131lardan sonra onun kameras\u0131nda axtar\u0131\u015f apar\u0131l\u0131b\" \/>\n<meta property=\"og:url\" content=\"https:\/\/www.meydan.tv\/az\/article\/xedice-ismayila-tohmet-verilib\/\" \/>\n<meta property=\"og:site_name\" content=\"MEYDAN.TV\" \/>\n<meta property=\"article:published_time\" content=\"2015-04-28T19:50:19+00:00\" \/>\n<meta property=\"og:image\" content=\"https:\/\/www.meydan.tv\/wp-content\/uploads\/8513.jpg\" \/>\n\t<meta property=\"og:image:width\" content=\"640\" \/>\n\t<meta property=\"og:image:height\" content=\"360\" \/>\n\t<meta property=\"og:image:type\" content=\"image\/jpeg\" \/>\n<meta name=\"twitter:card\" content=\"summary_large_image\" \/>\n<!-- \/ Yoast SEO plugin. -->","yoast_head_json":{"title":"X\u0259dic\u0259 \u0130smay\u0131la t\u00f6hm\u0259t verilib - MEYDAN.TV","robots":{"index":"index","follow":"follow","max-snippet":"max-snippet:-1","max-image-preview":"max-image-preview:large","max-video-preview":"max-video-preview:-1"},"canonical":"https:\/\/www.meydan.tv\/az\/article\/xedice-ismayila-tohmet-verilib\/","og_locale":"az_AZ","og_type":"article","og_title":"X\u0259dic\u0259 \u0130smay\u0131la t\u00f6hm\u0259t verilib - MEYDAN.TV","og_description":"T\u0259cridxanadan yazd\u0131\u011f\u0131 yaz\u0131lardan sonra onun kameras\u0131nda axtar\u0131\u015f apar\u0131l\u0131b","og_url":"https:\/\/www.meydan.tv\/az\/article\/xedice-ismayila-tohmet-verilib\/","og_site_name":"MEYDAN.TV","article_published_time":"2015-04-28T19:50:19+00:00","og_image":[{"width":640,"height":360,"url":"https:\/\/www.meydan.tv\/wp-content\/uploads\/8513.jpg","type":"image\/jpeg"}],"twitter_card":"summary_large_image","schema":{"@context":"https:\/\/schema.org","@graph":[{"@type":"Article","@id":"https:\/\/www.meydan.tv\/az\/article\/xedice-ismayila-tohmet-verilib\/#article","isPartOf":{"@id":"https:\/\/www.meydan.tv\/az\/article\/xedice-ismayila-tohmet-verilib\/"},"author":{"name":"user-manager","@id":"https:\/\/www.meydan.tv\/az\/#\/schema\/person\/10d11eccf6da3662cf5fdab9806ea91a"},"headline":"X\u0259dic\u0259 \u0130smay\u0131la t\u00f6hm\u0259t verilib","datePublished":"2015-04-28T19:50:19+00:00","mainEntityOfPage":{"@id":"https:\/\/www.meydan.tv\/az\/article\/xedice-ismayila-tohmet-verilib\/"},"wordCount":587,"publisher":{"@id":"https:\/\/www.meydan.tv\/az\/#organization"},"image":{"@id":"https:\/\/www.meydan.tv\/az\/article\/xedice-ismayila-tohmet-verilib\/#primaryimage"},"thumbnailUrl":"https:\/\/www.meydan.tv\/wp-content\/uploads\/8513.jpg","articleSection":["X\u0259b\u0259rl\u0259r"],"inLanguage":"az"},{"@type":"WebPage","@id":"https:\/\/www.meydan.tv\/az\/article\/xedice-ismayila-tohmet-verilib\/","url":"https:\/\/www.meydan.tv\/az\/article\/xedice-ismayila-tohmet-verilib\/","name":"X\u0259dic\u0259 \u0130smay\u0131la t\u00f6hm\u0259t verilib - MEYDAN.TV","isPartOf":{"@id":"https:\/\/www.meydan.tv\/az\/#website"},"primaryImageOfPage":{"@id":"https:\/\/www.meydan.tv\/az\/article\/xedice-ismayila-tohmet-verilib\/#primaryimage"},"image":{"@id":"https:\/\/www.meydan.tv\/az\/article\/xedice-ismayila-tohmet-verilib\/#primaryimage"},"thumbnailUrl":"https:\/\/www.meydan.tv\/wp-content\/uploads\/8513.jpg","datePublished":"2015-04-28T19:50:19+00:00","breadcrumb":{"@id":"https:\/\/www.meydan.tv\/az\/article\/xedice-ismayila-tohmet-verilib\/#breadcrumb"},"inLanguage":"az","potentialAction":[{"@type":"ReadAction","target":["https:\/\/www.meydan.tv\/az\/article\/xedice-ismayila-tohmet-verilib\/"]}]},{"@type":"ImageObject","inLanguage":"az","@id":"https:\/\/www.meydan.tv\/az\/article\/xedice-ismayila-tohmet-verilib\/#primaryimage","url":"https:\/\/www.meydan.tv\/wp-content\/uploads\/8513.jpg","contentUrl":"https:\/\/www.meydan.tv\/wp-content\/uploads\/8513.jpg","width":640,"height":360,"caption":"Source:"},{"@type":"BreadcrumbList","@id":"https:\/\/www.meydan.tv\/az\/article\/xedice-ismayila-tohmet-verilib\/#breadcrumb","itemListElement":[{"@type":"ListItem","position":1,"name":"Ana s\u0259hif\u0259","item":"https:\/\/www.meydan.tv\/az\/"},{"@type":"ListItem","position":2,"name":"X\u0259b\u0259rl\u0259r","item":"https:\/\/www.meydan.tv\/az\/section\/xeberler\/"},{"@type":"ListItem","position":3,"name":"X\u0259dic\u0259 \u0130smay\u0131la t\u00f6hm\u0259t verilib"}]},{"@type":"WebSite","@id":"https:\/\/www.meydan.tv\/az\/#website","url":"https:\/\/www.meydan.tv\/az\/","name":"MEYDAN.TV","description":"Meydan TV Az\u0259rbaycan\u0131n media m\u0259kan\u0131ndak\u0131 alternativ s\u0259sidir","publisher":{"@id":"https:\/\/www.meydan.tv\/az\/#organization"},"potentialAction":[{"@type":"SearchAction","target":{"@type":"EntryPoint","urlTemplate":"https:\/\/www.meydan.tv\/az\/?s={search_term_string}"},"query-input":{"@type":"PropertyValueSpecification","valueRequired":true,"valueName":"search_term_string"}}],"inLanguage":"az"},{"@type":"Organization","@id":"https:\/\/www.meydan.tv\/az\/#organization","name":"Meydan TV","url":"https:\/\/www.meydan.tv\/az\/","logo":{"@type":"ImageObject","inLanguage":"az","@id":"https:\/\/www.meydan.tv\/az\/#\/schema\/logo\/image\/","url":"https:\/\/www.meydan.tv\/wp-content\/uploads\/2021\/07\/meydan-logo.svg","contentUrl":"https:\/\/www.meydan.tv\/wp-content\/uploads\/2021\/07\/meydan-logo.svg","width":195,"height":46,"caption":"Meydan TV"},"image":{"@id":"https:\/\/www.meydan.tv\/az\/#\/schema\/logo\/image\/"}},{"@type":"Person","@id":"https:\/\/www.meydan.tv\/az\/#\/schema\/person\/10d11eccf6da3662cf5fdab9806ea91a","name":"user-manager"}]}},"_links":{"self":[{"href":"https:\/\/www.meydan.tv\/az\/wp-json\/wp\/v2\/posts\/167717","targetHints":{"allow":["GET"]}}],"collection":[{"href":"https:\/\/www.meydan.tv\/az\/wp-json\/wp\/v2\/posts"}],"about":[{"href":"https:\/\/www.meydan.tv\/az\/wp-json\/wp\/v2\/types\/post"}],"author":[{"embeddable":true,"href":"https:\/\/www.meydan.tv\/az\/wp-json\/wp\/v2\/users\/11"}],"replies":[{"embeddable":true,"href":"https:\/\/www.meydan.tv\/az\/wp-json\/wp\/v2\/comments?post=167717"}],"version-history":[{"count":0,"href":"https:\/\/www.meydan.tv\/az\/wp-json\/wp\/v2\/posts\/167717\/revisions"}],"wp:featuredmedia":[{"embeddable":true,"href":"https:\/\/www.meydan.tv\/az\/wp-json\/wp\/v2\/media\/23432"}],"wp:attachment":[{"href":"https:\/\/www.meydan.tv\/az\/wp-json\/wp\/v2\/media?parent=167717"}],"wp:term":[{"taxonomy":"category","embeddable":true,"href":"https:\/\/www.meydan.tv\/az\/wp-json\/wp\/v2\/categories?post=167717"},{"taxonomy":"post_tag","embeddable":true,"href":"https:\/\/www.meydan.tv\/az\/wp-json\/wp\/v2\/tags?post=167717"}],"curies":[{"name":"wp","href":"https:\/\/api.w.org\/{rel}","templated":true}]}}