{"id":167715,"date":"2015-04-28T17:50:41","date_gmt":"2015-04-28T17:50:41","guid":{"rendered":"https:\/\/www.meydan.tv\/article\/abs-sefiri-cimerliyin-zibilini-temizledi\/"},"modified":"2015-04-28T17:50:41","modified_gmt":"2015-04-28T17:50:41","slug":"abs-sefiri-cimerliyin-zibilini-temizledi","status":"publish","type":"post","link":"https:\/\/www.meydan.tv\/az\/article\/abs-sefiri-cimerliyin-zibilini-temizledi\/","title":{"rendered":"AB\u015e s\u0259firi \u00e7im\u0259rliyin zibilini t\u0259mizl\u0259di"},"content":{"rendered":"<figure class=\"wp-block-image size-large\">\n  <img decoding=\"async\" src=\"https:\/\/www.meydan.tv\/az\/23420\/\" alt=\"\" class=\"wp-image-23420\"\/><figcaption><\/figcaption><\/figure>\n<figure class=\"wp-block-image size-large\">\n  <img decoding=\"async\" src=\"https:\/\/www.meydan.tv\/az\/23420\/\" alt=\"\" class=\"wp-image-23420\"\/><figcaption><\/figcaption><\/figure>\n<p>\n  Amerikan\u0131n Az\u0259rbaycandak\u0131 yeni s\u0259firi Sekuta Yer G\u00fcn\u00fcn\u00fc qeyd etm\u0259k \u00fc\u00e7\u00fcn Bak\u0131n\u0131n yax\u0131nl\u0131\u011f\u0131ndak\u0131 \u00e7im\u0259rliyi t\u0259mizl\u0259m\u0259k \u00fc\u00e7\u00fcn m\u00fcbadil\u0259 proqramlar\u0131n\u0131n b\u0259zi m\u0259zunlar\u0131na qat\u0131l\u0131b.\n<\/p>\n<p>\n  Bu bar\u0259d\u0259 AB\u015e s\u0259firliyi Facebook s\u0259hif\u0259sind\u0259 m\u0259lumat payla\u015f\u0131b.\n<\/p>\n<figure class=\"wp-block-image size-large\">\n  <img decoding=\"async\" src=\"https:\/\/www.meydan.tv\/az\/23423\/\" alt=\"\" class=\"wp-image-23423\"\/><figcaption><\/figcaption><\/figure>\n","protected":false},"excerpt":{"rendered":"<p>Amerikan\u0131n Az\u0259rbaycandak\u0131 yeni s\u0259firi Sekuta Yer G\u00fcn\u00fcn\u00fc qeyd etm\u0259k \u00fc\u00e7\u00fcn &#8230; <\/p>\n<p class=\"read-more-container\"><a title=\"AB\u015e s\u0259firi \u00e7im\u0259rliyin zibilini t\u0259mizl\u0259di\" class=\"read-more button\" href=\"https:\/\/www.meydan.tv\/az\/article\/abs-sefiri-cimerliyin-zibilini-temizledi\/#more-167715\" aria-label=\"Read more about AB\u015e s\u0259firi \u00e7im\u0259rliyin zibilini t\u0259mizl\u0259di\">Davam\u0131<\/a><\/p>\n","protected":false},"author":11,"featured_media":23420,"comment_status":"closed","ping_status":"open","sticky":false,"template":"","format":"standard","meta":{"_acf_changed":false,"_sitemap_exclude":false,"_sitemap_priority":"","_sitemap_frequency":"","footnotes":""},"categories":[56],"tags":[],"class_list":["post-167715","post","type-post","status-publish","format-standard","has-post-thumbnail","hentry","category-xeberler","infinite-scroll-item","generate-columns","tablet-grid-50","mobile-grid-100","grid-parent","grid-33","no-featured-image-padding"],"acf":[],"yoast_head":"<!-- This site is optimized with the Yoast SEO plugin v28.4 - https:\/\/yoast.com\/product\/yoast-seo-wordpress\/ -->\n<title>AB\u015e s\u0259firi \u00e7im\u0259rliyin zibilini t\u0259mizl\u0259di - MEYDAN.TV<\/title>\n<meta name=\"robots\" content=\"index, follow, max-snippet:-1, max-image-preview:large, max-video-preview:-1\" \/>\n<link rel=\"canonical\" href=\"https:\/\/www.meydan.tv\/az\/article\/abs-sefiri-cimerliyin-zibilini-temizledi\/\" \/>\n<meta property=\"og:locale\" content=\"az_AZ\" \/>\n<meta property=\"og:type\" content=\"article\" \/>\n<meta property=\"og:title\" content=\"AB\u015e s\u0259firi \u00e7im\u0259rliyin zibilini t\u0259mizl\u0259di - MEYDAN.TV\" \/>\n<meta property=\"og:description\" content=\"Amerikan\u0131n Az\u0259rbaycandak\u0131 yeni s\u0259firi Sekuta Yer G\u00fcn\u00fcn\u00fc qeyd etm\u0259k \u00fc\u00e7\u00fcn ... Davam\u0131\" \/>\n<meta property=\"og:url\" content=\"https:\/\/www.meydan.tv\/az\/article\/abs-sefiri-cimerliyin-zibilini-temizledi\/\" \/>\n<meta property=\"og:site_name\" content=\"MEYDAN.TV\" \/>\n<meta property=\"article:published_time\" content=\"2015-04-28T17:50:41+00:00\" \/>\n<meta property=\"og:image\" content=\"https:\/\/www.meydan.tv\/wp-content\/uploads\/8510.jpg\" \/>\n\t<meta property=\"og:image:width\" content=\"533\" \/>\n\t<meta property=\"og:image:height\" content=\"300\" \/>\n\t<meta property=\"og:image:type\" content=\"image\/jpeg\" \/>\n<meta name=\"twitter:card\" content=\"summary_large_image\" \/>\n<!-- \/ Yoast SEO plugin. -->","yoast_head_json":{"title":"AB\u015e s\u0259firi \u00e7im\u0259rliyin zibilini t\u0259mizl\u0259di - MEYDAN.TV","robots":{"index":"index","follow":"follow","max-snippet":"max-snippet:-1","max-image-preview":"max-image-preview:large","max-video-preview":"max-video-preview:-1"},"canonical":"https:\/\/www.meydan.tv\/az\/article\/abs-sefiri-cimerliyin-zibilini-temizledi\/","og_locale":"az_AZ","og_type":"article","og_title":"AB\u015e s\u0259firi \u00e7im\u0259rliyin zibilini t\u0259mizl\u0259di - MEYDAN.TV","og_description":"Amerikan\u0131n Az\u0259rbaycandak\u0131 yeni s\u0259firi Sekuta Yer G\u00fcn\u00fcn\u00fc qeyd etm\u0259k \u00fc\u00e7\u00fcn ... Davam\u0131","og_url":"https:\/\/www.meydan.tv\/az\/article\/abs-sefiri-cimerliyin-zibilini-temizledi\/","og_site_name":"MEYDAN.TV","article_published_time":"2015-04-28T17:50:41+00:00","og_image":[{"width":533,"height":300,"url":"https:\/\/www.meydan.tv\/wp-content\/uploads\/8510.jpg","type":"image\/jpeg"}],"twitter_card":"summary_large_image","schema":{"@context":"https:\/\/schema.org","@graph":[{"@type":"Article","@id":"https:\/\/www.meydan.tv\/az\/article\/abs-sefiri-cimerliyin-zibilini-temizledi\/#article","isPartOf":{"@id":"https:\/\/www.meydan.tv\/az\/article\/abs-sefiri-cimerliyin-zibilini-temizledi\/"},"author":{"name":"user-manager","@id":"https:\/\/www.meydan.tv\/az\/#\/schema\/person\/10d11eccf6da3662cf5fdab9806ea91a"},"headline":"AB\u015e s\u0259firi \u00e7im\u0259rliyin zibilini t\u0259mizl\u0259di","datePublished":"2015-04-28T17:50:41+00:00","mainEntityOfPage":{"@id":"https:\/\/www.meydan.tv\/az\/article\/abs-sefiri-cimerliyin-zibilini-temizledi\/"},"wordCount":65,"publisher":{"@id":"https:\/\/www.meydan.tv\/az\/#organization"},"image":{"@id":"https:\/\/www.meydan.tv\/az\/article\/abs-sefiri-cimerliyin-zibilini-temizledi\/#primaryimage"},"thumbnailUrl":"https:\/\/www.meydan.tv\/wp-content\/uploads\/8510.jpg","articleSection":["X\u0259b\u0259rl\u0259r"],"inLanguage":"az"},{"@type":"WebPage","@id":"https:\/\/www.meydan.tv\/az\/article\/abs-sefiri-cimerliyin-zibilini-temizledi\/","url":"https:\/\/www.meydan.tv\/az\/article\/abs-sefiri-cimerliyin-zibilini-temizledi\/","name":"AB\u015e s\u0259firi \u00e7im\u0259rliyin zibilini t\u0259mizl\u0259di - MEYDAN.TV","isPartOf":{"@id":"https:\/\/www.meydan.tv\/az\/#website"},"primaryImageOfPage":{"@id":"https:\/\/www.meydan.tv\/az\/article\/abs-sefiri-cimerliyin-zibilini-temizledi\/#primaryimage"},"image":{"@id":"https:\/\/www.meydan.tv\/az\/article\/abs-sefiri-cimerliyin-zibilini-temizledi\/#primaryimage"},"thumbnailUrl":"https:\/\/www.meydan.tv\/wp-content\/uploads\/8510.jpg","datePublished":"2015-04-28T17:50:41+00:00","breadcrumb":{"@id":"https:\/\/www.meydan.tv\/az\/article\/abs-sefiri-cimerliyin-zibilini-temizledi\/#breadcrumb"},"inLanguage":"az","potentialAction":[{"@type":"ReadAction","target":["https:\/\/www.meydan.tv\/az\/article\/abs-sefiri-cimerliyin-zibilini-temizledi\/"]}]},{"@type":"ImageObject","inLanguage":"az","@id":"https:\/\/www.meydan.tv\/az\/article\/abs-sefiri-cimerliyin-zibilini-temizledi\/#primaryimage","url":"https:\/\/www.meydan.tv\/wp-content\/uploads\/8510.jpg","contentUrl":"https:\/\/www.meydan.tv\/wp-content\/uploads\/8510.jpg","width":533,"height":300,"caption":"Source:"},{"@type":"BreadcrumbList","@id":"https:\/\/www.meydan.tv\/az\/article\/abs-sefiri-cimerliyin-zibilini-temizledi\/#breadcrumb","itemListElement":[{"@type":"ListItem","position":1,"name":"Ana s\u0259hif\u0259","item":"https:\/\/www.meydan.tv\/az\/"},{"@type":"ListItem","position":2,"name":"X\u0259b\u0259rl\u0259r","item":"https:\/\/www.meydan.tv\/az\/section\/xeberler\/"},{"@type":"ListItem","position":3,"name":"AB\u015e s\u0259firi \u00e7im\u0259rliyin zibilini t\u0259mizl\u0259di"}]},{"@type":"WebSite","@id":"https:\/\/www.meydan.tv\/az\/#website","url":"https:\/\/www.meydan.tv\/az\/","name":"MEYDAN.TV","description":"Meydan TV Az\u0259rbaycan\u0131n media m\u0259kan\u0131ndak\u0131 alternativ s\u0259sidir","publisher":{"@id":"https:\/\/www.meydan.tv\/az\/#organization"},"potentialAction":[{"@type":"SearchAction","target":{"@type":"EntryPoint","urlTemplate":"https:\/\/www.meydan.tv\/az\/?s={search_term_string}"},"query-input":{"@type":"PropertyValueSpecification","valueRequired":true,"valueName":"search_term_string"}}],"inLanguage":"az"},{"@type":"Organization","@id":"https:\/\/www.meydan.tv\/az\/#organization","name":"Meydan TV","url":"https:\/\/www.meydan.tv\/az\/","logo":{"@type":"ImageObject","inLanguage":"az","@id":"https:\/\/www.meydan.tv\/az\/#\/schema\/logo\/image\/","url":"https:\/\/www.meydan.tv\/wp-content\/uploads\/2021\/07\/meydan-logo.svg","contentUrl":"https:\/\/www.meydan.tv\/wp-content\/uploads\/2021\/07\/meydan-logo.svg","width":195,"height":46,"caption":"Meydan TV"},"image":{"@id":"https:\/\/www.meydan.tv\/az\/#\/schema\/logo\/image\/"}},{"@type":"Person","@id":"https:\/\/www.meydan.tv\/az\/#\/schema\/person\/10d11eccf6da3662cf5fdab9806ea91a","name":"user-manager"}]}},"_links":{"self":[{"href":"https:\/\/www.meydan.tv\/az\/wp-json\/wp\/v2\/posts\/167715","targetHints":{"allow":["GET"]}}],"collection":[{"href":"https:\/\/www.meydan.tv\/az\/wp-json\/wp\/v2\/posts"}],"about":[{"href":"https:\/\/www.meydan.tv\/az\/wp-json\/wp\/v2\/types\/post"}],"author":[{"embeddable":true,"href":"https:\/\/www.meydan.tv\/az\/wp-json\/wp\/v2\/users\/11"}],"replies":[{"embeddable":true,"href":"https:\/\/www.meydan.tv\/az\/wp-json\/wp\/v2\/comments?post=167715"}],"version-history":[{"count":0,"href":"https:\/\/www.meydan.tv\/az\/wp-json\/wp\/v2\/posts\/167715\/revisions"}],"wp:featuredmedia":[{"embeddable":true,"href":"https:\/\/www.meydan.tv\/az\/wp-json\/wp\/v2\/media\/23420"}],"wp:attachment":[{"href":"https:\/\/www.meydan.tv\/az\/wp-json\/wp\/v2\/media?parent=167715"}],"wp:term":[{"taxonomy":"category","embeddable":true,"href":"https:\/\/www.meydan.tv\/az\/wp-json\/wp\/v2\/categories?post=167715"},{"taxonomy":"post_tag","embeddable":true,"href":"https:\/\/www.meydan.tv\/az\/wp-json\/wp\/v2\/tags?post=167715"}],"curies":[{"name":"wp","href":"https:\/\/api.w.org\/{rel}","templated":true}]}}