{"id":167712,"date":"2015-04-28T17:43:23","date_gmt":"2015-04-28T17:43:23","guid":{"rendered":"https:\/\/www.meydan.tv\/article\/alyans-ilham-eliyevi-tofiq-yaqublunu-hebsden-azad-etmeye-cagirir\/"},"modified":"2015-04-28T17:43:23","modified_gmt":"2015-04-28T17:43:23","slug":"alyans-ilham-eliyevi-tofiq-yaqublunu-hebsden-azad-etmeye-cagirir","status":"publish","type":"post","link":"https:\/\/www.meydan.tv\/az\/article\/alyans-ilham-eliyevi-tofiq-yaqublunu-hebsden-azad-etmeye-cagirir\/","title":{"rendered":"Alyans \u0130lham \u018fliyevi Tofiq Yaqublunu h\u0259bsd\u0259n azad etm\u0259y\u0259 \u00e7a\u011f\u0131r\u0131r"},"content":{"rendered":"<figure class=\"wp-block-image size-large\">\n  <img decoding=\"async\" src=\"https:\/\/www.meydan.tv\/az\/23414\/\" alt=\"\" class=\"wp-image-23414\"\/><figcaption><\/figcaption><\/figure>\n<figure class=\"wp-block-image size-large\">\n  <img decoding=\"async\" src=\"https:\/\/www.meydan.tv\/az\/23414\/\" alt=\"\" class=\"wp-image-23414\"\/><figcaption><\/figcaption><\/figure>\n<p>\n  <i><br \/>\n    &#8220;T.Yaqublunun 7 g\u00fcn m\u00fcdd\u0259t\u0259 m\u0259zuniyy\u0259t\u0259 burax\u0131lmas\u0131 hakimiyy\u0259tin humanistliyi deyil, C\u0259zalar\u0131n \u0130cras\u0131 M\u0259c\u0259ll\u0259sinin m\u00f6vcud madd\u0259sin\u0259 \u0259sas\u0259n qanunlar\u0131n ona verdiyi h\u00fcququn bir hiss\u0259sidir&#8221;<br \/>\n  <\/i>\n<\/p>\n<p>\n  \u201cSiyasi M\u0259hbuslars\u0131z Az\u0259rbaycan\u201d \u0130ctimai Alyans\u0131 h\u0259bsd\u0259 olan vicdan m\u0259hbusu, Musavat Partiyas\u0131 ba\u015fqan\u0131n\u0131n m\u00fcavini Tofiq Yaqublunun h\u0259bsd\u0259n azad edilm\u0259si il\u0259 ba\u011fl\u0131 b\u0259yanatla \u00e7\u0131x\u0131\u015f edib. B\u0259yanatda deyilir: \u201c&#8221;Siyasi M\u0259hbuslars\u0131z Az\u0259rbaycan\u201d \u0130ctimai Alyans\u0131 h\u0259bsd\u0259 olan M\u00fcsavat Partiyas\u0131 ba\u015fqan\u0131n\u0131n\u00a0\u00a0m\u00fcavini, vicdan m\u0259hbusu Tofiq Yaqublunun q\u0131z\u0131, ictimai f\u0259al N\u0259rgiz Yaqublunun vaxts\u0131z v\u0259fat\u0131ndan k\u0259d\u0259rl\u0259ndiyini bildirir v\u0259 m\u0259rhumun ail\u0259sin\u0259, yax\u0131nlar\u0131na d\u0259rin h\u00fcznl\u0259 ba\u015f sa\u011fl\u0131\u011f\u0131 verir.\n<\/p>\n<p>\n  Alyans hesab edir ki, s\u0259hiyy\u0259miz normal inki\u015faf ets\u0259ydi, Yaqublular ail\u0259si bunca t\u0259zyiq v\u0259 repressiyalara, stressl\u0259r\u0259 m\u0259ruz qalmasayd\u0131, n\u0259 bu x\u0259st\u0259lik N\u0259rgizi tapard\u0131, n\u0259 d\u0259 ki, o, bu x\u0259st\u0259likd\u0259n v\u0259fat ed\u0259rdi.\n<\/p>\n<p>\n  Eyni zamanda Alyans vicdan m\u0259hbusu Tofiq Yaqublunun 2013- c\u00fc ilin yanvar ay\u0131nda ba\u015f vermi\u015f \u0130smay\u0131ll\u0131 hadis\u0259l\u0259rind\u0259 g\u00fcnahland\u0131r\u0131laraq h\u0259bs edilm\u0259sini hakimiyy\u0259tin siyasi sifari\u015fi oldu\u011funu bir daha vur\u011fulay\u0131r.\n<\/p>\n<p>\n  Alyans \u00f6vlad\u0131n\u0131n v\u0259fat\u0131 m\u00fcnasib\u0259ti il\u0259 T.Yaqublunun 7 g\u00fcn m\u00fcdd\u0259t\u0259 m\u0259zuniyy\u0259t\u0259 burax\u0131lmas\u0131n\u0131 hakimiyy\u0259tin humanistliyi deyil, C\u0259zalar\u0131n \u0130cras\u0131 M\u0259c\u0259ll\u0259sinin m\u00f6vcud madd\u0259sin\u0259 \u0259sas\u0259n qanunlar\u0131n ona verdiyi h\u00fcququn bir hiss\u0259si hesab edir.\n<\/p>\n<p>\n  \u201cSiyasi M\u0259hbuslars\u0131z Az\u0259rbaycan\u201d \u0130ctimai Alyans\u0131 Tofiq Yaqublunun \u015f\u0259rl\u0259n\u0259r\u0259k h\u0259bs olundu\u011funu, g\u00fcnahs\u0131zl\u0131\u011f\u0131n\u0131, Qaraba\u011f m\u00fcharib\u0259si qazisi oldu\u011funu, \u00f6lk\u0259mizin m\u00fcst\u0259qilliyi u\u011frunda apard\u0131\u011f\u0131 f\u0259dakar azadl\u0131q m\u00fcbariz\u0259sini, ictimai- siyasi f\u0259all\u0131\u011f\u0131n\u0131 v\u0259 son olaraq \u00f6vlad\u0131n\u0131n vaxts\u0131z v\u0259fat\u0131n\u0131 n\u0259z\u0259r\u0259 alaraq \u00f6lk\u0259 ba\u015f\u00e7\u0131s\u0131 \u0130lham \u018fliyevi onu h\u0259bsd\u0259n azad etm\u0259y\u0259 \u00e7a\u011f\u0131r\u0131r.\n<\/p>\n<p>\n  Alyans hesab edir ki, Tofiq Yaqublu il\u0259 yana\u015f\u0131 h\u0259bsd\u0259 olan b\u00fct\u00fcn siyasi m\u0259hbuslar qeyd- \u015f\u0259rtsiz azadl\u0131\u011fa burax\u0131lmal\u0131d\u0131r\u201d.<\/p>\n","protected":false},"excerpt":{"rendered":"<p>&#8220;T.Yaqublunun 7 g\u00fcn m\u00fcdd\u0259t\u0259 m\u0259zuniyy\u0259t\u0259 burax\u0131lmas\u0131 hakimiyy\u0259tin humanistliyi deyil, C\u0259zalar\u0131n \u0130cras\u0131 M\u0259c\u0259ll\u0259sinin m\u00f6vcud madd\u0259sin\u0259 \u0259sas\u0259n qanunlar\u0131n ona verdiyi h\u00fcququn bir hiss\u0259sidir&#8221;<\/p>\n","protected":false},"author":11,"featured_media":23414,"comment_status":"closed","ping_status":"open","sticky":false,"template":"","format":"standard","meta":{"_acf_changed":false,"_sitemap_exclude":false,"_sitemap_priority":"","_sitemap_frequency":"","footnotes":""},"categories":[56],"tags":[],"class_list":["post-167712","post","type-post","status-publish","format-standard","has-post-thumbnail","hentry","category-xeberler","infinite-scroll-item","generate-columns","tablet-grid-50","mobile-grid-100","grid-parent","grid-33","no-featured-image-padding"],"acf":[],"yoast_head":"<!-- This site is optimized with the Yoast SEO plugin v28.4 - https:\/\/yoast.com\/product\/yoast-seo-wordpress\/ -->\n<title>Alyans \u0130lham \u018fliyevi Tofiq Yaqublunu h\u0259bsd\u0259n azad etm\u0259y\u0259 \u00e7a\u011f\u0131r\u0131r - MEYDAN.TV<\/title>\n<meta name=\"robots\" content=\"index, follow, max-snippet:-1, max-image-preview:large, max-video-preview:-1\" \/>\n<link rel=\"canonical\" href=\"https:\/\/www.meydan.tv\/az\/article\/alyans-ilham-eliyevi-tofiq-yaqublunu-hebsden-azad-etmeye-cagirir\/\" \/>\n<meta property=\"og:locale\" content=\"az_AZ\" \/>\n<meta property=\"og:type\" content=\"article\" \/>\n<meta property=\"og:title\" content=\"Alyans \u0130lham \u018fliyevi Tofiq Yaqublunu h\u0259bsd\u0259n azad etm\u0259y\u0259 \u00e7a\u011f\u0131r\u0131r - MEYDAN.TV\" \/>\n<meta property=\"og:description\" content=\"&quot;T.Yaqublunun 7 g\u00fcn m\u00fcdd\u0259t\u0259 m\u0259zuniyy\u0259t\u0259 burax\u0131lmas\u0131 hakimiyy\u0259tin humanistliyi deyil, C\u0259zalar\u0131n \u0130cras\u0131 M\u0259c\u0259ll\u0259sinin m\u00f6vcud madd\u0259sin\u0259 \u0259sas\u0259n qanunlar\u0131n ona verdiyi h\u00fcququn bir hiss\u0259sidir&quot;\" \/>\n<meta property=\"og:url\" content=\"https:\/\/www.meydan.tv\/az\/article\/alyans-ilham-eliyevi-tofiq-yaqublunu-hebsden-azad-etmeye-cagirir\/\" \/>\n<meta property=\"og:site_name\" content=\"MEYDAN.TV\" \/>\n<meta property=\"article:published_time\" content=\"2015-04-28T17:43:23+00:00\" \/>\n<meta property=\"og:image\" content=\"https:\/\/www.meydan.tv\/wp-content\/uploads\/8509.jpg\" \/>\n\t<meta property=\"og:image:width\" content=\"540\" \/>\n\t<meta property=\"og:image:height\" content=\"404\" \/>\n\t<meta property=\"og:image:type\" content=\"image\/jpeg\" \/>\n<meta name=\"twitter:card\" content=\"summary_large_image\" \/>\n<!-- \/ Yoast SEO plugin. -->","yoast_head_json":{"title":"Alyans \u0130lham \u018fliyevi Tofiq Yaqublunu h\u0259bsd\u0259n azad etm\u0259y\u0259 \u00e7a\u011f\u0131r\u0131r - MEYDAN.TV","robots":{"index":"index","follow":"follow","max-snippet":"max-snippet:-1","max-image-preview":"max-image-preview:large","max-video-preview":"max-video-preview:-1"},"canonical":"https:\/\/www.meydan.tv\/az\/article\/alyans-ilham-eliyevi-tofiq-yaqublunu-hebsden-azad-etmeye-cagirir\/","og_locale":"az_AZ","og_type":"article","og_title":"Alyans \u0130lham \u018fliyevi Tofiq Yaqublunu h\u0259bsd\u0259n azad etm\u0259y\u0259 \u00e7a\u011f\u0131r\u0131r - MEYDAN.TV","og_description":"\"T.Yaqublunun 7 g\u00fcn m\u00fcdd\u0259t\u0259 m\u0259zuniyy\u0259t\u0259 burax\u0131lmas\u0131 hakimiyy\u0259tin humanistliyi deyil, C\u0259zalar\u0131n \u0130cras\u0131 M\u0259c\u0259ll\u0259sinin m\u00f6vcud madd\u0259sin\u0259 \u0259sas\u0259n qanunlar\u0131n ona verdiyi h\u00fcququn bir hiss\u0259sidir\"","og_url":"https:\/\/www.meydan.tv\/az\/article\/alyans-ilham-eliyevi-tofiq-yaqublunu-hebsden-azad-etmeye-cagirir\/","og_site_name":"MEYDAN.TV","article_published_time":"2015-04-28T17:43:23+00:00","og_image":[{"width":540,"height":404,"url":"https:\/\/www.meydan.tv\/wp-content\/uploads\/8509.jpg","type":"image\/jpeg"}],"twitter_card":"summary_large_image","schema":{"@context":"https:\/\/schema.org","@graph":[{"@type":"Article","@id":"https:\/\/www.meydan.tv\/az\/article\/alyans-ilham-eliyevi-tofiq-yaqublunu-hebsden-azad-etmeye-cagirir\/#article","isPartOf":{"@id":"https:\/\/www.meydan.tv\/az\/article\/alyans-ilham-eliyevi-tofiq-yaqublunu-hebsden-azad-etmeye-cagirir\/"},"author":{"name":"user-manager","@id":"https:\/\/www.meydan.tv\/az\/#\/schema\/person\/10d11eccf6da3662cf5fdab9806ea91a"},"headline":"Alyans \u0130lham \u018fliyevi Tofiq Yaqublunu h\u0259bsd\u0259n azad etm\u0259y\u0259 \u00e7a\u011f\u0131r\u0131r","datePublished":"2015-04-28T17:43:23+00:00","mainEntityOfPage":{"@id":"https:\/\/www.meydan.tv\/az\/article\/alyans-ilham-eliyevi-tofiq-yaqublunu-hebsden-azad-etmeye-cagirir\/"},"wordCount":395,"publisher":{"@id":"https:\/\/www.meydan.tv\/az\/#organization"},"image":{"@id":"https:\/\/www.meydan.tv\/az\/article\/alyans-ilham-eliyevi-tofiq-yaqublunu-hebsden-azad-etmeye-cagirir\/#primaryimage"},"thumbnailUrl":"https:\/\/www.meydan.tv\/wp-content\/uploads\/8509.jpg","articleSection":["X\u0259b\u0259rl\u0259r"],"inLanguage":"az"},{"@type":"WebPage","@id":"https:\/\/www.meydan.tv\/az\/article\/alyans-ilham-eliyevi-tofiq-yaqublunu-hebsden-azad-etmeye-cagirir\/","url":"https:\/\/www.meydan.tv\/az\/article\/alyans-ilham-eliyevi-tofiq-yaqublunu-hebsden-azad-etmeye-cagirir\/","name":"Alyans \u0130lham \u018fliyevi Tofiq Yaqublunu h\u0259bsd\u0259n azad etm\u0259y\u0259 \u00e7a\u011f\u0131r\u0131r - MEYDAN.TV","isPartOf":{"@id":"https:\/\/www.meydan.tv\/az\/#website"},"primaryImageOfPage":{"@id":"https:\/\/www.meydan.tv\/az\/article\/alyans-ilham-eliyevi-tofiq-yaqublunu-hebsden-azad-etmeye-cagirir\/#primaryimage"},"image":{"@id":"https:\/\/www.meydan.tv\/az\/article\/alyans-ilham-eliyevi-tofiq-yaqublunu-hebsden-azad-etmeye-cagirir\/#primaryimage"},"thumbnailUrl":"https:\/\/www.meydan.tv\/wp-content\/uploads\/8509.jpg","datePublished":"2015-04-28T17:43:23+00:00","breadcrumb":{"@id":"https:\/\/www.meydan.tv\/az\/article\/alyans-ilham-eliyevi-tofiq-yaqublunu-hebsden-azad-etmeye-cagirir\/#breadcrumb"},"inLanguage":"az","potentialAction":[{"@type":"ReadAction","target":["https:\/\/www.meydan.tv\/az\/article\/alyans-ilham-eliyevi-tofiq-yaqublunu-hebsden-azad-etmeye-cagirir\/"]}]},{"@type":"ImageObject","inLanguage":"az","@id":"https:\/\/www.meydan.tv\/az\/article\/alyans-ilham-eliyevi-tofiq-yaqublunu-hebsden-azad-etmeye-cagirir\/#primaryimage","url":"https:\/\/www.meydan.tv\/wp-content\/uploads\/8509.jpg","contentUrl":"https:\/\/www.meydan.tv\/wp-content\/uploads\/8509.jpg","width":540,"height":404,"caption":"Source:"},{"@type":"BreadcrumbList","@id":"https:\/\/www.meydan.tv\/az\/article\/alyans-ilham-eliyevi-tofiq-yaqublunu-hebsden-azad-etmeye-cagirir\/#breadcrumb","itemListElement":[{"@type":"ListItem","position":1,"name":"Ana s\u0259hif\u0259","item":"https:\/\/www.meydan.tv\/az\/"},{"@type":"ListItem","position":2,"name":"X\u0259b\u0259rl\u0259r","item":"https:\/\/www.meydan.tv\/az\/section\/xeberler\/"},{"@type":"ListItem","position":3,"name":"Alyans \u0130lham \u018fliyevi Tofiq Yaqublunu h\u0259bsd\u0259n azad etm\u0259y\u0259 \u00e7a\u011f\u0131r\u0131r"}]},{"@type":"WebSite","@id":"https:\/\/www.meydan.tv\/az\/#website","url":"https:\/\/www.meydan.tv\/az\/","name":"MEYDAN.TV","description":"Meydan TV Az\u0259rbaycan\u0131n media m\u0259kan\u0131ndak\u0131 alternativ s\u0259sidir","publisher":{"@id":"https:\/\/www.meydan.tv\/az\/#organization"},"potentialAction":[{"@type":"SearchAction","target":{"@type":"EntryPoint","urlTemplate":"https:\/\/www.meydan.tv\/az\/?s={search_term_string}"},"query-input":{"@type":"PropertyValueSpecification","valueRequired":true,"valueName":"search_term_string"}}],"inLanguage":"az"},{"@type":"Organization","@id":"https:\/\/www.meydan.tv\/az\/#organization","name":"Meydan TV","url":"https:\/\/www.meydan.tv\/az\/","logo":{"@type":"ImageObject","inLanguage":"az","@id":"https:\/\/www.meydan.tv\/az\/#\/schema\/logo\/image\/","url":"https:\/\/www.meydan.tv\/wp-content\/uploads\/2021\/07\/meydan-logo.svg","contentUrl":"https:\/\/www.meydan.tv\/wp-content\/uploads\/2021\/07\/meydan-logo.svg","width":195,"height":46,"caption":"Meydan TV"},"image":{"@id":"https:\/\/www.meydan.tv\/az\/#\/schema\/logo\/image\/"}},{"@type":"Person","@id":"https:\/\/www.meydan.tv\/az\/#\/schema\/person\/10d11eccf6da3662cf5fdab9806ea91a","name":"user-manager"}]}},"_links":{"self":[{"href":"https:\/\/www.meydan.tv\/az\/wp-json\/wp\/v2\/posts\/167712","targetHints":{"allow":["GET"]}}],"collection":[{"href":"https:\/\/www.meydan.tv\/az\/wp-json\/wp\/v2\/posts"}],"about":[{"href":"https:\/\/www.meydan.tv\/az\/wp-json\/wp\/v2\/types\/post"}],"author":[{"embeddable":true,"href":"https:\/\/www.meydan.tv\/az\/wp-json\/wp\/v2\/users\/11"}],"replies":[{"embeddable":true,"href":"https:\/\/www.meydan.tv\/az\/wp-json\/wp\/v2\/comments?post=167712"}],"version-history":[{"count":0,"href":"https:\/\/www.meydan.tv\/az\/wp-json\/wp\/v2\/posts\/167712\/revisions"}],"wp:featuredmedia":[{"embeddable":true,"href":"https:\/\/www.meydan.tv\/az\/wp-json\/wp\/v2\/media\/23414"}],"wp:attachment":[{"href":"https:\/\/www.meydan.tv\/az\/wp-json\/wp\/v2\/media?parent=167712"}],"wp:term":[{"taxonomy":"category","embeddable":true,"href":"https:\/\/www.meydan.tv\/az\/wp-json\/wp\/v2\/categories?post=167712"},{"taxonomy":"post_tag","embeddable":true,"href":"https:\/\/www.meydan.tv\/az\/wp-json\/wp\/v2\/tags?post=167712"}],"curies":[{"name":"wp","href":"https:\/\/api.w.org\/{rel}","templated":true}]}}