{"id":167711,"date":"2015-04-28T17:11:21","date_gmt":"2015-04-28T17:11:21","guid":{"rendered":"https:\/\/www.meydan.tv\/article\/aydin-yarmemmedov-19-gunde-32-sirketin-direktoru-olub\/"},"modified":"2015-04-28T17:11:21","modified_gmt":"2015-04-28T17:11:21","slug":"aydin-yarmemmedov-19-gunde-32-sirketin-direktoru-olub","status":"publish","type":"post","link":"https:\/\/www.meydan.tv\/az\/article\/aydin-yarmemmedov-19-gunde-32-sirketin-direktoru-olub\/","title":{"rendered":"Ayd\u0131n Yarm\u0259mm\u0259dov 19 g\u00fcnd\u0259 32 \u015firk\u0259tin direktoru olub"},"content":{"rendered":"<figure class=\"wp-block-image size-large\">\n  <img decoding=\"async\" src=\"https:\/\/www.meydan.tv\/az\/23411\/\" alt=\"\" class=\"wp-image-23411\"\/><figcaption><\/figcaption><\/figure>\n<figure class=\"wp-block-image size-large\">\n  <img decoding=\"async\" src=\"https:\/\/www.meydan.tv\/az\/23411\/\" alt=\"\" class=\"wp-image-23411\"\/><figcaption><\/figcaption><\/figure>\n<p><div>\n    <i><br \/>\n      Bu \u015firk\u0259tl\u0259rin t\u0259sis\u00e7il\u0259rinin adlar\u0131 a\u00e7\u0131qlanm\u0131r<br \/>\n    <\/i>\n  <\/div>\n<\/p>\n<p>\n  Vergil\u0259r Nazirliyi bu ilin yanvar\u0131nda d\u00f6vl\u0259t qeydiyyat\u0131na al\u0131nan kommersiya strukturlar\u0131 bar\u0259d\u0259 m\u0259lumatlar\u0131n a\u00e7\u0131qlanmas\u0131n\u0131 ba\u015fa \u00e7atd\u0131r\u0131b. &#8220;Turan&#8221; \u0130A-nin analizi g\u00f6st\u0259rir ki, yeni \u015firk\u0259tl\u0259rin d\u00f6rdd\u0259 birinin direktoru c\u0259mi 7 adamd\u0131r.\n<\/p>\n<p>\n  &#8220;Turan \u0130A&#8221;-\u0131n hesablamas\u0131na g\u00f6r\u0259, yanvarda 487 \u015firk\u0259t, o c\u00fcml\u0259d\u0259n xarici \u015firk\u0259tl\u0259rin bir ne\u00e7\u0259 filial v\u0259 n\u00fcmay\u0259nd\u0259lik d\u00f6vl\u0259t qeydiyyat\u0131na al\u0131n\u0131b. Agentlik bir ne\u00e7\u0259 amil\u0259 istinad ed\u0259r\u0259k (\u00fcnvan ox\u015farl\u0131\u011f\u0131, nizamnam\u0259 kapital\u0131n\u0131n azl\u0131\u011f\u0131, qanunu t\u0259msil\u00e7inin eyni olmas\u0131 v\u0259 s), hesab edir ki, bunlar\u0131n \u0259n az\u0131 188-i (38,6%) saxtad\u0131r.\n<\/p>\n<p>\n  Yanvar\u0131n 19 i\u015f g\u00fcn\u00fc \u0259rzind\u0259 32 \u015firk\u0259tin direktoru s\u0259lahiyy\u0259ti Ayd\u0131n \u018fhm\u0259d o\u011flu Yarm\u0259mm\u0259dovun \u00fcz\u0259rin\u0259 qoyulub. Elxan \u018fbdulq\u0259ni o\u011flu Vahidovun direktoru t\u0259yin edildiyi \u015firk\u0259tl\u0259rin say\u0131 bundan bir r\u0259q\u0259m azd\u0131r. Dada\u015f N\u0259z\u0259r o\u011flu Mehdiyev 19 \u015firk\u0259t\u0259, Zaur B\u00f6y\u00fckki\u015fi o\u011flu Na\u011f\u0131yev 15 \u015firk\u0259t\u0259 r\u0259hb\u0259rlik ed\u0259c\u0259k. Onlar\u0131n ard\u0131nca Maarif Vaqif o\u011flu H\u0259midov (10), Ceyhun Vaqif o\u011flu H\u00fcseynov (7) v\u0259 R\u0259\u015fad\u0259t \u018fdal\u0259t o\u011flu M\u0259mm\u0259dov (5) g\u0259lir. Fevralda b\u0259nz\u0259r \u015firk\u0259tl\u0259rin \u201cklonla\u015fd\u0131r\u0131lmas\u0131\u201d davam edib.\n<\/p>\n<p>\n  Bu \u015firk\u0259tl\u0259rin qeydiyyat yeri kimi Yard\u0131ml\u0131, Quba, Hac\u0131qabul, L\u0259nk\u0259ran v\u0259 dig\u0259r rayonlar\u0131n k\u0259ndl\u0259ri se\u00e7ilib. Bu \u015firk\u0259tl\u0259rin t\u0259sis\u00e7il\u0259rinin adlar\u0131 a\u00e7\u0131qlanm\u0131r. 2012-ci ilin yay\u0131ndan bu m\u0259lumatlar \u00a0m\u0259xfi hesab olunur.\n<\/p>\n<p>\n  &#8220;Turan \u0130A&#8221;\u0131n yazd\u0131\u011f\u0131na g\u00f6r\u0259, bu \u015firk\u0259tl\u0259rd\u0259n, ad\u0259t\u0259n, \u015f\u00fcbh\u0259li d\u00f6vl\u0259t sat\u0131nalmalar\u0131nda istifad\u0259 olunur. Bu sat\u0131nalmalar birg\u00fcnl\u00fck \u015firk\u0259tl\u0259r c\u0259lb edilm\u0259kl\u0259 d\u00f6vl\u0259t b\u00fcdc\u0259sinin v\u0259saitl\u0259rinin m\u0259nims\u0259nilm\u0259si m\u0259qs\u0259di da\u015f\u0131y\u0131r. Ancaq h\u00fcquq-m\u00fchafiz\u0259 orqanlar\u0131 bu bar\u0259d\u0259 h\u0259r hans\u0131 a\u00e7\u0131qlama verm\u0259yib .<\/p>\n","protected":false},"excerpt":{"rendered":"<p>Bu \u015firk\u0259tl\u0259rin t\u0259sis\u00e7il\u0259rinin adlar\u0131 a\u00e7\u0131qlanm\u0131r<\/p>\n","protected":false},"author":11,"featured_media":23411,"comment_status":"closed","ping_status":"open","sticky":false,"template":"","format":"standard","meta":{"_acf_changed":false,"_sitemap_exclude":false,"_sitemap_priority":"","_sitemap_frequency":"","footnotes":""},"categories":[56],"tags":[],"class_list":["post-167711","post","type-post","status-publish","format-standard","has-post-thumbnail","hentry","category-xeberler","infinite-scroll-item","generate-columns","tablet-grid-50","mobile-grid-100","grid-parent","grid-33","no-featured-image-padding"],"acf":[],"yoast_head":"<!-- This site is optimized with the Yoast SEO plugin v28.4 - https:\/\/yoast.com\/product\/yoast-seo-wordpress\/ -->\n<title>Ayd\u0131n Yarm\u0259mm\u0259dov 19 g\u00fcnd\u0259 32 \u015firk\u0259tin direktoru olub - MEYDAN.TV<\/title>\n<meta name=\"robots\" content=\"index, follow, max-snippet:-1, max-image-preview:large, max-video-preview:-1\" \/>\n<link rel=\"canonical\" href=\"https:\/\/www.meydan.tv\/az\/article\/aydin-yarmemmedov-19-gunde-32-sirketin-direktoru-olub\/\" \/>\n<meta property=\"og:locale\" content=\"az_AZ\" \/>\n<meta property=\"og:type\" content=\"article\" \/>\n<meta property=\"og:title\" content=\"Ayd\u0131n Yarm\u0259mm\u0259dov 19 g\u00fcnd\u0259 32 \u015firk\u0259tin direktoru olub - MEYDAN.TV\" \/>\n<meta property=\"og:description\" content=\"Bu \u015firk\u0259tl\u0259rin t\u0259sis\u00e7il\u0259rinin adlar\u0131 a\u00e7\u0131qlanm\u0131r\" \/>\n<meta property=\"og:url\" content=\"https:\/\/www.meydan.tv\/az\/article\/aydin-yarmemmedov-19-gunde-32-sirketin-direktoru-olub\/\" \/>\n<meta property=\"og:site_name\" content=\"MEYDAN.TV\" \/>\n<meta property=\"article:published_time\" content=\"2015-04-28T17:11:21+00:00\" \/>\n<meta property=\"og:image\" content=\"https:\/\/www.meydan.tv\/wp-content\/uploads\/8507.jpg\" \/>\n\t<meta property=\"og:image:width\" content=\"581\" \/>\n\t<meta property=\"og:image:height\" content=\"300\" \/>\n\t<meta property=\"og:image:type\" content=\"image\/jpeg\" \/>\n<meta name=\"twitter:card\" content=\"summary_large_image\" \/>\n<!-- \/ Yoast SEO plugin. -->","yoast_head_json":{"title":"Ayd\u0131n Yarm\u0259mm\u0259dov 19 g\u00fcnd\u0259 32 \u015firk\u0259tin direktoru olub - MEYDAN.TV","robots":{"index":"index","follow":"follow","max-snippet":"max-snippet:-1","max-image-preview":"max-image-preview:large","max-video-preview":"max-video-preview:-1"},"canonical":"https:\/\/www.meydan.tv\/az\/article\/aydin-yarmemmedov-19-gunde-32-sirketin-direktoru-olub\/","og_locale":"az_AZ","og_type":"article","og_title":"Ayd\u0131n Yarm\u0259mm\u0259dov 19 g\u00fcnd\u0259 32 \u015firk\u0259tin direktoru olub - MEYDAN.TV","og_description":"Bu \u015firk\u0259tl\u0259rin t\u0259sis\u00e7il\u0259rinin adlar\u0131 a\u00e7\u0131qlanm\u0131r","og_url":"https:\/\/www.meydan.tv\/az\/article\/aydin-yarmemmedov-19-gunde-32-sirketin-direktoru-olub\/","og_site_name":"MEYDAN.TV","article_published_time":"2015-04-28T17:11:21+00:00","og_image":[{"width":581,"height":300,"url":"https:\/\/www.meydan.tv\/wp-content\/uploads\/8507.jpg","type":"image\/jpeg"}],"twitter_card":"summary_large_image","schema":{"@context":"https:\/\/schema.org","@graph":[{"@type":"Article","@id":"https:\/\/www.meydan.tv\/az\/article\/aydin-yarmemmedov-19-gunde-32-sirketin-direktoru-olub\/#article","isPartOf":{"@id":"https:\/\/www.meydan.tv\/az\/article\/aydin-yarmemmedov-19-gunde-32-sirketin-direktoru-olub\/"},"author":{"name":"user-manager","@id":"https:\/\/www.meydan.tv\/az\/#\/schema\/person\/10d11eccf6da3662cf5fdab9806ea91a"},"headline":"Ayd\u0131n Yarm\u0259mm\u0259dov 19 g\u00fcnd\u0259 32 \u015firk\u0259tin direktoru olub","datePublished":"2015-04-28T17:11:21+00:00","mainEntityOfPage":{"@id":"https:\/\/www.meydan.tv\/az\/article\/aydin-yarmemmedov-19-gunde-32-sirketin-direktoru-olub\/"},"wordCount":374,"publisher":{"@id":"https:\/\/www.meydan.tv\/az\/#organization"},"image":{"@id":"https:\/\/www.meydan.tv\/az\/article\/aydin-yarmemmedov-19-gunde-32-sirketin-direktoru-olub\/#primaryimage"},"thumbnailUrl":"https:\/\/www.meydan.tv\/wp-content\/uploads\/8507.jpg","articleSection":["X\u0259b\u0259rl\u0259r"],"inLanguage":"az"},{"@type":"WebPage","@id":"https:\/\/www.meydan.tv\/az\/article\/aydin-yarmemmedov-19-gunde-32-sirketin-direktoru-olub\/","url":"https:\/\/www.meydan.tv\/az\/article\/aydin-yarmemmedov-19-gunde-32-sirketin-direktoru-olub\/","name":"Ayd\u0131n Yarm\u0259mm\u0259dov 19 g\u00fcnd\u0259 32 \u015firk\u0259tin direktoru olub - MEYDAN.TV","isPartOf":{"@id":"https:\/\/www.meydan.tv\/az\/#website"},"primaryImageOfPage":{"@id":"https:\/\/www.meydan.tv\/az\/article\/aydin-yarmemmedov-19-gunde-32-sirketin-direktoru-olub\/#primaryimage"},"image":{"@id":"https:\/\/www.meydan.tv\/az\/article\/aydin-yarmemmedov-19-gunde-32-sirketin-direktoru-olub\/#primaryimage"},"thumbnailUrl":"https:\/\/www.meydan.tv\/wp-content\/uploads\/8507.jpg","datePublished":"2015-04-28T17:11:21+00:00","breadcrumb":{"@id":"https:\/\/www.meydan.tv\/az\/article\/aydin-yarmemmedov-19-gunde-32-sirketin-direktoru-olub\/#breadcrumb"},"inLanguage":"az","potentialAction":[{"@type":"ReadAction","target":["https:\/\/www.meydan.tv\/az\/article\/aydin-yarmemmedov-19-gunde-32-sirketin-direktoru-olub\/"]}]},{"@type":"ImageObject","inLanguage":"az","@id":"https:\/\/www.meydan.tv\/az\/article\/aydin-yarmemmedov-19-gunde-32-sirketin-direktoru-olub\/#primaryimage","url":"https:\/\/www.meydan.tv\/wp-content\/uploads\/8507.jpg","contentUrl":"https:\/\/www.meydan.tv\/wp-content\/uploads\/8507.jpg","width":581,"height":300,"caption":"Source:"},{"@type":"BreadcrumbList","@id":"https:\/\/www.meydan.tv\/az\/article\/aydin-yarmemmedov-19-gunde-32-sirketin-direktoru-olub\/#breadcrumb","itemListElement":[{"@type":"ListItem","position":1,"name":"Ana s\u0259hif\u0259","item":"https:\/\/www.meydan.tv\/az\/"},{"@type":"ListItem","position":2,"name":"X\u0259b\u0259rl\u0259r","item":"https:\/\/www.meydan.tv\/az\/section\/xeberler\/"},{"@type":"ListItem","position":3,"name":"Ayd\u0131n Yarm\u0259mm\u0259dov 19 g\u00fcnd\u0259 32 \u015firk\u0259tin direktoru olub"}]},{"@type":"WebSite","@id":"https:\/\/www.meydan.tv\/az\/#website","url":"https:\/\/www.meydan.tv\/az\/","name":"MEYDAN.TV","description":"Meydan TV Az\u0259rbaycan\u0131n media m\u0259kan\u0131ndak\u0131 alternativ s\u0259sidir","publisher":{"@id":"https:\/\/www.meydan.tv\/az\/#organization"},"potentialAction":[{"@type":"SearchAction","target":{"@type":"EntryPoint","urlTemplate":"https:\/\/www.meydan.tv\/az\/?s={search_term_string}"},"query-input":{"@type":"PropertyValueSpecification","valueRequired":true,"valueName":"search_term_string"}}],"inLanguage":"az"},{"@type":"Organization","@id":"https:\/\/www.meydan.tv\/az\/#organization","name":"Meydan TV","url":"https:\/\/www.meydan.tv\/az\/","logo":{"@type":"ImageObject","inLanguage":"az","@id":"https:\/\/www.meydan.tv\/az\/#\/schema\/logo\/image\/","url":"https:\/\/www.meydan.tv\/wp-content\/uploads\/2021\/07\/meydan-logo.svg","contentUrl":"https:\/\/www.meydan.tv\/wp-content\/uploads\/2021\/07\/meydan-logo.svg","width":195,"height":46,"caption":"Meydan TV"},"image":{"@id":"https:\/\/www.meydan.tv\/az\/#\/schema\/logo\/image\/"}},{"@type":"Person","@id":"https:\/\/www.meydan.tv\/az\/#\/schema\/person\/10d11eccf6da3662cf5fdab9806ea91a","name":"user-manager"}]}},"_links":{"self":[{"href":"https:\/\/www.meydan.tv\/az\/wp-json\/wp\/v2\/posts\/167711","targetHints":{"allow":["GET"]}}],"collection":[{"href":"https:\/\/www.meydan.tv\/az\/wp-json\/wp\/v2\/posts"}],"about":[{"href":"https:\/\/www.meydan.tv\/az\/wp-json\/wp\/v2\/types\/post"}],"author":[{"embeddable":true,"href":"https:\/\/www.meydan.tv\/az\/wp-json\/wp\/v2\/users\/11"}],"replies":[{"embeddable":true,"href":"https:\/\/www.meydan.tv\/az\/wp-json\/wp\/v2\/comments?post=167711"}],"version-history":[{"count":0,"href":"https:\/\/www.meydan.tv\/az\/wp-json\/wp\/v2\/posts\/167711\/revisions"}],"wp:featuredmedia":[{"embeddable":true,"href":"https:\/\/www.meydan.tv\/az\/wp-json\/wp\/v2\/media\/23411"}],"wp:attachment":[{"href":"https:\/\/www.meydan.tv\/az\/wp-json\/wp\/v2\/media?parent=167711"}],"wp:term":[{"taxonomy":"category","embeddable":true,"href":"https:\/\/www.meydan.tv\/az\/wp-json\/wp\/v2\/categories?post=167711"},{"taxonomy":"post_tag","embeddable":true,"href":"https:\/\/www.meydan.tv\/az\/wp-json\/wp\/v2\/tags?post=167711"}],"curies":[{"name":"wp","href":"https:\/\/api.w.org\/{rel}","templated":true}]}}