{"id":167705,"date":"2015-04-28T13:44:53","date_gmt":"2015-04-28T13:44:53","guid":{"rendered":"https:\/\/www.meydan.tv\/article\/menzil-bazarinda-qiymetler-artib\/"},"modified":"2015-04-28T13:44:53","modified_gmt":"2015-04-28T13:44:53","slug":"menzil-bazarinda-qiymetler-artib","status":"publish","type":"post","link":"https:\/\/www.meydan.tv\/az\/article\/menzil-bazarinda-qiymetler-artib\/","title":{"rendered":"M\u0259nzil bazar\u0131nda qiym\u0259tl\u0259r art\u0131b"},"content":{"rendered":"<figure class=\"wp-block-image size-large\">\n  <img decoding=\"async\" src=\"https:\/\/www.meydan.tv\/az\/23227\/\" alt=\"\" class=\"wp-image-23227\"\/><figcaption><\/figcaption><\/figure>\n<figure class=\"wp-block-image size-large\">\n  <img decoding=\"async\" src=\"https:\/\/www.meydan.tv\/az\/23227\/\" alt=\"\" class=\"wp-image-23227\"\/><figcaption><\/figcaption><\/figure>\n<p>\n  M\u0259bl\u0259\u011fl\u0259rd\u0259 bu c\u00fcr f\u0259rql\u0259rin yaranmas\u0131na s\u0259b\u0259b devalvasiyad\u0131r\n<\/p>\n<p>\n  Bu ilin mart ay\u0131nda t\u0259krar ya\u015fay\u0131\u015f m\u0259nzil bazar\u0131nda sat\u0131\u015fa t\u0259klif olunan ya\u015fay\u0131\u015f m\u0259nzill\u0259rin hesablanm\u0131\u015f orta t\u0259klif qiym\u0259ti 2108 $\/\u043av.m-d\u0259n 14.8 faizd\u0259n azalaraq 1796 $\/\u043av.m-\u0259 q\u0259d\u0259r, milli valyuta il\u0259 is\u0259 ay \u0259rzind\u0259 1654 AZN\/\u043av.m-d\u0259n 14 faiz artaraq 1886 AZN\/\u043av.m t\u0259\u015fkil edib.\n<\/p>\n<p>\n  Trend-in &#8220;MBA Group&#8221; konsaltinq \u015firk\u0259tinin ayl\u0131q hesabat\u0131na istinad\u0259n verdiyi m\u0259lumata g\u00f6r\u0259, m\u0259bl\u0259\u011fl\u0259rd\u0259 bu c\u00fcr f\u0259rqin yaranmas\u0131na s\u0259b\u0259b \u00f6t\u0259n fevral ay\u0131n\u0131n son h\u0259ft\u0259sind\u0259 \u00f6lk\u0259d\u0259 ba\u015f ver\u0259n devolvasiyad\u0131r. Marta q\u0259d\u0259r hesab 0.7844 (USD\/AZN) \u0259msal\u0131 il\u0259 apar\u0131l\u0131rd\u0131sa, bu, mart ay\u0131ndan etibar\u0259n 1.05 (USD\/AZN) \u0259msal\u0131 il\u0259 h\u0259yata ke\u00e7irilir.\n<\/p>\n<p>\n  Bazar portfelind\u0259 \u00fcmumi t\u0259klifl\u0259rin say\u0131 is\u0259 1866 \u0259d\u0259d t\u0259\u015fkil edib ki, bu da \u00f6t\u0259n ay il\u0259 m\u00fcqayis\u0259d\u0259 7.14 faiz, \u00f6t\u0259n ilin m\u00fcvafiq ay\u0131 il\u0259 m\u00fcqayis\u0259d\u0259 is\u0259 9,8 faiz az olub. T\u0259krar ya\u015fay\u0131\u015f m\u0259nzil bazar\u0131nda t\u0259klif edil\u0259n m\u0259nzill\u0259rin \u0259ks\u0259r hiss\u0259si 2000 $\/kv.m qiym\u0259tind\u0259n a\u015fa\u011f\u0131 olan ucuz m\u0259nzill\u0259rdir, bu d\u0259y\u0259rd\u0259 olan m\u0259nzill\u0259r \u00fcmumi portfelin 72.2 faizini t\u0259\u015fkil edir v\u0259 qeyd\u0259 al\u0131nan orta bazar qiym\u0259ti 1541 $\/kv.m-dir. \u00dcmumi t\u0259klif portfelinin 20 faizini 2000-2500 $\/kv.m qiym\u0259t diapazonu aras\u0131nda yerl\u0259\u015f\u0259n m\u0259nzill\u0259rin pay\u0131na d\u00fc\u015f\u00fcr. Bu qiym\u0259t diapazonunda qeyd\u0259 al\u0131nan orta bazar qiym\u0259ti 2217 $\/kv.m-dir. Bazardak\u0131 bahal\u0131 m\u0259nzill\u0259r, y\u0259ni h\u0259r kvadrat metrinin d\u0259y\u0259ri 2500 $\/kv.m-d\u0259n \u00e7ox olan m\u0259nzill\u0259rin bazardak\u0131 pay\u0131 is\u0259 7,8 faiz t\u0259\u015fkil edir. Bahal\u0131 n\u00f6v m\u0259nzill\u0259rd\u0259 qeyd\u0259 al\u0131nan orta bazar qiym\u0259ti is\u0259 3040 $\/kv.m t\u0259\u015fkil edib.\n<\/p>\n<p>\n  \u00dcmumilikd\u0259, son mart ay\u0131ndak\u0131 apar\u0131lan ara\u015fd\u0131rmalar g\u00f6st\u0259rir ki, t\u0259krar ya\u015fay\u0131\u015f m\u0259nzil bazar\u0131nda t\u0259klif olunan bir, iki, \u00fc\u00e7 v\u0259 \u00e7oxotaql\u0131 m\u0259nzill\u0259rin t\u0259klif qiym\u0259tl\u0259rind\u0259 m\u00fcvafiq olaraq 13 %, 7%, 20% v\u0259 13 % art\u0131m var.\n<\/p>\n<p>\n  B\u0430z\u0430rd\u0430 d\u00f6vr \u0435d\u0259n m\u0259nzill\u0259rin \u043et\u0430q s\u0430y g\u00f6st\u0259ricil\u0259rind\u0259 t\u0259dric\u0259n b\u0430\u015f v\u0435r\u0259n y\u0435rd\u0259yi\u015fm\u0259 d\u0430v\u0430m \u0435dib, t\u0259klif olunan m\u0259nzill\u0259rin say\u0131ndak\u0131 d\u0259yi\u015fiklikl\u0259r b\u00fct\u00fcn n\u00f6v m\u0259nzill\u0259rin pay\u0131na d\u00fc\u015f\u00fcb. \u00dc\u00e7 otaql\u0131 m\u0259nzill\u0259rin t\u0259klif say\u0131nda yerd\u0259yi\u015fm\u0259 m\u00fc\u015fahid\u0259 olunmasa da, bir, iki v\u0259 \u00e7ox otaql\u0131 m\u0259nzill\u0259rin \u00fcmumi say\u0131nda azalma qeyd\u0259 al\u0131n\u0131b. Bunu da \u00fcmumi m\u0259nzil bazar\u0131nda qeyd\u0259 al\u0131nan t\u0259klif say\u0131ndak\u0131 azalma il\u0259 \u0259laq\u0259l\u0259ndirm\u0259k olar. Mart ay\u0131nda \u201cLeninqrad\u201d, \u201cMinsk\u201d v\u0259 \u201cStalinka\u201d layih\u0259li m\u0259nzill\u0259rin t\u0259klif portfelind\u0259 olan paylar\u0131 artsa da, dig\u0259r layih\u0259l\u0259r\u0259 m\u0259xsus m\u0259nzill\u0259rin say\u0131 azal\u0131b. \u018fn \u00e7ox azalma \u201cXru\u015f\u015fov\u201d v\u0259 \u201cEksperimental\u201d layih\u0259li m\u0259nzill\u0259rd\u0259 m\u00fc\u015fahid\u0259 edilib.\n<\/p>\n<p>\n  T\u0259krar ya\u015fay\u0131\u015f m\u0259nzil bazar\u0131nda kvadrat metrin qiym\u0259tin\u0259 g\u00f6r\u0259 t\u0259klif olunan \u0259n bahal\u0131 m\u0259nzil yeni tikili layih\u0259li 5 otaql\u0131da qeyd\u0259 al\u0131n\u0131b. Cavan\u015fir k\u00f6rp\u00fcs\u00fc yax\u0131nl\u0131\u011f\u0131nda yerl\u0259\u015f\u0259n 430 kv.m sah\u0259y\u0259 malik olan, \u0259la t\u0259mirli m\u0259nzilin kvadrat metrinin sat\u0131\u015fa t\u0259klif olunan qiym\u0259ti 5400 USD t\u0259\u015fkil edib. \u018fn ucuz m\u0259nzil is\u0259 Bak\u0131xanov (Razin) q\u0259s\u0259b\u0259sind\u0259 yerl\u0259\u015f\u0259n 70 kv.m-lik sah\u0259y\u0259 malik \u201cstalinka\u201d layih\u0259li, 3 otaql\u0131 m\u0259nzild\u0259 qeyd\u0259 al\u0131n\u0131b, 660 USD\/kv.m.\n<\/p>\n<p><div><\/div><\/p>\n","protected":false},"excerpt":{"rendered":"<p>M\u0259bl\u0259\u011fl\u0259rd\u0259 bu c\u00fcr f\u0259rql\u0259rin yaranmas\u0131na s\u0259b\u0259b devalvasiyad\u0131r<\/p>\n","protected":false},"author":11,"featured_media":23227,"comment_status":"closed","ping_status":"open","sticky":false,"template":"","format":"standard","meta":{"_acf_changed":false,"_sitemap_exclude":false,"_sitemap_priority":"","_sitemap_frequency":"","footnotes":""},"categories":[56],"tags":[],"class_list":["post-167705","post","type-post","status-publish","format-standard","has-post-thumbnail","hentry","category-xeberler","infinite-scroll-item","generate-columns","tablet-grid-50","mobile-grid-100","grid-parent","grid-33","no-featured-image-padding"],"acf":[],"yoast_head":"<!-- This site is optimized with the Yoast SEO plugin v28.4 - https:\/\/yoast.com\/product\/yoast-seo-wordpress\/ -->\n<title>M\u0259nzil bazar\u0131nda qiym\u0259tl\u0259r art\u0131b - MEYDAN.TV<\/title>\n<meta name=\"robots\" content=\"index, follow, max-snippet:-1, max-image-preview:large, max-video-preview:-1\" \/>\n<link rel=\"canonical\" href=\"https:\/\/www.meydan.tv\/az\/article\/menzil-bazarinda-qiymetler-artib\/\" \/>\n<meta property=\"og:locale\" content=\"az_AZ\" \/>\n<meta property=\"og:type\" content=\"article\" \/>\n<meta property=\"og:title\" content=\"M\u0259nzil bazar\u0131nda qiym\u0259tl\u0259r art\u0131b - MEYDAN.TV\" \/>\n<meta property=\"og:description\" content=\"M\u0259bl\u0259\u011fl\u0259rd\u0259 bu c\u00fcr f\u0259rql\u0259rin yaranmas\u0131na s\u0259b\u0259b devalvasiyad\u0131r\" \/>\n<meta property=\"og:url\" content=\"https:\/\/www.meydan.tv\/az\/article\/menzil-bazarinda-qiymetler-artib\/\" \/>\n<meta property=\"og:site_name\" content=\"MEYDAN.TV\" \/>\n<meta property=\"article:published_time\" content=\"2015-04-28T13:44:53+00:00\" \/>\n<meta property=\"og:image\" content=\"https:\/\/www.meydan.tv\/wp-content\/uploads\/8502.jpg\" \/>\n\t<meta property=\"og:image:width\" content=\"658\" \/>\n\t<meta property=\"og:image:height\" content=\"449\" \/>\n\t<meta property=\"og:image:type\" content=\"image\/jpeg\" \/>\n<meta name=\"twitter:card\" content=\"summary_large_image\" \/>\n<!-- \/ Yoast SEO plugin. -->","yoast_head_json":{"title":"M\u0259nzil bazar\u0131nda qiym\u0259tl\u0259r art\u0131b - MEYDAN.TV","robots":{"index":"index","follow":"follow","max-snippet":"max-snippet:-1","max-image-preview":"max-image-preview:large","max-video-preview":"max-video-preview:-1"},"canonical":"https:\/\/www.meydan.tv\/az\/article\/menzil-bazarinda-qiymetler-artib\/","og_locale":"az_AZ","og_type":"article","og_title":"M\u0259nzil bazar\u0131nda qiym\u0259tl\u0259r art\u0131b - MEYDAN.TV","og_description":"M\u0259bl\u0259\u011fl\u0259rd\u0259 bu c\u00fcr f\u0259rql\u0259rin yaranmas\u0131na s\u0259b\u0259b devalvasiyad\u0131r","og_url":"https:\/\/www.meydan.tv\/az\/article\/menzil-bazarinda-qiymetler-artib\/","og_site_name":"MEYDAN.TV","article_published_time":"2015-04-28T13:44:53+00:00","og_image":[{"width":658,"height":449,"url":"https:\/\/www.meydan.tv\/wp-content\/uploads\/8502.jpg","type":"image\/jpeg"}],"twitter_card":"summary_large_image","schema":{"@context":"https:\/\/schema.org","@graph":[{"@type":"Article","@id":"https:\/\/www.meydan.tv\/az\/article\/menzil-bazarinda-qiymetler-artib\/#article","isPartOf":{"@id":"https:\/\/www.meydan.tv\/az\/article\/menzil-bazarinda-qiymetler-artib\/"},"author":{"name":"user-manager","@id":"https:\/\/www.meydan.tv\/az\/#\/schema\/person\/10d11eccf6da3662cf5fdab9806ea91a"},"headline":"M\u0259nzil bazar\u0131nda qiym\u0259tl\u0259r art\u0131b","datePublished":"2015-04-28T13:44:53+00:00","mainEntityOfPage":{"@id":"https:\/\/www.meydan.tv\/az\/article\/menzil-bazarinda-qiymetler-artib\/"},"wordCount":733,"publisher":{"@id":"https:\/\/www.meydan.tv\/az\/#organization"},"image":{"@id":"https:\/\/www.meydan.tv\/az\/article\/menzil-bazarinda-qiymetler-artib\/#primaryimage"},"thumbnailUrl":"https:\/\/www.meydan.tv\/wp-content\/uploads\/8502.jpg","articleSection":["X\u0259b\u0259rl\u0259r"],"inLanguage":"az"},{"@type":"WebPage","@id":"https:\/\/www.meydan.tv\/az\/article\/menzil-bazarinda-qiymetler-artib\/","url":"https:\/\/www.meydan.tv\/az\/article\/menzil-bazarinda-qiymetler-artib\/","name":"M\u0259nzil bazar\u0131nda qiym\u0259tl\u0259r art\u0131b - MEYDAN.TV","isPartOf":{"@id":"https:\/\/www.meydan.tv\/az\/#website"},"primaryImageOfPage":{"@id":"https:\/\/www.meydan.tv\/az\/article\/menzil-bazarinda-qiymetler-artib\/#primaryimage"},"image":{"@id":"https:\/\/www.meydan.tv\/az\/article\/menzil-bazarinda-qiymetler-artib\/#primaryimage"},"thumbnailUrl":"https:\/\/www.meydan.tv\/wp-content\/uploads\/8502.jpg","datePublished":"2015-04-28T13:44:53+00:00","breadcrumb":{"@id":"https:\/\/www.meydan.tv\/az\/article\/menzil-bazarinda-qiymetler-artib\/#breadcrumb"},"inLanguage":"az","potentialAction":[{"@type":"ReadAction","target":["https:\/\/www.meydan.tv\/az\/article\/menzil-bazarinda-qiymetler-artib\/"]}]},{"@type":"ImageObject","inLanguage":"az","@id":"https:\/\/www.meydan.tv\/az\/article\/menzil-bazarinda-qiymetler-artib\/#primaryimage","url":"https:\/\/www.meydan.tv\/wp-content\/uploads\/8502.jpg","contentUrl":"https:\/\/www.meydan.tv\/wp-content\/uploads\/8502.jpg","width":658,"height":449,"caption":"Source:"},{"@type":"BreadcrumbList","@id":"https:\/\/www.meydan.tv\/az\/article\/menzil-bazarinda-qiymetler-artib\/#breadcrumb","itemListElement":[{"@type":"ListItem","position":1,"name":"Ana s\u0259hif\u0259","item":"https:\/\/www.meydan.tv\/az\/"},{"@type":"ListItem","position":2,"name":"X\u0259b\u0259rl\u0259r","item":"https:\/\/www.meydan.tv\/az\/section\/xeberler\/"},{"@type":"ListItem","position":3,"name":"M\u0259nzil bazar\u0131nda qiym\u0259tl\u0259r art\u0131b"}]},{"@type":"WebSite","@id":"https:\/\/www.meydan.tv\/az\/#website","url":"https:\/\/www.meydan.tv\/az\/","name":"MEYDAN.TV","description":"Meydan TV Az\u0259rbaycan\u0131n media m\u0259kan\u0131ndak\u0131 alternativ s\u0259sidir","publisher":{"@id":"https:\/\/www.meydan.tv\/az\/#organization"},"potentialAction":[{"@type":"SearchAction","target":{"@type":"EntryPoint","urlTemplate":"https:\/\/www.meydan.tv\/az\/?s={search_term_string}"},"query-input":{"@type":"PropertyValueSpecification","valueRequired":true,"valueName":"search_term_string"}}],"inLanguage":"az"},{"@type":"Organization","@id":"https:\/\/www.meydan.tv\/az\/#organization","name":"Meydan TV","url":"https:\/\/www.meydan.tv\/az\/","logo":{"@type":"ImageObject","inLanguage":"az","@id":"https:\/\/www.meydan.tv\/az\/#\/schema\/logo\/image\/","url":"https:\/\/www.meydan.tv\/wp-content\/uploads\/2021\/07\/meydan-logo.svg","contentUrl":"https:\/\/www.meydan.tv\/wp-content\/uploads\/2021\/07\/meydan-logo.svg","width":195,"height":46,"caption":"Meydan TV"},"image":{"@id":"https:\/\/www.meydan.tv\/az\/#\/schema\/logo\/image\/"}},{"@type":"Person","@id":"https:\/\/www.meydan.tv\/az\/#\/schema\/person\/10d11eccf6da3662cf5fdab9806ea91a","name":"user-manager"}]}},"_links":{"self":[{"href":"https:\/\/www.meydan.tv\/az\/wp-json\/wp\/v2\/posts\/167705","targetHints":{"allow":["GET"]}}],"collection":[{"href":"https:\/\/www.meydan.tv\/az\/wp-json\/wp\/v2\/posts"}],"about":[{"href":"https:\/\/www.meydan.tv\/az\/wp-json\/wp\/v2\/types\/post"}],"author":[{"embeddable":true,"href":"https:\/\/www.meydan.tv\/az\/wp-json\/wp\/v2\/users\/11"}],"replies":[{"embeddable":true,"href":"https:\/\/www.meydan.tv\/az\/wp-json\/wp\/v2\/comments?post=167705"}],"version-history":[{"count":0,"href":"https:\/\/www.meydan.tv\/az\/wp-json\/wp\/v2\/posts\/167705\/revisions"}],"wp:featuredmedia":[{"embeddable":true,"href":"https:\/\/www.meydan.tv\/az\/wp-json\/wp\/v2\/media\/23227"}],"wp:attachment":[{"href":"https:\/\/www.meydan.tv\/az\/wp-json\/wp\/v2\/media?parent=167705"}],"wp:term":[{"taxonomy":"category","embeddable":true,"href":"https:\/\/www.meydan.tv\/az\/wp-json\/wp\/v2\/categories?post=167705"},{"taxonomy":"post_tag","embeddable":true,"href":"https:\/\/www.meydan.tv\/az\/wp-json\/wp\/v2\/tags?post=167705"}],"curies":[{"name":"wp","href":"https:\/\/api.w.org\/{rel}","templated":true}]}}