{"id":167704,"date":"2015-04-27T18:22:08","date_gmt":"2015-04-27T18:22:08","guid":{"rendered":"https:\/\/www.meydan.tv\/article\/xedice-ismayil-yene-beynelxalq-mukafat-aldi\/"},"modified":"2015-04-27T18:22:08","modified_gmt":"2015-04-27T18:22:08","slug":"xedice-ismayil-yene-beynelxalq-mukafat-aldi","status":"publish","type":"post","link":"https:\/\/www.meydan.tv\/az\/article\/xedice-ismayil-yene-beynelxalq-mukafat-aldi\/","title":{"rendered":"X\u0259dic\u0259 \u0130smay\u0131l yen\u0259 beyn\u0259lxalq m\u00fckafat ald\u0131"},"content":{"rendered":"<figure class=\"wp-block-image size-large\">\n  <img decoding=\"async\" src=\"https:\/\/www.meydan.tv\/az\/23381\/\" alt=\"\" class=\"wp-image-23381\"\/><figcaption><\/figcaption><\/figure>\n<figure class=\"wp-block-image size-large\">\n  <img decoding=\"async\" src=\"https:\/\/www.meydan.tv\/az\/23381\/\" alt=\"\" class=\"wp-image-23381\"\/><figcaption><\/figcaption><\/figure>\n<p><div>\n    <i><br \/>\n      M\u00fckafat ara\u015fd\u0131r\u0131c\u0131 jurnalistika v\u0259 qeyri-adi c\u0259sar\u0259t\u0259 g\u00f6r\u0259 t\u0259qdim olunur<br \/>\n    <\/i>\n  <\/div>\n<\/p>\n<p><div><\/div>\n<\/p>\n<p><div>\n    \u0130sve\u00e7 Milli M\u0259tbuat Klubu 2015-ci il Anna Politkovskaya S\u00f6z Azadl\u0131\u011f\u0131 m\u00fckafat\u0131n\u0131 az\u0259rbaycanl\u0131 jurnalist X\u0259dic\u0259 \u0130smay\u0131la t\u0259qdim edir.\n  <\/div>\n<\/p>\n<p><div><\/div>\n<\/p>\n<p><div>\n    Qurumun yayd\u0131\u011f\u0131 pres-relizd\u0259 qeyd olunur ki, m\u00fckafat ara\u015fd\u0131r\u0131c\u0131 jurnalistika v\u0259 qeyri-adi c\u0259sar\u0259t\u0259 g\u00f6r\u0259 t\u0259qdim olunur.\n  <\/div>\n<\/p>\n<p><div><\/div>\n<\/p>\n<p><div>\n    \u00abX\u0259dic\u0259 \u0130smay\u0131l Az\u0259rbaycanda \u0259n y\u00fcks\u0259k s\u0259viyy\u0259d\u0259 korrupsiyan\u0131 if\u015fa etm\u0259k \u00fc\u00e7\u00fcn b\u00f6y\u00fck c\u0259sar\u0259t g\u00f6st\u0259rib. O, h\u0259qiq\u0259tin \u00fcz\u0259 \u00e7\u0131xmas\u0131nda \u00fcz\u0259rin\u0259 b\u00f6y\u00fck riskl\u0259r g\u00f6t\u00fcr\u00fcb. Bu riskl\u0259r\u0259 \u00abTelia Sonera\u00bb \u015firk\u0259tinin Az\u0259rbaycanda hakim elitayla biznes \u0259laq\u0259l\u0259ri d\u0259 daxildir. \u0130smay\u0131lovan\u0131n h\u0259bsi m\u0259tbuat azadl\u0131\u011f\u0131n\u0131n pozulmas\u0131 v\u0259 dig\u0259r jurnalistl\u0259ri rejimin hakimiyy\u0259td\u0259n sui-istifad\u0259sini \u00fcz\u0259 \u00e7\u0131xarmaqdan \u00e7\u0259kindirm\u0259y\u0259 y\u00f6n\u0259lik utancverici s\u0259ydir\u00bb, &#8211; \u0130sve\u00e7 Milli M\u0259tbuat Klubunun prezidenti Bj\u00f6rn H\u00e4ger deyir. (<br \/>\n    <a href=\"http:\/\/azadliq.org\/\" target=\"_blank\" rel=\"noopener\"><br \/>\n      azadliq.org<br \/>\n    <\/a><br \/>\n    )\n  <\/div><\/p>\n","protected":false},"excerpt":{"rendered":"<p>M\u00fckafat ara\u015fd\u0131r\u0131c\u0131 jurnalistika v\u0259 qeyri-adi c\u0259sar\u0259t\u0259 g\u00f6r\u0259 t\u0259qdim olunur<\/p>\n","protected":false},"author":11,"featured_media":23381,"comment_status":"closed","ping_status":"open","sticky":false,"template":"","format":"standard","meta":{"_acf_changed":false,"_sitemap_exclude":false,"_sitemap_priority":"","_sitemap_frequency":"","footnotes":""},"categories":[56],"tags":[],"class_list":["post-167704","post","type-post","status-publish","format-standard","has-post-thumbnail","hentry","category-xeberler","infinite-scroll-item","generate-columns","tablet-grid-50","mobile-grid-100","grid-parent","grid-33","no-featured-image-padding"],"acf":[],"yoast_head":"<!-- This site is optimized with the Yoast SEO plugin v28.4 - https:\/\/yoast.com\/product\/yoast-seo-wordpress\/ -->\n<title>X\u0259dic\u0259 \u0130smay\u0131l yen\u0259 beyn\u0259lxalq m\u00fckafat ald\u0131 - MEYDAN.TV<\/title>\n<meta name=\"robots\" content=\"index, follow, max-snippet:-1, max-image-preview:large, max-video-preview:-1\" \/>\n<link rel=\"canonical\" href=\"https:\/\/www.meydan.tv\/az\/article\/xedice-ismayil-yene-beynelxalq-mukafat-aldi\/\" \/>\n<meta property=\"og:locale\" content=\"az_AZ\" \/>\n<meta property=\"og:type\" content=\"article\" \/>\n<meta property=\"og:title\" content=\"X\u0259dic\u0259 \u0130smay\u0131l yen\u0259 beyn\u0259lxalq m\u00fckafat ald\u0131 - MEYDAN.TV\" \/>\n<meta property=\"og:description\" content=\"M\u00fckafat ara\u015fd\u0131r\u0131c\u0131 jurnalistika v\u0259 qeyri-adi c\u0259sar\u0259t\u0259 g\u00f6r\u0259 t\u0259qdim olunur\" \/>\n<meta property=\"og:url\" content=\"https:\/\/www.meydan.tv\/az\/article\/xedice-ismayil-yene-beynelxalq-mukafat-aldi\/\" \/>\n<meta property=\"og:site_name\" content=\"MEYDAN.TV\" \/>\n<meta property=\"article:published_time\" content=\"2015-04-27T18:22:08+00:00\" \/>\n<meta property=\"og:image\" content=\"https:\/\/www.meydan.tv\/wp-content\/uploads\/8495.jpg\" \/>\n\t<meta property=\"og:image:width\" content=\"640\" \/>\n\t<meta property=\"og:image:height\" content=\"360\" \/>\n\t<meta property=\"og:image:type\" content=\"image\/jpeg\" \/>\n<meta name=\"twitter:card\" content=\"summary_large_image\" \/>\n<!-- \/ Yoast SEO plugin. -->","yoast_head_json":{"title":"X\u0259dic\u0259 \u0130smay\u0131l yen\u0259 beyn\u0259lxalq m\u00fckafat ald\u0131 - MEYDAN.TV","robots":{"index":"index","follow":"follow","max-snippet":"max-snippet:-1","max-image-preview":"max-image-preview:large","max-video-preview":"max-video-preview:-1"},"canonical":"https:\/\/www.meydan.tv\/az\/article\/xedice-ismayil-yene-beynelxalq-mukafat-aldi\/","og_locale":"az_AZ","og_type":"article","og_title":"X\u0259dic\u0259 \u0130smay\u0131l yen\u0259 beyn\u0259lxalq m\u00fckafat ald\u0131 - MEYDAN.TV","og_description":"M\u00fckafat ara\u015fd\u0131r\u0131c\u0131 jurnalistika v\u0259 qeyri-adi c\u0259sar\u0259t\u0259 g\u00f6r\u0259 t\u0259qdim olunur","og_url":"https:\/\/www.meydan.tv\/az\/article\/xedice-ismayil-yene-beynelxalq-mukafat-aldi\/","og_site_name":"MEYDAN.TV","article_published_time":"2015-04-27T18:22:08+00:00","og_image":[{"width":640,"height":360,"url":"https:\/\/www.meydan.tv\/wp-content\/uploads\/8495.jpg","type":"image\/jpeg"}],"twitter_card":"summary_large_image","schema":{"@context":"https:\/\/schema.org","@graph":[{"@type":"Article","@id":"https:\/\/www.meydan.tv\/az\/article\/xedice-ismayil-yene-beynelxalq-mukafat-aldi\/#article","isPartOf":{"@id":"https:\/\/www.meydan.tv\/az\/article\/xedice-ismayil-yene-beynelxalq-mukafat-aldi\/"},"author":{"name":"user-manager","@id":"https:\/\/www.meydan.tv\/az\/#\/schema\/person\/10d11eccf6da3662cf5fdab9806ea91a"},"headline":"X\u0259dic\u0259 \u0130smay\u0131l yen\u0259 beyn\u0259lxalq m\u00fckafat ald\u0131","datePublished":"2015-04-27T18:22:08+00:00","mainEntityOfPage":{"@id":"https:\/\/www.meydan.tv\/az\/article\/xedice-ismayil-yene-beynelxalq-mukafat-aldi\/"},"wordCount":184,"publisher":{"@id":"https:\/\/www.meydan.tv\/az\/#organization"},"image":{"@id":"https:\/\/www.meydan.tv\/az\/article\/xedice-ismayil-yene-beynelxalq-mukafat-aldi\/#primaryimage"},"thumbnailUrl":"https:\/\/www.meydan.tv\/wp-content\/uploads\/8495.jpg","articleSection":["X\u0259b\u0259rl\u0259r"],"inLanguage":"az"},{"@type":"WebPage","@id":"https:\/\/www.meydan.tv\/az\/article\/xedice-ismayil-yene-beynelxalq-mukafat-aldi\/","url":"https:\/\/www.meydan.tv\/az\/article\/xedice-ismayil-yene-beynelxalq-mukafat-aldi\/","name":"X\u0259dic\u0259 \u0130smay\u0131l yen\u0259 beyn\u0259lxalq m\u00fckafat ald\u0131 - MEYDAN.TV","isPartOf":{"@id":"https:\/\/www.meydan.tv\/az\/#website"},"primaryImageOfPage":{"@id":"https:\/\/www.meydan.tv\/az\/article\/xedice-ismayil-yene-beynelxalq-mukafat-aldi\/#primaryimage"},"image":{"@id":"https:\/\/www.meydan.tv\/az\/article\/xedice-ismayil-yene-beynelxalq-mukafat-aldi\/#primaryimage"},"thumbnailUrl":"https:\/\/www.meydan.tv\/wp-content\/uploads\/8495.jpg","datePublished":"2015-04-27T18:22:08+00:00","breadcrumb":{"@id":"https:\/\/www.meydan.tv\/az\/article\/xedice-ismayil-yene-beynelxalq-mukafat-aldi\/#breadcrumb"},"inLanguage":"az","potentialAction":[{"@type":"ReadAction","target":["https:\/\/www.meydan.tv\/az\/article\/xedice-ismayil-yene-beynelxalq-mukafat-aldi\/"]}]},{"@type":"ImageObject","inLanguage":"az","@id":"https:\/\/www.meydan.tv\/az\/article\/xedice-ismayil-yene-beynelxalq-mukafat-aldi\/#primaryimage","url":"https:\/\/www.meydan.tv\/wp-content\/uploads\/8495.jpg","contentUrl":"https:\/\/www.meydan.tv\/wp-content\/uploads\/8495.jpg","width":640,"height":360,"caption":"Source:"},{"@type":"BreadcrumbList","@id":"https:\/\/www.meydan.tv\/az\/article\/xedice-ismayil-yene-beynelxalq-mukafat-aldi\/#breadcrumb","itemListElement":[{"@type":"ListItem","position":1,"name":"Ana s\u0259hif\u0259","item":"https:\/\/www.meydan.tv\/az\/"},{"@type":"ListItem","position":2,"name":"X\u0259b\u0259rl\u0259r","item":"https:\/\/www.meydan.tv\/az\/section\/xeberler\/"},{"@type":"ListItem","position":3,"name":"X\u0259dic\u0259 \u0130smay\u0131l yen\u0259 beyn\u0259lxalq m\u00fckafat ald\u0131"}]},{"@type":"WebSite","@id":"https:\/\/www.meydan.tv\/az\/#website","url":"https:\/\/www.meydan.tv\/az\/","name":"MEYDAN.TV","description":"Meydan TV Az\u0259rbaycan\u0131n media m\u0259kan\u0131ndak\u0131 alternativ s\u0259sidir","publisher":{"@id":"https:\/\/www.meydan.tv\/az\/#organization"},"potentialAction":[{"@type":"SearchAction","target":{"@type":"EntryPoint","urlTemplate":"https:\/\/www.meydan.tv\/az\/?s={search_term_string}"},"query-input":{"@type":"PropertyValueSpecification","valueRequired":true,"valueName":"search_term_string"}}],"inLanguage":"az"},{"@type":"Organization","@id":"https:\/\/www.meydan.tv\/az\/#organization","name":"Meydan TV","url":"https:\/\/www.meydan.tv\/az\/","logo":{"@type":"ImageObject","inLanguage":"az","@id":"https:\/\/www.meydan.tv\/az\/#\/schema\/logo\/image\/","url":"https:\/\/www.meydan.tv\/wp-content\/uploads\/2021\/07\/meydan-logo.svg","contentUrl":"https:\/\/www.meydan.tv\/wp-content\/uploads\/2021\/07\/meydan-logo.svg","width":195,"height":46,"caption":"Meydan TV"},"image":{"@id":"https:\/\/www.meydan.tv\/az\/#\/schema\/logo\/image\/"}},{"@type":"Person","@id":"https:\/\/www.meydan.tv\/az\/#\/schema\/person\/10d11eccf6da3662cf5fdab9806ea91a","name":"user-manager"}]}},"_links":{"self":[{"href":"https:\/\/www.meydan.tv\/az\/wp-json\/wp\/v2\/posts\/167704","targetHints":{"allow":["GET"]}}],"collection":[{"href":"https:\/\/www.meydan.tv\/az\/wp-json\/wp\/v2\/posts"}],"about":[{"href":"https:\/\/www.meydan.tv\/az\/wp-json\/wp\/v2\/types\/post"}],"author":[{"embeddable":true,"href":"https:\/\/www.meydan.tv\/az\/wp-json\/wp\/v2\/users\/11"}],"replies":[{"embeddable":true,"href":"https:\/\/www.meydan.tv\/az\/wp-json\/wp\/v2\/comments?post=167704"}],"version-history":[{"count":0,"href":"https:\/\/www.meydan.tv\/az\/wp-json\/wp\/v2\/posts\/167704\/revisions"}],"wp:featuredmedia":[{"embeddable":true,"href":"https:\/\/www.meydan.tv\/az\/wp-json\/wp\/v2\/media\/23381"}],"wp:attachment":[{"href":"https:\/\/www.meydan.tv\/az\/wp-json\/wp\/v2\/media?parent=167704"}],"wp:term":[{"taxonomy":"category","embeddable":true,"href":"https:\/\/www.meydan.tv\/az\/wp-json\/wp\/v2\/categories?post=167704"},{"taxonomy":"post_tag","embeddable":true,"href":"https:\/\/www.meydan.tv\/az\/wp-json\/wp\/v2\/tags?post=167704"}],"curies":[{"name":"wp","href":"https:\/\/api.w.org\/{rel}","templated":true}]}}