{"id":167703,"date":"2015-04-27T18:16:05","date_gmt":"2015-04-27T18:16:05","guid":{"rendered":"https:\/\/www.meydan.tv\/article\/erestun-oruclu-putinin-azerbaycanin-adini-hallandirmaqda-meqsedi-resmi-bakiya-tezyiq-etmek-isteyidir\/"},"modified":"2015-04-27T18:16:05","modified_gmt":"2015-04-27T18:16:05","slug":"erestun-oruclu-putinin-azerbaycanin-adini-hallandirmaqda-meqsedi-resmi-bakiya-tezyiq-etmek-isteyidir","status":"publish","type":"post","link":"https:\/\/www.meydan.tv\/az\/article\/erestun-oruclu-putinin-azerbaycanin-adini-hallandirmaqda-meqsedi-resmi-bakiya-tezyiq-etmek-isteyidir\/","title":{"rendered":"\u018fr\u0259stun Oruclu: Putinin Az\u0259rbaycan\u0131n ad\u0131n\u0131 halland\u0131rmaqda m\u0259qs\u0259di r\u0259smi Bak\u0131ya t\u0259zyiq etm\u0259k ist\u0259yidir"},"content":{"rendered":"<figure class=\"wp-block-image size-large\">\n  <img decoding=\"async\" src=\"https:\/\/www.meydan.tv\/az\/23372\/\" alt=\"\" class=\"wp-image-23372\"\/><figcaption><\/figcaption><\/figure>\n<figure class=\"wp-block-image size-large\">\n  <img decoding=\"async\" src=\"https:\/\/www.meydan.tv\/az\/23372\/\" alt=\"\" class=\"wp-image-23372\"\/><figcaption><\/figcaption><\/figure>\n<p><div>\n    <i><br \/>\n      &#8220;Bu, hakimiyy\u0259tin xarici siyas\u0259tinin tam \u015f\u0259kild\u0259 iflasa u\u011frad\u0131\u011f\u0131n\u0131n g\u00f6st\u0259ricisidir&#8221;<br \/>\n    <\/i>\n  <\/div>\n<\/p>\n<p><div>\n    <br \/>\n    \u201cRossiya 1\u201d kanal\u0131nda n\u00fcmayi\u015f olunan \u201cPrezident\u201d filmind\u0259 Rusiya d\u00f6vl\u0259t ba\u015f\u00e7\u0131s\u0131 Vladimir Putinin a\u00e7\u0131qlamas\u0131na Az\u0259rbaycan v\u0259 AB\u015e t\u0259r\u0259fd\u0259n he\u00e7 bir reaksiya yoxdur.\n  <\/div>\n<\/p>\n<p>\n  V.Putin 1999-cu ild\u0259 \u015eimali Qafqazda terrorun Rusiyan\u0131n m\u0259hvin astanas\u0131na g\u0259tirib \u00e7\u0131xard\u0131\u011f\u0131n\u0131 iddia edib. Rusiya prezidenti bildirib ki, o, beyn\u0259lxalq terror\u00e7ular\u0131n \u0259l\u0259 ke\u00e7iril\u0259n yaz\u0131\u015fmalar\u0131nda ciddi faktlarla qar\u015f\u0131la\u015f\u0131b: &#8220;Orda yaz\u0131rd\u0131lar: \u201c\u0130ndi unikal tarixi hadis\u0259dir. Bizim Qafqaz\u0131 Rusiyadan ay\u0131rmaq \u00fc\u00e7\u00fcn imkanlar\u0131m\u0131z var&#8221;. Bir g\u00fcn x\u00fcsusi xidm\u0259t orqanlar\u0131 \u015eimali Qafqaz terror\u00e7ular\u0131 il\u0259 AB\u015e-\u0131n Az\u0259rbaycandak\u0131 x\u00fcsusi xidm\u0259t orqanlar\u0131n\u0131n birba\u015fa \u0259laq\u0259si bar\u0259d\u0259 m\u0259lumat verib.<br \/>\n  <br \/>\n  Orada real olaraq h\u0259tta terror\u00e7ulara n\u0259qliyyatla da k\u00f6m\u0259k edirdil\u0259r. Bu bar\u0259d\u0259 m\u0259n AB\u015e prezidentin\u0259 m\u0259lumat verdim. O is\u0259 h\u0259min \u015f\u0259xsl\u0259ri pis \u015f\u0259kild\u0259 t\u0259hqir ed\u0259r\u0259k, m\u0259s\u0259l\u0259ni h\u0259ll ed\u0259c\u0259yini m\u0259n\u0259 s\u00f6z verdi\u201d.<br \/>\n  <br \/>\n  Prezidentin s\u00f6yl\u0259dikl\u0259rini Meydan TV-y\u0259 \u015f\u0259rh ed\u0259n \u015e\u0259rq-Q\u0259rb Ara\u015fd\u0131rmalar M\u0259rk\u0259zinin r\u0259hb\u0259ri, politoloq \u018fr\u0259stun Oruclu bildirdi ki, Putin ke\u00e7mi\u015fd\u0259 u\u011fursuz x\u0259fiyy\u0259\u00e7i olsa da, x\u0259fiyy\u0259\u00e7il\u0259rin harada f\u0259aliyy\u0259t g\u00f6st\u0259rm\u0259sinin bir o q\u0259d\u0259r d\u0259 \u00f6n\u0259mli olmad\u0131\u011f\u0131n\u0131 bilm\u0259lidir: &#8220;\u018fsas m\u0259s\u0259l\u0259 bu mesaj\u0131n ictimail\u0259\u015fm\u0259sidir. S\u00f6hb\u0259t MK\u0130-d\u0259n gedirs\u0259, Putin Rusiya \u0259razisind\u0259 d\u0259 qurumun \u015f\u0259b\u0259k\u0259sinin oldu\u011funu yax\u015f\u0131 bilir&#8221;.<br \/>\n  <br \/>\n  Politoloq hesab edir ki, Putinin Az\u0259rbaycan\u0131n ad\u0131n\u0131 halland\u0131rmaqda m\u0259qs\u0259di r\u0259smi Bak\u0131ya t\u0259zyiq etm\u0259k ist\u0259yidir: &#8220;Bu, r\u0259smi Bak\u0131n\u0131n davran\u0131\u015flar\u0131nda da \u00f6z\u00fcn\u00fc b\u00fcruz\u0259 verir. Son zamanlar Prezident Administrasiyas\u0131ndan n\u0259zar\u0259td\u0259 olan mediaya Putinin \u0259leyhin\u0259 t\u0259nqid yazmaq qada\u011fan olunub. Maraql\u0131d\u0131r ki, r\u0259smi m\u0259tbuatda, konkret &#8220;Az\u0259rbaycan&#8221; q\u0259zetind\u0259 d\u00fcnyan\u0131n f\u00f6vq\u0259ld\u00f6vl\u0259ti AB\u015e haqq\u0131nda t\u0259hqir v\u0259 \u0259n a\u011f\u0131las\u0131zmaz b\u00f6htanlar yaz\u0131rlar. Amma &#8220;erm\u0259ni soyq\u0131r\u0131m\u0131&#8221; il\u0259 ba\u011fl\u0131 d\u00fcz\u0259nl\u0259n\u0259n m\u0259rasim\u0259 qat\u0131lan v\u0259 Az\u0259rbaycan\u0131 terrorizmd\u0259 ittiham ed\u0259n Putin bar\u0259d\u0259 adi t\u0259nqid yazma\u011fa qada\u011fa qoyulur. Bu, hakimiyy\u0259tin xarici siyas\u0259tinin tam \u015f\u0259kild\u0259 iflasa u\u011frad\u0131\u011f\u0131n\u0131n g\u00f6st\u0259ricisidir. Amerikan\u0131n siyasi davran\u0131\u015f\u0131ndan sezilir ki, AB\u015e Az\u0259rbaycan hakimiyy\u0259tini Rusiya il\u0259 ba\u015f-ba\u015fa burax\u0131b. Bak\u0131 Va\u015finqtonu daim onunla \u015fantaj edirdi ki, insan haqlar\u0131, \u0259dal\u0259tli se\u00e7kil\u0259ri ciddi \u015f\u0259kild\u0259 qabartsan\u0131z, \u00fcz\u00fcm\u00fcz\u00fc Rusiyaya t\u0259r\u0259f y\u00f6n\u0259ld\u0259c\u0259yik. G\u00f6r\u00fcn\u00fcr, AB\u015e bu m\u0259s\u0259l\u0259l\u0259rd\u0259n yoruldu v\u0259 &#8220;el\u0259 \u00fcz\u00fcn\u00fcz o t\u0259r\u0259f\u0259dir, \u00e7evirm\u0259y\u0259 ehtiyac yoxdur&#8221; &#8211; mesaj\u0131n\u0131 verdi&#8221;.\n<\/p>\n<figure class=\"wp-block-image size-large\">\n  <img decoding=\"async\" src=\"https:\/\/www.meydan.tv\/az\/23375\/\" alt=\"\" class=\"wp-image-23375\"\/><figcaption><\/figcaption><\/figure>\n<p>\n  \u018f.Oruclu hakimiyy\u0259tin \u00e7a\u015fq\u0131n durumda oldu\u011funu v\u0259 t\u0259hl\u00fck\u0259nin d\u0259 \u015fimaldan g\u0259ldiyini bildiyini dedi: &#8220;\u0130ndiy\u0259 q\u0259d\u0259r Ramiz Mehdiyevin v\u0259 dig\u0259rl\u0259rinin Va\u015finqton bar\u0259d\u0259 yazd\u0131\u011f\u0131 yaln\u0131z yalan v\u0259 b\u00f6htan olmay\u0131b, h\u0259m d\u0259 siyasi riyakarl\u0131q olub. \u00c7\u00fcnki hakimiyy\u0259t onlara \u0259sas t\u0259hl\u00fck\u0259nin Rusiyadan oldu\u011funu bilir. Sad\u0259c\u0259, Rusiya amilini siyasi alver\u0259 \u00e7evirmi\u015fdil\u0259r. Ona g\u00f6r\u0259 AB\u015e &#8220;gedin, alverinizi edin&#8221; mesaj\u0131n\u0131 verdi. Bu alverin qiym\u0259tinin \u00e7ox baha oldu\u011funu hakimiyy\u0259td\u0259kil\u0259r \u00e7ox yax\u015f\u0131 bilir&#8221;.<br \/>\n  <br \/>\n  &#8220;Son 200 illik tariximizd\u0259 Rusiya yaln\u0131z neqativ rol oynay\u0131b, Erm\u0259nistan adl\u0131 d\u00f6vl\u0259ti Moskva yarad\u0131b, torpaqlar\u0131m\u0131z\u0131 da onlar verib erm\u0259nil\u0259r\u0259, Qaraba\u011f probleminin d\u0259 \u0259sas\u0131n\u0131 bu d\u00f6vl\u0259t qoyub, tariximizi Moskvadak\u0131lar yaz\u0131b, \u0259lifbam\u0131z\u0131 da 4 d\u0259f\u0259 onlar d\u0259yi\u015fib. B\u00fct\u00fcn bunlar\u0131 bilm\u0259k \u00fc\u00e7\u00fcn yenid\u0259n 200 il zamanm\u0131 laz\u0131md\u0131r? Bird\u0259f\u0259lik bilm\u0259liyik ki, Rusiya d\u00f6vl\u0259t\u00e7iliyimiz\u0259 \u00e7ox ciddi t\u0259hdiddir. M\u00fcst\u0259qilliyimizin yegan\u0259 t\u0259minat\u00e7\u0131s\u0131 Avroatlantik birlikdir, T\u00fcrkiy\u0259dir, \u0130sraildir, amma Rusiya deyil. \u018fg\u0259r G\u00f6mr\u00fck \u0130ttifaq\u0131 kimi layih\u0259si varsa, hans\u0131 m\u00fcst\u0259qillikd\u0259n s\u00f6hb\u0259t gedir. Hesab edir\u0259m ki, Putinin h\u0259min fikirl\u0259ri primitiv \u015fantajd\u0131r. Ancaq bu primitiv \u015fahtaj hakimiyy\u0259t\u0259 i\u015fl\u0259yir. Bax\u0131n, Amerika d\u00f6vl\u0259tinin yarad\u0131c\u0131lar\u0131n\u0131 k\u00fc\u00e7\u0259 ritorikas\u0131 il\u0259 t\u0259nqid ed\u0259n &#8220;Az\u0259rbaycan&#8221; Rusiya haqq\u0131nda bir c\u00fcml\u0259 d\u0259 yaza bilmir&#8221;,-dey\u0259 politoloq fikrini bitirib.\n<\/p><\/p>\n","protected":false},"excerpt":{"rendered":"<p>&#8220;Bu, hakimiyy\u0259tin xarici siyas\u0259tinin tam \u015f\u0259kild\u0259 iflasa u\u011frad\u0131\u011f\u0131n\u0131n g\u00f6st\u0259ricisidir&#8221;<\/p>\n","protected":false},"author":11,"featured_media":23372,"comment_status":"closed","ping_status":"open","sticky":false,"template":"","format":"standard","meta":{"_acf_changed":false,"_sitemap_exclude":false,"_sitemap_priority":"","_sitemap_frequency":"","footnotes":""},"categories":[56],"tags":[],"class_list":["post-167703","post","type-post","status-publish","format-standard","has-post-thumbnail","hentry","category-xeberler","infinite-scroll-item","generate-columns","tablet-grid-50","mobile-grid-100","grid-parent","grid-33","no-featured-image-padding"],"acf":[],"yoast_head":"<!-- This site is optimized with the Yoast SEO plugin v28.4 - https:\/\/yoast.com\/product\/yoast-seo-wordpress\/ -->\n<title>\u018fr\u0259stun Oruclu: Putinin Az\u0259rbaycan\u0131n ad\u0131n\u0131 halland\u0131rmaqda m\u0259qs\u0259di r\u0259smi Bak\u0131ya t\u0259zyiq etm\u0259k ist\u0259yidir - MEYDAN.TV<\/title>\n<meta name=\"robots\" content=\"index, follow, max-snippet:-1, max-image-preview:large, max-video-preview:-1\" \/>\n<link rel=\"canonical\" href=\"https:\/\/www.meydan.tv\/az\/article\/erestun-oruclu-putinin-azerbaycanin-adini-hallandirmaqda-meqsedi-resmi-bakiya-tezyiq-etmek-isteyidir\/\" \/>\n<meta property=\"og:locale\" content=\"az_AZ\" \/>\n<meta property=\"og:type\" content=\"article\" \/>\n<meta property=\"og:title\" content=\"\u018fr\u0259stun Oruclu: Putinin Az\u0259rbaycan\u0131n ad\u0131n\u0131 halland\u0131rmaqda m\u0259qs\u0259di r\u0259smi Bak\u0131ya t\u0259zyiq etm\u0259k ist\u0259yidir - MEYDAN.TV\" \/>\n<meta property=\"og:description\" content=\"&quot;Bu, hakimiyy\u0259tin xarici siyas\u0259tinin tam \u015f\u0259kild\u0259 iflasa u\u011frad\u0131\u011f\u0131n\u0131n g\u00f6st\u0259ricisidir&quot;\" \/>\n<meta property=\"og:url\" content=\"https:\/\/www.meydan.tv\/az\/article\/erestun-oruclu-putinin-azerbaycanin-adini-hallandirmaqda-meqsedi-resmi-bakiya-tezyiq-etmek-isteyidir\/\" \/>\n<meta property=\"og:site_name\" content=\"MEYDAN.TV\" \/>\n<meta property=\"article:published_time\" content=\"2015-04-27T18:16:05+00:00\" \/>\n<meta property=\"og:image\" content=\"https:\/\/www.meydan.tv\/wp-content\/uploads\/8493.jpg\" \/>\n\t<meta property=\"og:image:width\" content=\"570\" \/>\n\t<meta property=\"og:image:height\" content=\"357\" \/>\n\t<meta property=\"og:image:type\" content=\"image\/jpeg\" \/>\n<meta name=\"twitter:card\" content=\"summary_large_image\" \/>\n<!-- \/ Yoast SEO plugin. -->","yoast_head_json":{"title":"\u018fr\u0259stun Oruclu: Putinin Az\u0259rbaycan\u0131n ad\u0131n\u0131 halland\u0131rmaqda m\u0259qs\u0259di r\u0259smi Bak\u0131ya t\u0259zyiq etm\u0259k ist\u0259yidir - MEYDAN.TV","robots":{"index":"index","follow":"follow","max-snippet":"max-snippet:-1","max-image-preview":"max-image-preview:large","max-video-preview":"max-video-preview:-1"},"canonical":"https:\/\/www.meydan.tv\/az\/article\/erestun-oruclu-putinin-azerbaycanin-adini-hallandirmaqda-meqsedi-resmi-bakiya-tezyiq-etmek-isteyidir\/","og_locale":"az_AZ","og_type":"article","og_title":"\u018fr\u0259stun Oruclu: Putinin Az\u0259rbaycan\u0131n ad\u0131n\u0131 halland\u0131rmaqda m\u0259qs\u0259di r\u0259smi Bak\u0131ya t\u0259zyiq etm\u0259k ist\u0259yidir - MEYDAN.TV","og_description":"\"Bu, hakimiyy\u0259tin xarici siyas\u0259tinin tam \u015f\u0259kild\u0259 iflasa u\u011frad\u0131\u011f\u0131n\u0131n g\u00f6st\u0259ricisidir\"","og_url":"https:\/\/www.meydan.tv\/az\/article\/erestun-oruclu-putinin-azerbaycanin-adini-hallandirmaqda-meqsedi-resmi-bakiya-tezyiq-etmek-isteyidir\/","og_site_name":"MEYDAN.TV","article_published_time":"2015-04-27T18:16:05+00:00","og_image":[{"width":570,"height":357,"url":"https:\/\/www.meydan.tv\/wp-content\/uploads\/8493.jpg","type":"image\/jpeg"}],"twitter_card":"summary_large_image","schema":{"@context":"https:\/\/schema.org","@graph":[{"@type":"Article","@id":"https:\/\/www.meydan.tv\/az\/article\/erestun-oruclu-putinin-azerbaycanin-adini-hallandirmaqda-meqsedi-resmi-bakiya-tezyiq-etmek-isteyidir\/#article","isPartOf":{"@id":"https:\/\/www.meydan.tv\/az\/article\/erestun-oruclu-putinin-azerbaycanin-adini-hallandirmaqda-meqsedi-resmi-bakiya-tezyiq-etmek-isteyidir\/"},"author":{"name":"user-manager","@id":"https:\/\/www.meydan.tv\/az\/#\/schema\/person\/10d11eccf6da3662cf5fdab9806ea91a"},"headline":"\u018fr\u0259stun Oruclu: Putinin Az\u0259rbaycan\u0131n ad\u0131n\u0131 halland\u0131rmaqda m\u0259qs\u0259di r\u0259smi Bak\u0131ya t\u0259zyiq etm\u0259k ist\u0259yidir","datePublished":"2015-04-27T18:16:05+00:00","mainEntityOfPage":{"@id":"https:\/\/www.meydan.tv\/az\/article\/erestun-oruclu-putinin-azerbaycanin-adini-hallandirmaqda-meqsedi-resmi-bakiya-tezyiq-etmek-isteyidir\/"},"wordCount":800,"publisher":{"@id":"https:\/\/www.meydan.tv\/az\/#organization"},"image":{"@id":"https:\/\/www.meydan.tv\/az\/article\/erestun-oruclu-putinin-azerbaycanin-adini-hallandirmaqda-meqsedi-resmi-bakiya-tezyiq-etmek-isteyidir\/#primaryimage"},"thumbnailUrl":"https:\/\/www.meydan.tv\/wp-content\/uploads\/8493.jpg","articleSection":["X\u0259b\u0259rl\u0259r"],"inLanguage":"az"},{"@type":"WebPage","@id":"https:\/\/www.meydan.tv\/az\/article\/erestun-oruclu-putinin-azerbaycanin-adini-hallandirmaqda-meqsedi-resmi-bakiya-tezyiq-etmek-isteyidir\/","url":"https:\/\/www.meydan.tv\/az\/article\/erestun-oruclu-putinin-azerbaycanin-adini-hallandirmaqda-meqsedi-resmi-bakiya-tezyiq-etmek-isteyidir\/","name":"\u018fr\u0259stun Oruclu: Putinin Az\u0259rbaycan\u0131n ad\u0131n\u0131 halland\u0131rmaqda m\u0259qs\u0259di r\u0259smi Bak\u0131ya t\u0259zyiq etm\u0259k ist\u0259yidir - MEYDAN.TV","isPartOf":{"@id":"https:\/\/www.meydan.tv\/az\/#website"},"primaryImageOfPage":{"@id":"https:\/\/www.meydan.tv\/az\/article\/erestun-oruclu-putinin-azerbaycanin-adini-hallandirmaqda-meqsedi-resmi-bakiya-tezyiq-etmek-isteyidir\/#primaryimage"},"image":{"@id":"https:\/\/www.meydan.tv\/az\/article\/erestun-oruclu-putinin-azerbaycanin-adini-hallandirmaqda-meqsedi-resmi-bakiya-tezyiq-etmek-isteyidir\/#primaryimage"},"thumbnailUrl":"https:\/\/www.meydan.tv\/wp-content\/uploads\/8493.jpg","datePublished":"2015-04-27T18:16:05+00:00","breadcrumb":{"@id":"https:\/\/www.meydan.tv\/az\/article\/erestun-oruclu-putinin-azerbaycanin-adini-hallandirmaqda-meqsedi-resmi-bakiya-tezyiq-etmek-isteyidir\/#breadcrumb"},"inLanguage":"az","potentialAction":[{"@type":"ReadAction","target":["https:\/\/www.meydan.tv\/az\/article\/erestun-oruclu-putinin-azerbaycanin-adini-hallandirmaqda-meqsedi-resmi-bakiya-tezyiq-etmek-isteyidir\/"]}]},{"@type":"ImageObject","inLanguage":"az","@id":"https:\/\/www.meydan.tv\/az\/article\/erestun-oruclu-putinin-azerbaycanin-adini-hallandirmaqda-meqsedi-resmi-bakiya-tezyiq-etmek-isteyidir\/#primaryimage","url":"https:\/\/www.meydan.tv\/wp-content\/uploads\/8493.jpg","contentUrl":"https:\/\/www.meydan.tv\/wp-content\/uploads\/8493.jpg","width":570,"height":357,"caption":"Source:"},{"@type":"BreadcrumbList","@id":"https:\/\/www.meydan.tv\/az\/article\/erestun-oruclu-putinin-azerbaycanin-adini-hallandirmaqda-meqsedi-resmi-bakiya-tezyiq-etmek-isteyidir\/#breadcrumb","itemListElement":[{"@type":"ListItem","position":1,"name":"Ana s\u0259hif\u0259","item":"https:\/\/www.meydan.tv\/az\/"},{"@type":"ListItem","position":2,"name":"X\u0259b\u0259rl\u0259r","item":"https:\/\/www.meydan.tv\/az\/section\/xeberler\/"},{"@type":"ListItem","position":3,"name":"\u018fr\u0259stun Oruclu: Putinin Az\u0259rbaycan\u0131n ad\u0131n\u0131 halland\u0131rmaqda m\u0259qs\u0259di r\u0259smi Bak\u0131ya t\u0259zyiq etm\u0259k ist\u0259yidir"}]},{"@type":"WebSite","@id":"https:\/\/www.meydan.tv\/az\/#website","url":"https:\/\/www.meydan.tv\/az\/","name":"MEYDAN.TV","description":"Meydan TV Az\u0259rbaycan\u0131n media m\u0259kan\u0131ndak\u0131 alternativ s\u0259sidir","publisher":{"@id":"https:\/\/www.meydan.tv\/az\/#organization"},"potentialAction":[{"@type":"SearchAction","target":{"@type":"EntryPoint","urlTemplate":"https:\/\/www.meydan.tv\/az\/?s={search_term_string}"},"query-input":{"@type":"PropertyValueSpecification","valueRequired":true,"valueName":"search_term_string"}}],"inLanguage":"az"},{"@type":"Organization","@id":"https:\/\/www.meydan.tv\/az\/#organization","name":"Meydan TV","url":"https:\/\/www.meydan.tv\/az\/","logo":{"@type":"ImageObject","inLanguage":"az","@id":"https:\/\/www.meydan.tv\/az\/#\/schema\/logo\/image\/","url":"https:\/\/www.meydan.tv\/wp-content\/uploads\/2021\/07\/meydan-logo.svg","contentUrl":"https:\/\/www.meydan.tv\/wp-content\/uploads\/2021\/07\/meydan-logo.svg","width":195,"height":46,"caption":"Meydan TV"},"image":{"@id":"https:\/\/www.meydan.tv\/az\/#\/schema\/logo\/image\/"}},{"@type":"Person","@id":"https:\/\/www.meydan.tv\/az\/#\/schema\/person\/10d11eccf6da3662cf5fdab9806ea91a","name":"user-manager"}]}},"_links":{"self":[{"href":"https:\/\/www.meydan.tv\/az\/wp-json\/wp\/v2\/posts\/167703","targetHints":{"allow":["GET"]}}],"collection":[{"href":"https:\/\/www.meydan.tv\/az\/wp-json\/wp\/v2\/posts"}],"about":[{"href":"https:\/\/www.meydan.tv\/az\/wp-json\/wp\/v2\/types\/post"}],"author":[{"embeddable":true,"href":"https:\/\/www.meydan.tv\/az\/wp-json\/wp\/v2\/users\/11"}],"replies":[{"embeddable":true,"href":"https:\/\/www.meydan.tv\/az\/wp-json\/wp\/v2\/comments?post=167703"}],"version-history":[{"count":0,"href":"https:\/\/www.meydan.tv\/az\/wp-json\/wp\/v2\/posts\/167703\/revisions"}],"wp:featuredmedia":[{"embeddable":true,"href":"https:\/\/www.meydan.tv\/az\/wp-json\/wp\/v2\/media\/23372"}],"wp:attachment":[{"href":"https:\/\/www.meydan.tv\/az\/wp-json\/wp\/v2\/media?parent=167703"}],"wp:term":[{"taxonomy":"category","embeddable":true,"href":"https:\/\/www.meydan.tv\/az\/wp-json\/wp\/v2\/categories?post=167703"},{"taxonomy":"post_tag","embeddable":true,"href":"https:\/\/www.meydan.tv\/az\/wp-json\/wp\/v2\/tags?post=167703"}],"curies":[{"name":"wp","href":"https:\/\/api.w.org\/{rel}","templated":true}]}}