{"id":167702,"date":"2015-04-27T17:49:29","date_gmt":"2015-04-27T17:49:29","guid":{"rendered":"https:\/\/www.meydan.tv\/article\/zererceken-kimi-taninanlar-istintaqda-dindirilmeyib\/"},"modified":"2015-04-27T17:49:29","modified_gmt":"2015-04-27T17:49:29","slug":"zererceken-kimi-taninanlar-istintaqda-dindirilmeyib","status":"publish","type":"post","link":"https:\/\/www.meydan.tv\/az\/article\/zererceken-kimi-taninanlar-istintaqda-dindirilmeyib\/","title":{"rendered":"&#8220;Z\u0259r\u0259r\u00e7\u0259k\u0259n&#8221; kimi tan\u0131nanlar istintaqda dindirilm\u0259yib"},"content":{"rendered":"<figure class=\"wp-block-image size-large\">\n  <img decoding=\"async\" src=\"https:\/\/www.meydan.tv\/az\/23366\/\" alt=\"\" class=\"wp-image-23366\"\/><figcaption><\/figcaption><\/figure>\n<figure class=\"wp-block-image size-large\">\n  <img decoding=\"async\" src=\"https:\/\/www.meydan.tv\/az\/23366\/\" alt=\"\" class=\"wp-image-23366\"\/><figcaption><\/figcaption><\/figure>\n<p>\n  <i><br \/>\n    Osman Kaz\u0131mov: \u201cBel\u0259 cinay\u0259t i\u015fl\u0259rinin q\u0259bul olunmas\u0131 \u00f6lk\u0259nin h\u00fcquq-m\u00fchafiz\u0259 sisteminin iflas\u0131 dem\u0259kdir\u201d<br \/>\n  <\/i>\n<\/p>\n<p>\n  Bak\u0131 A\u011f\u0131r Cinay\u0259tl\u0259r M\u0259hk\u0259m\u0259sind\u0259 AMAY r\u0259hb\u0259ri Abdulla Abdullayev v\u0259 t\u0259qsirl\u0259ndiril\u0259n daha 5 n\u0259f\u0259rin n\u00f6vb\u0259ti m\u0259hk\u0259m\u0259 prosesi ke\u00e7irilib.\n<\/p>\n<p>\n  &#8220;Turan&#8221; \u0130A-nin m\u0259lumat\u0131na g\u00f6r\u0259, m\u0259hk\u0259m\u0259 prosesind\u0259 ittiham t\u0259r\u0259fin \u201cz\u0259r\u0259r\u00e7\u0259k\u0259n\u201d kimi tan\u0131d\u0131\u011f\u0131 iki \u015f\u0259xs dindirilib.\n<\/p>\n<p>\n  M\u0259lum olub ki, cinay\u0259t materiallar\u0131nda \u201cz\u0259r\u0259r\u00e7\u0259k\u0259n\u201d kimi tan\u0131nan \u015f\u0259xsl\u0259r istintaqda, \u00fcmumiyy\u0259tl\u0259, dindirilm\u0259yibl\u0259r v\u0259 bar\u0259l\u0259rind\u0259 z\u0259r\u0259r\u00e7\u0259k\u0259n \u015f\u0259xs q\u0259rar\u0131 yoxdur. \u0130stintaq sad\u0259c\u0259 \u201cXudaf\u0259rin\u201d firmas\u0131n\u0131n Atat\u00fcrk prospekti 80\/78-37-d\u0259 tikdiyi binada m\u0259nzil alan \u015f\u0259xsl\u0259rin adlar\u0131ndan ibar\u0259t t\u0259rtib etdiyi \u201c\u00fcmumi z\u0259r\u0259r\u00e7\u0259k\u0259nl\u0259r siyah\u0131s\u0131\u201dn\u0131 cinay\u0259t materiallar\u0131na daxil edib.\n<\/p>\n<p>\n  Z\u0259r\u0259r\u00e7\u0259k\u0259n kimi tan\u0131nan \u015f\u0259xsl\u0259r t\u0259qsirl\u0259ndiril\u0259nl\u0259r\u0259 qar\u015f\u0131 h\u0259r hans\u0131 t\u0259l\u0259b v\u0259 ya iddialar\u0131n\u0131n olmad\u0131\u011f\u0131n\u0131 deyibl\u0259r. Yegan\u0259 ist\u0259kl\u0259rinin binada tamamlama i\u015fl\u0259rinin ba\u015fa \u00e7at\u0131d\u0131rlmas\u0131 v\u0259 m\u0259nzill\u0259rin\u0259 k\u00f6\u00e7\u0259 bilm\u0259l\u0259ri oldu\u011funu s\u00f6yl\u0259yibl\u0259r.\n<\/p>\n<p>\n  Eyni zamanda v\u0259kill\u0259r m\u0259hk\u0259m\u0259 hey\u0259tin\u0259 istintaq i\u015finin natamam apar\u0131lmas\u0131ndan naraz\u0131l\u0131qlar\u0131n\u0131 bildiribl\u0259r. \u201cBel\u0259 cinay\u0259t i\u015fl\u0259rinin q\u0259bul olunmas\u0131 \u00f6lk\u0259nin h\u00fcquq-m\u00fchafiz\u0259 sisteminin iflas\u0131 dem\u0259kdir\u201d, &#8211; v\u0259kil Osman Kaz\u0131mov istintaq\u0131n apar\u0131lmas\u0131na etiraz\u0131n\u0131 ifad\u0259 edib.\n<\/p>\n<p>\n  \u201cOsman m\u00fc\u0259llim, bu \u015f\u0259xs d\u0259 dindirilm\u0259yib\u201d,- hakim \u018ffqan Hac\u0131yev istintaqda dindirilm\u0259y\u0259n \u015f\u0259xsl\u0259rin \u201cz\u0259r\u0259r\u00e7\u0259k\u0259n\u201dkimi tan\u0131malar\u0131n\u0131 b\u0259yan edib.\n<\/p>\n<p>\n  V\u0259kill\u0259r m\u00fclki \u0259sasl\u0131 i\u015fin cinay\u0259t m\u00fcst\u0259visind\u0259 ara\u015fd\u0131r\u0131lmas\u0131na da etiraz bildiribl\u0259r. M\u00fcqavil\u0259y\u0259 \u0259sas\u0259n, bina tikintisinin yubanmas\u0131na g\u00f6r\u0259 qar\u015f\u0131 t\u0259r\u0259f m\u00fclki m\u0259hk\u0259m\u0259y\u0259 m\u00fcraci\u0259t etm\u0259li idi. Amma m\u0259hk\u0259m\u0259d\u0259 dindiril\u0259n \u201cz\u0259r\u0259r\u00e7\u0259k\u0259nl\u0259r\u201d bunu etm\u0259yibl\u0259r. V\u0259kill\u0259r\u0259 g\u00f6r\u0259, ad\u0131 \u00e7\u0259kil\u0259n m\u0259s\u0259l\u0259nin cinay\u0259t m\u00fcst\u0259visin\u0259 \u00e7\u0259kilm\u0259sin\u0259 ehtiyac yox idi. Bel\u0259 ki, bina tikilib, m\u0259nzill\u0259r haz\u0131r, m\u0259nzill\u0259r sahibl\u0259rin\u0259 aid, kanalizasiya, su, i\u015f\u0131q, lift sistemi qura\u015fd\u0131r\u0131l\u0131b. Binada yaln\u0131z ki\u00e7ik h\u0259cmli tamamlama i\u015fl\u0259ri v\u0259 d\u00f6vl\u0259t komissiyas\u0131na t\u0259hvil verilm\u0259si qal\u0131r. A.Adullayev binan\u0131n tam \u015f\u0259kild\u0259 haz\u0131r olmas\u0131na \u0259sas mane\u0259 kimi prokurorlu\u011fun d\u0259f\u0259l\u0259rl\u0259 bu i\u015f\u0259 m\u00fcdaxil\u0259sini g\u00f6st\u0259rib.\n<\/p>\n<p>\n  V\u0259kill\u0259r A.Abdullayev\u0259 qar\u015f\u0131 ir\u0259li s\u00fcr\u00fcl\u0259n d\u0259l\u0259duzluq v\u0259 d\u00f6vl\u0259t v\u0259saitl\u0259rini k\u00fclli miqdarda m\u0259nims\u0259m\u0259k kimi ittihamlar\u0131n \u0259sass\u0131zl\u0131\u011f\u0131na da toxunublar. Bel\u0259 ki, bina tikintisi il\u0259 ba\u011fl\u0131 \u00f6d\u0259nil\u0259n v\u0259saitl\u0259r\u0259 ba\u011fl\u0131 m\u00fc\u015ft\u0259ril\u0259r\u0259 \u00f6d\u0259m\u0259 q\u0259bzl\u0259ri verilib. M\u00fc\u015ft\u0259ril\u0259r \u00f6d\u0259ni\u015f q\u0259bzl\u0259rind\u0259 g\u00f6st\u0259ril\u0259n m\u0259bl\u0259\u011f q\u0259d\u0259r v\u0259sait \u00f6d\u0259dikl\u0259rini deyibl\u0259r.\n<\/p>\n<p>\n  \u201c\u018fg\u0259r m\u00fc\u015ft\u0259ri 50 min manat \u00f6d\u0259s\u0259ydi, \u00f6d\u0259ni\u015f q\u0259bzind\u0259 30 min manat yaz\u0131lsayd\u0131, ba\u015fqa m\u0259s\u0259l\u0259, burada hans\u0131sa m\u0259nims\u0259m\u0259d\u0259n dan\u0131\u015fmaq olard\u0131, m\u00fc\u015ft\u0259ri 50 min manat \u00f6d\u0259yibs\u0259 v\u0259 bu da \u00f6d\u0259ni\u015f q\u0259bzind\u0259 \u0259ksini tap\u0131bsa hans\u0131 m\u0259nims\u0259m\u0259d\u0259n dani\u015fmaq olar?\u201d,-A.Abdullayev \u00a0ittihama m\u00fcnasib\u0259tini ifad\u0259 edib.\n<\/p>\n<p>\n  Daha sonra hakim \u018f.Hac\u0131yev n\u00f6vb\u0259ti m\u0259hk\u0259m\u0259 prosesinin aprelin 28-d\u0259 saat 10:00-da ke\u00e7iril\u0259c\u0259yini elan edib.\n<\/p>\n<p>\n  AMAY r\u0259hb\u0259ri A.Abdullayev 2014-c\u00fc il aprelin 4-d\u0259 h\u0259bs\u0259 al\u0131n\u0131b. Ona qar\u015f\u0131 Cinay\u0259t M\u0259c\u0259ll\u0259sinin d\u0259l\u0259duzluq, s\u0259lahiyy\u0259tind\u0259n sui-isitifad\u0259, \u00e7\u00fcrkli pullar\u0131n \u201cyuyulmas\u0131\u201d v\u0259 d\u00f6vl\u0259t v\u0259saitini k\u00fclli miqdarda m\u0259nims\u0259m\u0259 kimi ittihamlar ir\u0259li\u00a0 s\u00fcr\u00fcl\u00fcb. A.Abdullayev b\u00fct\u00fcn ittihamlar\u0131 r\u0259dd ed\u0259r\u0259k \u00f6z\u00fcn\u00fc t\u0259qsirli bilmir.<\/p>\n","protected":false},"excerpt":{"rendered":"<p>Osman Kaz\u0131mov: \u201cBel\u0259 cinay\u0259t i\u015fl\u0259rinin q\u0259bul olunmas\u0131 \u00f6lk\u0259nin h\u00fcquq-m\u00fchafiz\u0259 sisteminin iflas\u0131 dem\u0259kdir\u201d<\/p>\n","protected":false},"author":11,"featured_media":23366,"comment_status":"closed","ping_status":"open","sticky":false,"template":"","format":"standard","meta":{"_acf_changed":false,"_sitemap_exclude":false,"_sitemap_priority":"","_sitemap_frequency":"","footnotes":""},"categories":[56],"tags":[],"class_list":["post-167702","post","type-post","status-publish","format-standard","has-post-thumbnail","hentry","category-xeberler","infinite-scroll-item","generate-columns","tablet-grid-50","mobile-grid-100","grid-parent","grid-33","no-featured-image-padding"],"acf":[],"yoast_head":"<!-- This site is optimized with the Yoast SEO plugin v28.4 - https:\/\/yoast.com\/product\/yoast-seo-wordpress\/ -->\n<title>&quot;Z\u0259r\u0259r\u00e7\u0259k\u0259n&quot; kimi tan\u0131nanlar istintaqda dindirilm\u0259yib - MEYDAN.TV<\/title>\n<meta name=\"robots\" content=\"index, follow, max-snippet:-1, max-image-preview:large, max-video-preview:-1\" \/>\n<link rel=\"canonical\" href=\"https:\/\/www.meydan.tv\/az\/article\/zererceken-kimi-taninanlar-istintaqda-dindirilmeyib\/\" \/>\n<meta property=\"og:locale\" content=\"az_AZ\" \/>\n<meta property=\"og:type\" content=\"article\" \/>\n<meta property=\"og:title\" content=\"&quot;Z\u0259r\u0259r\u00e7\u0259k\u0259n&quot; kimi tan\u0131nanlar istintaqda dindirilm\u0259yib - MEYDAN.TV\" \/>\n<meta property=\"og:description\" content=\"Osman Kaz\u0131mov: \u201cBel\u0259 cinay\u0259t i\u015fl\u0259rinin q\u0259bul olunmas\u0131 \u00f6lk\u0259nin h\u00fcquq-m\u00fchafiz\u0259 sisteminin iflas\u0131 dem\u0259kdir\u201d\" \/>\n<meta property=\"og:url\" content=\"https:\/\/www.meydan.tv\/az\/article\/zererceken-kimi-taninanlar-istintaqda-dindirilmeyib\/\" \/>\n<meta property=\"og:site_name\" content=\"MEYDAN.TV\" \/>\n<meta property=\"article:published_time\" content=\"2015-04-27T17:49:29+00:00\" \/>\n<meta property=\"og:image\" content=\"https:\/\/www.meydan.tv\/wp-content\/uploads\/8492.jpg\" \/>\n\t<meta property=\"og:image:width\" content=\"400\" \/>\n\t<meta property=\"og:image:height\" content=\"266\" \/>\n\t<meta property=\"og:image:type\" content=\"image\/jpeg\" \/>\n<meta name=\"twitter:card\" content=\"summary_large_image\" \/>\n<!-- \/ Yoast SEO plugin. -->","yoast_head_json":{"title":"\"Z\u0259r\u0259r\u00e7\u0259k\u0259n\" kimi tan\u0131nanlar istintaqda dindirilm\u0259yib - MEYDAN.TV","robots":{"index":"index","follow":"follow","max-snippet":"max-snippet:-1","max-image-preview":"max-image-preview:large","max-video-preview":"max-video-preview:-1"},"canonical":"https:\/\/www.meydan.tv\/az\/article\/zererceken-kimi-taninanlar-istintaqda-dindirilmeyib\/","og_locale":"az_AZ","og_type":"article","og_title":"\"Z\u0259r\u0259r\u00e7\u0259k\u0259n\" kimi tan\u0131nanlar istintaqda dindirilm\u0259yib - MEYDAN.TV","og_description":"Osman Kaz\u0131mov: \u201cBel\u0259 cinay\u0259t i\u015fl\u0259rinin q\u0259bul olunmas\u0131 \u00f6lk\u0259nin h\u00fcquq-m\u00fchafiz\u0259 sisteminin iflas\u0131 dem\u0259kdir\u201d","og_url":"https:\/\/www.meydan.tv\/az\/article\/zererceken-kimi-taninanlar-istintaqda-dindirilmeyib\/","og_site_name":"MEYDAN.TV","article_published_time":"2015-04-27T17:49:29+00:00","og_image":[{"width":400,"height":266,"url":"https:\/\/www.meydan.tv\/wp-content\/uploads\/8492.jpg","type":"image\/jpeg"}],"twitter_card":"summary_large_image","schema":{"@context":"https:\/\/schema.org","@graph":[{"@type":"Article","@id":"https:\/\/www.meydan.tv\/az\/article\/zererceken-kimi-taninanlar-istintaqda-dindirilmeyib\/#article","isPartOf":{"@id":"https:\/\/www.meydan.tv\/az\/article\/zererceken-kimi-taninanlar-istintaqda-dindirilmeyib\/"},"author":{"name":"user-manager","@id":"https:\/\/www.meydan.tv\/az\/#\/schema\/person\/10d11eccf6da3662cf5fdab9806ea91a"},"headline":"&#8220;Z\u0259r\u0259r\u00e7\u0259k\u0259n&#8221; kimi tan\u0131nanlar istintaqda dindirilm\u0259yib","datePublished":"2015-04-27T17:49:29+00:00","mainEntityOfPage":{"@id":"https:\/\/www.meydan.tv\/az\/article\/zererceken-kimi-taninanlar-istintaqda-dindirilmeyib\/"},"wordCount":730,"publisher":{"@id":"https:\/\/www.meydan.tv\/az\/#organization"},"image":{"@id":"https:\/\/www.meydan.tv\/az\/article\/zererceken-kimi-taninanlar-istintaqda-dindirilmeyib\/#primaryimage"},"thumbnailUrl":"https:\/\/www.meydan.tv\/wp-content\/uploads\/8492.jpg","articleSection":["X\u0259b\u0259rl\u0259r"],"inLanguage":"az"},{"@type":"WebPage","@id":"https:\/\/www.meydan.tv\/az\/article\/zererceken-kimi-taninanlar-istintaqda-dindirilmeyib\/","url":"https:\/\/www.meydan.tv\/az\/article\/zererceken-kimi-taninanlar-istintaqda-dindirilmeyib\/","name":"\"Z\u0259r\u0259r\u00e7\u0259k\u0259n\" kimi tan\u0131nanlar istintaqda dindirilm\u0259yib - MEYDAN.TV","isPartOf":{"@id":"https:\/\/www.meydan.tv\/az\/#website"},"primaryImageOfPage":{"@id":"https:\/\/www.meydan.tv\/az\/article\/zererceken-kimi-taninanlar-istintaqda-dindirilmeyib\/#primaryimage"},"image":{"@id":"https:\/\/www.meydan.tv\/az\/article\/zererceken-kimi-taninanlar-istintaqda-dindirilmeyib\/#primaryimage"},"thumbnailUrl":"https:\/\/www.meydan.tv\/wp-content\/uploads\/8492.jpg","datePublished":"2015-04-27T17:49:29+00:00","breadcrumb":{"@id":"https:\/\/www.meydan.tv\/az\/article\/zererceken-kimi-taninanlar-istintaqda-dindirilmeyib\/#breadcrumb"},"inLanguage":"az","potentialAction":[{"@type":"ReadAction","target":["https:\/\/www.meydan.tv\/az\/article\/zererceken-kimi-taninanlar-istintaqda-dindirilmeyib\/"]}]},{"@type":"ImageObject","inLanguage":"az","@id":"https:\/\/www.meydan.tv\/az\/article\/zererceken-kimi-taninanlar-istintaqda-dindirilmeyib\/#primaryimage","url":"https:\/\/www.meydan.tv\/wp-content\/uploads\/8492.jpg","contentUrl":"https:\/\/www.meydan.tv\/wp-content\/uploads\/8492.jpg","width":400,"height":266,"caption":"Source:"},{"@type":"BreadcrumbList","@id":"https:\/\/www.meydan.tv\/az\/article\/zererceken-kimi-taninanlar-istintaqda-dindirilmeyib\/#breadcrumb","itemListElement":[{"@type":"ListItem","position":1,"name":"Ana s\u0259hif\u0259","item":"https:\/\/www.meydan.tv\/az\/"},{"@type":"ListItem","position":2,"name":"X\u0259b\u0259rl\u0259r","item":"https:\/\/www.meydan.tv\/az\/section\/xeberler\/"},{"@type":"ListItem","position":3,"name":"&#8220;Z\u0259r\u0259r\u00e7\u0259k\u0259n&#8221; kimi tan\u0131nanlar istintaqda dindirilm\u0259yib"}]},{"@type":"WebSite","@id":"https:\/\/www.meydan.tv\/az\/#website","url":"https:\/\/www.meydan.tv\/az\/","name":"MEYDAN.TV","description":"Meydan TV Az\u0259rbaycan\u0131n media m\u0259kan\u0131ndak\u0131 alternativ s\u0259sidir","publisher":{"@id":"https:\/\/www.meydan.tv\/az\/#organization"},"potentialAction":[{"@type":"SearchAction","target":{"@type":"EntryPoint","urlTemplate":"https:\/\/www.meydan.tv\/az\/?s={search_term_string}"},"query-input":{"@type":"PropertyValueSpecification","valueRequired":true,"valueName":"search_term_string"}}],"inLanguage":"az"},{"@type":"Organization","@id":"https:\/\/www.meydan.tv\/az\/#organization","name":"Meydan TV","url":"https:\/\/www.meydan.tv\/az\/","logo":{"@type":"ImageObject","inLanguage":"az","@id":"https:\/\/www.meydan.tv\/az\/#\/schema\/logo\/image\/","url":"https:\/\/www.meydan.tv\/wp-content\/uploads\/2021\/07\/meydan-logo.svg","contentUrl":"https:\/\/www.meydan.tv\/wp-content\/uploads\/2021\/07\/meydan-logo.svg","width":195,"height":46,"caption":"Meydan TV"},"image":{"@id":"https:\/\/www.meydan.tv\/az\/#\/schema\/logo\/image\/"}},{"@type":"Person","@id":"https:\/\/www.meydan.tv\/az\/#\/schema\/person\/10d11eccf6da3662cf5fdab9806ea91a","name":"user-manager"}]}},"_links":{"self":[{"href":"https:\/\/www.meydan.tv\/az\/wp-json\/wp\/v2\/posts\/167702","targetHints":{"allow":["GET"]}}],"collection":[{"href":"https:\/\/www.meydan.tv\/az\/wp-json\/wp\/v2\/posts"}],"about":[{"href":"https:\/\/www.meydan.tv\/az\/wp-json\/wp\/v2\/types\/post"}],"author":[{"embeddable":true,"href":"https:\/\/www.meydan.tv\/az\/wp-json\/wp\/v2\/users\/11"}],"replies":[{"embeddable":true,"href":"https:\/\/www.meydan.tv\/az\/wp-json\/wp\/v2\/comments?post=167702"}],"version-history":[{"count":0,"href":"https:\/\/www.meydan.tv\/az\/wp-json\/wp\/v2\/posts\/167702\/revisions"}],"wp:featuredmedia":[{"embeddable":true,"href":"https:\/\/www.meydan.tv\/az\/wp-json\/wp\/v2\/media\/23366"}],"wp:attachment":[{"href":"https:\/\/www.meydan.tv\/az\/wp-json\/wp\/v2\/media?parent=167702"}],"wp:term":[{"taxonomy":"category","embeddable":true,"href":"https:\/\/www.meydan.tv\/az\/wp-json\/wp\/v2\/categories?post=167702"},{"taxonomy":"post_tag","embeddable":true,"href":"https:\/\/www.meydan.tv\/az\/wp-json\/wp\/v2\/tags?post=167702"}],"curies":[{"name":"wp","href":"https:\/\/api.w.org\/{rel}","templated":true}]}}