{"id":167701,"date":"2015-04-27T17:01:07","date_gmt":"2015-04-27T17:01:07","guid":{"rendered":"https:\/\/www.meydan.tv\/article\/hemmeruzecileri-intiqam-eliyevin-baresinde-cixarilan-hokmu-pisleyibler\/"},"modified":"2015-04-27T17:01:07","modified_gmt":"2015-04-27T17:01:07","slug":"hemmeruzecileri-intiqam-eliyevin-baresinde-cixarilan-hokmu-pisleyibler","status":"publish","type":"post","link":"https:\/\/www.meydan.tv\/az\/article\/hemmeruzecileri-intiqam-eliyevin-baresinde-cixarilan-hokmu-pisleyibler\/","title":{"rendered":"H\u0259mm\u0259r\u00fcz\u0259\u00e7il\u0259ri \u0130ntiqam \u018fliyevin bar\u0259sind\u0259 \u00e7\u0131xar\u0131lan h\u00f6km\u00fc pisl\u0259yibl\u0259r"},"content":{"rendered":"<figure class=\"wp-block-image size-large\">\n  <img decoding=\"async\" src=\"https:\/\/www.meydan.tv\/az\/23363\/\" alt=\"\" class=\"wp-image-23363\"\/><figcaption><\/figcaption><\/figure>\n<figure class=\"wp-block-image size-large\">\n  <img decoding=\"async\" src=\"https:\/\/www.meydan.tv\/az\/23363\/\" alt=\"\" class=\"wp-image-23363\"\/><figcaption><\/figcaption><\/figure>\n<p>\n  <i><br \/>\n    &#8220;Bu m\u00fchakim\u0259 onun Az\u0259rbaycanda h\u00fcquq-m\u00fcdafi\u0259 f\u0259aliyy\u0259ti il\u0259 ba\u011fl\u0131d\u0131r&#8221;<br \/>\n  <\/i>\n<\/p>\n<p>\n  Avropa \u015euras\u0131 Parlament Assambleyas\u0131n\u0131n (A\u015ePA) Monitorinq Komit\u0259sinin Az\u0259rbaycan \u00fczr\u0259 h\u0259mm\u0259ruz\u0259\u00e7il\u0259ri Pedro Aqramunt (\u0130spaniya) v\u0259 Tadeu\u015f \u0130vinski (Pol\u015fa) h\u00fcquq m\u00fcdafi\u0259\u00e7isi \u0130ntiqam \u018fliyevin bar\u0259sind\u0259 \u00e7\u0131xar\u0131lan h\u00f6kmd\u0259n d\u0259rin m\u0259yus olduqlar\u0131n\u0131 bildiribl\u0259r.\n<\/p>\n<p>\n  \u201cAvropa \u015euras\u0131n\u0131n \u00e7oxdank\u0131 t\u0259r\u0259fda\u015f\u0131 olan \u0130ntiqam \u018fliyev Avropa \u0130nsan H\u00fcquqlar\u0131 M\u0259hk\u0259m\u0259sind\u0259 bax\u0131lan bir \u00e7ox i\u015fl\u0259r \u00fczr\u0259 h\u00fcquqi m\u00fc\u015favir kimi \u00e7\u0131x\u0131\u015f edib.\n<\/p>\n<p>\n  M\u0259hk\u0259m\u0259y\u0259 q\u0259d\u0259rki saxlanma, h\u0259bs v\u0259 \u0130.\u018fliyevin m\u00fchakim\u0259 olunmas\u0131 onun Az\u0259rbaycanda h\u00fcquq-m\u00fcdafi\u0259 f\u0259aliyy\u0259ti il\u0259 ba\u011fl\u0131d\u0131r v\u0259 bu i\u015fi m\u00fcmk\u00fcns\u00fcz etm\u0259k c\u0259hdl\u0259rinin bir hiss\u0259sidir\u201d, &#8211; b\u0259yanatda deyilir.\n<\/p>\n<p>\n  H\u0259mm\u0259r\u00fcz\u0259\u00e7il\u0259r bel\u0259 a\u011f\u0131r h\u00f6km\u00fcn \u00e7\u0131xar\u0131lmas\u0131 il\u0259 ba\u011fl\u0131 a\u00e7\u0131qlama verilm\u0259sin\u0259 \u00e7a\u011f\u0131r\u0131blar.\n<\/p>\n<p>\n  \u0130ntiqam \u018fliyev aprelin 22-d\u0259 7,5 il m\u00fcdd\u0259tin\u0259 azadl\u0131qdan m\u0259hrum edilib. O, iqtisadi cinay\u0259tl\u0259r t\u00f6r\u0259tm\u0259kd\u0259 ittiham olunur.<\/p>\n","protected":false},"excerpt":{"rendered":"<p>&#8220;Bu m\u00fchakim\u0259 onun Az\u0259rbaycanda h\u00fcquq-m\u00fcdafi\u0259 f\u0259aliyy\u0259ti il\u0259 ba\u011fl\u0131d\u0131r&#8221;<\/p>\n","protected":false},"author":11,"featured_media":23363,"comment_status":"closed","ping_status":"open","sticky":false,"template":"","format":"standard","meta":{"_acf_changed":false,"_sitemap_exclude":false,"_sitemap_priority":"","_sitemap_frequency":"","footnotes":""},"categories":[56],"tags":[],"class_list":["post-167701","post","type-post","status-publish","format-standard","has-post-thumbnail","hentry","category-xeberler","infinite-scroll-item","generate-columns","tablet-grid-50","mobile-grid-100","grid-parent","grid-33","no-featured-image-padding"],"acf":[],"yoast_head":"<!-- This site is optimized with the Yoast SEO plugin v28.4 - https:\/\/yoast.com\/product\/yoast-seo-wordpress\/ -->\n<title>H\u0259mm\u0259r\u00fcz\u0259\u00e7il\u0259ri \u0130ntiqam \u018fliyevin bar\u0259sind\u0259 \u00e7\u0131xar\u0131lan h\u00f6km\u00fc pisl\u0259yibl\u0259r - MEYDAN.TV<\/title>\n<meta name=\"robots\" content=\"index, follow, max-snippet:-1, max-image-preview:large, max-video-preview:-1\" \/>\n<link rel=\"canonical\" href=\"https:\/\/www.meydan.tv\/az\/article\/hemmeruzecileri-intiqam-eliyevin-baresinde-cixarilan-hokmu-pisleyibler\/\" \/>\n<meta property=\"og:locale\" content=\"az_AZ\" \/>\n<meta property=\"og:type\" content=\"article\" \/>\n<meta property=\"og:title\" content=\"H\u0259mm\u0259r\u00fcz\u0259\u00e7il\u0259ri \u0130ntiqam \u018fliyevin bar\u0259sind\u0259 \u00e7\u0131xar\u0131lan h\u00f6km\u00fc pisl\u0259yibl\u0259r - MEYDAN.TV\" \/>\n<meta property=\"og:description\" content=\"&quot;Bu m\u00fchakim\u0259 onun Az\u0259rbaycanda h\u00fcquq-m\u00fcdafi\u0259 f\u0259aliyy\u0259ti il\u0259 ba\u011fl\u0131d\u0131r&quot;\" \/>\n<meta property=\"og:url\" content=\"https:\/\/www.meydan.tv\/az\/article\/hemmeruzecileri-intiqam-eliyevin-baresinde-cixarilan-hokmu-pisleyibler\/\" \/>\n<meta property=\"og:site_name\" content=\"MEYDAN.TV\" \/>\n<meta property=\"article:published_time\" content=\"2015-04-27T17:01:07+00:00\" \/>\n<meta property=\"og:image\" content=\"https:\/\/www.meydan.tv\/wp-content\/uploads\/8491.jpg\" \/>\n\t<meta property=\"og:image:width\" content=\"401\" \/>\n\t<meta property=\"og:image:height\" content=\"300\" \/>\n\t<meta property=\"og:image:type\" content=\"image\/jpeg\" \/>\n<meta name=\"twitter:card\" content=\"summary_large_image\" \/>\n<!-- \/ Yoast SEO plugin. -->","yoast_head_json":{"title":"H\u0259mm\u0259r\u00fcz\u0259\u00e7il\u0259ri \u0130ntiqam \u018fliyevin bar\u0259sind\u0259 \u00e7\u0131xar\u0131lan h\u00f6km\u00fc pisl\u0259yibl\u0259r - MEYDAN.TV","robots":{"index":"index","follow":"follow","max-snippet":"max-snippet:-1","max-image-preview":"max-image-preview:large","max-video-preview":"max-video-preview:-1"},"canonical":"https:\/\/www.meydan.tv\/az\/article\/hemmeruzecileri-intiqam-eliyevin-baresinde-cixarilan-hokmu-pisleyibler\/","og_locale":"az_AZ","og_type":"article","og_title":"H\u0259mm\u0259r\u00fcz\u0259\u00e7il\u0259ri \u0130ntiqam \u018fliyevin bar\u0259sind\u0259 \u00e7\u0131xar\u0131lan h\u00f6km\u00fc pisl\u0259yibl\u0259r - MEYDAN.TV","og_description":"\"Bu m\u00fchakim\u0259 onun Az\u0259rbaycanda h\u00fcquq-m\u00fcdafi\u0259 f\u0259aliyy\u0259ti il\u0259 ba\u011fl\u0131d\u0131r\"","og_url":"https:\/\/www.meydan.tv\/az\/article\/hemmeruzecileri-intiqam-eliyevin-baresinde-cixarilan-hokmu-pisleyibler\/","og_site_name":"MEYDAN.TV","article_published_time":"2015-04-27T17:01:07+00:00","og_image":[{"width":401,"height":300,"url":"https:\/\/www.meydan.tv\/wp-content\/uploads\/8491.jpg","type":"image\/jpeg"}],"twitter_card":"summary_large_image","schema":{"@context":"https:\/\/schema.org","@graph":[{"@type":"Article","@id":"https:\/\/www.meydan.tv\/az\/article\/hemmeruzecileri-intiqam-eliyevin-baresinde-cixarilan-hokmu-pisleyibler\/#article","isPartOf":{"@id":"https:\/\/www.meydan.tv\/az\/article\/hemmeruzecileri-intiqam-eliyevin-baresinde-cixarilan-hokmu-pisleyibler\/"},"author":{"name":"user-manager","@id":"https:\/\/www.meydan.tv\/az\/#\/schema\/person\/10d11eccf6da3662cf5fdab9806ea91a"},"headline":"H\u0259mm\u0259r\u00fcz\u0259\u00e7il\u0259ri \u0130ntiqam \u018fliyevin bar\u0259sind\u0259 \u00e7\u0131xar\u0131lan h\u00f6km\u00fc pisl\u0259yibl\u0259r","datePublished":"2015-04-27T17:01:07+00:00","mainEntityOfPage":{"@id":"https:\/\/www.meydan.tv\/az\/article\/hemmeruzecileri-intiqam-eliyevin-baresinde-cixarilan-hokmu-pisleyibler\/"},"wordCount":214,"publisher":{"@id":"https:\/\/www.meydan.tv\/az\/#organization"},"image":{"@id":"https:\/\/www.meydan.tv\/az\/article\/hemmeruzecileri-intiqam-eliyevin-baresinde-cixarilan-hokmu-pisleyibler\/#primaryimage"},"thumbnailUrl":"https:\/\/www.meydan.tv\/wp-content\/uploads\/8491.jpg","articleSection":["X\u0259b\u0259rl\u0259r"],"inLanguage":"az"},{"@type":"WebPage","@id":"https:\/\/www.meydan.tv\/az\/article\/hemmeruzecileri-intiqam-eliyevin-baresinde-cixarilan-hokmu-pisleyibler\/","url":"https:\/\/www.meydan.tv\/az\/article\/hemmeruzecileri-intiqam-eliyevin-baresinde-cixarilan-hokmu-pisleyibler\/","name":"H\u0259mm\u0259r\u00fcz\u0259\u00e7il\u0259ri \u0130ntiqam \u018fliyevin bar\u0259sind\u0259 \u00e7\u0131xar\u0131lan h\u00f6km\u00fc pisl\u0259yibl\u0259r - MEYDAN.TV","isPartOf":{"@id":"https:\/\/www.meydan.tv\/az\/#website"},"primaryImageOfPage":{"@id":"https:\/\/www.meydan.tv\/az\/article\/hemmeruzecileri-intiqam-eliyevin-baresinde-cixarilan-hokmu-pisleyibler\/#primaryimage"},"image":{"@id":"https:\/\/www.meydan.tv\/az\/article\/hemmeruzecileri-intiqam-eliyevin-baresinde-cixarilan-hokmu-pisleyibler\/#primaryimage"},"thumbnailUrl":"https:\/\/www.meydan.tv\/wp-content\/uploads\/8491.jpg","datePublished":"2015-04-27T17:01:07+00:00","breadcrumb":{"@id":"https:\/\/www.meydan.tv\/az\/article\/hemmeruzecileri-intiqam-eliyevin-baresinde-cixarilan-hokmu-pisleyibler\/#breadcrumb"},"inLanguage":"az","potentialAction":[{"@type":"ReadAction","target":["https:\/\/www.meydan.tv\/az\/article\/hemmeruzecileri-intiqam-eliyevin-baresinde-cixarilan-hokmu-pisleyibler\/"]}]},{"@type":"ImageObject","inLanguage":"az","@id":"https:\/\/www.meydan.tv\/az\/article\/hemmeruzecileri-intiqam-eliyevin-baresinde-cixarilan-hokmu-pisleyibler\/#primaryimage","url":"https:\/\/www.meydan.tv\/wp-content\/uploads\/8491.jpg","contentUrl":"https:\/\/www.meydan.tv\/wp-content\/uploads\/8491.jpg","width":401,"height":300,"caption":"Source:"},{"@type":"BreadcrumbList","@id":"https:\/\/www.meydan.tv\/az\/article\/hemmeruzecileri-intiqam-eliyevin-baresinde-cixarilan-hokmu-pisleyibler\/#breadcrumb","itemListElement":[{"@type":"ListItem","position":1,"name":"Ana s\u0259hif\u0259","item":"https:\/\/www.meydan.tv\/az\/"},{"@type":"ListItem","position":2,"name":"X\u0259b\u0259rl\u0259r","item":"https:\/\/www.meydan.tv\/az\/section\/xeberler\/"},{"@type":"ListItem","position":3,"name":"H\u0259mm\u0259r\u00fcz\u0259\u00e7il\u0259ri \u0130ntiqam \u018fliyevin bar\u0259sind\u0259 \u00e7\u0131xar\u0131lan h\u00f6km\u00fc pisl\u0259yibl\u0259r"}]},{"@type":"WebSite","@id":"https:\/\/www.meydan.tv\/az\/#website","url":"https:\/\/www.meydan.tv\/az\/","name":"MEYDAN.TV","description":"Meydan TV Az\u0259rbaycan\u0131n media m\u0259kan\u0131ndak\u0131 alternativ s\u0259sidir","publisher":{"@id":"https:\/\/www.meydan.tv\/az\/#organization"},"potentialAction":[{"@type":"SearchAction","target":{"@type":"EntryPoint","urlTemplate":"https:\/\/www.meydan.tv\/az\/?s={search_term_string}"},"query-input":{"@type":"PropertyValueSpecification","valueRequired":true,"valueName":"search_term_string"}}],"inLanguage":"az"},{"@type":"Organization","@id":"https:\/\/www.meydan.tv\/az\/#organization","name":"Meydan TV","url":"https:\/\/www.meydan.tv\/az\/","logo":{"@type":"ImageObject","inLanguage":"az","@id":"https:\/\/www.meydan.tv\/az\/#\/schema\/logo\/image\/","url":"https:\/\/www.meydan.tv\/wp-content\/uploads\/2021\/07\/meydan-logo.svg","contentUrl":"https:\/\/www.meydan.tv\/wp-content\/uploads\/2021\/07\/meydan-logo.svg","width":195,"height":46,"caption":"Meydan TV"},"image":{"@id":"https:\/\/www.meydan.tv\/az\/#\/schema\/logo\/image\/"}},{"@type":"Person","@id":"https:\/\/www.meydan.tv\/az\/#\/schema\/person\/10d11eccf6da3662cf5fdab9806ea91a","name":"user-manager"}]}},"_links":{"self":[{"href":"https:\/\/www.meydan.tv\/az\/wp-json\/wp\/v2\/posts\/167701","targetHints":{"allow":["GET"]}}],"collection":[{"href":"https:\/\/www.meydan.tv\/az\/wp-json\/wp\/v2\/posts"}],"about":[{"href":"https:\/\/www.meydan.tv\/az\/wp-json\/wp\/v2\/types\/post"}],"author":[{"embeddable":true,"href":"https:\/\/www.meydan.tv\/az\/wp-json\/wp\/v2\/users\/11"}],"replies":[{"embeddable":true,"href":"https:\/\/www.meydan.tv\/az\/wp-json\/wp\/v2\/comments?post=167701"}],"version-history":[{"count":0,"href":"https:\/\/www.meydan.tv\/az\/wp-json\/wp\/v2\/posts\/167701\/revisions"}],"wp:featuredmedia":[{"embeddable":true,"href":"https:\/\/www.meydan.tv\/az\/wp-json\/wp\/v2\/media\/23363"}],"wp:attachment":[{"href":"https:\/\/www.meydan.tv\/az\/wp-json\/wp\/v2\/media?parent=167701"}],"wp:term":[{"taxonomy":"category","embeddable":true,"href":"https:\/\/www.meydan.tv\/az\/wp-json\/wp\/v2\/categories?post=167701"},{"taxonomy":"post_tag","embeddable":true,"href":"https:\/\/www.meydan.tv\/az\/wp-json\/wp\/v2\/tags?post=167701"}],"curies":[{"name":"wp","href":"https:\/\/api.w.org\/{rel}","templated":true}]}}