{"id":167698,"date":"2015-04-27T01:01:33","date_gmt":"2015-04-27T01:01:33","guid":{"rendered":"https:\/\/www.meydan.tv\/article\/agrilarin-et-masini\/"},"modified":"2015-04-27T01:01:33","modified_gmt":"2015-04-27T01:01:33","slug":"agrilarin-et-masini","status":"publish","type":"post","link":"https:\/\/www.meydan.tv\/az\/article\/agrilarin-et-masini\/","title":{"rendered":"A\u011fr\u0131lar\u0131n \u0259t ma\u015f\u0131n\u0131"},"content":{"rendered":"<figure class=\"wp-block-image size-large\">\n  <img decoding=\"async\" src=\"https:\/\/www.meydan.tv\/az\/21876\/\" alt=\"\" class=\"wp-image-21876\"\/><figcaption><\/figcaption><\/figure>\n<figure class=\"wp-block-image size-large\">\n  <img decoding=\"async\" src=\"https:\/\/www.meydan.tv\/az\/21879\/\" alt=\"\" class=\"wp-image-21879\"\/><figcaption><\/figcaption><\/figure>\n<p>\n  \u018fsrl\u0259r bir-birini \u0259v\u0259z edir,yeni c\u0259r\u0259yanlar yaran\u0131r, m\u00fcharib\u0259l\u0259r ba\u015flay\u0131r v\u0259 bu hadis\u0259l\u0259r \u00f6z t\u0259sirini s\u0259n\u0259t sah\u0259l\u0259rin\u0259, x\u00fcsus\u0259n d\u0259 \u0259d\u0259biyyata g\u00f6st\u0259rm\u0259d\u0259n ke\u00e7mir. Bu m\u00fcharib\u0259l\u0259rin v\u0259 zaman\u0131n a\u011fr\u0131lar\u0131 \u0259d\u0259biyyata b\u0259z\u0259n el\u0259 t\u0259sir g\u00f6st\u0259rir ki, bir \u00f6lk\u0259 \u0259d\u0259biyyat\u0131n\u0131n m\u0259hv olmas\u0131 dig\u0259r \u00f6lk\u0259 \u0259d\u0259biyyat\u0131n\u0131n is\u0259 inki\u015fafa do\u011fru ir\u0259lil\u0259m\u0259sin\u0259 g\u0259tirib \u00e7\u0131xar\u0131r. B\u0259z\u0259n is\u0259 bunlar h\u0259tta vaxt\u0131 il\u0259 \u0259ks c\u0259bh\u0259l\u0259rd\u0259 vuru\u015fmu\u015f d\u00f6vl\u0259tl\u0259r olurlar. M\u00f6vzusunu a\u00e7aca\u011f\u0131m \u00f6lk\u0259l\u0259r is\u0259 Almaniya v\u0259 Rusiyad\u0131r. 20-21-ci \u0259srl\u0259r aras\u0131nda h\u0259r iki \u00f6lk\u0259 \u0259d\u0259biyyat\u0131n\u0131n nec\u0259 d\u0259yi\u015fikliy\u0259 u\u011frad\u0131\u011f\u0131 is\u0259 g\u00f6z \u00f6n\u00fcnd\u0259dir.<\/p>\n<p>  Almaniya v\u0259 Rusiya. Birinci v\u0259 Ikinci D\u00fcnya M\u00fcharib\u0259l\u0259rind\u0259 h\u0259r iki \u00f6lk\u0259 bir-birl\u0259rin\u0259 qar\u015f\u0131 c\u0259bh\u0259l\u0259rd\u0259 yer alm\u0131\u015fd\u0131lar. Bu iki m\u00fcharib\u0259y\u0259 d\u00fcnyan\u0131n \u0259n g\u00fccl\u00fc d\u00f6vl\u0259tl\u0259ri qo\u015fulmu\u015fdu. Birinci D\u00fcnya M\u00fcharib\u0259sind\u0259 Rusiya, Fransa v\u0259 \u0130ngilt\u0259r\u0259 il\u0259 birlikd\u0259 &#8220;Antanta&#8221; birliyind\u0259, Almaniya is\u0259 Avstriya-Macar\u0131stanla birlikd\u0259 &#8220;\u00dc\u00e7l\u0259r ittifaq\u0131&#8221;\u0131nda vuru\u015furdu. \u0130kinci D\u00fcnya M\u00fcharib\u0259sind\u0259 d\u0259 \u0259ks c\u0259bh\u0259l\u0259rd\u0259 vuru\u015fan bu iki d\u00f6vl\u0259t aras\u0131ndan Rusiya h\u0259r iki m\u00fcharib\u0259d\u0259 qalib, Almaniya is\u0259 m\u0259\u011flub t\u0259r\u0259f kimi ayr\u0131lm\u0131\u015fd\u0131.<\/p>\n<p>  M\u00fcharib\u0259d\u0259n sonrak\u0131 ill\u0259rd\u0259 Rusiya, (y\u0259ni o vaxt SSR\u0130-nin t\u0259rkibind\u0259ki Rusiya) \u00e7ox itki vers\u0259 d\u0259, b\u00f6y\u00fck h\u0259v\u0259s v\u0259 \u00fcmidl\u0259rl\u0259 ya\u015fay\u0131rd\u0131. Bu h\u0259yat t\u0259rzi onlar\u0131n filml\u0259rin\u0259 v\u0259 \u0259d\u0259biyyat\u0131na da t\u0259sir etmi\u015fdi. Misal olaraq onu dey\u0259 bil\u0259r\u0259m ki, haz\u0131rki d\u00f6vr\u0259 q\u0259d\u0259r Rusiyada m\u00fcharib\u0259d\u0259n q\u0259l\u0259b\u0259 ruhlu filml\u0259r \u00e7\u0259kilir. Amma Almaniya v\u0259 bir ne\u00e7\u0259 q\u0259rb \u00f6lk\u0259si is\u0259 m\u0259\u011flub t\u0259r\u0259f oldu\u011fundan h\u0259min d\u00f6vl\u0259tl\u0259r da\u011f\u0131n\u0131q v\u0259 qar\u0131\u015f\u0131q bir \u00f6lk\u0259 kimi yadda\u015flarda qalm\u0131\u015fd\u0131. Bu \u00f6lk\u0259l\u0259rd\u0259 insanlar\u0131n ya\u015fay\u0131\u015f t\u0259rzi h\u0259yat f\u0259ls\u0259f\u0259l\u0259ri neqativ notlar v\u0259 pessimizml\u0259 y\u00fckl\u0259nmi\u015fdi. Lakin \u0259d\u0259biyyat v\u0259 s\u0259n\u0259tin inki\u015faf\u0131 bu \u00f6lk\u0259l\u0259rd\u0259 \u0259ksin\u0259 olaraq inki\u015fafa ba\u015flad\u0131. 20-ci \u0259srd\u0259n sonra d\u00fcnya f\u0259ls\u0259f\u0259sin\u0259 yeni c\u0259r\u0259yan v\u0259 fikirl\u0259r g\u0259ldi.<\/p>\n<p>  Bunlardan biri ekzistensializm f\u0259ls\u0259f\u0259si idi. Eksiztensializm birba\u015fa olaraq pessimist d\u00fc\u015f\u00fcnc\u0259l\u0259rl\u0259 ba\u011fl\u0131 idi v\u0259 insan h\u0259yat\u0131n\u0131n tarixi f\u0259lak\u0259tl\u0259r v\u0259 da\u011f\u0131n\u0131ql\u0131q qar\u015f\u0131s\u0131nda ya\u015fam\u0131n\u0131 \u0259ks etdirirdi. Avropa, x\u00fcsusil\u0259 d\u0259, Alman \u0259d\u0259biyyat\u0131 bu da\u011f\u0131n\u0131ql\u0131qdan istifad\u0259 etm\u0259yi bacard\u0131. 20-ci \u0259srd\u0259 burada Erix Mariya Remark, Henrix B\u00f6ll, G\u00fcnter Qrass, Tomas Mann, Herman Hesse v\u0259 s. kimi yaz\u0131\u00e7\u0131lar ya\u015fad\u0131 v\u0259 d\u00fcnya \u0259d\u0259bi m\u00fchitini \u00f6z \u0259s\u0259rl\u0259ri il\u0259 nec\u0259 dey\u0259rl\u0259r \u201csilk\u0259l\u0259dil\u0259r\u201d.<\/p>\n<p>  Bundan \u0259lav\u0259 bu ill\u0259rd\u0259 Avropada &#8220;Absurd teatr&#8221; deyil\u0259n deyim d\u0259 yaranm\u0131\u015fd\u0131. Bu anlay\u0131\u015f g\u00f6z\u00fcm\u00fcz\u00fcn \u00f6yr\u0259\u015fdiyi klassik pyesl\u0259rd\u0259n f\u0259rqli olaraq sujetd\u0259ki ard\u0131c\u0131ll\u0131\u011f\u0131n inkar edilm\u0259si v\u0259 qar\u0131\u015f\u0131q x\u0259tti il\u0259 davam edirdi. C\u0259miyy\u0259tin II D\u00fcnya m\u00fcharib\u0259sind\u0259n sonra d\u00fc\u015fd\u00fcy\u00fc bo\u015fluqda, bo\u015f c\u0259hdl\u0259rin, n\u0259yins\u0259 yax\u015f\u0131ya do\u011fru d\u0259yi\u015f\u0259c\u0259yini g\u00f6zl\u0259m\u0259l\u0259rin n\u0259tic\u0259sind\u0259n do\u011fan m\u00fchitd\u0259 yarand\u0131. \u0130nsanlar\u0131n bir-biril\u0259 \u0259laq\u0259l\u0259ri k\u0259silmi\u015f, do\u011fmal\u0131q itmi\u015f v\u0259 s\u00fcni \u0259laq\u0259l\u0259r yaranm\u0131\u015fd\u0131. Absurd pyesl\u0259rin yarad\u0131c\u0131s\u0131 is\u0259 m\u0259\u015fhur rum\u0131n dramaturq Ejen \u0130onesko olmu\u015fdur. H\u0259m\u00e7inin 1969-cu il \u0259d\u0259biyyat \u00fczr\u0259 Nobel m\u00fckafat\u00e7\u0131s\u0131 Samuel Bekket d\u0259 bu n\u00f6v pyesl\u0259rin yazar\u0131 olmu\u015fdur.<\/p>\n<p>  \u0130ndi is\u0259 Rusiyan\u0131n ke\u00e7diyi yola n\u0259z\u0259r salaq.<\/p>\n<p>  Rusiya \u0259d\u0259biyyat\u0131n\u0131n k\u00f6kl\u0259ri 11-ci \u0259srd\u0259n bu yana davam edir. D\u00fcnya \u0259d\u0259biyyat\u0131na \u00e7\u0131x\u0131\u015f\u0131 17-18-ci \u0259srd\u0259n sonra ba\u015flanan rus \u0259d\u0259biyyat\u0131n\u0131n \u0259n g\u00f6rk\u0259mli n\u00fcmay\u0259nd\u0259l\u0259rind\u0259n h\u0259min d\u00f6vrd\u0259 ya\u015fam\u0131\u015f sentimental c\u0259r\u0259yan\u0131n n\u00fcmay\u0259nd\u0259si Karamzin idi. Daha sonrak\u0131 ill\u0259rd\u0259 romantizm d\u00f6vr\u00fcn\u00fcn t\u0259msil\u00e7il\u0259rind\u0259n Pu\u015fkin, v\u0259 realist d\u00f6vr\u00fcn n\u00fcmay\u0259nd\u0259l\u0259rind\u0259n \u00c7exov, Qoqol, Dostoyevski, Tolstoy v\u0259 dig\u0259r yaz\u0131\u00e7\u0131 v\u0259 \u015fairl\u0259r rus \u0259d\u0259biyyat\u0131n\u0131 d\u00fcnyaya tan\u0131tm\u0131\u015fd\u0131lar. Lakin yuxar\u0131da qeyd etdiyim kimi, 20-ci \u0259sr ba\u015flad\u0131qdan sonra bu \u0259d\u0259biyyat bir n\u00f6v \u00f6z s\u00fcqut d\u00f6vr\u00fcn\u00fc ya\u015fay\u0131r. Bu d\u00f6vrd\u0259 Rusiya \u0259d\u0259biyyat\u0131ndan \u00e7ox az yazar\u0131n ad\u0131n\u0131 \u00e7\u0259km\u0259k olar ki, \u00f6z \u0259s\u0259rl\u0259ri il\u0259 s\u0259l\u0259fl\u0259rinin u\u011furlu yolunu davam etdirsinl\u0259r. M\u0259s\u0259l\u0259n, bunlardan Bulqakov, Nabokov, \u0130van Bunin, \u015eoloxov v\u0259 s. ad\u0131n\u0131 \u00e7\u0259km\u0259k olar. Bundan \u0259lav\u0259 Alman \u0259d\u0259biyyat\u0131nda 1900-c\u00fc ill\u0259rd\u0259 13 \u0259d\u0259biyyat\u00e7\u0131 \u201c\u018fd\u0259biyyat \u00fczr\u0259 Nobel m\u00fckafat\u0131\u201dna layiq g\u00f6r\u00fclm\u00fc\u015fd\u00fcs\u0259 d\u0259, Rusiyada bu r\u0259q\u0259m 5 idi. M\u00fcharib\u0259d\u0259 Almaniyan\u0131n m\u0259\u011flub olmas\u0131na baxmayaraq, m\u00fcharib\u0259nin d\u0259h\u015f\u0259tl\u0259rini m\u00fck\u0259mm\u0259llikl\u0259 \u0259ks etdir\u0259n yaz\u0131\u00e7lar q\u0259rblil\u0259r olmu\u015fdular.<\/p>\n<p>  B\u00fct\u00fcn bu ba\u015f ver\u0259n hadis\u0259l\u0259r,bu d\u0259h\u015f\u0259tl\u0259rin \u0259d\u0259biyyata g\u00f6st\u0259rdiyi t\u0259sir bir &#8220;\u0259t ma\u015f\u0131n\u0131na&#8221; b\u0259nz\u0259yirdi. A\u011fr\u0131lar bu ma\u015f\u0131n\u0131n i\u00e7in\u0259 d\u00fc\u015f\u00fcr, yaz\u0131\u00e7\u0131lar is\u0259 bu hadis\u0259l\u0259ri \u0259zirdil\u0259r v\u0259 g\u0259l\u0259c\u0259kd\u0259 d\u00fcnya klassikas\u0131na \u00e7evril\u0259c\u0259k \u0259s\u0259rl\u0259r \u00e7\u0131xar\u0131rd\u0131lar.<\/p>\n<p>  T\u0259bii ki, buradan bu n\u0259tic\u0259y\u0259 g\u0259lm\u0259k olard\u0131 : &#8220;S\u0259n\u0259t pafoslu q\u0259l\u0259b\u0259 \u0259s\u0259rl\u0259rini yox, insanlar\u0131n ac\u0131s\u0131n\u0131, m\u00fcharib\u0259l\u0259rin iyr\u0259nclikl\u0259rini g\u00f6rm\u0259yi sevir&#8221;.\n<\/p>\n<p>\n  <b><br \/>\n    Yaz\u0131dak\u0131 fikirl\u0259r m\u00fc\u0259llif\u0259 m\u0259xsusdur v\u0259 onlara g\u00f6r\u0259 Meydan TV m\u0259suliyy\u0259t da\u015f\u0131m\u0131r.<br \/>\n    <br \/>\n  <\/b><\/p>\n","protected":false},"excerpt":{"rendered":"<p>M\u00fcharib\u0259 v\u0259 s\u0259n\u0259t\u0259 dair\u2026<\/p>\n","protected":false},"author":11,"featured_media":21876,"comment_status":"closed","ping_status":"open","sticky":false,"template":"","format":"standard","meta":{"_acf_changed":false,"_sitemap_exclude":false,"_sitemap_priority":"","_sitemap_frequency":"","footnotes":""},"categories":[57],"tags":[],"class_list":["post-167698","post","type-post","status-publish","format-standard","has-post-thumbnail","hentry","category-menim-fikrimce","infinite-scroll-item","generate-columns","tablet-grid-50","mobile-grid-100","grid-parent","grid-33","no-featured-image-padding"],"acf":[],"yoast_head":"<!-- This site is optimized with the Yoast SEO plugin v27.5 - https:\/\/yoast.com\/product\/yoast-seo-wordpress\/ -->\n<title>A\u011fr\u0131lar\u0131n \u0259t ma\u015f\u0131n\u0131 - MEYDAN.TV<\/title>\n<meta name=\"robots\" content=\"index, follow, max-snippet:-1, max-image-preview:large, max-video-preview:-1\" \/>\n<link rel=\"canonical\" href=\"https:\/\/www.meydan.tv\/az\/article\/agrilarin-et-masini\/\" \/>\n<meta property=\"og:locale\" content=\"az_AZ\" \/>\n<meta property=\"og:type\" content=\"article\" \/>\n<meta property=\"og:title\" content=\"A\u011fr\u0131lar\u0131n \u0259t ma\u015f\u0131n\u0131 - MEYDAN.TV\" \/>\n<meta property=\"og:description\" content=\"M\u00fcharib\u0259 v\u0259 s\u0259n\u0259t\u0259 dair\u2026\" \/>\n<meta property=\"og:url\" content=\"https:\/\/www.meydan.tv\/az\/article\/agrilarin-et-masini\/\" \/>\n<meta property=\"og:site_name\" content=\"MEYDAN.TV\" \/>\n<meta property=\"article:published_time\" content=\"2015-04-27T01:01:33+00:00\" \/>\n<meta property=\"og:image\" content=\"https:\/\/www.meydan.tv\/wp-content\/uploads\/7919.jpg\" \/>\n\t<meta property=\"og:image:width\" content=\"500\" \/>\n\t<meta property=\"og:image:height\" content=\"500\" \/>\n\t<meta property=\"og:image:type\" content=\"image\/jpeg\" \/>\n<meta name=\"author\" content=\"user-manager\" \/>\n<meta name=\"twitter:card\" content=\"summary_large_image\" \/>\n<script type=\"application\/ld+json\" class=\"yoast-schema-graph\">{\"@context\":\"https:\\\/\\\/schema.org\",\"@graph\":[{\"@type\":\"Article\",\"@id\":\"https:\\\/\\\/www.meydan.tv\\\/az\\\/article\\\/agrilarin-et-masini\\\/#article\",\"isPartOf\":{\"@id\":\"https:\\\/\\\/www.meydan.tv\\\/az\\\/article\\\/agrilarin-et-masini\\\/\"},\"author\":{\"name\":\"user-manager\",\"@id\":\"https:\\\/\\\/www.meydan.tv\\\/az\\\/#\\\/schema\\\/person\\\/10d11eccf6da3662cf5fdab9806ea91a\"},\"headline\":\"A\u011fr\u0131lar\u0131n \u0259t ma\u015f\u0131n\u0131\",\"datePublished\":\"2015-04-27T01:01:33+00:00\",\"mainEntityOfPage\":{\"@id\":\"https:\\\/\\\/www.meydan.tv\\\/az\\\/article\\\/agrilarin-et-masini\\\/\"},\"wordCount\":1091,\"publisher\":{\"@id\":\"https:\\\/\\\/www.meydan.tv\\\/az\\\/#organization\"},\"image\":{\"@id\":\"https:\\\/\\\/www.meydan.tv\\\/az\\\/article\\\/agrilarin-et-masini\\\/#primaryimage\"},\"thumbnailUrl\":\"https:\\\/\\\/www.meydan.tv\\\/wp-content\\\/uploads\\\/7919.jpg\",\"articleSection\":[\"M\u0259nim Fikrimc\u0259\"],\"inLanguage\":\"az\"},{\"@type\":\"WebPage\",\"@id\":\"https:\\\/\\\/www.meydan.tv\\\/az\\\/article\\\/agrilarin-et-masini\\\/\",\"url\":\"https:\\\/\\\/www.meydan.tv\\\/az\\\/article\\\/agrilarin-et-masini\\\/\",\"name\":\"A\u011fr\u0131lar\u0131n \u0259t ma\u015f\u0131n\u0131 - MEYDAN.TV\",\"isPartOf\":{\"@id\":\"https:\\\/\\\/www.meydan.tv\\\/az\\\/#website\"},\"primaryImageOfPage\":{\"@id\":\"https:\\\/\\\/www.meydan.tv\\\/az\\\/article\\\/agrilarin-et-masini\\\/#primaryimage\"},\"image\":{\"@id\":\"https:\\\/\\\/www.meydan.tv\\\/az\\\/article\\\/agrilarin-et-masini\\\/#primaryimage\"},\"thumbnailUrl\":\"https:\\\/\\\/www.meydan.tv\\\/wp-content\\\/uploads\\\/7919.jpg\",\"datePublished\":\"2015-04-27T01:01:33+00:00\",\"breadcrumb\":{\"@id\":\"https:\\\/\\\/www.meydan.tv\\\/az\\\/article\\\/agrilarin-et-masini\\\/#breadcrumb\"},\"inLanguage\":\"az\",\"potentialAction\":[{\"@type\":\"ReadAction\",\"target\":[\"https:\\\/\\\/www.meydan.tv\\\/az\\\/article\\\/agrilarin-et-masini\\\/\"]}]},{\"@type\":\"ImageObject\",\"inLanguage\":\"az\",\"@id\":\"https:\\\/\\\/www.meydan.tv\\\/az\\\/article\\\/agrilarin-et-masini\\\/#primaryimage\",\"url\":\"https:\\\/\\\/www.meydan.tv\\\/wp-content\\\/uploads\\\/7919.jpg\",\"contentUrl\":\"https:\\\/\\\/www.meydan.tv\\\/wp-content\\\/uploads\\\/7919.jpg\",\"width\":500,\"height\":500,\"caption\":\"Source:\"},{\"@type\":\"BreadcrumbList\",\"@id\":\"https:\\\/\\\/www.meydan.tv\\\/az\\\/article\\\/agrilarin-et-masini\\\/#breadcrumb\",\"itemListElement\":[{\"@type\":\"ListItem\",\"position\":1,\"name\":\"Ana s\u0259hif\u0259\",\"item\":\"https:\\\/\\\/www.meydan.tv\\\/az\\\/\"},{\"@type\":\"ListItem\",\"position\":2,\"name\":\"M\u0259nim Fikrimc\u0259\",\"item\":\"https:\\\/\\\/www.meydan.tv\\\/az\\\/section\\\/menim-fikrimce\\\/\"},{\"@type\":\"ListItem\",\"position\":3,\"name\":\"A\u011fr\u0131lar\u0131n \u0259t ma\u015f\u0131n\u0131\"}]},{\"@type\":\"WebSite\",\"@id\":\"https:\\\/\\\/www.meydan.tv\\\/az\\\/#website\",\"url\":\"https:\\\/\\\/www.meydan.tv\\\/az\\\/\",\"name\":\"MEYDAN.TV\",\"description\":\"Meydan TV Az\u0259rbaycan\u0131n media m\u0259kan\u0131ndak\u0131 alternativ s\u0259sidir\",\"publisher\":{\"@id\":\"https:\\\/\\\/www.meydan.tv\\\/az\\\/#organization\"},\"potentialAction\":[{\"@type\":\"SearchAction\",\"target\":{\"@type\":\"EntryPoint\",\"urlTemplate\":\"https:\\\/\\\/www.meydan.tv\\\/az\\\/?s={search_term_string}\"},\"query-input\":{\"@type\":\"PropertyValueSpecification\",\"valueRequired\":true,\"valueName\":\"search_term_string\"}}],\"inLanguage\":\"az\"},{\"@type\":\"Organization\",\"@id\":\"https:\\\/\\\/www.meydan.tv\\\/az\\\/#organization\",\"name\":\"Meydan TV\",\"url\":\"https:\\\/\\\/www.meydan.tv\\\/az\\\/\",\"logo\":{\"@type\":\"ImageObject\",\"inLanguage\":\"az\",\"@id\":\"https:\\\/\\\/www.meydan.tv\\\/az\\\/#\\\/schema\\\/logo\\\/image\\\/\",\"url\":\"https:\\\/\\\/www.meydan.tv\\\/wp-content\\\/uploads\\\/2021\\\/07\\\/meydan-logo.svg\",\"contentUrl\":\"https:\\\/\\\/www.meydan.tv\\\/wp-content\\\/uploads\\\/2021\\\/07\\\/meydan-logo.svg\",\"width\":195,\"height\":46,\"caption\":\"Meydan TV\"},\"image\":{\"@id\":\"https:\\\/\\\/www.meydan.tv\\\/az\\\/#\\\/schema\\\/logo\\\/image\\\/\"}},{\"@type\":\"Person\",\"@id\":\"https:\\\/\\\/www.meydan.tv\\\/az\\\/#\\\/schema\\\/person\\\/10d11eccf6da3662cf5fdab9806ea91a\",\"name\":\"user-manager\"}]}<\/script>\n<!-- \/ Yoast SEO plugin. -->","yoast_head_json":{"title":"A\u011fr\u0131lar\u0131n \u0259t ma\u015f\u0131n\u0131 - MEYDAN.TV","robots":{"index":"index","follow":"follow","max-snippet":"max-snippet:-1","max-image-preview":"max-image-preview:large","max-video-preview":"max-video-preview:-1"},"canonical":"https:\/\/www.meydan.tv\/az\/article\/agrilarin-et-masini\/","og_locale":"az_AZ","og_type":"article","og_title":"A\u011fr\u0131lar\u0131n \u0259t ma\u015f\u0131n\u0131 - MEYDAN.TV","og_description":"M\u00fcharib\u0259 v\u0259 s\u0259n\u0259t\u0259 dair\u2026","og_url":"https:\/\/www.meydan.tv\/az\/article\/agrilarin-et-masini\/","og_site_name":"MEYDAN.TV","article_published_time":"2015-04-27T01:01:33+00:00","og_image":[{"width":500,"height":500,"url":"https:\/\/www.meydan.tv\/wp-content\/uploads\/7919.jpg","type":"image\/jpeg"}],"author":"user-manager","twitter_card":"summary_large_image","schema":{"@context":"https:\/\/schema.org","@graph":[{"@type":"Article","@id":"https:\/\/www.meydan.tv\/az\/article\/agrilarin-et-masini\/#article","isPartOf":{"@id":"https:\/\/www.meydan.tv\/az\/article\/agrilarin-et-masini\/"},"author":{"name":"user-manager","@id":"https:\/\/www.meydan.tv\/az\/#\/schema\/person\/10d11eccf6da3662cf5fdab9806ea91a"},"headline":"A\u011fr\u0131lar\u0131n \u0259t ma\u015f\u0131n\u0131","datePublished":"2015-04-27T01:01:33+00:00","mainEntityOfPage":{"@id":"https:\/\/www.meydan.tv\/az\/article\/agrilarin-et-masini\/"},"wordCount":1091,"publisher":{"@id":"https:\/\/www.meydan.tv\/az\/#organization"},"image":{"@id":"https:\/\/www.meydan.tv\/az\/article\/agrilarin-et-masini\/#primaryimage"},"thumbnailUrl":"https:\/\/www.meydan.tv\/wp-content\/uploads\/7919.jpg","articleSection":["M\u0259nim Fikrimc\u0259"],"inLanguage":"az"},{"@type":"WebPage","@id":"https:\/\/www.meydan.tv\/az\/article\/agrilarin-et-masini\/","url":"https:\/\/www.meydan.tv\/az\/article\/agrilarin-et-masini\/","name":"A\u011fr\u0131lar\u0131n \u0259t ma\u015f\u0131n\u0131 - MEYDAN.TV","isPartOf":{"@id":"https:\/\/www.meydan.tv\/az\/#website"},"primaryImageOfPage":{"@id":"https:\/\/www.meydan.tv\/az\/article\/agrilarin-et-masini\/#primaryimage"},"image":{"@id":"https:\/\/www.meydan.tv\/az\/article\/agrilarin-et-masini\/#primaryimage"},"thumbnailUrl":"https:\/\/www.meydan.tv\/wp-content\/uploads\/7919.jpg","datePublished":"2015-04-27T01:01:33+00:00","breadcrumb":{"@id":"https:\/\/www.meydan.tv\/az\/article\/agrilarin-et-masini\/#breadcrumb"},"inLanguage":"az","potentialAction":[{"@type":"ReadAction","target":["https:\/\/www.meydan.tv\/az\/article\/agrilarin-et-masini\/"]}]},{"@type":"ImageObject","inLanguage":"az","@id":"https:\/\/www.meydan.tv\/az\/article\/agrilarin-et-masini\/#primaryimage","url":"https:\/\/www.meydan.tv\/wp-content\/uploads\/7919.jpg","contentUrl":"https:\/\/www.meydan.tv\/wp-content\/uploads\/7919.jpg","width":500,"height":500,"caption":"Source:"},{"@type":"BreadcrumbList","@id":"https:\/\/www.meydan.tv\/az\/article\/agrilarin-et-masini\/#breadcrumb","itemListElement":[{"@type":"ListItem","position":1,"name":"Ana s\u0259hif\u0259","item":"https:\/\/www.meydan.tv\/az\/"},{"@type":"ListItem","position":2,"name":"M\u0259nim Fikrimc\u0259","item":"https:\/\/www.meydan.tv\/az\/section\/menim-fikrimce\/"},{"@type":"ListItem","position":3,"name":"A\u011fr\u0131lar\u0131n \u0259t ma\u015f\u0131n\u0131"}]},{"@type":"WebSite","@id":"https:\/\/www.meydan.tv\/az\/#website","url":"https:\/\/www.meydan.tv\/az\/","name":"MEYDAN.TV","description":"Meydan TV Az\u0259rbaycan\u0131n media m\u0259kan\u0131ndak\u0131 alternativ s\u0259sidir","publisher":{"@id":"https:\/\/www.meydan.tv\/az\/#organization"},"potentialAction":[{"@type":"SearchAction","target":{"@type":"EntryPoint","urlTemplate":"https:\/\/www.meydan.tv\/az\/?s={search_term_string}"},"query-input":{"@type":"PropertyValueSpecification","valueRequired":true,"valueName":"search_term_string"}}],"inLanguage":"az"},{"@type":"Organization","@id":"https:\/\/www.meydan.tv\/az\/#organization","name":"Meydan TV","url":"https:\/\/www.meydan.tv\/az\/","logo":{"@type":"ImageObject","inLanguage":"az","@id":"https:\/\/www.meydan.tv\/az\/#\/schema\/logo\/image\/","url":"https:\/\/www.meydan.tv\/wp-content\/uploads\/2021\/07\/meydan-logo.svg","contentUrl":"https:\/\/www.meydan.tv\/wp-content\/uploads\/2021\/07\/meydan-logo.svg","width":195,"height":46,"caption":"Meydan TV"},"image":{"@id":"https:\/\/www.meydan.tv\/az\/#\/schema\/logo\/image\/"}},{"@type":"Person","@id":"https:\/\/www.meydan.tv\/az\/#\/schema\/person\/10d11eccf6da3662cf5fdab9806ea91a","name":"user-manager"}]}},"_links":{"self":[{"href":"https:\/\/www.meydan.tv\/az\/wp-json\/wp\/v2\/posts\/167698","targetHints":{"allow":["GET"]}}],"collection":[{"href":"https:\/\/www.meydan.tv\/az\/wp-json\/wp\/v2\/posts"}],"about":[{"href":"https:\/\/www.meydan.tv\/az\/wp-json\/wp\/v2\/types\/post"}],"author":[{"embeddable":true,"href":"https:\/\/www.meydan.tv\/az\/wp-json\/wp\/v2\/users\/11"}],"replies":[{"embeddable":true,"href":"https:\/\/www.meydan.tv\/az\/wp-json\/wp\/v2\/comments?post=167698"}],"version-history":[{"count":0,"href":"https:\/\/www.meydan.tv\/az\/wp-json\/wp\/v2\/posts\/167698\/revisions"}],"wp:featuredmedia":[{"embeddable":true,"href":"https:\/\/www.meydan.tv\/az\/wp-json\/wp\/v2\/media\/21876"}],"wp:attachment":[{"href":"https:\/\/www.meydan.tv\/az\/wp-json\/wp\/v2\/media?parent=167698"}],"wp:term":[{"taxonomy":"category","embeddable":true,"href":"https:\/\/www.meydan.tv\/az\/wp-json\/wp\/v2\/categories?post=167698"},{"taxonomy":"post_tag","embeddable":true,"href":"https:\/\/www.meydan.tv\/az\/wp-json\/wp\/v2\/tags?post=167698"}],"curies":[{"name":"wp","href":"https:\/\/api.w.org\/{rel}","templated":true}]}}