{"id":167697,"date":"2015-04-26T20:10:33","date_gmt":"2015-04-26T20:10:33","guid":{"rendered":"https:\/\/www.meydan.tv\/article\/sahib-memmedov-xedice-ismayila-cavab-yazdi\/"},"modified":"2015-04-26T20:10:33","modified_gmt":"2015-04-26T20:10:33","slug":"sahib-memmedov-xedice-ismayila-cavab-yazdi","status":"publish","type":"post","link":"https:\/\/www.meydan.tv\/az\/article\/sahib-memmedov-xedice-ismayila-cavab-yazdi\/","title":{"rendered":"Sahib M\u0259mm\u0259dov X\u0259dic\u0259 \u0130smay\u0131la cavab yazd\u0131"},"content":{"rendered":"<figure class=\"wp-block-image size-large\">\n  <img decoding=\"async\" src=\"https:\/\/www.meydan.tv\/az\/23360\/\" alt=\"\" class=\"wp-image-23360\"\/><figcaption><\/figcaption><\/figure>\n<figure class=\"wp-block-image size-large\">\n  <img decoding=\"async\" src=\"https:\/\/www.meydan.tv\/az\/23360\/\" alt=\"\" class=\"wp-image-23360\"\/><figcaption><\/figcaption><\/figure>\n<p>\n  <i><br \/>\n    &#8220;\u0130ctimai Komit\u0259 \u00fczvl\u0259rinin istintaq t\u0259cridxanalar\u0131na ba\u015f \u00e7\u0259km\u0259k h\u00fcququ yoxdur&#8221;<br \/>\n  <\/i>\n<\/p>\n<p>\n  H\u00fcquq m\u00fcdafi\u0259\u00e7isi, \u0130nsan H\u00fcquqlar\u0131 \u00fczr\u0259 Birg\u0259 Qrupun \u00fczv\u00fc Sahib M\u0259mm\u0259dov haz\u0131rda h\u0259bsd\u0259 olan ara\u015fd\u0131rma\u00e7\u0131 jurnalist X\u0259dic\u0259 \u0130smay\u0131l\u0131n m\u0259ktubuna cavab verib. Meydan TV-y\u0259 cavab m\u0259ktubu g\u00f6nd\u0259r\u0259n Sahib M\u0259mm\u0259dov deyir:\n<\/p>\n<p>\n  &#8220;\u018flb\u0259tt\u0259, o, (X\u0259dic\u0259 \u0130smay\u0131l n\u0259z\u0259rd\u0259 tutulur &#8211; red.) h\u0259bs olunandan sonra m\u0259n onun z\u0259r\u0259rin\u0259 ola bil\u0259c\u0259k bir k\u0259lm\u0259 d\u0259 yazmam\u0131\u015fam v\u0259 dem\u0259mi\u015f\u0259m. Bel\u0259 d\u0259 olacaq. Sad\u0259c\u0259 ayd\u0131nl\u0131q g\u0259tirm\u0259k ist\u0259yir\u0259m.\n<\/p>\n<p>\n  1. \u0130ctimai Komit\u0259nin \u0259sasnam\u0259sin\u0259 g\u00f6r\u0259, \u0130K \u00fczvl\u0259rinin \u0130stintaq T\u0259cridxanalar\u0131na ba\u015f \u00e7\u0259km\u0259k h\u00fcququ yoxdur. Ona g\u00f6r\u0259 d\u0259 m\u0259n he\u00e7 zaman bunu \u0259ksini dem\u0259mi\u015f\u0259m. \u0130stintaq alt\u0131nda olanlarla biz yaln\u0131z m\u0259hk\u0259m\u0259nin v\u0259 ya istintaq orqan\u0131n\u0131n icaz\u0259si olsa g\u00f6r\u00fc\u015f\u0259 bil\u0259rik.\n<\/p>\n<p>\n  2. X\u0259dic\u0259 xan\u0131m h\u0259bs edilm\u0259zd\u0259n bir m\u00fcdd\u0259t \u0259vv\u0259l radioda deyil, efird\u0259n sonra bel\u0259 bir polemikam\u0131z olmu\u015fdu. O deyirdi ki, \u0130stintaq t\u0259cridxanas\u0131nda i\u015fg\u0259nc\u0259 verilir. O dedi ki, m\u0259ni d\u0259 h\u0259bs ed\u0259c\u0259kl\u0259r, ona g\u00f6r\u0259 ist\u0259mir\u0259m ki, g\u0259l\u0259c\u0259kd\u0259 m\u0259niml\u0259 d\u0259 bel\u0259 davran\u0131\u015f olsun. M\u0259n d\u0259 zarafatla ona dedim ki, s\u0259ni h\u0259bs ets\u0259l\u0259r v\u0259 sonra \u0130stintaq t\u0259cridxanas\u0131nda i\u015fg\u0259nc\u0259 vers\u0259l\u0259r, m\u0259n bununla ba\u011fl\u0131 \u0259limd\u0259n g\u0259l\u0259ni ed\u0259c\u0259m. \u018flb\u0259tt\u0259, m\u0259n bilmirdim ki, o, h\u0259bs olunacaq. Amma indi s\u00f6z\u00fcm\u00fcn \u00fcst\u00fcnd\u0259 dururam. \u018fg\u0259r ona qar\u015f\u0131 i\u015fg\u0259nc\u0259 v\u0259 pis r\u0259ftar hal\u0131 varsa, m\u0259n haz\u0131r m\u0259s\u0259l\u0259 il\u0259 ba\u011fl\u0131 ist\u0259nil\u0259n h\u0259r\u0259k\u0259t\u0259, b\u0259yanat, m\u0259hk\u0259m\u0259 v\u0259 s haz\u0131ram.\n<\/p>\n<p>\n  3. Bir m\u0259s\u0259l\u0259 d\u0259 olmu\u015fdu. K\u00fcrd\u0259xan\u0131da otaqlardan qap\u0131 var, balkon kimi bir yer\u0259 \u00e7\u0131x\u0131\u015f. \u00dcst\u00fc &#8220;setka&#8221;lan\u0131b, amma orda t\u0259miz hava al\u0131b g\u0259zi\u015fm\u0259k olur. M\u0259n el\u0259 bilirdim ki, orda sutka \u0259rzind\u0259 qap\u0131n\u0131 a\u00e7\u0131b g\u0259zm\u0259k olur. \u018fslind\u0259 saat 17:00-a q\u0259d\u0259r imi\u015f. X\u0259dic\u0259 xan\u0131m is\u0259 deyirdi ki, \u00fcmumiyy\u0259tl\u0259, a\u00e7ar n\u0259zar\u0259t\u00e7il\u0259rd\u0259 olur. Onlar n\u0259 vaxt a\u00e7sa, onda \u00e7\u0131xmaq olar. Bu m\u0259s\u0259l\u0259d\u0259 m\u0259nd\u0259 v\u0259 onda olan h\u0259r iki m\u0259lumat s\u0259hv imi\u015f.\n<\/p>\n<p>\n  Allah qap\u0131s\u0131n\u0131 a\u00e7s\u0131n. M\u0259n C\u00c7M haqq\u0131nda n\u0259 demi\u015f\u0259ms\u0259, ham\u0131s\u0131 do\u011frudur. Pozuntulardan da dan\u0131\u015fm\u0131\u015fam, m\u00fcsb\u0259t olan n\u0259 varsa, onu da demi\u015f\u0259m. \u00dcmid edir\u0259m arxivl\u0259r durur&#8221;.\n<\/p>\n<p>\n  X\u0259dic\u0259 \u0130smay\u0131l h\u0259bsxanadan yazd\u0131\u011f\u0131 m\u0259ktubunda deyirdi: &#8220;m\u0259n K\u00fcrd\u0259xan\u0131ya d\u00fc\u015f\u0259nd\u0259n b\u0259ri h\u0259bsxanalara n\u0259zar\u0259t qrupu he\u00e7 buralarda g\u00f6rs\u0259nm\u0259yib. Monitorinq etmirl\u0259r b\u0259s? Sahib M\u0259mm\u0259dovun Azadl\u0131q Radiosunun efirind\u0259n s\u00f6yl\u0259diyi h\u0259bsxanalardak\u0131 v\u0259ziyy\u0259t bar\u0259d\u0259 b\u00fct\u00fcn yalanlar\u0131 \u00fcz\u00fcn\u0259 \u00e7\u0131rpma\u011fa s\u0259birsizl\u0259nir\u0259m&#8221;.<\/p>\n","protected":false},"excerpt":{"rendered":"<p>&#8220;\u0130ctimai Komit\u0259 \u00fczvl\u0259rinin istintaq t\u0259cridxanalar\u0131na ba\u015f \u00e7\u0259km\u0259k h\u00fcququ yoxdur&#8221;<\/p>\n","protected":false},"author":11,"featured_media":23360,"comment_status":"closed","ping_status":"open","sticky":false,"template":"","format":"standard","meta":{"_acf_changed":false,"_sitemap_exclude":false,"_sitemap_priority":"","_sitemap_frequency":"","footnotes":""},"categories":[56],"tags":[],"class_list":["post-167697","post","type-post","status-publish","format-standard","has-post-thumbnail","hentry","category-xeberler","infinite-scroll-item","generate-columns","tablet-grid-50","mobile-grid-100","grid-parent","grid-33","no-featured-image-padding"],"acf":[],"yoast_head":"<!-- This site is optimized with the Yoast SEO plugin v28.4 - https:\/\/yoast.com\/product\/yoast-seo-wordpress\/ -->\n<title>Sahib M\u0259mm\u0259dov X\u0259dic\u0259 \u0130smay\u0131la cavab yazd\u0131 - MEYDAN.TV<\/title>\n<meta name=\"robots\" content=\"index, follow, max-snippet:-1, max-image-preview:large, max-video-preview:-1\" \/>\n<link rel=\"canonical\" href=\"https:\/\/www.meydan.tv\/az\/article\/sahib-memmedov-xedice-ismayila-cavab-yazdi\/\" \/>\n<meta property=\"og:locale\" content=\"az_AZ\" \/>\n<meta property=\"og:type\" content=\"article\" \/>\n<meta property=\"og:title\" content=\"Sahib M\u0259mm\u0259dov X\u0259dic\u0259 \u0130smay\u0131la cavab yazd\u0131 - MEYDAN.TV\" \/>\n<meta property=\"og:description\" content=\"&quot;\u0130ctimai Komit\u0259 \u00fczvl\u0259rinin istintaq t\u0259cridxanalar\u0131na ba\u015f \u00e7\u0259km\u0259k h\u00fcququ yoxdur&quot;\" \/>\n<meta property=\"og:url\" content=\"https:\/\/www.meydan.tv\/az\/article\/sahib-memmedov-xedice-ismayila-cavab-yazdi\/\" \/>\n<meta property=\"og:site_name\" content=\"MEYDAN.TV\" \/>\n<meta property=\"article:published_time\" content=\"2015-04-26T20:10:33+00:00\" \/>\n<meta property=\"og:image\" content=\"https:\/\/www.meydan.tv\/wp-content\/uploads\/8485.jpg\" \/>\n\t<meta property=\"og:image:width\" content=\"400\" \/>\n\t<meta property=\"og:image:height\" content=\"300\" \/>\n\t<meta property=\"og:image:type\" content=\"image\/jpeg\" \/>\n<meta name=\"twitter:card\" content=\"summary_large_image\" \/>\n<!-- \/ Yoast SEO plugin. -->","yoast_head_json":{"title":"Sahib M\u0259mm\u0259dov X\u0259dic\u0259 \u0130smay\u0131la cavab yazd\u0131 - MEYDAN.TV","robots":{"index":"index","follow":"follow","max-snippet":"max-snippet:-1","max-image-preview":"max-image-preview:large","max-video-preview":"max-video-preview:-1"},"canonical":"https:\/\/www.meydan.tv\/az\/article\/sahib-memmedov-xedice-ismayila-cavab-yazdi\/","og_locale":"az_AZ","og_type":"article","og_title":"Sahib M\u0259mm\u0259dov X\u0259dic\u0259 \u0130smay\u0131la cavab yazd\u0131 - MEYDAN.TV","og_description":"\"\u0130ctimai Komit\u0259 \u00fczvl\u0259rinin istintaq t\u0259cridxanalar\u0131na ba\u015f \u00e7\u0259km\u0259k h\u00fcququ yoxdur\"","og_url":"https:\/\/www.meydan.tv\/az\/article\/sahib-memmedov-xedice-ismayila-cavab-yazdi\/","og_site_name":"MEYDAN.TV","article_published_time":"2015-04-26T20:10:33+00:00","og_image":[{"width":400,"height":300,"url":"https:\/\/www.meydan.tv\/wp-content\/uploads\/8485.jpg","type":"image\/jpeg"}],"twitter_card":"summary_large_image","schema":{"@context":"https:\/\/schema.org","@graph":[{"@type":"Article","@id":"https:\/\/www.meydan.tv\/az\/article\/sahib-memmedov-xedice-ismayila-cavab-yazdi\/#article","isPartOf":{"@id":"https:\/\/www.meydan.tv\/az\/article\/sahib-memmedov-xedice-ismayila-cavab-yazdi\/"},"author":{"name":"user-manager","@id":"https:\/\/www.meydan.tv\/az\/#\/schema\/person\/10d11eccf6da3662cf5fdab9806ea91a"},"headline":"Sahib M\u0259mm\u0259dov X\u0259dic\u0259 \u0130smay\u0131la cavab yazd\u0131","datePublished":"2015-04-26T20:10:33+00:00","mainEntityOfPage":{"@id":"https:\/\/www.meydan.tv\/az\/article\/sahib-memmedov-xedice-ismayila-cavab-yazdi\/"},"wordCount":554,"publisher":{"@id":"https:\/\/www.meydan.tv\/az\/#organization"},"image":{"@id":"https:\/\/www.meydan.tv\/az\/article\/sahib-memmedov-xedice-ismayila-cavab-yazdi\/#primaryimage"},"thumbnailUrl":"https:\/\/www.meydan.tv\/wp-content\/uploads\/8485.jpg","articleSection":["X\u0259b\u0259rl\u0259r"],"inLanguage":"az"},{"@type":"WebPage","@id":"https:\/\/www.meydan.tv\/az\/article\/sahib-memmedov-xedice-ismayila-cavab-yazdi\/","url":"https:\/\/www.meydan.tv\/az\/article\/sahib-memmedov-xedice-ismayila-cavab-yazdi\/","name":"Sahib M\u0259mm\u0259dov X\u0259dic\u0259 \u0130smay\u0131la cavab yazd\u0131 - MEYDAN.TV","isPartOf":{"@id":"https:\/\/www.meydan.tv\/az\/#website"},"primaryImageOfPage":{"@id":"https:\/\/www.meydan.tv\/az\/article\/sahib-memmedov-xedice-ismayila-cavab-yazdi\/#primaryimage"},"image":{"@id":"https:\/\/www.meydan.tv\/az\/article\/sahib-memmedov-xedice-ismayila-cavab-yazdi\/#primaryimage"},"thumbnailUrl":"https:\/\/www.meydan.tv\/wp-content\/uploads\/8485.jpg","datePublished":"2015-04-26T20:10:33+00:00","breadcrumb":{"@id":"https:\/\/www.meydan.tv\/az\/article\/sahib-memmedov-xedice-ismayila-cavab-yazdi\/#breadcrumb"},"inLanguage":"az","potentialAction":[{"@type":"ReadAction","target":["https:\/\/www.meydan.tv\/az\/article\/sahib-memmedov-xedice-ismayila-cavab-yazdi\/"]}]},{"@type":"ImageObject","inLanguage":"az","@id":"https:\/\/www.meydan.tv\/az\/article\/sahib-memmedov-xedice-ismayila-cavab-yazdi\/#primaryimage","url":"https:\/\/www.meydan.tv\/wp-content\/uploads\/8485.jpg","contentUrl":"https:\/\/www.meydan.tv\/wp-content\/uploads\/8485.jpg","width":400,"height":300,"caption":"Source:"},{"@type":"BreadcrumbList","@id":"https:\/\/www.meydan.tv\/az\/article\/sahib-memmedov-xedice-ismayila-cavab-yazdi\/#breadcrumb","itemListElement":[{"@type":"ListItem","position":1,"name":"Ana s\u0259hif\u0259","item":"https:\/\/www.meydan.tv\/az\/"},{"@type":"ListItem","position":2,"name":"X\u0259b\u0259rl\u0259r","item":"https:\/\/www.meydan.tv\/az\/section\/xeberler\/"},{"@type":"ListItem","position":3,"name":"Sahib M\u0259mm\u0259dov X\u0259dic\u0259 \u0130smay\u0131la cavab yazd\u0131"}]},{"@type":"WebSite","@id":"https:\/\/www.meydan.tv\/az\/#website","url":"https:\/\/www.meydan.tv\/az\/","name":"MEYDAN.TV","description":"Meydan TV Az\u0259rbaycan\u0131n media m\u0259kan\u0131ndak\u0131 alternativ s\u0259sidir","publisher":{"@id":"https:\/\/www.meydan.tv\/az\/#organization"},"potentialAction":[{"@type":"SearchAction","target":{"@type":"EntryPoint","urlTemplate":"https:\/\/www.meydan.tv\/az\/?s={search_term_string}"},"query-input":{"@type":"PropertyValueSpecification","valueRequired":true,"valueName":"search_term_string"}}],"inLanguage":"az"},{"@type":"Organization","@id":"https:\/\/www.meydan.tv\/az\/#organization","name":"Meydan TV","url":"https:\/\/www.meydan.tv\/az\/","logo":{"@type":"ImageObject","inLanguage":"az","@id":"https:\/\/www.meydan.tv\/az\/#\/schema\/logo\/image\/","url":"https:\/\/www.meydan.tv\/wp-content\/uploads\/2021\/07\/meydan-logo.svg","contentUrl":"https:\/\/www.meydan.tv\/wp-content\/uploads\/2021\/07\/meydan-logo.svg","width":195,"height":46,"caption":"Meydan TV"},"image":{"@id":"https:\/\/www.meydan.tv\/az\/#\/schema\/logo\/image\/"}},{"@type":"Person","@id":"https:\/\/www.meydan.tv\/az\/#\/schema\/person\/10d11eccf6da3662cf5fdab9806ea91a","name":"user-manager"}]}},"_links":{"self":[{"href":"https:\/\/www.meydan.tv\/az\/wp-json\/wp\/v2\/posts\/167697","targetHints":{"allow":["GET"]}}],"collection":[{"href":"https:\/\/www.meydan.tv\/az\/wp-json\/wp\/v2\/posts"}],"about":[{"href":"https:\/\/www.meydan.tv\/az\/wp-json\/wp\/v2\/types\/post"}],"author":[{"embeddable":true,"href":"https:\/\/www.meydan.tv\/az\/wp-json\/wp\/v2\/users\/11"}],"replies":[{"embeddable":true,"href":"https:\/\/www.meydan.tv\/az\/wp-json\/wp\/v2\/comments?post=167697"}],"version-history":[{"count":0,"href":"https:\/\/www.meydan.tv\/az\/wp-json\/wp\/v2\/posts\/167697\/revisions"}],"wp:featuredmedia":[{"embeddable":true,"href":"https:\/\/www.meydan.tv\/az\/wp-json\/wp\/v2\/media\/23360"}],"wp:attachment":[{"href":"https:\/\/www.meydan.tv\/az\/wp-json\/wp\/v2\/media?parent=167697"}],"wp:term":[{"taxonomy":"category","embeddable":true,"href":"https:\/\/www.meydan.tv\/az\/wp-json\/wp\/v2\/categories?post=167697"},{"taxonomy":"post_tag","embeddable":true,"href":"https:\/\/www.meydan.tv\/az\/wp-json\/wp\/v2\/tags?post=167697"}],"curies":[{"name":"wp","href":"https:\/\/api.w.org\/{rel}","templated":true}]}}