{"id":167696,"date":"2015-04-26T17:14:09","date_gmt":"2015-04-26T17:14:09","guid":{"rendered":"https:\/\/www.meydan.tv\/article\/muharibe-bolgesinde-yasayan-mecburi-kockunler-fotosessiya\/"},"modified":"2015-04-26T17:14:09","modified_gmt":"2015-04-26T17:14:09","slug":"muharibe-bolgesinde-yasayan-mecburi-kockunler-fotosessiya","status":"publish","type":"post","link":"https:\/\/www.meydan.tv\/az\/article\/muharibe-bolgesinde-yasayan-mecburi-kockunler-fotosessiya\/","title":{"rendered":"&#8221;M\u00fcharib\u0259&#8221; b\u00f6lg\u0259sind\u0259 ya\u015fayan m\u0259cburi k\u00f6\u00e7k\u00fcnl\u0259r (Fotosessiya)"},"content":{"rendered":"<figure class=\"wp-block-image size-large\">\n  <img decoding=\"async\" src=\"https:\/\/www.meydan.tv\/az\/23315\/\" alt=\"\" class=\"wp-image-23315\"\/><figcaption><\/figcaption><\/figure>\n<p>\n  <b><br \/>\n    Bin\u0259q\u0259di rayonun \u0259razisind\u0259, Heyd\u0259r \u018fliyev m\u0259scidinin arxas\u0131nda yerl\u0259\u015f\u0259n bu m\u0259kanda Xocal\u0131dan, C\u0259bray\u0131ldan v\u0259 o c\u00fcml\u0259d\u0259n f\u0259rqli b\u00f6lg\u0259l\u0259rd\u0259n olan m\u0259cburi k\u00f6\u00e7k\u00fcnl\u0259r ya\u015fay\u0131rlar.<br \/>\n  <\/b>\n<\/p>\n<figure class=\"wp-block-image size-large\">\n  <img decoding=\"async\" src=\"https:\/\/www.meydan.tv\/az\/23318\/\" alt=\"\" class=\"wp-image-23318\"\/><figcaption><\/figcaption><\/figure>\n<figure class=\"wp-block-image size-large\">\n  <img decoding=\"async\" src=\"https:\/\/www.meydan.tv\/az\/23321\/\" alt=\"\" class=\"wp-image-23321\"\/><figcaption><\/figcaption><\/figure>\n<p>\n  <b><br \/>\n    Bina sakinl\u0259ri buran\u0131 &#8220;Suriya&#8221; adland\u0131r\u0131rlar.<br \/>\n  <\/b>\n<\/p>\n<figure class=\"wp-block-image size-large\">\n  <img decoding=\"async\" src=\"https:\/\/www.meydan.tv\/az\/23324\/\" alt=\"\" class=\"wp-image-23324\"\/><figcaption><\/figcaption><\/figure>\n<p>\n  <b><br \/>\n    \u0130nsanlar\u0131n ya\u015fama\u011f\u0131 \u00fc\u00e7\u00fcn z\u0259ruri olan h\u0259r hans\u0131 bir normal \u015f\u0259rait burada m\u00f6vcud deyil.<br \/>\n  <\/b>\n<\/p>\n<figure class=\"wp-block-image size-large\">\n  <img decoding=\"async\" src=\"https:\/\/www.meydan.tv\/az\/23327\/\" alt=\"\" class=\"wp-image-23327\"\/><figcaption><\/figcaption><\/figure>\n<p>\n  <b><br \/>\n    T\u0259hl\u00fck\u0259sizliyin olmama\u011f\u0131 v\u0259 binan\u0131n q\u0259zal\u0131 v\u0259ziyy\u0259td\u0259 olmas\u0131ndan dolay\u0131 bu g\u00fcn\u0259 kimi bir ne\u00e7\u0259 insan d\u00fcnyas\u0131n\u0131 d\u0259yi\u015fib.<br \/>\n  <\/b>\n<\/p>\n<figure class=\"wp-block-image size-large\">\n  <img decoding=\"async\" src=\"https:\/\/www.meydan.tv\/az\/23330\/\" alt=\"\" class=\"wp-image-23330\"\/><figcaption><\/figcaption><\/figure>\n<figure class=\"wp-block-image size-large\">\n  <img decoding=\"async\" src=\"https:\/\/www.meydan.tv\/az\/23333\/\" alt=\"\" class=\"wp-image-23333\"\/><figcaption><\/figcaption><\/figure>\n<p>\n  <b><br \/>\n    B\u00fct\u00fcn bunlara baxmayaraq h\u0259l\u0259 d\u0259 d\u00f6vl\u0259t r\u0259smil\u0259ri t\u0259r\u0259find\u0259n sakinl\u0259r\u0259 k\u00f6m\u0259k g\u00f6st\u0259rilm\u0259yib.<br \/>\n  <\/b>\n<\/p>\n<figure class=\"wp-block-image size-large\">\n  <img decoding=\"async\" src=\"https:\/\/www.meydan.tv\/az\/23336\/\" alt=\"\" class=\"wp-image-23336\"\/><figcaption><\/figcaption><\/figure>\n<figure class=\"wp-block-image size-large\">\n  <img decoding=\"async\" src=\"https:\/\/www.meydan.tv\/az\/23339\/\" alt=\"\" class=\"wp-image-23339\"\/><figcaption><\/figcaption><\/figure>\n<figure class=\"wp-block-image size-large\">\n  <img decoding=\"async\" src=\"https:\/\/www.meydan.tv\/az\/23342\/\" alt=\"\" class=\"wp-image-23342\"\/><figcaption><\/figcaption><\/figure>\n<figure class=\"wp-block-image size-large\">\n  <img decoding=\"async\" src=\"https:\/\/www.meydan.tv\/az\/23348\/\" alt=\"\" class=\"wp-image-23348\"\/><figcaption><\/figcaption><\/figure>\n","protected":false},"excerpt":{"rendered":"<p>Qafqaz\u0131n \u0259n b\u00f6y\u00fck m\u0259scidi arxas\u0131ndak\u0131 &#8220;ki\u00e7ik&#8221; insanlar\u0131n b\u00f6y\u00fck probleml\u0259ri<\/p>\n","protected":false},"author":11,"featured_media":23315,"comment_status":"closed","ping_status":"open","sticky":false,"template":"","format":"standard","meta":{"_acf_changed":false,"_sitemap_exclude":false,"_sitemap_priority":"","_sitemap_frequency":"","footnotes":""},"categories":[56],"tags":[],"class_list":["post-167696","post","type-post","status-publish","format-standard","has-post-thumbnail","hentry","category-xeberler","infinite-scroll-item","generate-columns","tablet-grid-50","mobile-grid-100","grid-parent","grid-33","no-featured-image-padding"],"acf":[],"yoast_head":"<!-- This site is optimized with the Yoast SEO plugin v28.4 - https:\/\/yoast.com\/product\/yoast-seo-wordpress\/ -->\n<title>&#039;&#039;M\u00fcharib\u0259&#039;&#039; b\u00f6lg\u0259sind\u0259 ya\u015fayan m\u0259cburi k\u00f6\u00e7k\u00fcnl\u0259r (Fotosessiya) - MEYDAN.TV<\/title>\n<meta name=\"robots\" content=\"index, follow, max-snippet:-1, max-image-preview:large, max-video-preview:-1\" \/>\n<link rel=\"canonical\" href=\"https:\/\/www.meydan.tv\/az\/article\/muharibe-bolgesinde-yasayan-mecburi-kockunler-fotosessiya\/\" \/>\n<meta property=\"og:locale\" content=\"az_AZ\" \/>\n<meta property=\"og:type\" content=\"article\" \/>\n<meta property=\"og:title\" content=\"&#039;&#039;M\u00fcharib\u0259&#039;&#039; b\u00f6lg\u0259sind\u0259 ya\u015fayan m\u0259cburi k\u00f6\u00e7k\u00fcnl\u0259r (Fotosessiya) - MEYDAN.TV\" \/>\n<meta property=\"og:description\" content=\"Qafqaz\u0131n \u0259n b\u00f6y\u00fck m\u0259scidi arxas\u0131ndak\u0131 &quot;ki\u00e7ik&quot; insanlar\u0131n b\u00f6y\u00fck probleml\u0259ri\" \/>\n<meta property=\"og:url\" content=\"https:\/\/www.meydan.tv\/az\/article\/muharibe-bolgesinde-yasayan-mecburi-kockunler-fotosessiya\/\" \/>\n<meta property=\"og:site_name\" content=\"MEYDAN.TV\" \/>\n<meta property=\"article:published_time\" content=\"2015-04-26T17:14:09+00:00\" \/>\n<meta property=\"og:image\" content=\"https:\/\/www.meydan.tv\/wp-content\/uploads\/8471.jpg\" \/>\n\t<meta property=\"og:image:width\" content=\"2000\" \/>\n\t<meta property=\"og:image:height\" content=\"1125\" \/>\n\t<meta property=\"og:image:type\" content=\"image\/jpeg\" \/>\n<meta name=\"twitter:card\" content=\"summary_large_image\" \/>\n<!-- \/ Yoast SEO plugin. -->","yoast_head_json":{"title":"''M\u00fcharib\u0259'' b\u00f6lg\u0259sind\u0259 ya\u015fayan m\u0259cburi k\u00f6\u00e7k\u00fcnl\u0259r (Fotosessiya) - MEYDAN.TV","robots":{"index":"index","follow":"follow","max-snippet":"max-snippet:-1","max-image-preview":"max-image-preview:large","max-video-preview":"max-video-preview:-1"},"canonical":"https:\/\/www.meydan.tv\/az\/article\/muharibe-bolgesinde-yasayan-mecburi-kockunler-fotosessiya\/","og_locale":"az_AZ","og_type":"article","og_title":"''M\u00fcharib\u0259'' b\u00f6lg\u0259sind\u0259 ya\u015fayan m\u0259cburi k\u00f6\u00e7k\u00fcnl\u0259r (Fotosessiya) - MEYDAN.TV","og_description":"Qafqaz\u0131n \u0259n b\u00f6y\u00fck m\u0259scidi arxas\u0131ndak\u0131 \"ki\u00e7ik\" insanlar\u0131n b\u00f6y\u00fck probleml\u0259ri","og_url":"https:\/\/www.meydan.tv\/az\/article\/muharibe-bolgesinde-yasayan-mecburi-kockunler-fotosessiya\/","og_site_name":"MEYDAN.TV","article_published_time":"2015-04-26T17:14:09+00:00","og_image":[{"width":2000,"height":1125,"url":"https:\/\/www.meydan.tv\/wp-content\/uploads\/8471.jpg","type":"image\/jpeg"}],"twitter_card":"summary_large_image","schema":{"@context":"https:\/\/schema.org","@graph":[{"@type":"Article","@id":"https:\/\/www.meydan.tv\/az\/article\/muharibe-bolgesinde-yasayan-mecburi-kockunler-fotosessiya\/#article","isPartOf":{"@id":"https:\/\/www.meydan.tv\/az\/article\/muharibe-bolgesinde-yasayan-mecburi-kockunler-fotosessiya\/"},"author":{"name":"user-manager","@id":"https:\/\/www.meydan.tv\/az\/#\/schema\/person\/10d11eccf6da3662cf5fdab9806ea91a"},"headline":"&#8221;M\u00fcharib\u0259&#8221; b\u00f6lg\u0259sind\u0259 ya\u015fayan m\u0259cburi k\u00f6\u00e7k\u00fcnl\u0259r (Fotosessiya)","datePublished":"2015-04-26T17:14:09+00:00","mainEntityOfPage":{"@id":"https:\/\/www.meydan.tv\/az\/article\/muharibe-bolgesinde-yasayan-mecburi-kockunler-fotosessiya\/"},"wordCount":141,"publisher":{"@id":"https:\/\/www.meydan.tv\/az\/#organization"},"image":{"@id":"https:\/\/www.meydan.tv\/az\/article\/muharibe-bolgesinde-yasayan-mecburi-kockunler-fotosessiya\/#primaryimage"},"thumbnailUrl":"https:\/\/www.meydan.tv\/wp-content\/uploads\/8471.jpg","articleSection":["X\u0259b\u0259rl\u0259r"],"inLanguage":"az"},{"@type":"WebPage","@id":"https:\/\/www.meydan.tv\/az\/article\/muharibe-bolgesinde-yasayan-mecburi-kockunler-fotosessiya\/","url":"https:\/\/www.meydan.tv\/az\/article\/muharibe-bolgesinde-yasayan-mecburi-kockunler-fotosessiya\/","name":"''M\u00fcharib\u0259'' b\u00f6lg\u0259sind\u0259 ya\u015fayan m\u0259cburi k\u00f6\u00e7k\u00fcnl\u0259r (Fotosessiya) - MEYDAN.TV","isPartOf":{"@id":"https:\/\/www.meydan.tv\/az\/#website"},"primaryImageOfPage":{"@id":"https:\/\/www.meydan.tv\/az\/article\/muharibe-bolgesinde-yasayan-mecburi-kockunler-fotosessiya\/#primaryimage"},"image":{"@id":"https:\/\/www.meydan.tv\/az\/article\/muharibe-bolgesinde-yasayan-mecburi-kockunler-fotosessiya\/#primaryimage"},"thumbnailUrl":"https:\/\/www.meydan.tv\/wp-content\/uploads\/8471.jpg","datePublished":"2015-04-26T17:14:09+00:00","breadcrumb":{"@id":"https:\/\/www.meydan.tv\/az\/article\/muharibe-bolgesinde-yasayan-mecburi-kockunler-fotosessiya\/#breadcrumb"},"inLanguage":"az","potentialAction":[{"@type":"ReadAction","target":["https:\/\/www.meydan.tv\/az\/article\/muharibe-bolgesinde-yasayan-mecburi-kockunler-fotosessiya\/"]}]},{"@type":"ImageObject","inLanguage":"az","@id":"https:\/\/www.meydan.tv\/az\/article\/muharibe-bolgesinde-yasayan-mecburi-kockunler-fotosessiya\/#primaryimage","url":"https:\/\/www.meydan.tv\/wp-content\/uploads\/8471.jpg","contentUrl":"https:\/\/www.meydan.tv\/wp-content\/uploads\/8471.jpg","width":2000,"height":1125,"caption":"Source:"},{"@type":"BreadcrumbList","@id":"https:\/\/www.meydan.tv\/az\/article\/muharibe-bolgesinde-yasayan-mecburi-kockunler-fotosessiya\/#breadcrumb","itemListElement":[{"@type":"ListItem","position":1,"name":"Ana s\u0259hif\u0259","item":"https:\/\/www.meydan.tv\/az\/"},{"@type":"ListItem","position":2,"name":"X\u0259b\u0259rl\u0259r","item":"https:\/\/www.meydan.tv\/az\/section\/xeberler\/"},{"@type":"ListItem","position":3,"name":"&#8221;M\u00fcharib\u0259&#8221; b\u00f6lg\u0259sind\u0259 ya\u015fayan m\u0259cburi k\u00f6\u00e7k\u00fcnl\u0259r (Fotosessiya)"}]},{"@type":"WebSite","@id":"https:\/\/www.meydan.tv\/az\/#website","url":"https:\/\/www.meydan.tv\/az\/","name":"MEYDAN.TV","description":"Meydan TV Az\u0259rbaycan\u0131n media m\u0259kan\u0131ndak\u0131 alternativ s\u0259sidir","publisher":{"@id":"https:\/\/www.meydan.tv\/az\/#organization"},"potentialAction":[{"@type":"SearchAction","target":{"@type":"EntryPoint","urlTemplate":"https:\/\/www.meydan.tv\/az\/?s={search_term_string}"},"query-input":{"@type":"PropertyValueSpecification","valueRequired":true,"valueName":"search_term_string"}}],"inLanguage":"az"},{"@type":"Organization","@id":"https:\/\/www.meydan.tv\/az\/#organization","name":"Meydan TV","url":"https:\/\/www.meydan.tv\/az\/","logo":{"@type":"ImageObject","inLanguage":"az","@id":"https:\/\/www.meydan.tv\/az\/#\/schema\/logo\/image\/","url":"https:\/\/www.meydan.tv\/wp-content\/uploads\/2021\/07\/meydan-logo.svg","contentUrl":"https:\/\/www.meydan.tv\/wp-content\/uploads\/2021\/07\/meydan-logo.svg","width":195,"height":46,"caption":"Meydan TV"},"image":{"@id":"https:\/\/www.meydan.tv\/az\/#\/schema\/logo\/image\/"}},{"@type":"Person","@id":"https:\/\/www.meydan.tv\/az\/#\/schema\/person\/10d11eccf6da3662cf5fdab9806ea91a","name":"user-manager"}]}},"_links":{"self":[{"href":"https:\/\/www.meydan.tv\/az\/wp-json\/wp\/v2\/posts\/167696","targetHints":{"allow":["GET"]}}],"collection":[{"href":"https:\/\/www.meydan.tv\/az\/wp-json\/wp\/v2\/posts"}],"about":[{"href":"https:\/\/www.meydan.tv\/az\/wp-json\/wp\/v2\/types\/post"}],"author":[{"embeddable":true,"href":"https:\/\/www.meydan.tv\/az\/wp-json\/wp\/v2\/users\/11"}],"replies":[{"embeddable":true,"href":"https:\/\/www.meydan.tv\/az\/wp-json\/wp\/v2\/comments?post=167696"}],"version-history":[{"count":0,"href":"https:\/\/www.meydan.tv\/az\/wp-json\/wp\/v2\/posts\/167696\/revisions"}],"wp:featuredmedia":[{"embeddable":true,"href":"https:\/\/www.meydan.tv\/az\/wp-json\/wp\/v2\/media\/23315"}],"wp:attachment":[{"href":"https:\/\/www.meydan.tv\/az\/wp-json\/wp\/v2\/media?parent=167696"}],"wp:term":[{"taxonomy":"category","embeddable":true,"href":"https:\/\/www.meydan.tv\/az\/wp-json\/wp\/v2\/categories?post=167696"},{"taxonomy":"post_tag","embeddable":true,"href":"https:\/\/www.meydan.tv\/az\/wp-json\/wp\/v2\/tags?post=167696"}],"curies":[{"name":"wp","href":"https:\/\/api.w.org\/{rel}","templated":true}]}}