{"id":167695,"date":"2015-04-26T20:01:44","date_gmt":"2015-04-26T20:01:44","guid":{"rendered":"https:\/\/www.meydan.tv\/article\/rus-dilinde-danisan-azerbaycan\/"},"modified":"2015-04-26T20:01:44","modified_gmt":"2015-04-26T20:01:44","slug":"rus-dilinde-danisan-azerbaycan","status":"publish","type":"post","link":"https:\/\/www.meydan.tv\/az\/article\/rus-dilinde-danisan-azerbaycan\/","title":{"rendered":"Rus dilind\u0259 dan\u0131\u015fan Az\u0259rbaycan"},"content":{"rendered":"<figure class=\"wp-block-image size-large\">\n  <img decoding=\"async\" src=\"https:\/\/www.meydan.tv\/az\/23300\/\" alt=\"\" class=\"wp-image-23300\"\/><figcaption><\/figcaption><\/figure>\n<figure class=\"wp-block-image size-large\">\n  <img decoding=\"async\" src=\"https:\/\/www.meydan.tv\/az\/23300\/\" alt=\"\" class=\"wp-image-23300\"\/><figcaption><\/figcaption><\/figure>\n<p>\n  <i><br \/>\n    \u0130mitasiya xatirin\u0259 Az\u0259rbaycan hakimiyy\u0259tini ara-s\u0131ra t\u0259nqid ed\u0259n \u201ciqtidar\u0131n m\u00fcxalif\u0259t m\u0259tbuat\u0131\u201d Putin v\u0259 onun \u00f6lk\u0259si bar\u0259d\u0259 t\u0259nqid\u0259 imkan vermir.\u00a0Sanki prosesl\u0259ri Rusiyan\u0131n x\u00fcsusi xidm\u0259t orqanlar\u0131 idar\u0259 edirl\u0259r<br \/>\n  <\/i>\n<\/p>\n<p>\n  C\u0259bh\u0259d\u0259 yen\u0259 d\u0259 at\u0259\u015fk\u0259s pozulub.\u00a0\u00a0R\u0259smi m\u0259lumatlara g\u00f6r\u0259, Erm\u0259nistan son g\u00fcnl\u0259r xeyli insan t\u0259l\u0259fat\u0131 verib.\n<\/p>\n<p>\n  T\u0259r\u0259fl\u0259r sava\u015f t\u0259bill\u0259ri \u00e7almaqdad\u0131r. K\u0259nardan g\u00f6r\u00fcn\u0259n budur ki, h\u0259r an sava\u015f ba\u015flaya bil\u0259r. Lakin b\u00fct\u00fcn bunlara yaln\u0131z v\u0259 yaln\u0131z siyas\u0259t bar\u0259d\u0259 s\u0259thi m\u0259lumat\u0131 olanlar inana bil\u0259rl\u0259r. H\u0259r iki \u00f6lk\u0259nin korrupsiyaya u\u011fram\u0131\u015f hakimiyy\u0259tl\u0259ri \u00fc\u00e7\u00fcn\u00a0sava\u015fa ba\u015flamaq b\u00f6y\u00fck riskdir. Bu, yeni probleml\u0259rl\u0259 yana\u015f\u0131 maliyy\u0259 itkisidir. N\u0259\u00a0\u00a0r\u0259smi Bak\u0131, n\u0259 d\u0259 \u0130r\u0259van bel\u0259 bir riski g\u00f6z \u00f6n\u00fcn\u0259 ala bilm\u0259z.\n<\/p>\n<p>\n  \u0130qtidar bel\u0259 bir r\u0259y formala\u015fd\u0131rmaq ist\u0259yir ki,\u00a0Az\u0259rbaycanla Rusiya ortaq m\u0259xr\u0259c\u0259\u00a0g\u0259lm\u0259k \u00fczr\u0259dir. Az\u0259rbaycan\u00a0\u00a0h\u0259rbi \u0259m\u0259liyyatlara ba\u015flayaraq, bir ne\u00e7\u0259 rayonu geri qayta bil\u0259r.\u00a0\u00a0\u018fv\u0259zind\u0259\u00a0Az\u0259rbaycan Rusiyan\u0131n \u015f\u0259rtl\u0259rini q\u0259bul etm\u0259lidir.\n<\/p>\n<p>\n  Lakin b\u00fct\u00fcn bunlar, x\u00fcsus\u0259n d\u0259 sava\u015f variant\u0131 ciddi s\u0259sl\u0259nmir. Rusiya indiki \u201cn\u0259\u00a0h\u0259rb, n\u0259\u00a0s\u00fclh\u201d v\u0259ziyy\u0259tini\u00a0\u00a0m\u00fcmk\u00fcn oldu\u011fu q\u0259d\u0259r uzatmaqda maraql\u0131d\u0131r.\u00a0M\u00fcharib\u0259\u00a0m\u0259s\u0259l\u0259sini Az\u0259rbaycan da daxil olmaqla siyasi m\u0259qs\u0259dl\u0259r \u00fc\u00e7\u00fcn h\u0259r t\u0259r\u0259f istifad\u0259\u00a0edir. Dig\u0259r t\u0259r\u0259fd\u0259n, Az\u0259rbaycan h\u0259rbi \u0259m\u0259liyyatlara ba\u015flasa, bu, Rusiya \u00fc\u00e7\u00fcn g\u00f6yd\u0259nd\u00fc\u015fm\u0259 olard\u0131. Bel\u0259 ki, ruslar \u00f6z forpostu olan Erm\u0259nistan\u0131 daha a\u00e7\u0131q \u015f\u0259kild\u0259 m\u00fcdafi\u0259 ed\u0259 bil\u0259rdil\u0259r. Bu, yeni \u0259razil\u0259rin i\u015f\u011fal\u0131 anlam\u0131na g\u0259lir. Az\u0259rbaycan t\u0259r\u0259fin h\u0259rbi ritorikas\u0131na baxmayaraq, he\u00e7 bir halda Rusiya ordusuna qar\u015f\u0131 duru\u015f g\u0259tirm\u0259k m\u00fcmk\u00fcn deyil. Rusiya is\u0259 Az\u0259rbaycan\u0131\u00a0\u0259zm\u0259k arzusundad\u0131r. Sava\u015f ba\u015flayarsa, Rusiya q\u0131sa bir m\u00fcdd\u0259t\u0259 Az\u0259rbaycan \u0259razil\u0259rini i\u015f\u011fal ed\u0259, Bak\u0131n\u0131 \u00e7\u0131x\u0131lmaz duruma sala bil\u0259rdi.\n<\/p>\n<p>\n  El\u0259 Q\u0259rb \u00f6lk\u0259l\u0259ri d\u0259 sava\u015f variant\u0131n\u0131 istisna edirl\u0259r. R\u0259smi Bak\u0131 Qaraba\u011fda h\u0259rbi \u0259m\u0259liyyatlara ba\u015flayarsa, Az\u0259rbaycan\u0131n sava\u015f c\u0259hdini \u0259ks\u0259r \u00f6lk\u0259l\u0259r t\u0259cav\u00fcz adland\u0131ra bil\u0259r. Qaraba\u011f\u0131n separat\u00e7\u0131lardan t\u0259mizl\u0259nm\u0259si h\u0259tta etnik t\u0259mizl\u0259nm\u0259 kimi d\u0259 d\u0259y\u0259rl\u0259ndiril\u0259 bil\u0259r. Q\u0259rb \u00f6z torpaqlar\u0131n\u0131 h\u0259rbi yolla azad etm\u0259k ist\u0259y\u0259n\u00a0Az\u0259rbaycan\u0131n c\u0259zaland\u0131r\u0131lmas\u0131n\u0131 da t\u0259l\u0259b ed\u0259 bil\u0259r.\u00a0Bunu \u0130r\u0259vanda da anlay\u0131rlar.\u00a0Odur ki, Erm\u0259nistan Az\u0259rbaycan\u0131n m\u00fcharib\u0259\u00a0t\u0259hdidin\u0259\u00a0ciddi baxm\u0131r.\u00a0D\u00fc\u015f\u00fcnm\u0259k laz\u0131m deyil ki, \u0130r\u0259van\u0131n q\u00fcvv\u0259l\u0259r nisb\u0259tind\u0259n x\u0259b\u0259rl\u0259ri yoxdur. Bizim t\u0259hdidl\u0259rimiz onlar t\u0259r\u0259find\u0259n ciddi q\u0259bul olunmur v\u0259\u00a0onlar\u0131 panikaya t\u0259hrik etmir.\n<\/p>\n<p>\n  Burada s\u00f6hb\u0259t daha \u00e7ox Rusiyadan gedir.\u00a0Rusiya is\u0259 d\u0259f\u0259l\u0259rl\u0259\u00a0g\u00f6st\u0259rib ki, o, ist\u0259diyi halda he\u00e7 bir m\u00fcqavil\u0259y\u0259\u00a0\u0259saslanmadan \u00f6z h\u0259rbi q\u00fcvv\u0259l\u0259rind\u0259n istifad\u0259\u00a0ed\u0259\u00a0bil\u0259r. Bu bax\u0131mdan, sava\u015f ba\u015flayarsa, ruslar Az\u0259rbaycana h\u0259rbi m\u00fcdaxil\u0259 d\u0259 ed\u0259 bil\u0259r. B\u00fct\u00fcn bunlar a\u00e7\u0131q \u2013 ayd\u0131n sezil\u0259n h\u0259qiq\u0259tl\u0259rdir. Bel\u0259 olan t\u0259qdird\u0259, r\u0259smi Bak\u0131n\u0131n h\u0259rbi ritorikas\u0131n\u0131n n\u0259y\u0259 xidm\u0259t etdiyini anlamaq laz\u0131m g\u0259lir.\n<\/p>\n<p>\n  Q\u0259rb\u0259 qar\u015f\u0131 aqressiya n\u00fcmayi\u015f etdir\u0259n r\u0259smi Bak\u0131 t\u0259dric\u0259n Rusiyan\u0131n \u00e7\u0259tiri alt\u0131na add\u0131mlay\u0131r. Bunu geosiyasi manevr hesab etm\u0259k, \u015fimal qon\u015fusunun t\u0259hdidl\u0259rind\u0259n yay\u0131nmaq c\u0259hdi kimi d\u0259 d\u0259y\u0259rl\u0259ndirm\u0259k olard\u0131. Lakin demokratik d\u00fc\u015f\u0259rg\u0259nin v\u0259 v\u0259t\u0259nda\u015f c\u0259miyy\u0259tinin tamamil\u0259 da\u011f\u0131d\u0131lmas\u0131, Kreml\u0259 uzanan \u0259ll\u0259r prosesin sad\u0259 olmad\u0131\u011f\u0131n\u0131 dem\u0259y\u0259 \u0259sas verir. \u018fn ac\u0131nacaql\u0131s\u0131 is\u0259 odur ki, hakimiyy\u0259tin n\u0259zar\u0259tind\u0259 olan (iqtidar v\u0259 yaxud m\u00fcst\u0259qil adland\u0131r\u0131lan) m\u0259tbu orqanlarda Rusiya prezidenti Vladimir Putini t\u0259nqid etm\u0259k qada\u011fan edilib. N\u0259 Rusiyan\u0131n strateji maraqlar\u0131na, n\u0259 d\u0259 ki Putin siyas\u0259tin\u0259 x\u0259l\u0259l g\u0259tir\u0259 bil\u0259c\u0259k materiallar\u0131n d\u0259rcin\u0259 imkan verilmir.\n<\/p>\n<p>\n  \u0130mitasiya xatirin\u0259 Az\u0259rbaycan hakimiyy\u0259tini ara-s\u0131ra t\u0259nqid ed\u0259n \u201ciqtidar\u0131n m\u00fcxalif\u0259t m\u0259tbuat\u0131\u201d Putin v\u0259 onun \u00f6lk\u0259si bar\u0259d\u0259 t\u0259nqid\u0259 imkan vermir.\u00a0Sanki prosesl\u0259ri Rusiyan\u0131n x\u00fcsusi xidm\u0259t orqanlar\u0131 idar\u0259 edirl\u0259r. \u018fg\u0259r bel\u0259dirs\u0259, o t\u0259qdird\u0259 \u00f6lk\u0259ni daha faci\u0259li perspektiv g\u00f6zl\u0259y\u0259 bil\u0259r. Bel\u0259 davam ets\u0259, bir qrup m\u0259murun \u201cxilaskar Rusiya\u201dya m\u00fcraci\u0259tini d\u0259 m\u00fc\u015fahid\u0259 ed\u0259 bil\u0259rik.\n<\/p>\n<p>\n  Bak\u0131 Q\u0259rbl\u0259 m\u00fcnasib\u0259tl\u0259rini korlamaqda israrl\u0131d\u0131r. Az\u0259rbaycan hakimiyy\u0259tin\u0259 islahatlar \u00fc\u00e7\u00fcn veril\u0259n vaxt da art\u0131q bitib.\n<\/p>\n<p>\n  D\u00fczd\u00fcr, Az\u0259rbaycan demokratiyas\u0131 zaman-zaman Q\u0259rbin d\u0259st\u0259yi il\u0259 z\u0259rb\u0259l\u0259r al\u0131b. Q\u0259rb Az\u0259rbaycan demokratiyas\u0131n\u0131 avtoritar rejiml\u0259 t\u0259kba\u015f\u0131na burax\u0131b. Lakin m\u0259hz Q\u0259rbin m\u00f6vcudlu\u011fu Az\u0259rbaycan\u0131 \u015eimali Koreyaya \u00e7evirm\u0259kd\u0259n xilas edib. R\u0259smi Bak\u0131n\u0131n beyn\u0259lxalq al\u0259m qar\u015f\u0131s\u0131nda g\u00f6t\u00fcrd\u00fcy\u00fc \u00f6hd\u0259likl\u0259r olmasayd\u0131, v\u0259ziyy\u0259t daha q\u0259liz ola bil\u0259rdi.\n<\/p>\n<p>\n  G\u00f6r\u00fcn\u0259n budur ki, Bak\u0131 Q\u0259rbd\u0259n \u00e7\u0259kinmir. Onu geosiyasi \u00fcst\u00fcnl\u00fcy\u00fcn\u0259 g\u00f6r\u0259 \u015fantaj ed\u0259 bilir. Lakin Putin qar\u015f\u0131s\u0131nda Az\u0259rbaycan hakimiyy\u0259ti daha z\u0259if g\u00f6r\u00fcn\u00fcr. Bunu g\u00f6z\u0259l anlayan Putin d\u0259 Az\u0259rbaycanla \u201cs\u0259rt dild\u0259\u201d dan\u0131\u015fma\u011fa \u00fcst\u00fcnl\u00fck verir.\n<\/p>\n<p>\n  Bir s\u00f6zl\u0259, \u00f6lk\u0259d\u0259 \u201c\u015fimal k\u00fcl\u0259kl\u0259ri\u201d indi daha b\u0259rk \u0259sir v\u0259 h\u0259r an qas\u0131r\u011fa qopmas\u0131 ehtimal\u0131 m\u00f6vcuddur. Qas\u0131r\u011fan\u0131n hans\u0131 f\u0259lak\u0259tl\u0259ri g\u0259tir\u0259c\u0259yini is\u0259 ehtimal etm\u0259k o q\u0259d\u0259r d\u0259 \u00e7\u0259tin deyil. \u018fminlikl\u0259 vur\u011fulamaq olar ki, Rusiya \u00f6z t\u0259hdidl\u0259rini bundan sonra da davam etdir\u0259c\u0259k. Bu t\u0259hdidl\u0259r r\u0259smi Bak\u0131n\u0131 q\u0259rby\u00f6n\u00fcml\u00fc siyasi kursdan \u00fcz \u00e7evirm\u0259y\u0259 vadar etm\u0259y\u0259 y\u00f6n\u0259l\u0259c\u0259k. Rusiya faktiki olaraq \u00a0m\u00fcst\u0259qil \u00f6lk\u0259ni i\u015f\u011fal il\u0259 h\u0259d\u0259l\u0259yir. K\u0259nardan g\u00f6r\u00fcn\u0259n is\u0259 budur ki,\u00a0Az\u0259rbaycan hakimiyy\u0259ti Kreml qar\u015f\u0131s\u0131nda geri \u00e7\u0259kilm\u0259y\u0259 haz\u0131rla\u015f\u0131r. Moskvan\u0131n \u015fantajlar\u0131n\u0131n artd\u0131\u011f\u0131 bir vaxtda Az\u0259rbaycan\u0131n xarici siyas\u0259tind\u0259 \u00a0ba\u015f ver\u0259n d\u0259yi\u015fiklikl\u0259r ciddi t\u0259hlil\u0259 ehtiyac\u0131 yarad\u0131r. He\u00e7 d\u0259 t\u0259sad\u00fcfi hesab oluna bilm\u0259z ki, hakimiyy\u0259td\u0259ki \u201cbe\u015finci kalon\u201d tam h\u00fccuma ke\u00e7ib. Art\u0131q onlar hakimiyy\u0259ti d\u0259 Rusiyap\u0259r\u0259st x\u0259tt yeritm\u0259y\u0259 vadar edirl\u0259r. Bel\u0259 gets\u0259, Az\u0259rbaycan yenid\u0259n rus dilind\u0259 dan\u0131\u015fan \u00f6lk\u0259y\u0259 \u00e7evril\u0259c\u0259k&#8230;\n<\/p><\/p>\n","protected":false},"excerpt":{"rendered":"<p>\u0130mitasiya xatirin\u0259 Az\u0259rbaycan hakimiyy\u0259tini ara-s\u0131ra t\u0259nqid ed\u0259n \u201ciqtidar\u0131n m\u00fcxalif\u0259t m\u0259tbuat\u0131\u201d Putin v\u0259 onun \u00f6lk\u0259si bar\u0259d\u0259 t\u0259nqid\u0259 imkan vermir. Sanki prosesl\u0259ri Rusiyan\u0131n x\u00fcsusi xidm\u0259t orqanlar\u0131 idar\u0259 edirl\u0259r<\/p>\n","protected":false},"author":11,"featured_media":23300,"comment_status":"closed","ping_status":"open","sticky":false,"template":"","format":"standard","meta":{"_acf_changed":false,"_sitemap_exclude":false,"_sitemap_priority":"","_sitemap_frequency":"","footnotes":""},"categories":[56],"tags":[],"class_list":["post-167695","post","type-post","status-publish","format-standard","has-post-thumbnail","hentry","category-xeberler","infinite-scroll-item","generate-columns","tablet-grid-50","mobile-grid-100","grid-parent","grid-33","no-featured-image-padding"],"acf":[],"yoast_head":"<!-- This site is optimized with the Yoast SEO plugin v28.4 - https:\/\/yoast.com\/product\/yoast-seo-wordpress\/ -->\n<title>Rus dilind\u0259 dan\u0131\u015fan Az\u0259rbaycan - MEYDAN.TV<\/title>\n<meta name=\"robots\" content=\"index, follow, max-snippet:-1, max-image-preview:large, max-video-preview:-1\" \/>\n<link rel=\"canonical\" href=\"https:\/\/www.meydan.tv\/az\/article\/rus-dilinde-danisan-azerbaycan\/\" \/>\n<meta property=\"og:locale\" content=\"az_AZ\" \/>\n<meta property=\"og:type\" content=\"article\" \/>\n<meta property=\"og:title\" content=\"Rus dilind\u0259 dan\u0131\u015fan Az\u0259rbaycan - MEYDAN.TV\" \/>\n<meta property=\"og:description\" content=\"\u0130mitasiya xatirin\u0259 Az\u0259rbaycan hakimiyy\u0259tini ara-s\u0131ra t\u0259nqid ed\u0259n \u201ciqtidar\u0131n m\u00fcxalif\u0259t m\u0259tbuat\u0131\u201d Putin v\u0259 onun \u00f6lk\u0259si bar\u0259d\u0259 t\u0259nqid\u0259 imkan vermir. Sanki prosesl\u0259ri Rusiyan\u0131n x\u00fcsusi xidm\u0259t orqanlar\u0131 idar\u0259 edirl\u0259r\" \/>\n<meta property=\"og:url\" content=\"https:\/\/www.meydan.tv\/az\/article\/rus-dilinde-danisan-azerbaycan\/\" \/>\n<meta property=\"og:site_name\" content=\"MEYDAN.TV\" \/>\n<meta property=\"article:published_time\" content=\"2015-04-26T20:01:44+00:00\" \/>\n<meta property=\"og:image\" content=\"https:\/\/www.meydan.tv\/wp-content\/uploads\/8484.jpg\" \/>\n\t<meta property=\"og:image:width\" content=\"340\" \/>\n\t<meta property=\"og:image:height\" content=\"280\" \/>\n\t<meta property=\"og:image:type\" content=\"image\/jpeg\" \/>\n<meta name=\"twitter:card\" content=\"summary_large_image\" \/>\n<!-- \/ Yoast SEO plugin. -->","yoast_head_json":{"title":"Rus dilind\u0259 dan\u0131\u015fan Az\u0259rbaycan - MEYDAN.TV","robots":{"index":"index","follow":"follow","max-snippet":"max-snippet:-1","max-image-preview":"max-image-preview:large","max-video-preview":"max-video-preview:-1"},"canonical":"https:\/\/www.meydan.tv\/az\/article\/rus-dilinde-danisan-azerbaycan\/","og_locale":"az_AZ","og_type":"article","og_title":"Rus dilind\u0259 dan\u0131\u015fan Az\u0259rbaycan - MEYDAN.TV","og_description":"\u0130mitasiya xatirin\u0259 Az\u0259rbaycan hakimiyy\u0259tini ara-s\u0131ra t\u0259nqid ed\u0259n \u201ciqtidar\u0131n m\u00fcxalif\u0259t m\u0259tbuat\u0131\u201d Putin v\u0259 onun \u00f6lk\u0259si bar\u0259d\u0259 t\u0259nqid\u0259 imkan vermir. Sanki prosesl\u0259ri Rusiyan\u0131n x\u00fcsusi xidm\u0259t orqanlar\u0131 idar\u0259 edirl\u0259r","og_url":"https:\/\/www.meydan.tv\/az\/article\/rus-dilinde-danisan-azerbaycan\/","og_site_name":"MEYDAN.TV","article_published_time":"2015-04-26T20:01:44+00:00","og_image":[{"width":340,"height":280,"url":"https:\/\/www.meydan.tv\/wp-content\/uploads\/8484.jpg","type":"image\/jpeg"}],"twitter_card":"summary_large_image","schema":{"@context":"https:\/\/schema.org","@graph":[{"@type":"Article","@id":"https:\/\/www.meydan.tv\/az\/article\/rus-dilinde-danisan-azerbaycan\/#article","isPartOf":{"@id":"https:\/\/www.meydan.tv\/az\/article\/rus-dilinde-danisan-azerbaycan\/"},"author":{"name":"user-manager","@id":"https:\/\/www.meydan.tv\/az\/#\/schema\/person\/10d11eccf6da3662cf5fdab9806ea91a"},"headline":"Rus dilind\u0259 dan\u0131\u015fan Az\u0259rbaycan","datePublished":"2015-04-26T20:01:44+00:00","mainEntityOfPage":{"@id":"https:\/\/www.meydan.tv\/az\/article\/rus-dilinde-danisan-azerbaycan\/"},"wordCount":1223,"publisher":{"@id":"https:\/\/www.meydan.tv\/az\/#organization"},"image":{"@id":"https:\/\/www.meydan.tv\/az\/article\/rus-dilinde-danisan-azerbaycan\/#primaryimage"},"thumbnailUrl":"https:\/\/www.meydan.tv\/wp-content\/uploads\/8484.jpg","articleSection":["X\u0259b\u0259rl\u0259r"],"inLanguage":"az"},{"@type":"WebPage","@id":"https:\/\/www.meydan.tv\/az\/article\/rus-dilinde-danisan-azerbaycan\/","url":"https:\/\/www.meydan.tv\/az\/article\/rus-dilinde-danisan-azerbaycan\/","name":"Rus dilind\u0259 dan\u0131\u015fan Az\u0259rbaycan - MEYDAN.TV","isPartOf":{"@id":"https:\/\/www.meydan.tv\/az\/#website"},"primaryImageOfPage":{"@id":"https:\/\/www.meydan.tv\/az\/article\/rus-dilinde-danisan-azerbaycan\/#primaryimage"},"image":{"@id":"https:\/\/www.meydan.tv\/az\/article\/rus-dilinde-danisan-azerbaycan\/#primaryimage"},"thumbnailUrl":"https:\/\/www.meydan.tv\/wp-content\/uploads\/8484.jpg","datePublished":"2015-04-26T20:01:44+00:00","breadcrumb":{"@id":"https:\/\/www.meydan.tv\/az\/article\/rus-dilinde-danisan-azerbaycan\/#breadcrumb"},"inLanguage":"az","potentialAction":[{"@type":"ReadAction","target":["https:\/\/www.meydan.tv\/az\/article\/rus-dilinde-danisan-azerbaycan\/"]}]},{"@type":"ImageObject","inLanguage":"az","@id":"https:\/\/www.meydan.tv\/az\/article\/rus-dilinde-danisan-azerbaycan\/#primaryimage","url":"https:\/\/www.meydan.tv\/wp-content\/uploads\/8484.jpg","contentUrl":"https:\/\/www.meydan.tv\/wp-content\/uploads\/8484.jpg","width":340,"height":280,"caption":"Source:"},{"@type":"BreadcrumbList","@id":"https:\/\/www.meydan.tv\/az\/article\/rus-dilinde-danisan-azerbaycan\/#breadcrumb","itemListElement":[{"@type":"ListItem","position":1,"name":"Ana s\u0259hif\u0259","item":"https:\/\/www.meydan.tv\/az\/"},{"@type":"ListItem","position":2,"name":"X\u0259b\u0259rl\u0259r","item":"https:\/\/www.meydan.tv\/az\/section\/xeberler\/"},{"@type":"ListItem","position":3,"name":"Rus dilind\u0259 dan\u0131\u015fan Az\u0259rbaycan"}]},{"@type":"WebSite","@id":"https:\/\/www.meydan.tv\/az\/#website","url":"https:\/\/www.meydan.tv\/az\/","name":"MEYDAN.TV","description":"Meydan TV Az\u0259rbaycan\u0131n media m\u0259kan\u0131ndak\u0131 alternativ s\u0259sidir","publisher":{"@id":"https:\/\/www.meydan.tv\/az\/#organization"},"potentialAction":[{"@type":"SearchAction","target":{"@type":"EntryPoint","urlTemplate":"https:\/\/www.meydan.tv\/az\/?s={search_term_string}"},"query-input":{"@type":"PropertyValueSpecification","valueRequired":true,"valueName":"search_term_string"}}],"inLanguage":"az"},{"@type":"Organization","@id":"https:\/\/www.meydan.tv\/az\/#organization","name":"Meydan TV","url":"https:\/\/www.meydan.tv\/az\/","logo":{"@type":"ImageObject","inLanguage":"az","@id":"https:\/\/www.meydan.tv\/az\/#\/schema\/logo\/image\/","url":"https:\/\/www.meydan.tv\/wp-content\/uploads\/2021\/07\/meydan-logo.svg","contentUrl":"https:\/\/www.meydan.tv\/wp-content\/uploads\/2021\/07\/meydan-logo.svg","width":195,"height":46,"caption":"Meydan TV"},"image":{"@id":"https:\/\/www.meydan.tv\/az\/#\/schema\/logo\/image\/"}},{"@type":"Person","@id":"https:\/\/www.meydan.tv\/az\/#\/schema\/person\/10d11eccf6da3662cf5fdab9806ea91a","name":"user-manager"}]}},"_links":{"self":[{"href":"https:\/\/www.meydan.tv\/az\/wp-json\/wp\/v2\/posts\/167695","targetHints":{"allow":["GET"]}}],"collection":[{"href":"https:\/\/www.meydan.tv\/az\/wp-json\/wp\/v2\/posts"}],"about":[{"href":"https:\/\/www.meydan.tv\/az\/wp-json\/wp\/v2\/types\/post"}],"author":[{"embeddable":true,"href":"https:\/\/www.meydan.tv\/az\/wp-json\/wp\/v2\/users\/11"}],"replies":[{"embeddable":true,"href":"https:\/\/www.meydan.tv\/az\/wp-json\/wp\/v2\/comments?post=167695"}],"version-history":[{"count":0,"href":"https:\/\/www.meydan.tv\/az\/wp-json\/wp\/v2\/posts\/167695\/revisions"}],"wp:featuredmedia":[{"embeddable":true,"href":"https:\/\/www.meydan.tv\/az\/wp-json\/wp\/v2\/media\/23300"}],"wp:attachment":[{"href":"https:\/\/www.meydan.tv\/az\/wp-json\/wp\/v2\/media?parent=167695"}],"wp:term":[{"taxonomy":"category","embeddable":true,"href":"https:\/\/www.meydan.tv\/az\/wp-json\/wp\/v2\/categories?post=167695"},{"taxonomy":"post_tag","embeddable":true,"href":"https:\/\/www.meydan.tv\/az\/wp-json\/wp\/v2\/tags?post=167695"}],"curies":[{"name":"wp","href":"https:\/\/api.w.org\/{rel}","templated":true}]}}