{"id":167688,"date":"2015-04-25T15:54:20","date_gmt":"2015-04-25T15:54:20","guid":{"rendered":"https:\/\/www.meydan.tv\/article\/mehbuslardan-tofiq-yaqubluya-bassagligi\/"},"modified":"2015-04-25T15:54:20","modified_gmt":"2015-04-25T15:54:20","slug":"mehbuslardan-tofiq-yaqubluya-bassagligi","status":"publish","type":"post","link":"https:\/\/www.meydan.tv\/az\/article\/mehbuslardan-tofiq-yaqubluya-bassagligi\/","title":{"rendered":"M\u0259hbuslardan Tofiq Yaqubluya ba\u015fsa\u011fl\u0131\u011f\u0131"},"content":{"rendered":"<figure class=\"wp-block-image size-large\">\n  <img decoding=\"async\" src=\"https:\/\/www.meydan.tv\/az\/23273\/\" alt=\"\" class=\"wp-image-23273\"\/><figcaption><\/figcaption><\/figure>\n<figure class=\"wp-block-image size-large\">\n  <img decoding=\"async\" src=\"https:\/\/www.meydan.tv\/az\/23273\/\" alt=\"\" class=\"wp-image-23273\"\/><figcaption><\/figcaption><\/figure>\n<p>\n  <i><br \/>\n    &#8220;V\u0259t\u0259np\u0259rv\u0259r Az\u0259rbaycan xan\u0131m\u0131n\u0131n, ham\u0131m\u0131z\u0131n \u00f6vlad\u0131m\u0131z kimi g\u00f6rd\u00fcy\u00fcm\u00fcz N\u0259rgiz q\u0131z\u0131m\u0131z\u0131n d\u00fcnyadan tez k\u00f6\u00e7m\u0259si bizi d\u0259 k\u0259d\u0259rl\u0259ndirib&#8221;<br \/>\n  <\/i>\n<\/p>\n<p>\n  13 sayl\u0131 c\u0259za\u00e7\u0259km\u0259 m\u00fc\u0259ssis\u0259sind\u0259 c\u0259za \u00e7\u0259k\u0259n m\u0259hkumlar, siyasi m\u0259hbus Tofiq Yaqublunun q\u0131z\u0131n\u0131n v\u0259fat\u0131 il\u0259 \u0259laq\u0259d\u0259r Meydan TV-y\u0259 nekroloq g\u00f6nd\u0259ribl\u0259r.\n<\/p>\n<p>\n  <b><br \/>\n    Nekroloqda deyilir:<br \/>\n  <\/b>\n<\/p>\n<p>\n  M\u0259hkum yolda\u015f\u0131m\u0131z Tofiq Yaqubluya a\u011f\u0131r itki \u00fcz verib. Bir ata \u00fc\u00e7\u00fcn bu d\u0259h\u015f\u0259tli\u00a0 faci\u0259dir. \u00d6vlad\u0131n\u0131n toy g\u00fcn\u00fcnd\u0259 i\u015ftirak ed\u0259 bilm\u0259yib t\u00fcrm\u0259d\u0259 olan ata \u00fc\u00e7\u00fcn q\u0259fild\u0259n onun \u00f6l\u00fcm x\u0259b\u0259rini almas\u0131 \u00e7ox sars\u0131d\u0131c\u0131d\u0131r. N\u0259rgiz Yaqublu haqq\u0131nda daim m\u0259tbuatdan m\u0259lumat al\u0131rd\u0131q. Onun c\u0259sar\u0259tli, v\u0259t\u0259np\u0259rv\u0259r, savadl\u0131 bir g\u0259nc oldu\u011funu hiss etmi\u015fdik. Evl\u0259ri \u00e7ox uzaqda olmas\u0131na baxmayaraq tez-tez c\u0259za\u00e7\u0259km\u0259 m\u00fc\u0259ssis\u0259sin\u0259 g\u0259l\u0259r v\u0259 atas\u0131na m\u0259n\u0259vi d\u0259st\u0259k olard\u0131.\u00a0 Bel\u0259 bir v\u0259t\u0259np\u0259rv\u0259r Az\u0259rbaycan xan\u0131m\u0131n\u0131n, ham\u0131m\u0131z\u0131n \u00f6vlad\u0131m\u0131z kimi g\u00f6rd\u00fcy\u00fcm\u00fcz N\u0259rgiz q\u0131z\u0131m\u0131z\u0131n d\u00fcnyadan tez k\u00f6\u00e7m\u0259si bizi d\u0259 k\u0259d\u0259rl\u0259ndirib.\u00a0 Arzu ed\u0259rdik ki, Tofiq Yaqublu daha bizim yan\u0131m\u0131za d\u00f6nm\u0259sin v\u0259 sars\u0131nt\u0131 ke\u00e7ir\u0259n ail\u0259sinin yan\u0131nda qalaraq onlar\u0131 ovutsun.\n<\/p>\n<p>\n  Bir daha Tofiq Yaqubluya, onun ail\u0259sin\u0259 ba\u015f sa\u011fl\u0131\u011f\u0131 verir, Allahdan bu ail\u0259ni \u00f6z n\u0259z\u0259rind\u0259 saxlamas\u0131n\u0131 dil\u0259yirik.\n<\/p><\/p>\n","protected":false},"excerpt":{"rendered":"<p>&#8220;V\u0259t\u0259np\u0259rv\u0259r Az\u0259rbaycan xan\u0131m\u0131n\u0131n, ham\u0131m\u0131z\u0131n \u00f6vlad\u0131m\u0131z kimi g\u00f6rd\u00fcy\u00fcm\u00fcz N\u0259rgiz q\u0131z\u0131m\u0131z\u0131n d\u00fcnyadan tez k\u00f6\u00e7m\u0259si bizi d\u0259 k\u0259d\u0259rl\u0259ndirib&#8221;<\/p>\n","protected":false},"author":11,"featured_media":23273,"comment_status":"closed","ping_status":"open","sticky":false,"template":"","format":"standard","meta":{"_acf_changed":false,"_sitemap_exclude":false,"_sitemap_priority":"","_sitemap_frequency":"","footnotes":""},"categories":[56],"tags":[],"class_list":["post-167688","post","type-post","status-publish","format-standard","has-post-thumbnail","hentry","category-xeberler","infinite-scroll-item","generate-columns","tablet-grid-50","mobile-grid-100","grid-parent","grid-33","no-featured-image-padding"],"acf":[],"yoast_head":"<!-- This site is optimized with the Yoast SEO plugin v28.4 - https:\/\/yoast.com\/product\/yoast-seo-wordpress\/ -->\n<title>M\u0259hbuslardan Tofiq Yaqubluya ba\u015fsa\u011fl\u0131\u011f\u0131 - MEYDAN.TV<\/title>\n<meta name=\"robots\" content=\"index, follow, max-snippet:-1, max-image-preview:large, max-video-preview:-1\" \/>\n<link rel=\"canonical\" href=\"https:\/\/www.meydan.tv\/az\/article\/mehbuslardan-tofiq-yaqubluya-bassagligi\/\" \/>\n<meta property=\"og:locale\" content=\"az_AZ\" \/>\n<meta property=\"og:type\" content=\"article\" \/>\n<meta property=\"og:title\" content=\"M\u0259hbuslardan Tofiq Yaqubluya ba\u015fsa\u011fl\u0131\u011f\u0131 - MEYDAN.TV\" \/>\n<meta property=\"og:description\" content=\"&quot;V\u0259t\u0259np\u0259rv\u0259r Az\u0259rbaycan xan\u0131m\u0131n\u0131n, ham\u0131m\u0131z\u0131n \u00f6vlad\u0131m\u0131z kimi g\u00f6rd\u00fcy\u00fcm\u00fcz N\u0259rgiz q\u0131z\u0131m\u0131z\u0131n d\u00fcnyadan tez k\u00f6\u00e7m\u0259si bizi d\u0259 k\u0259d\u0259rl\u0259ndirib&quot;\" \/>\n<meta property=\"og:url\" content=\"https:\/\/www.meydan.tv\/az\/article\/mehbuslardan-tofiq-yaqubluya-bassagligi\/\" \/>\n<meta property=\"og:site_name\" content=\"MEYDAN.TV\" \/>\n<meta property=\"article:published_time\" content=\"2015-04-25T15:54:20+00:00\" \/>\n<meta property=\"og:image\" content=\"https:\/\/www.meydan.tv\/wp-content\/uploads\/8447.png\" \/>\n\t<meta property=\"og:image:width\" content=\"419\" \/>\n\t<meta property=\"og:image:height\" content=\"300\" \/>\n\t<meta property=\"og:image:type\" content=\"image\/png\" \/>\n<meta name=\"twitter:card\" content=\"summary_large_image\" \/>\n<!-- \/ Yoast SEO plugin. -->","yoast_head_json":{"title":"M\u0259hbuslardan Tofiq Yaqubluya ba\u015fsa\u011fl\u0131\u011f\u0131 - MEYDAN.TV","robots":{"index":"index","follow":"follow","max-snippet":"max-snippet:-1","max-image-preview":"max-image-preview:large","max-video-preview":"max-video-preview:-1"},"canonical":"https:\/\/www.meydan.tv\/az\/article\/mehbuslardan-tofiq-yaqubluya-bassagligi\/","og_locale":"az_AZ","og_type":"article","og_title":"M\u0259hbuslardan Tofiq Yaqubluya ba\u015fsa\u011fl\u0131\u011f\u0131 - MEYDAN.TV","og_description":"\"V\u0259t\u0259np\u0259rv\u0259r Az\u0259rbaycan xan\u0131m\u0131n\u0131n, ham\u0131m\u0131z\u0131n \u00f6vlad\u0131m\u0131z kimi g\u00f6rd\u00fcy\u00fcm\u00fcz N\u0259rgiz q\u0131z\u0131m\u0131z\u0131n d\u00fcnyadan tez k\u00f6\u00e7m\u0259si bizi d\u0259 k\u0259d\u0259rl\u0259ndirib\"","og_url":"https:\/\/www.meydan.tv\/az\/article\/mehbuslardan-tofiq-yaqubluya-bassagligi\/","og_site_name":"MEYDAN.TV","article_published_time":"2015-04-25T15:54:20+00:00","og_image":[{"width":419,"height":300,"url":"https:\/\/www.meydan.tv\/wp-content\/uploads\/8447.png","type":"image\/png"}],"twitter_card":"summary_large_image","schema":{"@context":"https:\/\/schema.org","@graph":[{"@type":"Article","@id":"https:\/\/www.meydan.tv\/az\/article\/mehbuslardan-tofiq-yaqubluya-bassagligi\/#article","isPartOf":{"@id":"https:\/\/www.meydan.tv\/az\/article\/mehbuslardan-tofiq-yaqubluya-bassagligi\/"},"author":{"name":"user-manager","@id":"https:\/\/www.meydan.tv\/az\/#\/schema\/person\/10d11eccf6da3662cf5fdab9806ea91a"},"headline":"M\u0259hbuslardan Tofiq Yaqubluya ba\u015fsa\u011fl\u0131\u011f\u0131","datePublished":"2015-04-25T15:54:20+00:00","mainEntityOfPage":{"@id":"https:\/\/www.meydan.tv\/az\/article\/mehbuslardan-tofiq-yaqubluya-bassagligi\/"},"wordCount":295,"publisher":{"@id":"https:\/\/www.meydan.tv\/az\/#organization"},"image":{"@id":"https:\/\/www.meydan.tv\/az\/article\/mehbuslardan-tofiq-yaqubluya-bassagligi\/#primaryimage"},"thumbnailUrl":"https:\/\/www.meydan.tv\/wp-content\/uploads\/8447.png","articleSection":["X\u0259b\u0259rl\u0259r"],"inLanguage":"az"},{"@type":"WebPage","@id":"https:\/\/www.meydan.tv\/az\/article\/mehbuslardan-tofiq-yaqubluya-bassagligi\/","url":"https:\/\/www.meydan.tv\/az\/article\/mehbuslardan-tofiq-yaqubluya-bassagligi\/","name":"M\u0259hbuslardan Tofiq Yaqubluya ba\u015fsa\u011fl\u0131\u011f\u0131 - MEYDAN.TV","isPartOf":{"@id":"https:\/\/www.meydan.tv\/az\/#website"},"primaryImageOfPage":{"@id":"https:\/\/www.meydan.tv\/az\/article\/mehbuslardan-tofiq-yaqubluya-bassagligi\/#primaryimage"},"image":{"@id":"https:\/\/www.meydan.tv\/az\/article\/mehbuslardan-tofiq-yaqubluya-bassagligi\/#primaryimage"},"thumbnailUrl":"https:\/\/www.meydan.tv\/wp-content\/uploads\/8447.png","datePublished":"2015-04-25T15:54:20+00:00","breadcrumb":{"@id":"https:\/\/www.meydan.tv\/az\/article\/mehbuslardan-tofiq-yaqubluya-bassagligi\/#breadcrumb"},"inLanguage":"az","potentialAction":[{"@type":"ReadAction","target":["https:\/\/www.meydan.tv\/az\/article\/mehbuslardan-tofiq-yaqubluya-bassagligi\/"]}]},{"@type":"ImageObject","inLanguage":"az","@id":"https:\/\/www.meydan.tv\/az\/article\/mehbuslardan-tofiq-yaqubluya-bassagligi\/#primaryimage","url":"https:\/\/www.meydan.tv\/wp-content\/uploads\/8447.png","contentUrl":"https:\/\/www.meydan.tv\/wp-content\/uploads\/8447.png","width":419,"height":300,"caption":"Source:"},{"@type":"BreadcrumbList","@id":"https:\/\/www.meydan.tv\/az\/article\/mehbuslardan-tofiq-yaqubluya-bassagligi\/#breadcrumb","itemListElement":[{"@type":"ListItem","position":1,"name":"Ana s\u0259hif\u0259","item":"https:\/\/www.meydan.tv\/az\/"},{"@type":"ListItem","position":2,"name":"X\u0259b\u0259rl\u0259r","item":"https:\/\/www.meydan.tv\/az\/section\/xeberler\/"},{"@type":"ListItem","position":3,"name":"M\u0259hbuslardan Tofiq Yaqubluya ba\u015fsa\u011fl\u0131\u011f\u0131"}]},{"@type":"WebSite","@id":"https:\/\/www.meydan.tv\/az\/#website","url":"https:\/\/www.meydan.tv\/az\/","name":"MEYDAN.TV","description":"Meydan TV Az\u0259rbaycan\u0131n media m\u0259kan\u0131ndak\u0131 alternativ s\u0259sidir","publisher":{"@id":"https:\/\/www.meydan.tv\/az\/#organization"},"potentialAction":[{"@type":"SearchAction","target":{"@type":"EntryPoint","urlTemplate":"https:\/\/www.meydan.tv\/az\/?s={search_term_string}"},"query-input":{"@type":"PropertyValueSpecification","valueRequired":true,"valueName":"search_term_string"}}],"inLanguage":"az"},{"@type":"Organization","@id":"https:\/\/www.meydan.tv\/az\/#organization","name":"Meydan TV","url":"https:\/\/www.meydan.tv\/az\/","logo":{"@type":"ImageObject","inLanguage":"az","@id":"https:\/\/www.meydan.tv\/az\/#\/schema\/logo\/image\/","url":"https:\/\/www.meydan.tv\/wp-content\/uploads\/2021\/07\/meydan-logo.svg","contentUrl":"https:\/\/www.meydan.tv\/wp-content\/uploads\/2021\/07\/meydan-logo.svg","width":195,"height":46,"caption":"Meydan TV"},"image":{"@id":"https:\/\/www.meydan.tv\/az\/#\/schema\/logo\/image\/"}},{"@type":"Person","@id":"https:\/\/www.meydan.tv\/az\/#\/schema\/person\/10d11eccf6da3662cf5fdab9806ea91a","name":"user-manager"}]}},"_links":{"self":[{"href":"https:\/\/www.meydan.tv\/az\/wp-json\/wp\/v2\/posts\/167688","targetHints":{"allow":["GET"]}}],"collection":[{"href":"https:\/\/www.meydan.tv\/az\/wp-json\/wp\/v2\/posts"}],"about":[{"href":"https:\/\/www.meydan.tv\/az\/wp-json\/wp\/v2\/types\/post"}],"author":[{"embeddable":true,"href":"https:\/\/www.meydan.tv\/az\/wp-json\/wp\/v2\/users\/11"}],"replies":[{"embeddable":true,"href":"https:\/\/www.meydan.tv\/az\/wp-json\/wp\/v2\/comments?post=167688"}],"version-history":[{"count":0,"href":"https:\/\/www.meydan.tv\/az\/wp-json\/wp\/v2\/posts\/167688\/revisions"}],"wp:featuredmedia":[{"embeddable":true,"href":"https:\/\/www.meydan.tv\/az\/wp-json\/wp\/v2\/media\/23273"}],"wp:attachment":[{"href":"https:\/\/www.meydan.tv\/az\/wp-json\/wp\/v2\/media?parent=167688"}],"wp:term":[{"taxonomy":"category","embeddable":true,"href":"https:\/\/www.meydan.tv\/az\/wp-json\/wp\/v2\/categories?post=167688"},{"taxonomy":"post_tag","embeddable":true,"href":"https:\/\/www.meydan.tv\/az\/wp-json\/wp\/v2\/tags?post=167688"}],"curies":[{"name":"wp","href":"https:\/\/api.w.org\/{rel}","templated":true}]}}