{"id":167687,"date":"2015-04-25T01:11:32","date_gmt":"2015-04-25T01:11:32","guid":{"rendered":"https:\/\/www.meydan.tv\/article\/ilkin-rustemzadeye-qarsi-cinayet-isi-acilib\/"},"modified":"2015-04-25T01:11:32","modified_gmt":"2015-04-25T01:11:32","slug":"ilkin-rustemzadeye-qarsi-cinayet-isi-acilib","status":"publish","type":"post","link":"https:\/\/www.meydan.tv\/az\/article\/ilkin-rustemzadeye-qarsi-cinayet-isi-acilib\/","title":{"rendered":"\u0130lkin R\u00fcst\u0259mzad\u0259y\u0259 qar\u015f\u0131 cinay\u0259t i\u015fi a\u00e7\u0131l\u0131b"},"content":{"rendered":"<figure class=\"wp-block-image size-large\">\n  <img decoding=\"async\" src=\"https:\/\/www.meydan.tv\/az\/23270\/\" alt=\"\" class=\"wp-image-23270\"\/><figcaption><\/figcaption><\/figure>\n<\/p>\n<figure class=\"wp-block-image size-large\">\n  <img decoding=\"async\" src=\"https:\/\/www.meydan.tv\/az\/23270\/\" alt=\"\" class=\"wp-image-23270\"\/><figcaption><\/figcaption><\/figure>\n<p>\n  <b><br \/>\n    G\u0259nc f\u0259al\u0131n h\u0259bs m\u00fcdd\u0259ti 6 ay uzad\u0131la bil\u0259r<br \/>\n  <\/b>\n<\/p>\n<p>\n  N\u0130DA V\u0259t\u0259nda\u015f H\u0259r\u0259kat\u0131n\u0131n h\u0259bsd\u0259 olan \u00fczv\u00fc \u00a0\u0130lkin R\u00fcst\u0259mzad\u0259y\u0259 qar\u015f\u0131 Cinay\u0259t M\u0259c\u0259ll\u0259sinin 317-2.1-ci (<br \/>\n  <i><br \/>\n    C\u0259za\u00e7\u0259km\u0259 m\u00fc\u0259ssis\u0259l\u0259rind\u0259 v\u0259 ya istintaq t\u0259cridxanalar\u0131nda saxlan\u0131lan \u015f\u0259xs t\u0259r\u0259find\u0259n qada\u011fan olunmu\u015f \u0259\u015fyalar\u0131n haz\u0131rlanmas\u0131, saxlan\u0131lmas\u0131, g\u0259zdirilm\u0259si, da\u015f\u0131nmas\u0131 v\u0259 ya istifad\u0259si)<br \/>\n  <\/i><br \/>\n  <i><\/i><br \/>\n  madd\u0259si il\u0259 cinay\u0259t i\u015fi ba\u015flan\u0131l\u0131b. Bu bar\u0259d\u0259 g\u0259nc f\u0259al\u0131n v\u0259kili Fariz Namazl\u0131 Facebook s\u0259hif\u0259sind\u0259 m\u0259lumat yay\u0131b. O bildirib ki, \u0130.R\u00fcst\u0259mzad\u0259 \u00a0Bak\u0131 \u0130stintaq T\u0259cridxanas\u0131nda saxlan\u0131lan zaman qald\u0131\u011f\u0131 kamerada apar\u0131lan yoxlama zaman\u0131 k\u0259sici \u0259\u015fyan\u0131n tap\u0131lmas\u0131 fakt\u0131na g\u00f6r\u0259 \u018fdliyy\u0259 Nazirliyinin \u0130stintaq \u0130dar\u0259sind\u0259 cinay\u0259t i\u015fi a\u00e7\u0131l\u0131b. \u201c\u0130lkin R\u00fcst\u0259mzad\u0259 h\u0259l\u0259 ki, \u015fahid qismind\u0259 dindirilir. Amma o, hesab edir ki, bu i\u015f \u00fczr\u0259 t\u0259qsirl\u0259ndiril\u0259n \u015f\u0259xs qismind\u0259 c\u0259lb edil\u0259c\u0259k v\u0259 Bak\u0131 \u0130stintaq T\u0259cridxanas\u0131na k\u00f6\u00e7\u00fcr\u00fcl\u0259c\u0259k. Orada is\u0259 onu fiziki, m\u0259n\u0259vi i\u015fg\u0259nc\u0259l\u0259rin g\u00f6zl\u0259diyini ehtimal edir\u201d.\n<\/p>\n<p>\n  \u0130lkin R\u00fcst\u0259mzad\u0259 13 sayl\u0131 C\u0259za\u00e7\u0259km\u0259 M\u00fc\u0259ssis\u0259sind\u0259 h\u0259bs h\u0259yat\u0131 ya\u015fay\u0131r. O, kameras\u0131nda axtar\u0131\u015f apar\u0131lmas\u0131n\u0131 \u201c\u0130\u015f\u00e7i qrupuna K\u00fcrd\u0259xan\u0131dan sevgil\u0259rl\u0259\u201d ba\u015fl\u0131ql\u0131 k\u00f6\u015f\u0259 yaz\u0131s\u0131 il\u0259 \u0259laq\u0259ndirib. \u0130.R\u00fcst\u0259mzad\u0259 k\u00f6\u015f\u0259sind\u0259 siyasi m\u0259hbuslar \u00fcz\u0259rind\u0259n \u201calver \u201ced\u0259nl\u0259ri t\u0259nqid etmi\u015fdi. G\u0259nc f\u0259ala a\u00e7\u0131lan cinay\u0259t i\u015fi il\u0259 ba\u011fl\u0131 onun h\u0259bs m\u00fcdd\u0259ti 6 ay uzad\u0131la bil\u0259r.\n<\/p>\n<p>\n  \u0130lkin R\u00fcst\u0259mzad\u0259 \u00a0Cinay\u0259t M\u0259c\u0259ll\u0259sinin xuliqanl\u0131q, \u00a0cinay\u0259t\u0259 haz\u0131rl\u0131q, \u00a0k\u00fctl\u0259vi i\u011fti\u015fa\u015f madd\u0259l\u0259ri il\u0259 ittiham\u00a0olunub v\u0259 2014-c\u00fc ild\u0259 8 il m\u00fcdd\u0259tin\u0259 azadl\u0131qdan m\u0259hrum edilib. O, \u201cHarlem Shake\u201d videorolikini haz\u0131rlamaqda v\u0259 onu Youtube-a yerl\u0259\u015fdirm\u0259kd\u0259 ittiham olunur. \u0130stintaq bu h\u0259r\u0259k\u0259ti xuliqanl\u0131q kimi qiym\u0259tl\u0259ndirib.<\/p>\n","protected":false},"excerpt":{"rendered":"<p>G\u0259nc f\u0259al\u0131n h\u0259bs m\u00fcdd\u0259ti 6 ay uzad\u0131la bil\u0259r<\/p>\n","protected":false},"author":11,"featured_media":23270,"comment_status":"closed","ping_status":"open","sticky":false,"template":"","format":"standard","meta":{"_acf_changed":false,"_sitemap_exclude":false,"_sitemap_priority":"","_sitemap_frequency":"","footnotes":""},"categories":[56],"tags":[],"class_list":["post-167687","post","type-post","status-publish","format-standard","has-post-thumbnail","hentry","category-xeberler","infinite-scroll-item","generate-columns","tablet-grid-50","mobile-grid-100","grid-parent","grid-33","no-featured-image-padding"],"acf":[],"yoast_head":"<!-- This site is optimized with the Yoast SEO plugin v28.4 - https:\/\/yoast.com\/product\/yoast-seo-wordpress\/ -->\n<title>\u0130lkin R\u00fcst\u0259mzad\u0259y\u0259 qar\u015f\u0131 cinay\u0259t i\u015fi a\u00e7\u0131l\u0131b - MEYDAN.TV<\/title>\n<meta name=\"robots\" content=\"index, follow, max-snippet:-1, max-image-preview:large, max-video-preview:-1\" \/>\n<link rel=\"canonical\" href=\"https:\/\/www.meydan.tv\/az\/article\/ilkin-rustemzadeye-qarsi-cinayet-isi-acilib\/\" \/>\n<meta property=\"og:locale\" content=\"az_AZ\" \/>\n<meta property=\"og:type\" content=\"article\" \/>\n<meta property=\"og:title\" content=\"\u0130lkin R\u00fcst\u0259mzad\u0259y\u0259 qar\u015f\u0131 cinay\u0259t i\u015fi a\u00e7\u0131l\u0131b - MEYDAN.TV\" \/>\n<meta property=\"og:description\" content=\"G\u0259nc f\u0259al\u0131n h\u0259bs m\u00fcdd\u0259ti 6 ay uzad\u0131la bil\u0259r\" \/>\n<meta property=\"og:url\" content=\"https:\/\/www.meydan.tv\/az\/article\/ilkin-rustemzadeye-qarsi-cinayet-isi-acilib\/\" \/>\n<meta property=\"og:site_name\" content=\"MEYDAN.TV\" \/>\n<meta property=\"article:published_time\" content=\"2015-04-25T01:11:32+00:00\" \/>\n<meta property=\"og:image\" content=\"https:\/\/www.meydan.tv\/wp-content\/uploads\/8446.jpg\" \/>\n\t<meta property=\"og:image:width\" content=\"338\" \/>\n\t<meta property=\"og:image:height\" content=\"270\" \/>\n\t<meta property=\"og:image:type\" content=\"image\/jpeg\" \/>\n<meta name=\"twitter:card\" content=\"summary_large_image\" \/>\n<!-- \/ Yoast SEO plugin. -->","yoast_head_json":{"title":"\u0130lkin R\u00fcst\u0259mzad\u0259y\u0259 qar\u015f\u0131 cinay\u0259t i\u015fi a\u00e7\u0131l\u0131b - MEYDAN.TV","robots":{"index":"index","follow":"follow","max-snippet":"max-snippet:-1","max-image-preview":"max-image-preview:large","max-video-preview":"max-video-preview:-1"},"canonical":"https:\/\/www.meydan.tv\/az\/article\/ilkin-rustemzadeye-qarsi-cinayet-isi-acilib\/","og_locale":"az_AZ","og_type":"article","og_title":"\u0130lkin R\u00fcst\u0259mzad\u0259y\u0259 qar\u015f\u0131 cinay\u0259t i\u015fi a\u00e7\u0131l\u0131b - MEYDAN.TV","og_description":"G\u0259nc f\u0259al\u0131n h\u0259bs m\u00fcdd\u0259ti 6 ay uzad\u0131la bil\u0259r","og_url":"https:\/\/www.meydan.tv\/az\/article\/ilkin-rustemzadeye-qarsi-cinayet-isi-acilib\/","og_site_name":"MEYDAN.TV","article_published_time":"2015-04-25T01:11:32+00:00","og_image":[{"width":338,"height":270,"url":"https:\/\/www.meydan.tv\/wp-content\/uploads\/8446.jpg","type":"image\/jpeg"}],"twitter_card":"summary_large_image","schema":{"@context":"https:\/\/schema.org","@graph":[{"@type":"Article","@id":"https:\/\/www.meydan.tv\/az\/article\/ilkin-rustemzadeye-qarsi-cinayet-isi-acilib\/#article","isPartOf":{"@id":"https:\/\/www.meydan.tv\/az\/article\/ilkin-rustemzadeye-qarsi-cinayet-isi-acilib\/"},"author":{"name":"user-manager","@id":"https:\/\/www.meydan.tv\/az\/#\/schema\/person\/10d11eccf6da3662cf5fdab9806ea91a"},"headline":"\u0130lkin R\u00fcst\u0259mzad\u0259y\u0259 qar\u015f\u0131 cinay\u0259t i\u015fi a\u00e7\u0131l\u0131b","datePublished":"2015-04-25T01:11:32+00:00","mainEntityOfPage":{"@id":"https:\/\/www.meydan.tv\/az\/article\/ilkin-rustemzadeye-qarsi-cinayet-isi-acilib\/"},"wordCount":376,"publisher":{"@id":"https:\/\/www.meydan.tv\/az\/#organization"},"image":{"@id":"https:\/\/www.meydan.tv\/az\/article\/ilkin-rustemzadeye-qarsi-cinayet-isi-acilib\/#primaryimage"},"thumbnailUrl":"https:\/\/www.meydan.tv\/wp-content\/uploads\/8446.jpg","articleSection":["X\u0259b\u0259rl\u0259r"],"inLanguage":"az"},{"@type":"WebPage","@id":"https:\/\/www.meydan.tv\/az\/article\/ilkin-rustemzadeye-qarsi-cinayet-isi-acilib\/","url":"https:\/\/www.meydan.tv\/az\/article\/ilkin-rustemzadeye-qarsi-cinayet-isi-acilib\/","name":"\u0130lkin R\u00fcst\u0259mzad\u0259y\u0259 qar\u015f\u0131 cinay\u0259t i\u015fi a\u00e7\u0131l\u0131b - MEYDAN.TV","isPartOf":{"@id":"https:\/\/www.meydan.tv\/az\/#website"},"primaryImageOfPage":{"@id":"https:\/\/www.meydan.tv\/az\/article\/ilkin-rustemzadeye-qarsi-cinayet-isi-acilib\/#primaryimage"},"image":{"@id":"https:\/\/www.meydan.tv\/az\/article\/ilkin-rustemzadeye-qarsi-cinayet-isi-acilib\/#primaryimage"},"thumbnailUrl":"https:\/\/www.meydan.tv\/wp-content\/uploads\/8446.jpg","datePublished":"2015-04-25T01:11:32+00:00","breadcrumb":{"@id":"https:\/\/www.meydan.tv\/az\/article\/ilkin-rustemzadeye-qarsi-cinayet-isi-acilib\/#breadcrumb"},"inLanguage":"az","potentialAction":[{"@type":"ReadAction","target":["https:\/\/www.meydan.tv\/az\/article\/ilkin-rustemzadeye-qarsi-cinayet-isi-acilib\/"]}]},{"@type":"ImageObject","inLanguage":"az","@id":"https:\/\/www.meydan.tv\/az\/article\/ilkin-rustemzadeye-qarsi-cinayet-isi-acilib\/#primaryimage","url":"https:\/\/www.meydan.tv\/wp-content\/uploads\/8446.jpg","contentUrl":"https:\/\/www.meydan.tv\/wp-content\/uploads\/8446.jpg","width":338,"height":270,"caption":"Source:"},{"@type":"BreadcrumbList","@id":"https:\/\/www.meydan.tv\/az\/article\/ilkin-rustemzadeye-qarsi-cinayet-isi-acilib\/#breadcrumb","itemListElement":[{"@type":"ListItem","position":1,"name":"Ana s\u0259hif\u0259","item":"https:\/\/www.meydan.tv\/az\/"},{"@type":"ListItem","position":2,"name":"X\u0259b\u0259rl\u0259r","item":"https:\/\/www.meydan.tv\/az\/section\/xeberler\/"},{"@type":"ListItem","position":3,"name":"\u0130lkin R\u00fcst\u0259mzad\u0259y\u0259 qar\u015f\u0131 cinay\u0259t i\u015fi a\u00e7\u0131l\u0131b"}]},{"@type":"WebSite","@id":"https:\/\/www.meydan.tv\/az\/#website","url":"https:\/\/www.meydan.tv\/az\/","name":"MEYDAN.TV","description":"Meydan TV Az\u0259rbaycan\u0131n media m\u0259kan\u0131ndak\u0131 alternativ s\u0259sidir","publisher":{"@id":"https:\/\/www.meydan.tv\/az\/#organization"},"potentialAction":[{"@type":"SearchAction","target":{"@type":"EntryPoint","urlTemplate":"https:\/\/www.meydan.tv\/az\/?s={search_term_string}"},"query-input":{"@type":"PropertyValueSpecification","valueRequired":true,"valueName":"search_term_string"}}],"inLanguage":"az"},{"@type":"Organization","@id":"https:\/\/www.meydan.tv\/az\/#organization","name":"Meydan TV","url":"https:\/\/www.meydan.tv\/az\/","logo":{"@type":"ImageObject","inLanguage":"az","@id":"https:\/\/www.meydan.tv\/az\/#\/schema\/logo\/image\/","url":"https:\/\/www.meydan.tv\/wp-content\/uploads\/2021\/07\/meydan-logo.svg","contentUrl":"https:\/\/www.meydan.tv\/wp-content\/uploads\/2021\/07\/meydan-logo.svg","width":195,"height":46,"caption":"Meydan TV"},"image":{"@id":"https:\/\/www.meydan.tv\/az\/#\/schema\/logo\/image\/"}},{"@type":"Person","@id":"https:\/\/www.meydan.tv\/az\/#\/schema\/person\/10d11eccf6da3662cf5fdab9806ea91a","name":"user-manager"}]}},"_links":{"self":[{"href":"https:\/\/www.meydan.tv\/az\/wp-json\/wp\/v2\/posts\/167687","targetHints":{"allow":["GET"]}}],"collection":[{"href":"https:\/\/www.meydan.tv\/az\/wp-json\/wp\/v2\/posts"}],"about":[{"href":"https:\/\/www.meydan.tv\/az\/wp-json\/wp\/v2\/types\/post"}],"author":[{"embeddable":true,"href":"https:\/\/www.meydan.tv\/az\/wp-json\/wp\/v2\/users\/11"}],"replies":[{"embeddable":true,"href":"https:\/\/www.meydan.tv\/az\/wp-json\/wp\/v2\/comments?post=167687"}],"version-history":[{"count":0,"href":"https:\/\/www.meydan.tv\/az\/wp-json\/wp\/v2\/posts\/167687\/revisions"}],"wp:featuredmedia":[{"embeddable":true,"href":"https:\/\/www.meydan.tv\/az\/wp-json\/wp\/v2\/media\/23270"}],"wp:attachment":[{"href":"https:\/\/www.meydan.tv\/az\/wp-json\/wp\/v2\/media?parent=167687"}],"wp:term":[{"taxonomy":"category","embeddable":true,"href":"https:\/\/www.meydan.tv\/az\/wp-json\/wp\/v2\/categories?post=167687"},{"taxonomy":"post_tag","embeddable":true,"href":"https:\/\/www.meydan.tv\/az\/wp-json\/wp\/v2\/tags?post=167687"}],"curies":[{"name":"wp","href":"https:\/\/api.w.org\/{rel}","templated":true}]}}