{"id":167684,"date":"2015-04-24T20:27:40","date_gmt":"2015-04-24T20:27:40","guid":{"rendered":"https:\/\/www.meydan.tv\/article\/icra-bascisina-qarsi-bir-milyonluq-rusvet-iddiasi\/"},"modified":"2015-04-24T20:27:40","modified_gmt":"2015-04-24T20:27:40","slug":"icra-bascisina-qarsi-bir-milyonluq-rusvet-iddiasi","status":"publish","type":"post","link":"https:\/\/www.meydan.tv\/az\/article\/icra-bascisina-qarsi-bir-milyonluq-rusvet-iddiasi\/","title":{"rendered":"\u0130cra ba\u015f\u00e7\u0131s\u0131na qar\u015f\u0131 bir milyonluq r\u00fc\u015fv\u0259t iddias\u0131"},"content":{"rendered":"<figure class=\"wp-block-image size-large\">\n  <img decoding=\"async\" src=\"https:\/\/www.meydan.tv\/az\/23246\/\" alt=\"\" class=\"wp-image-23246\"\/><figcaption><\/figcaption><\/figure>\n<figure class=\"wp-block-image size-large\">\n  <img decoding=\"async\" src=\"https:\/\/www.meydan.tv\/az\/23246\/\" alt=\"\" class=\"wp-image-23246\"\/><figcaption><\/figcaption><\/figure>\n<p>\n  <i><br \/>\n    \u018fhliman S\u00fcleymanovun atas\u0131 b\u0259yan edir: &#8220;\u018fg\u0259r g\u00fcnah\u0131 o\u011flumun boynuna qoysalar, \u00f6z\u00fcm\u00fc Prezident Administrasiyas\u0131n\u0131n qar\u015f\u0131s\u0131nda yand\u0131racam&#8221;<br \/>\n  <\/i>\n<\/p>\n<p>\n  Aprelin 24-d\u0259 Bak\u0131 A\u011f\u0131r Cinay\u0259tl\u0259r M\u0259hk\u0259m\u0259sind\u0259 S\u0259bail rayon \u0130cra Hakimiyy\u0259tinin ba\u015f\u00e7\u0131s\u0131 Asif \u018fsg\u0259rovun 1998-ci il t\u0259v\u0259ll\u00fcdl\u00fc o\u011flu \u0130lham \u018fsg\u0259rlinin n\u00f6vb\u0259ti m\u0259hk\u0259m\u0259 prosesi ke\u00e7irilib.<\/p>\n<p>  &#8220;Azadl\u0131q&#8221; q\u0259zetinin prosesd\u0259 i\u015ftirak ed\u0259n \u0259m\u0259kda\u015f\u0131n\u0131n m\u0259lumat\u0131na g\u00f6r\u0259, s\u00f6hb\u0259t \u00f6t\u0259n il sentyabr\u0131n 29-da ba\u015f vermi\u015f v\u0259 &#8220;Mc Donald&#8217;s&#8221;\u0131n Bak\u0131 n\u00fcmay\u0259nd\u0259liyinin r\u0259hb\u0259ri Maqsud Mirz\u0259yevin o\u011flu S\u0259nan Mirz\u0259yevin \u00f6l\u00fcm\u00fcn\u0259 s\u0259b\u0259b olmu\u015f yol q\u0259zas\u0131 \u00fczr\u0259 m\u0259hk\u0259m\u0259 prosesind\u0259n gedir.\n<\/p>\n<p>\n  \u0130lham \u018fsg\u0259rlinin idar\u0259 etdiyi &#8220;Mercedes S500&#8221; markal\u0131 avtomobil Z\u0131\u011f-aeroport yolunda \u018fhliman S\u00fcleymanovun idar\u0259 etdiyi &#8220;Howo&#8221; markal\u0131 y\u00fck ma\u015f\u0131n\u0131 il\u0259 toqqu\u015fub. H\u0259min vaxt \u0130lham \u018fsg\u0259rlinin s\u00fcr\u00fcc\u00fcs\u00fc P\u0259rvin F\u0259tullayev d\u0259 ma\u015f\u0131nda olub. Q\u0259za n\u0259tic\u0259sind\u0259 \u0130lham \u018fsg\u0259rli \u00f6z\u00fc v\u0259 P\u0259rvin F\u0259tullayev x\u0259sar\u0259t al\u0131b, S\u0259nan Mirz\u0259yev is\u0259 d\u00fcnyas\u0131n\u0131 d\u0259yi\u015fib. \u0130lham \u018fsg\u0259rli il\u0259 yana\u015f\u0131, \u018fhliman S\u00fcleymanov da t\u0259qsirl\u0259ndiril\u0259n \u015f\u0259xs qismind\u0259 m\u0259hk\u0259m\u0259 qar\u015f\u0131s\u0131na \u00e7\u0131xar\u0131l\u0131b. Onlar\u0131n h\u0259r ikisinin bar\u0259sind\u0259 m\u0259hk\u0259m\u0259 h\u00f6km ver\u0259n\u0259 q\u0259d\u0259r ev dustaql\u0131\u011f\u0131 q\u0259timkan t\u0259dbiri se\u00e7ilib.<\/p>\n<p>  Prosesd\u0259 s\u0259n\u0259dl\u0259rin t\u0259dqiqi m\u0259rh\u0259l\u0259si ba\u015flan\u0131b.<\/p>\n<p>  \u0130lham \u018fsg\u0259rlinin v\u0259kili B\u0259yl\u0259r M\u0259mi\u015fov v\u0259sat\u0259t qald\u0131r\u0131b ki, t\u0259krar yol-n\u0259qliyyat ekspertizas\u0131 ke\u00e7irilsin. D\u00f6vl\u0259t ittiham\u00e7\u0131s\u0131 bu v\u0259sat\u0259ti m\u00fcdafi\u0259 edib.\n<\/p>\n<p>\n  Ba\u015f ver\u0259n hadis\u0259d\u0259 d\u00fcnyas\u0131n\u0131 d\u0259yi\u015f\u0259n S\u0259nan Mirz\u0259yevin atas\u0131, &#8220;Mc Donald&#8217;s&#8221;\u0131n Az\u0259rbaycan n\u00fcmay\u0259nd\u0259liyinin r\u0259hb\u0259ri Maqsud Mirz\u0259yev buna s\u0259rt reaksiya verib:<\/p>\n<p>  \u201cQ\u0259rar vermi\u015fdim ki, m\u0259hk\u0259m\u0259 m\u00fctl\u0259q \u00f6z\u00fcm\u00fcn i\u015ftirak\u0131mla ke\u00e7irilsin. \u0130ndi g\u00f6r\u00fcr\u0259m ki, n\u0259 q\u0259d\u0259r d\u00fczg\u00fcn q\u0259rar vermi\u015f\u0259m. M\u0259nim burda \u0259sas sual\u0131m Asif m\u00fc\u0259llim\u0259dir (icra ba\u015f\u00e7\u0131s\u0131 Asif \u018fsg\u0259rov \u2013 red.). Amma g\u00f6r\u00fcn\u00fcr, buralar onun s\u0259viyy\u0259sin\u0259 uy\u011fun deyil&#8230;<br \/>\n  <br \/>\n  Kimins\u0259 lotulu\u011fu, avto\u015flu\u011fu, s\u00fcr\u00fcc\u00fcl\u00fck v\u0259siq\u0259si olmadan avtomobil idar\u0259 etm\u0259si m\u0259nim u\u015fa\u011f\u0131m\u0131 \u0259limd\u0259n ald\u0131. \u0130lham \u018fsg\u0259rlinin v\u0259kili deyir ki, jurnalistl\u0259rin m\u0259hk\u0259m\u0259d\u0259n yazmas\u0131 m\u00fcdafi\u0259 etdiyi ail\u0259nin n\u00fcfuzuna z\u0259rb\u0259 vurub. B\u0259s bunlar\u0131n m\u0259nim ail\u0259m\u0259 vurdu\u011fu z\u0259rb\u0259 nec\u0259 olsun? \u018fg\u0259r burda i\u015f\u0259 obyektiv bax\u0131lmasa, yerli v\u0259 beyn\u0259lxalq median\u0131 toplay\u0131b m\u0259tbuat konfrans\u0131 ke\u00e7ir\u0259c\u0259m v\u0259 orda Asif m\u00fc\u0259llimin yan\u0131ma g\u0259l\u0259r\u0259k n\u0259 dediyini d\u0259 a\u00e7\u0131qlayacam. Asif m\u00fc\u0259llim demi\u015fdi ki, bils\u0259ydim proses cinay\u0259t i\u015fin\u0259, ekspertizaya gedib \u00e7\u0131xacaq, ba\u015fqa c\u00fcr h\u0259r\u0259k\u0259t ed\u0259rdim. G\u00f6r\u00fcn\u00fcr, indi ba\u015fqa c\u00fcr h\u0259r\u0259k\u0259t etm\u0259k ist\u0259yir. M\u0259n t\u0259krar ekspertizaya q\u0259ti etiraz edir\u0259m&#8221;.<\/p>\n<p>  Dig\u0259r t\u0259qsirl\u0259ndiril\u0259n \u018fhliman S\u00fcleymanovun v\u0259kili \u0130lqar Musayev d\u0259 v\u0259sat\u0259tin r\u0259dd edilm\u0259sini ist\u0259yib. Bildirib ki, Maqsud Mirz\u0259yevin fikirl\u0259ri il\u0259 birm\u0259nal\u0131 \u015f\u0259kild\u0259 raz\u0131d\u0131r. \u201cBura g\u0259tirdiyiniz yalan\u00e7\u0131 \u015fahidl\u0259rin ifad\u0259si kimi, bir d\u0259n\u0259 d\u0259 yalan\u00e7\u0131 r\u0259y al\u0131nacaq. Ekspertiza ke\u00e7irilm\u0259si o dem\u0259k olacaq ki, \u018fhliman qandallan\u0131b d\u0259mir barmaql\u0131qlar arxas\u0131na sal\u0131nacaq\u201d, &#8211; dey\u0259 o qeyd edib.<\/p>\n<p>  Etirazlara baxmayaraq, m\u0259hk\u0259m\u0259 t\u0259krar ekspertizan\u0131n ke\u00e7irilm\u0259si il\u0259 ba\u011fl\u0131 v\u0259sat\u0259ti t\u0259min edib. Proses qeyri-m\u00fc\u0259yy\u0259n vaxta &#8211; t\u0259krar ekspertiza r\u0259yi haz\u0131r olana q\u0259d\u0259r t\u0259xir\u0259 sal\u0131n\u0131b.<br \/>\n  <br \/>\n  Maqsud Mirz\u0259yev q\u0259rara etiraz edib. O, \u00fcz\u00fcn\u00fc d\u00f6vl\u0259t ittiham\u00e7\u0131s\u0131na tutaraq: \u201cM\u0259n yax\u015f\u0131 bilir\u0259m ki, Asif \u018fsg\u0259rov o\u011flunu m\u0259suliyy\u0259td\u0259n yay\u0131nd\u0131rmaq \u00fc\u00e7\u00fcn 1 milyon pul verib. \u0130ndi h\u0259r \u015fey d\u0259 ona uy\u011fun gedir&#8230;\u201d deyib v\u0259 m\u0259hk\u0259m\u0259 zal\u0131n\u0131 t\u0259rk edib.<\/p>\n<p>  \u018fhliman S\u00fcleymanovun atas\u0131 da q\u0259rara etiraz\u0131n\u0131 bildirib. O, b\u0259yan edib ki, \u0259g\u0259r icra ba\u015f\u00e7\u0131s\u0131n\u0131n o\u011flunu m\u0259suliyy\u0259td\u0259n yay\u0131nd\u0131rmaq \u00fc\u00e7\u00fcn g\u00fcnah\u0131 onun o\u011flunun boynuna qoysalar, \u00f6z\u00fcn\u00fc Prezident Administrasiyas\u0131n\u0131n qar\u015f\u0131s\u0131nda yand\u0131racaq.\n<\/p>\n<p>\n  \u00d6t\u0259n prosesl\u0259rd\u0259 Ilham \u018fsg\u0259rli ifad\u0259 ver\u0259r\u0259k, deyib ki, qar\u015f\u0131da ged\u0259n \u201cHowo\u201dnu \u00f6tm\u0259k ist\u0259y\u0259rk\u0259n, y\u00fck ma\u015f\u0131n\u0131 q\u0259fild\u0259n sa\u011fa d\u00f6n\u00fcb v\u0259 bu s\u0259b\u0259bd\u0259n hadis\u0259 ba\u015f verib. Onun s\u00f6zl\u0259rin\u0259 g\u00f6r\u0259, h\u0259min yerd\u0259 d\u0259mir mane\u0259l\u0259r g\u00f6t\u00fcr\u00fcl\u0259r\u0259k, qanunsuz d\u00f6nm\u0259k \u00fc\u00e7\u00fcn imkan yarad\u0131l\u0131b v\u0259 y\u00fck ma\u015f\u0131n\u0131 da oradan d\u00f6nm\u0259k ist\u0259yib.\n<\/p>\n<p><div>\n    \u018fhliman S\u00fcleymanov is\u0259 icra ba\u015f\u00e7\u0131s\u0131n\u0131n o\u011flunun dedikl\u0259rini t\u0259kzib edib. Deyib ki, h\u0259min vaxt \u015firk\u0259t\u0259 m\u0259xsus \u00fc\u00e7 y\u00fck ma\u015f\u0131n\u0131 bir-birinin ard\u0131nca h\u0259r\u0259k\u0259t edib: \u201cM\u0259nim arxamca Nurlan\u0131n, onun arxas\u0131nca is\u0259 Ayaz\u0131n s\u00fcrd\u00fcy\u00fc ma\u015f\u0131n g\u0259lirdi. M\u0259nim qar\u015f\u0131mda da bir \u201dZIL&#8221; gedirdi. M\u0259n yolun sa\u011f\u0131 il\u0259 50-60 km. s\u00fcr\u0259tl\u0259 gedirdim. Qar\u015f\u0131mdak\u0131 \u201cZIL\u201di ke\u00e7m\u0259k \u00fc\u00e7\u00fcn i\u015f\u0131qlar\u0131 yand\u0131r\u0131b, sola \u00e7\u0131x\u0131rd\u0131m. Bu vaxt arxadan s\u00fcr\u0259tl\u0259 g\u0259l\u0259n \u201cMercedes\u201din \u201cmarqat\u201d el\u0259yib, yol ist\u0259diyini g\u00f6rd\u00fcm. Yenid\u0259n \u201cpovarotnik\u201di sa\u011fa yand\u0131rd\u0131m ki, sa\u011fa \u00e7\u0131x\u0131b ona yol verim. H\u0259min vaxt avtomobil m\u0259nim ma\u015f\u0131n\u0131m\u0131n arxa sa\u011f t\u0259k\u0259rin\u0259 \u00e7\u0131rp\u0131ld\u0131. M\u0259nim sa\u011fda guya, hans\u0131sa ke\u00e7idd\u0259n d\u00f6nm\u0259k ist\u0259diyim bar\u0259d\u0259 deyil\u0259nl\u0259r do\u011fru deyil&#8221;.\n  <\/div>\n<\/p>\n<p><div><\/div>\n<\/p>\n<figure class=\"wp-block-image size-large\">\n  <img decoding=\"async\" src=\"https:\/\/www.meydan.tv\/az\/23249\/\" alt=\"\" class=\"wp-image-23249\"\/><figcaption><\/figcaption><\/figure>\n<p><div>\n    \u018fhliman S\u00fcleymanov onu da qeyd edib ki, \u201cMercedes\u201d saatda t\u0259xmin\u0259n 180-200-l\u0259 h\u0259r\u0259k\u0259t edirmi\u015f: \u201cO q\u0259d\u0259r b\u00f6y\u00fck s\u00fcr\u0259t vard\u0131 ki, z\u0259rb\u0259d\u0259n m\u0259nim s\u00fcrd\u00fcy\u00fcm 15 tonluq y\u00fck ma\u015f\u0131n\u0131n\u0131 qald\u0131r\u0131b, yol k\u0259nar\u0131ndak\u0131 d\u0259mirl\u0259ri s\u0131nd\u0131rmaqla qumsall\u0131\u011fa tullad\u0131.\n  <\/div>\n<\/p>\n<p><div><\/div>\n<\/p>\n<p><div>\n    M\u0259hk\u0259m\u0259 iclas\u0131nda \u015fahid ifad\u0259l\u0259ri d\u0259 dinl\u0259nilib. \u015eahid ifad\u0259l\u0259rind\u0259n d\u0259 m\u0259lum olub ki, Ilham \u018fsg\u0259rlinin idar\u0259 etdiyi avtomobil \u00e7ox y\u00fcks\u0259k s\u00fcr\u0259tl\u0259 h\u0259r\u0259k\u0259t edirmi\u015f. H\u0259m\u00e7inin \u015fahidl\u0259r T\u0259cili Tibbi Yard\u0131m\u0131n hadis\u0259 yerin\u0259 gec g\u0259ldiyini bildiribl\u0259r.\n  <\/div>\n<\/p>\n<p><div><\/div>\n<\/p>\n<p><div>\n    \u201cM\u0259n g\u0259l\u0259nd\u0259 yaral\u0131lar\u0131 \u00e7\u0131xarm\u0131\u015fd\u0131lar. Biri lap a\u011f\u0131r idi. T\u0259cili Yard\u0131m gec g\u0259ldiyi \u00fc\u00e7\u00fcn yaral\u0131lar\u0131 \u00f6z\u00fcm\u00fcz ma\u015f\u0131na qoyaraq, x\u0259st\u0259xanaya aparmaq ist\u0259s\u0259k d\u0259, polisl\u0259r icaz\u0259 verm\u0259di, dedil\u0259r ki, t\u0259cili yard\u0131m\u0131 g\u00f6zl\u0259m\u0259liyik\u201d, &#8211; dey\u0259 y\u00fck ma\u015f\u0131nlar\u0131n\u0131n m\u0259xsus oldu\u011fu \u015firk\u0259tin r\u0259hb\u0259ri, q\u0259zadan d\u0259rhal sonra hadis\u0259 yerin\u0259 g\u0259lmi\u015f Nizami Aslanov m\u0259hk\u0259m\u0259d\u0259 bildirib.\n  <\/div>\n<\/p>\n<p><div><\/div>\n<\/p>\n<p><div>\n    Hadis\u0259 ba\u015f ver\u0259rk\u0259n \u018fhliman S\u00fcleymanovun idar\u0259 etdiyi avtomobilin arxas\u0131nca h\u0259r\u0259k\u0259t ed\u0259n i\u015f yolda\u015f\u0131 Nurlan M\u0259mm\u0259dov ifad\u0259sind\u0259 g\u00f6st\u0259rib ki, q\u0259za ba\u015f ver\u0259rk\u0259n \u201cMercedes\u201d saatda t\u0259xmin\u0259n 180-200 km. s\u00fcr\u0259tl\u0259 gedirdi: \u201cM\u0259n \u018fhliman\u0131n arxas\u0131nca gedirdim. Aram\u0131zda t\u0259xmin\u0259n 50 metr m\u0259saf\u0259 olard\u0131. \u018fhliman\u0131n qar\u015f\u0131s\u0131nda is\u0259 \u201dZIL&#8221; gedirdi. \u018fhliman onu \u00f6tm\u0259k \u00fc\u00e7\u00fcn i\u015f\u0131qlar\u0131 yand\u0131r\u0131b sola \u00e7\u0131xd\u0131. Bu zaman arxadan s\u00fcr\u0259tl\u0259 g\u0259l\u0259n \u201cMercedes\u201d \u201cmarqat\u201d el\u0259yib yol ist\u0259di. H\u0259min vaxt \u201cMercedes\u201d m\u0259nd\u0259n d\u0259 t\u0259xmin\u0259n 200 metr arxada olard\u0131. Bunu g\u00f6r\u0259n \u018fhliman yenid\u0259n sa\u011f yola qay\u0131d\u0131b ona yol verm\u0259k ist\u0259di. \u201cMercedes\u201d o q\u0259d\u0259r s\u00fcr\u0259tl\u0259 g\u0259lirdi ki, m\u0259nd\u0259n d\u0259 200 metr arxada olan ma\u015f\u0131n bir ne\u00e7\u0259 saniy\u0259nin i\u00e7ind\u0259 \u018fhlimana \u00e7at\u0131b, sa\u011f t\u0259r\u0259fd\u0259n \u00f6tm\u0259k ist\u0259y\u0259nd\u0259 y\u00fck ma\u015f\u0131n\u0131n\u0131n sa\u011f arxa t\u0259k\u0259rin\u0259 \u00e7\u0131rp\u0131ld\u0131. T\u0259s\u0259vv\u00fcr edin, \u201cMercedes\u201d y\u00fck ma\u015f\u0131n\u0131n\u0131 bir t\u0259r\u0259fi \u00fcst\u0259 hava qald\u0131r\u0131b, yol k\u0259nar\u0131ndak\u0131 d\u0259mirl\u0259ri s\u0131nd\u0131rmaqla qumsall\u0131\u011fa atd\u0131. \u00d6z\u00fc is\u0259 arxas\u0131 d\u0259mir\u0259 t\u0259r\u0259f qalx\u0131b qald\u0131. \u201cMercedes\u201din m\u00fch\u0259rrik hiss\u0259sind\u0259 yan\u011f\u0131n ba\u015flad\u0131. M\u0259nim ma\u015f\u0131n\u0131mda su vard\u0131, t\u00f6k\u00fcb birt\u0259h\u0259r s\u00f6nd\u00fcrd\u00fck. Sonra yaral\u0131lar\u0131 \u00e7\u0131xard\u0131q. S\u00fcr\u00fcc\u00fc t\u0259r\u0259fd\u0259n qap\u0131 a\u00e7\u0131lmad\u0131. S\u00fcr\u00fcc\u00fcn\u00fcn yan\u0131nda \u0259yl\u0259\u015fmi\u015f cavan u\u015fa\u011f\u0131n v\u0259ziyy\u0259ti lap a\u011f\u0131r idi. Birinci onu \u00e7\u0131xartd\u0131q, sonra arxadan bir dolu o\u011flan\u0131 \u00e7\u0131xartd\u0131q. T\u0259cili yard\u0131m gec g\u0259ldi &#8211; t\u0259xmin\u0259n 40 d\u0259qiq\u0259y\u0259. Birinci g\u0259l\u0259n t\u0259cili yard\u0131m v\u0259ziyy\u0259ti a\u011f\u0131r olan\u0131 apard\u0131, ikinci g\u0259l\u0259n h\u0259min o dolu o\u011flan\u0131. Daha sonra qara r\u0259ngli bir avtomobil g\u0259ldi v\u0259 s\u00fcr\u00fcc\u00fcn\u00fc o apard\u0131&#8221;.\n  <\/div>\n<\/p>\n<p><div><\/div>\n<\/p>\n<p><div>\n    S\u00f6z\u00fcged\u0259n q\u0259zada o\u011flunu itirmi\u015f Maqsud Mirz\u0259yevl\u0259 \u015fahid aras\u0131nda bu yerd\u0259 bel\u0259 bir sual cavab olub:\n  <\/div>\n<\/p>\n<p><div>\n    <b><br \/>\n      &#8211; S\u00fcr\u00fcc\u00fcn\u00fc aparan n\u0259 ma\u015f\u0131n idi?<br \/>\n    <\/b>\n  <\/div>\n<\/p>\n<p><div><\/div>\n<\/p>\n<p><div>\n    &#8211; Dey\u0259s\u0259n, \u201cHyundai\u201d idi.\n  <\/div>\n<\/p>\n<p><div>\n    <b><br \/>\n      &#8211; H\u00f6kum\u0259t ma\u015f\u0131n\u0131 idi? Seriyas\u0131 \u201cAA\u201d idi?<br \/>\n    <\/b>\n  <\/div>\n<\/p>\n<p><div><\/div>\n<\/p>\n<p><div>\n    &#8211; B\u0259li.\n  <\/div>\n<\/p>\n<p><div><\/div>\n<\/p>\n<p><div>\n    Maqsud Mirz\u0259yev \u00f6t\u0259n m\u0259hk\u0259m\u0259 iclaslar\u0131nda da Asif \u018fsg\u0259rlinin yax\u0131nlar\u0131n\u0131n hadis\u0259d\u0259n sonra onun o\u011fluna f\u0259rqli m\u00fcnasib\u0259t g\u00f6st\u0259rm\u0259sind\u0259n gileyl\u0259nmi\u015fdi. Onun s\u00f6zl\u0259rin\u0259 g\u00f6r\u0259, Ilham \u018fsg\u0259rli v\u0259 s\u00fcr\u00fcc\u00fcs\u00fc \u0259vv\u0259lc\u0259 Kliniki Tibbi M\u0259rk\u0259z\u0259 (\u201cSema\u015fko\u201d), oradan da Istanbula apar\u0131l\u0131b. Amma onun o\u011flu Sabun\u00e7u X\u0259st\u0259xanas\u0131na apar\u0131l\u0131b v\u0259 orada da bax\u0131ms\u0131z, kims\u0259siz v\u0259ziyy\u0259td\u0259 qal\u0131b. Hadis\u0259 zaman\u0131 Nyu-Yorkda olmu\u015f Maqsud Mirz\u0259yevi naraz\u0131 salan da m\u0259hz budur.\n  <\/div><\/p>\n","protected":false},"excerpt":{"rendered":"<p>\u018fhliman S\u00fcleymanovun atas\u0131 b\u0259yan edir: &#8220;\u018fg\u0259r g\u00fcnah\u0131 o\u011flumun boynuna qoysalar, \u00f6z\u00fcm\u00fc Prezident Administrasiyas\u0131n\u0131n qar\u015f\u0131s\u0131nda yand\u0131racam&#8221;<\/p>\n","protected":false},"author":11,"featured_media":23246,"comment_status":"closed","ping_status":"open","sticky":false,"template":"","format":"standard","meta":{"_acf_changed":false,"_sitemap_exclude":false,"_sitemap_priority":"","_sitemap_frequency":"","footnotes":""},"categories":[56],"tags":[],"class_list":["post-167684","post","type-post","status-publish","format-standard","has-post-thumbnail","hentry","category-xeberler","infinite-scroll-item","generate-columns","tablet-grid-50","mobile-grid-100","grid-parent","grid-33","no-featured-image-padding"],"acf":[],"yoast_head":"<!-- This site is optimized with the Yoast SEO plugin v28.4 - https:\/\/yoast.com\/product\/yoast-seo-wordpress\/ -->\n<title>\u0130cra ba\u015f\u00e7\u0131s\u0131na qar\u015f\u0131 bir milyonluq r\u00fc\u015fv\u0259t iddias\u0131 - MEYDAN.TV<\/title>\n<meta name=\"robots\" content=\"index, follow, max-snippet:-1, max-image-preview:large, max-video-preview:-1\" \/>\n<link rel=\"canonical\" href=\"https:\/\/www.meydan.tv\/az\/article\/icra-bascisina-qarsi-bir-milyonluq-rusvet-iddiasi\/\" \/>\n<meta property=\"og:locale\" content=\"az_AZ\" \/>\n<meta property=\"og:type\" content=\"article\" \/>\n<meta property=\"og:title\" content=\"\u0130cra ba\u015f\u00e7\u0131s\u0131na qar\u015f\u0131 bir milyonluq r\u00fc\u015fv\u0259t iddias\u0131 - MEYDAN.TV\" \/>\n<meta property=\"og:description\" content=\"\u018fhliman S\u00fcleymanovun atas\u0131 b\u0259yan edir: &quot;\u018fg\u0259r g\u00fcnah\u0131 o\u011flumun boynuna qoysalar, \u00f6z\u00fcm\u00fc Prezident Administrasiyas\u0131n\u0131n qar\u015f\u0131s\u0131nda yand\u0131racam&quot;\" \/>\n<meta property=\"og:url\" content=\"https:\/\/www.meydan.tv\/az\/article\/icra-bascisina-qarsi-bir-milyonluq-rusvet-iddiasi\/\" \/>\n<meta property=\"og:site_name\" content=\"MEYDAN.TV\" \/>\n<meta property=\"article:published_time\" content=\"2015-04-24T20:27:40+00:00\" \/>\n<meta property=\"og:image\" content=\"https:\/\/www.meydan.tv\/wp-content\/uploads\/8439.jpg\" \/>\n\t<meta property=\"og:image:width\" content=\"590\" \/>\n\t<meta property=\"og:image:height\" content=\"360\" \/>\n\t<meta property=\"og:image:type\" content=\"image\/jpeg\" \/>\n<meta name=\"twitter:card\" content=\"summary_large_image\" \/>\n<!-- \/ Yoast SEO plugin. -->","yoast_head_json":{"title":"\u0130cra ba\u015f\u00e7\u0131s\u0131na qar\u015f\u0131 bir milyonluq r\u00fc\u015fv\u0259t iddias\u0131 - MEYDAN.TV","robots":{"index":"index","follow":"follow","max-snippet":"max-snippet:-1","max-image-preview":"max-image-preview:large","max-video-preview":"max-video-preview:-1"},"canonical":"https:\/\/www.meydan.tv\/az\/article\/icra-bascisina-qarsi-bir-milyonluq-rusvet-iddiasi\/","og_locale":"az_AZ","og_type":"article","og_title":"\u0130cra ba\u015f\u00e7\u0131s\u0131na qar\u015f\u0131 bir milyonluq r\u00fc\u015fv\u0259t iddias\u0131 - MEYDAN.TV","og_description":"\u018fhliman S\u00fcleymanovun atas\u0131 b\u0259yan edir: \"\u018fg\u0259r g\u00fcnah\u0131 o\u011flumun boynuna qoysalar, \u00f6z\u00fcm\u00fc Prezident Administrasiyas\u0131n\u0131n qar\u015f\u0131s\u0131nda yand\u0131racam\"","og_url":"https:\/\/www.meydan.tv\/az\/article\/icra-bascisina-qarsi-bir-milyonluq-rusvet-iddiasi\/","og_site_name":"MEYDAN.TV","article_published_time":"2015-04-24T20:27:40+00:00","og_image":[{"width":590,"height":360,"url":"https:\/\/www.meydan.tv\/wp-content\/uploads\/8439.jpg","type":"image\/jpeg"}],"twitter_card":"summary_large_image","schema":{"@context":"https:\/\/schema.org","@graph":[{"@type":"Article","@id":"https:\/\/www.meydan.tv\/az\/article\/icra-bascisina-qarsi-bir-milyonluq-rusvet-iddiasi\/#article","isPartOf":{"@id":"https:\/\/www.meydan.tv\/az\/article\/icra-bascisina-qarsi-bir-milyonluq-rusvet-iddiasi\/"},"author":{"name":"user-manager","@id":"https:\/\/www.meydan.tv\/az\/#\/schema\/person\/10d11eccf6da3662cf5fdab9806ea91a"},"headline":"\u0130cra ba\u015f\u00e7\u0131s\u0131na qar\u015f\u0131 bir milyonluq r\u00fc\u015fv\u0259t iddias\u0131","datePublished":"2015-04-24T20:27:40+00:00","mainEntityOfPage":{"@id":"https:\/\/www.meydan.tv\/az\/article\/icra-bascisina-qarsi-bir-milyonluq-rusvet-iddiasi\/"},"wordCount":1792,"publisher":{"@id":"https:\/\/www.meydan.tv\/az\/#organization"},"image":{"@id":"https:\/\/www.meydan.tv\/az\/article\/icra-bascisina-qarsi-bir-milyonluq-rusvet-iddiasi\/#primaryimage"},"thumbnailUrl":"https:\/\/www.meydan.tv\/wp-content\/uploads\/8439.jpg","articleSection":["X\u0259b\u0259rl\u0259r"],"inLanguage":"az"},{"@type":"WebPage","@id":"https:\/\/www.meydan.tv\/az\/article\/icra-bascisina-qarsi-bir-milyonluq-rusvet-iddiasi\/","url":"https:\/\/www.meydan.tv\/az\/article\/icra-bascisina-qarsi-bir-milyonluq-rusvet-iddiasi\/","name":"\u0130cra ba\u015f\u00e7\u0131s\u0131na qar\u015f\u0131 bir milyonluq r\u00fc\u015fv\u0259t iddias\u0131 - MEYDAN.TV","isPartOf":{"@id":"https:\/\/www.meydan.tv\/az\/#website"},"primaryImageOfPage":{"@id":"https:\/\/www.meydan.tv\/az\/article\/icra-bascisina-qarsi-bir-milyonluq-rusvet-iddiasi\/#primaryimage"},"image":{"@id":"https:\/\/www.meydan.tv\/az\/article\/icra-bascisina-qarsi-bir-milyonluq-rusvet-iddiasi\/#primaryimage"},"thumbnailUrl":"https:\/\/www.meydan.tv\/wp-content\/uploads\/8439.jpg","datePublished":"2015-04-24T20:27:40+00:00","breadcrumb":{"@id":"https:\/\/www.meydan.tv\/az\/article\/icra-bascisina-qarsi-bir-milyonluq-rusvet-iddiasi\/#breadcrumb"},"inLanguage":"az","potentialAction":[{"@type":"ReadAction","target":["https:\/\/www.meydan.tv\/az\/article\/icra-bascisina-qarsi-bir-milyonluq-rusvet-iddiasi\/"]}]},{"@type":"ImageObject","inLanguage":"az","@id":"https:\/\/www.meydan.tv\/az\/article\/icra-bascisina-qarsi-bir-milyonluq-rusvet-iddiasi\/#primaryimage","url":"https:\/\/www.meydan.tv\/wp-content\/uploads\/8439.jpg","contentUrl":"https:\/\/www.meydan.tv\/wp-content\/uploads\/8439.jpg","width":590,"height":360,"caption":"Source:"},{"@type":"BreadcrumbList","@id":"https:\/\/www.meydan.tv\/az\/article\/icra-bascisina-qarsi-bir-milyonluq-rusvet-iddiasi\/#breadcrumb","itemListElement":[{"@type":"ListItem","position":1,"name":"Ana s\u0259hif\u0259","item":"https:\/\/www.meydan.tv\/az\/"},{"@type":"ListItem","position":2,"name":"X\u0259b\u0259rl\u0259r","item":"https:\/\/www.meydan.tv\/az\/section\/xeberler\/"},{"@type":"ListItem","position":3,"name":"\u0130cra ba\u015f\u00e7\u0131s\u0131na qar\u015f\u0131 bir milyonluq r\u00fc\u015fv\u0259t iddias\u0131"}]},{"@type":"WebSite","@id":"https:\/\/www.meydan.tv\/az\/#website","url":"https:\/\/www.meydan.tv\/az\/","name":"MEYDAN.TV","description":"Meydan TV Az\u0259rbaycan\u0131n media m\u0259kan\u0131ndak\u0131 alternativ s\u0259sidir","publisher":{"@id":"https:\/\/www.meydan.tv\/az\/#organization"},"potentialAction":[{"@type":"SearchAction","target":{"@type":"EntryPoint","urlTemplate":"https:\/\/www.meydan.tv\/az\/?s={search_term_string}"},"query-input":{"@type":"PropertyValueSpecification","valueRequired":true,"valueName":"search_term_string"}}],"inLanguage":"az"},{"@type":"Organization","@id":"https:\/\/www.meydan.tv\/az\/#organization","name":"Meydan TV","url":"https:\/\/www.meydan.tv\/az\/","logo":{"@type":"ImageObject","inLanguage":"az","@id":"https:\/\/www.meydan.tv\/az\/#\/schema\/logo\/image\/","url":"https:\/\/www.meydan.tv\/wp-content\/uploads\/2021\/07\/meydan-logo.svg","contentUrl":"https:\/\/www.meydan.tv\/wp-content\/uploads\/2021\/07\/meydan-logo.svg","width":195,"height":46,"caption":"Meydan TV"},"image":{"@id":"https:\/\/www.meydan.tv\/az\/#\/schema\/logo\/image\/"}},{"@type":"Person","@id":"https:\/\/www.meydan.tv\/az\/#\/schema\/person\/10d11eccf6da3662cf5fdab9806ea91a","name":"user-manager"}]}},"_links":{"self":[{"href":"https:\/\/www.meydan.tv\/az\/wp-json\/wp\/v2\/posts\/167684","targetHints":{"allow":["GET"]}}],"collection":[{"href":"https:\/\/www.meydan.tv\/az\/wp-json\/wp\/v2\/posts"}],"about":[{"href":"https:\/\/www.meydan.tv\/az\/wp-json\/wp\/v2\/types\/post"}],"author":[{"embeddable":true,"href":"https:\/\/www.meydan.tv\/az\/wp-json\/wp\/v2\/users\/11"}],"replies":[{"embeddable":true,"href":"https:\/\/www.meydan.tv\/az\/wp-json\/wp\/v2\/comments?post=167684"}],"version-history":[{"count":0,"href":"https:\/\/www.meydan.tv\/az\/wp-json\/wp\/v2\/posts\/167684\/revisions"}],"wp:featuredmedia":[{"embeddable":true,"href":"https:\/\/www.meydan.tv\/az\/wp-json\/wp\/v2\/media\/23246"}],"wp:attachment":[{"href":"https:\/\/www.meydan.tv\/az\/wp-json\/wp\/v2\/media?parent=167684"}],"wp:term":[{"taxonomy":"category","embeddable":true,"href":"https:\/\/www.meydan.tv\/az\/wp-json\/wp\/v2\/categories?post=167684"},{"taxonomy":"post_tag","embeddable":true,"href":"https:\/\/www.meydan.tv\/az\/wp-json\/wp\/v2\/tags?post=167684"}],"curies":[{"name":"wp","href":"https:\/\/api.w.org\/{rel}","templated":true}]}}