{"id":167682,"date":"2015-04-24T19:42:00","date_gmt":"2015-04-24T19:42:00","guid":{"rendered":"https:\/\/www.meydan.tv\/article\/qiymetlerin-tenzimlenmesi-ucuz-derman-almaga-imkan-verecek\/"},"modified":"2015-04-24T19:42:00","modified_gmt":"2015-04-24T19:42:00","slug":"qiymetlerin-tenzimlenmesi-ucuz-derman-almaga-imkan-verecek","status":"publish","type":"post","link":"https:\/\/www.meydan.tv\/az\/article\/qiymetlerin-tenzimlenmesi-ucuz-derman-almaga-imkan-verecek\/","title":{"rendered":"&#8220;Qiym\u0259tl\u0259rin t\u0259nziml\u0259nm\u0259si ucuz d\u0259rman alma\u011fa imkan ver\u0259c\u0259k&#8221;"},"content":{"rendered":"<figure class=\"wp-block-image size-large\">\n  <img decoding=\"async\" src=\"https:\/\/www.meydan.tv\/az\/23252\/\" alt=\"\" class=\"wp-image-23252\"\/><figcaption><\/figcaption><\/figure>\n<figure class=\"wp-block-image size-large\">\n  <img decoding=\"async\" src=\"https:\/\/www.meydan.tv\/az\/23252\/\" alt=\"\" class=\"wp-image-23252\"\/><figcaption><\/figcaption><\/figure>\n<p>\n  <i><br \/>\n    V\u00fcqar Bayramov: &#8220;\u018fslind\u0259, bu, d\u0259rman bazar\u0131nda qiym\u0259t tavan\u0131n m\u00fc\u0259yy\u0259nl\u0259\u015fdirilm\u0259sidir&#8221;<br \/>\n  <\/i>\n<\/p>\n<p>\n  Nazirl\u0259r Kabinetinin q\u0259rar\u0131na g\u00f6r\u0259, d\u0259rman vasit\u0259l\u0259rinin ekspertiza xidm\u0259tl\u0259ri, d\u00f6vl\u0259t qeydiyyat\u0131na al\u0131nm\u0131\u015f d\u0259rman vasit\u0259l\u0259rinin qiym\u0259tl\u0259ri d\u00f6vl\u0259t t\u0259r\u0259find\u0259n t\u0259nziml\u0259n\u0259n mallar\u0131n siyah\u0131s\u0131na daxil edilib.\n<\/p>\n<p>\n  \u0130qtisad\u00e7\u0131 V\u00fcqar Bayramov deyir ki, Taarif \u015euras\u0131n\u0131n d\u0259rman preparatlar\u0131n\u0131n qiym\u0259tini t\u0259nziml\u0259nm\u0259sin\u0259 ba\u015flamas\u0131 s\u00f6z\u00fcged\u0259n bazarda m\u00fc\u015fahid\u0259 edil\u0259n y\u00fcks\u0259k v\u0259 daha \u00e7ox s\u00fcni xarakter da\u015f\u0131yan qiym\u0259tl\u0259r il\u0259 ba\u011fl\u0131d\u0131r. \u0130qtisad\u00e7\u0131 \u00f6z Facebook s\u0259hif\u0259sind\u0259 yaz\u0131b: &#8220;\u0130qtisad v\u0259 Sosial \u0130nki\u015faf M\u0259rk\u0259zinin apard\u0131\u011f\u0131 monitorinql\u0259r g\u00f6st\u0259rir ki, Az\u0259rbaycanda d\u0259rmanlar\u0131n qiym\u0259ti qon\u015fu \u00f6lk\u0259l\u0259r il\u0259 m\u00fcqayis\u0259d\u0259 xeyili y\u00fcks\u0259kdir. Bel\u0259 ki, ox\u015far d\u0259rman preparatlar\u0131n\u0131n Bak\u0131da qiym\u0259ti orta hesabla T\u00fcrkiy\u0259 il\u0259 m\u00fcqayis\u0259d\u0259 2, \u0130ran il\u0259 m\u00fcqayis\u0259d\u0259 2.5 d\u0259f\u0259 y\u00fcks\u0259kdir. Bizd\u0259 qiym\u0259tl\u0259r eyni zamanda dig\u0259r qon\u015fular\u0131m\u0131z Rusiya v\u0259 G\u00fcrc\u00fcstan il\u0259 m\u00fcqayis\u0259d\u0259 d\u0259 y\u00fcks\u0259k olaraq qal\u0131r&#8221;.\n<\/p>\n<p>\n  V\u00fcqar Bayramov deyir ki, \u00f6lk\u0259 prezidentinin \u00f6t\u0259n m\u00fc\u015favir\u0259d\u0259 d\u0259rmanlar\u0131n qiym\u0259tinin y\u00fcks\u0259k oldu\u011funu qeyd etm\u0259kl\u0259 tap\u015f\u0131r\u0131qlar\u0131n\u0131 verm\u0259si \u0259slind\u0259 s\u00f6z\u00fcged\u0259n bazarda qiym\u0259tl\u0259rin t\u0259nziml\u0259nm\u0259sini vacibliyini bir daha g\u00fcnd\u0259m\u0259 g\u0259tirmi\u015fdi: &#8220;Praktik olaraq, d\u0259rman bazar\u0131ndak\u0131 s\u00fcni qiym\u0259tl\u0259rin inzibati t\u0259nziml\u0259nm\u0259sin\u0259 ehtiyac var idi. Qiym\u0259tl\u0259rin Taarif \u015euras\u0131 t\u0259r\u0259find\u0259n t\u0259nziml\u0259nm\u0259si n\u0259yi d\u0259yi\u015f\u0259c\u0259k? \u018fslind\u0259, bu, d\u0259rman bazar\u0131nda qiym\u0259t tavan\u0131n m\u00fc\u0259yy\u0259nl\u0259\u015fdirilm\u0259sidir. Bu t\u0259cr\u00fcb\u0259d\u0259n f\u0259rqli bazarlar \u00fc\u00e7\u00fcn h\u0259tta inki\u015faf etmi\u015f \u00f6lk\u0259l\u0259rd\u0259, o c\u00fcml\u0259d\u0259n sosial deyil bazar iqtisdiyyat\u0131 il\u0259 t\u0259nziml\u0259n\u0259n AB\u015e-da t\u0259tbiq edilir. \u0130nzibati t\u0259ziml\u0259nm\u0259nin m\u00fcsb\u0259t t\u0259r\u0259fi ondad\u0131r ki, bu bazarda qiym\u0259t art\u0131mlar\u0131n\u0131n qar\u015f\u0131s\u0131n\u0131 alacaq. Bununla yana\u015f\u0131, qiym\u0259t t\u0259nziml\u0259nm\u0259sind\u0259 \u0259sas m\u0259qs\u0259d eyni zamanda endiriml\u0259r\u0259 nail olamqdan ibar\u0259t olmal\u0131d\u0131r. Bunun \u00fc\u00e7\u00fcn qiym\u0259tl\u0259ri t\u0259nziml\u0259n\u0259n h\u0259r bir d\u0259rman preparat\u0131n\u0131n maya d\u0259y\u0259rinin ayd\u0131n \u015f\u0259kild\u0259 hesablanmas\u0131 v\u0259 buna uy\u011fun qiym\u0259ti m\u00fc\u0259yy\u0259nl\u0259\u015fdirilm\u0259sin\u0259 ehtiyac var. T\u0259nziml\u0259n\u0259n qiym\u0259tl\u0259r \u0259halinin al\u0131c\u0131l\u0131q qabiliyy\u0259tin\u0259 uy\u011fun olmaqla yana\u015f\u0131 i\u015f adamlar\u0131n\u0131n g\u0259lirlilik s\u0259viyy\u0259sin\u0259 d\u0259 m\u0259nfi t\u0259sir g\u00f6st\u0259rm\u0259m\u0259lidir&#8221;.\n<\/p>\n<p>\n  \u0130qtisad\u00e7\u0131 hesab edir ki, qiym\u0259t t\u0259nziml\u0259nm\u0259si fonduna bazarda qiym\u0259tl\u0259rin \u0259l\u00e7atanl\u0131\u011f\u0131na nail olunmas\u0131 \u00fc\u00e7\u00fcn h\u0259m idxalda r\u0259qab\u0259tin g\u00fccl\u0259ndirilm\u0259si, h\u0259m d\u0259 yerli istehsal\u0131n geni\u015fl\u0259ndirilm\u0259si olduqca vacibdir: &#8220;Birinci qrup t\u0259dbirl\u0259r r\u0259qab\u0259t n\u0259tic\u0259sind\u0259 idxal olunan m\u0259hsullar\u0131n qiym\u0259tinin azalmas\u0131na, ikinci qrup t\u0259dbirl\u0259r is\u0259 idxaldan as\u0131ll\u0131\u011f\u0131n aradan qald\u0131r\u0131lmas\u0131 v\u0259 bazara ucuz m\u0259hsullar\u0131n daxil olmas\u0131na s\u0259b\u0259b olacaq. Bununla da, inzibat\u0131 t\u0259nziml\u0259nm\u0259 kompleks t\u0259dbirl\u0259r hesab\u0131na istehlak\u00e7\u0131lar\u0131n daha ucuz d\u0259rmanlar almas\u0131na imkan ver\u0259c\u0259k&#8221;.<\/p>\n","protected":false},"excerpt":{"rendered":"<p>V\u00fcqar Bayramov: &#8220;\u018fslind\u0259, bu, d\u0259rman bazar\u0131nda qiym\u0259t tavan\u0131n m\u00fc\u0259yy\u0259nl\u0259\u015fdirilm\u0259sidir&#8221;<\/p>\n","protected":false},"author":11,"featured_media":23252,"comment_status":"closed","ping_status":"open","sticky":false,"template":"","format":"standard","meta":{"_acf_changed":false,"_sitemap_exclude":false,"_sitemap_priority":"","_sitemap_frequency":"","footnotes":""},"categories":[56],"tags":[],"class_list":["post-167682","post","type-post","status-publish","format-standard","has-post-thumbnail","hentry","category-xeberler","infinite-scroll-item","generate-columns","tablet-grid-50","mobile-grid-100","grid-parent","grid-33","no-featured-image-padding"],"acf":[],"yoast_head":"<!-- This site is optimized with the Yoast SEO plugin v28.4 - https:\/\/yoast.com\/product\/yoast-seo-wordpress\/ -->\n<title>&quot;Qiym\u0259tl\u0259rin t\u0259nziml\u0259nm\u0259si ucuz d\u0259rman alma\u011fa imkan ver\u0259c\u0259k&quot; - MEYDAN.TV<\/title>\n<meta name=\"robots\" content=\"index, follow, max-snippet:-1, max-image-preview:large, max-video-preview:-1\" \/>\n<link rel=\"canonical\" href=\"https:\/\/www.meydan.tv\/az\/article\/qiymetlerin-tenzimlenmesi-ucuz-derman-almaga-imkan-verecek\/\" \/>\n<meta property=\"og:locale\" content=\"az_AZ\" \/>\n<meta property=\"og:type\" content=\"article\" \/>\n<meta property=\"og:title\" content=\"&quot;Qiym\u0259tl\u0259rin t\u0259nziml\u0259nm\u0259si ucuz d\u0259rman alma\u011fa imkan ver\u0259c\u0259k&quot; - MEYDAN.TV\" \/>\n<meta property=\"og:description\" content=\"V\u00fcqar Bayramov: &quot;\u018fslind\u0259, bu, d\u0259rman bazar\u0131nda qiym\u0259t tavan\u0131n m\u00fc\u0259yy\u0259nl\u0259\u015fdirilm\u0259sidir&quot;\" \/>\n<meta property=\"og:url\" content=\"https:\/\/www.meydan.tv\/az\/article\/qiymetlerin-tenzimlenmesi-ucuz-derman-almaga-imkan-verecek\/\" \/>\n<meta property=\"og:site_name\" content=\"MEYDAN.TV\" \/>\n<meta property=\"article:published_time\" content=\"2015-04-24T19:42:00+00:00\" \/>\n<meta property=\"og:image\" content=\"https:\/\/www.meydan.tv\/wp-content\/uploads\/8438.jpg\" \/>\n\t<meta property=\"og:image:width\" content=\"390\" \/>\n\t<meta property=\"og:image:height\" content=\"336\" \/>\n\t<meta property=\"og:image:type\" content=\"image\/jpeg\" \/>\n<meta name=\"twitter:card\" content=\"summary_large_image\" \/>\n<!-- \/ Yoast SEO plugin. -->","yoast_head_json":{"title":"\"Qiym\u0259tl\u0259rin t\u0259nziml\u0259nm\u0259si ucuz d\u0259rman alma\u011fa imkan ver\u0259c\u0259k\" - MEYDAN.TV","robots":{"index":"index","follow":"follow","max-snippet":"max-snippet:-1","max-image-preview":"max-image-preview:large","max-video-preview":"max-video-preview:-1"},"canonical":"https:\/\/www.meydan.tv\/az\/article\/qiymetlerin-tenzimlenmesi-ucuz-derman-almaga-imkan-verecek\/","og_locale":"az_AZ","og_type":"article","og_title":"\"Qiym\u0259tl\u0259rin t\u0259nziml\u0259nm\u0259si ucuz d\u0259rman alma\u011fa imkan ver\u0259c\u0259k\" - MEYDAN.TV","og_description":"V\u00fcqar Bayramov: \"\u018fslind\u0259, bu, d\u0259rman bazar\u0131nda qiym\u0259t tavan\u0131n m\u00fc\u0259yy\u0259nl\u0259\u015fdirilm\u0259sidir\"","og_url":"https:\/\/www.meydan.tv\/az\/article\/qiymetlerin-tenzimlenmesi-ucuz-derman-almaga-imkan-verecek\/","og_site_name":"MEYDAN.TV","article_published_time":"2015-04-24T19:42:00+00:00","og_image":[{"width":390,"height":336,"url":"https:\/\/www.meydan.tv\/wp-content\/uploads\/8438.jpg","type":"image\/jpeg"}],"twitter_card":"summary_large_image","schema":{"@context":"https:\/\/schema.org","@graph":[{"@type":"Article","@id":"https:\/\/www.meydan.tv\/az\/article\/qiymetlerin-tenzimlenmesi-ucuz-derman-almaga-imkan-verecek\/#article","isPartOf":{"@id":"https:\/\/www.meydan.tv\/az\/article\/qiymetlerin-tenzimlenmesi-ucuz-derman-almaga-imkan-verecek\/"},"author":{"name":"user-manager","@id":"https:\/\/www.meydan.tv\/az\/#\/schema\/person\/10d11eccf6da3662cf5fdab9806ea91a"},"headline":"&#8220;Qiym\u0259tl\u0259rin t\u0259nziml\u0259nm\u0259si ucuz d\u0259rman alma\u011fa imkan ver\u0259c\u0259k&#8221;","datePublished":"2015-04-24T19:42:00+00:00","mainEntityOfPage":{"@id":"https:\/\/www.meydan.tv\/az\/article\/qiymetlerin-tenzimlenmesi-ucuz-derman-almaga-imkan-verecek\/"},"wordCount":619,"publisher":{"@id":"https:\/\/www.meydan.tv\/az\/#organization"},"image":{"@id":"https:\/\/www.meydan.tv\/az\/article\/qiymetlerin-tenzimlenmesi-ucuz-derman-almaga-imkan-verecek\/#primaryimage"},"thumbnailUrl":"https:\/\/www.meydan.tv\/wp-content\/uploads\/8438.jpg","articleSection":["X\u0259b\u0259rl\u0259r"],"inLanguage":"az"},{"@type":"WebPage","@id":"https:\/\/www.meydan.tv\/az\/article\/qiymetlerin-tenzimlenmesi-ucuz-derman-almaga-imkan-verecek\/","url":"https:\/\/www.meydan.tv\/az\/article\/qiymetlerin-tenzimlenmesi-ucuz-derman-almaga-imkan-verecek\/","name":"\"Qiym\u0259tl\u0259rin t\u0259nziml\u0259nm\u0259si ucuz d\u0259rman alma\u011fa imkan ver\u0259c\u0259k\" - MEYDAN.TV","isPartOf":{"@id":"https:\/\/www.meydan.tv\/az\/#website"},"primaryImageOfPage":{"@id":"https:\/\/www.meydan.tv\/az\/article\/qiymetlerin-tenzimlenmesi-ucuz-derman-almaga-imkan-verecek\/#primaryimage"},"image":{"@id":"https:\/\/www.meydan.tv\/az\/article\/qiymetlerin-tenzimlenmesi-ucuz-derman-almaga-imkan-verecek\/#primaryimage"},"thumbnailUrl":"https:\/\/www.meydan.tv\/wp-content\/uploads\/8438.jpg","datePublished":"2015-04-24T19:42:00+00:00","breadcrumb":{"@id":"https:\/\/www.meydan.tv\/az\/article\/qiymetlerin-tenzimlenmesi-ucuz-derman-almaga-imkan-verecek\/#breadcrumb"},"inLanguage":"az","potentialAction":[{"@type":"ReadAction","target":["https:\/\/www.meydan.tv\/az\/article\/qiymetlerin-tenzimlenmesi-ucuz-derman-almaga-imkan-verecek\/"]}]},{"@type":"ImageObject","inLanguage":"az","@id":"https:\/\/www.meydan.tv\/az\/article\/qiymetlerin-tenzimlenmesi-ucuz-derman-almaga-imkan-verecek\/#primaryimage","url":"https:\/\/www.meydan.tv\/wp-content\/uploads\/8438.jpg","contentUrl":"https:\/\/www.meydan.tv\/wp-content\/uploads\/8438.jpg","width":390,"height":336,"caption":"Source:"},{"@type":"BreadcrumbList","@id":"https:\/\/www.meydan.tv\/az\/article\/qiymetlerin-tenzimlenmesi-ucuz-derman-almaga-imkan-verecek\/#breadcrumb","itemListElement":[{"@type":"ListItem","position":1,"name":"Ana s\u0259hif\u0259","item":"https:\/\/www.meydan.tv\/az\/"},{"@type":"ListItem","position":2,"name":"X\u0259b\u0259rl\u0259r","item":"https:\/\/www.meydan.tv\/az\/section\/xeberler\/"},{"@type":"ListItem","position":3,"name":"&#8220;Qiym\u0259tl\u0259rin t\u0259nziml\u0259nm\u0259si ucuz d\u0259rman alma\u011fa imkan ver\u0259c\u0259k&#8221;"}]},{"@type":"WebSite","@id":"https:\/\/www.meydan.tv\/az\/#website","url":"https:\/\/www.meydan.tv\/az\/","name":"MEYDAN.TV","description":"Meydan TV Az\u0259rbaycan\u0131n media m\u0259kan\u0131ndak\u0131 alternativ s\u0259sidir","publisher":{"@id":"https:\/\/www.meydan.tv\/az\/#organization"},"potentialAction":[{"@type":"SearchAction","target":{"@type":"EntryPoint","urlTemplate":"https:\/\/www.meydan.tv\/az\/?s={search_term_string}"},"query-input":{"@type":"PropertyValueSpecification","valueRequired":true,"valueName":"search_term_string"}}],"inLanguage":"az"},{"@type":"Organization","@id":"https:\/\/www.meydan.tv\/az\/#organization","name":"Meydan TV","url":"https:\/\/www.meydan.tv\/az\/","logo":{"@type":"ImageObject","inLanguage":"az","@id":"https:\/\/www.meydan.tv\/az\/#\/schema\/logo\/image\/","url":"https:\/\/www.meydan.tv\/wp-content\/uploads\/2021\/07\/meydan-logo.svg","contentUrl":"https:\/\/www.meydan.tv\/wp-content\/uploads\/2021\/07\/meydan-logo.svg","width":195,"height":46,"caption":"Meydan TV"},"image":{"@id":"https:\/\/www.meydan.tv\/az\/#\/schema\/logo\/image\/"}},{"@type":"Person","@id":"https:\/\/www.meydan.tv\/az\/#\/schema\/person\/10d11eccf6da3662cf5fdab9806ea91a","name":"user-manager"}]}},"_links":{"self":[{"href":"https:\/\/www.meydan.tv\/az\/wp-json\/wp\/v2\/posts\/167682","targetHints":{"allow":["GET"]}}],"collection":[{"href":"https:\/\/www.meydan.tv\/az\/wp-json\/wp\/v2\/posts"}],"about":[{"href":"https:\/\/www.meydan.tv\/az\/wp-json\/wp\/v2\/types\/post"}],"author":[{"embeddable":true,"href":"https:\/\/www.meydan.tv\/az\/wp-json\/wp\/v2\/users\/11"}],"replies":[{"embeddable":true,"href":"https:\/\/www.meydan.tv\/az\/wp-json\/wp\/v2\/comments?post=167682"}],"version-history":[{"count":0,"href":"https:\/\/www.meydan.tv\/az\/wp-json\/wp\/v2\/posts\/167682\/revisions"}],"wp:featuredmedia":[{"embeddable":true,"href":"https:\/\/www.meydan.tv\/az\/wp-json\/wp\/v2\/media\/23252"}],"wp:attachment":[{"href":"https:\/\/www.meydan.tv\/az\/wp-json\/wp\/v2\/media?parent=167682"}],"wp:term":[{"taxonomy":"category","embeddable":true,"href":"https:\/\/www.meydan.tv\/az\/wp-json\/wp\/v2\/categories?post=167682"},{"taxonomy":"post_tag","embeddable":true,"href":"https:\/\/www.meydan.tv\/az\/wp-json\/wp\/v2\/tags?post=167682"}],"curies":[{"name":"wp","href":"https:\/\/api.w.org\/{rel}","templated":true}]}}