{"id":167680,"date":"2015-04-24T18:42:57","date_gmt":"2015-04-24T18:42:57","guid":{"rendered":"https:\/\/www.meydan.tv\/article\/tofiq-yaqublu-ovladinin-yasina-buraxildi\/"},"modified":"2015-04-24T18:42:57","modified_gmt":"2015-04-24T18:42:57","slug":"tofiq-yaqublu-ovladinin-yasina-buraxildi","status":"publish","type":"post","link":"https:\/\/www.meydan.tv\/az\/article\/tofiq-yaqublu-ovladinin-yasina-buraxildi\/","title":{"rendered":"Tofiq Yaqublu \u00f6vlad\u0131n\u0131n yas\u0131na burax\u0131ld\u0131"},"content":{"rendered":"<figure class=\"wp-block-image size-large\">\n  <img decoding=\"async\" src=\"https:\/\/www.meydan.tv\/az\/23243\/\" alt=\"\" class=\"wp-image-23243\"\/><figcaption><\/figcaption><\/figure>\n<figure class=\"wp-block-image size-large\">\n  <img decoding=\"async\" src=\"https:\/\/www.meydan.tv\/az\/23243\/\" alt=\"\" class=\"wp-image-23243\"\/><figcaption><\/figcaption><\/figure>\n<p>\n  <i><br \/>\n    N\u0259rgiz Yaqublunun n\u0259\u015finin Az\u0259rbaycana c\u00fcm\u0259 g\u00fcn\u00fc ax\u015fam saatlar\u0131nda g\u0259tiril\u0259c\u0259yi, d\u0259fn m\u0259rasiminin aprelin 25-d\u0259 ke\u00e7iril\u0259c\u0259yi n\u0259z\u0259rd\u0259 tutulur<br \/>\n  <\/i>\n<\/p>\n<p>\n  Vicdan m\u0259hbusu, M\u00fcsavat Partiyas\u0131 ba\u015fqan\u0131n\u0131n m\u00fcavini Tofiq Yaqublu indil\u0259rd\u0259 h\u0259bsd\u0259 oldu\u011fu h\u0259bsxanadan m\u00fcv\u0259qq\u0259ti azadl\u0131\u011fa burax\u0131l\u0131b.\n<\/p>\n<p>\n  Bu haqda &#8220;Turan \u0130A&#8221;-a T.Yaqublunun v\u0259kili Nem\u0259t K\u0259rimli bildirib.\n<\/p>\n<p>\n  T.Yaqublu bu g\u00fcnl\u0259rd\u0259 Rusiyan\u0131n Tomsk \u015f\u0259h\u0259rind\u0259 d\u00fcnyas\u0131n\u0131 d\u0259yi\u015fmi\u015f q\u0131z\u0131 N\u0259rgiz Yaqublunun d\u0259fn v\u0259 h\u00fczr m\u0259rasimind\u0259 i\u015ftirak ed\u0259 bilm\u0259k \u00fc\u00e7\u00fcn bir h\u0259ft\u0259 m\u00fcdd\u0259tin\u0259 azad edilib.\n<\/p>\n<p>\n  N.Yaqublunun n\u0259\u015finin Az\u0259rbaycana c\u00fcm\u0259 g\u00fcn\u00fc ax\u015fam saatlar\u0131nda g\u0259tiril\u0259c\u0259yi, d\u0259fn m\u0259rasiminin aprelin 25-d\u0259 ke\u00e7iril\u0259c\u0259yi n\u0259z\u0259rd\u0259 tutulur.\n<\/p>\n<p>\n  T. Yaqublu 2013-c\u00fc ild\u0259 ba\u015f vermi\u015f \u201c\u0130smay\u0131ll\u0131 olaylar\u0131\u201dna g\u00f6r\u0259 h\u0259bs edilib. 5 il m\u00fcdd\u0259tin\u0259 azadl\u0131qdan m\u0259hrum olunub v\u0259 c\u0259zas\u0131n\u0131 13 sayl\u0131 h\u0259bsxanada \u00e7\u0259kir.<\/p>\n","protected":false},"excerpt":{"rendered":"<p>N\u0259rgiz Yaqublunun n\u0259\u015finin Az\u0259rbaycana c\u00fcm\u0259 g\u00fcn\u00fc ax\u015fam saatlar\u0131nda g\u0259tiril\u0259c\u0259yi, d\u0259fn m\u0259rasiminin aprelin 25-d\u0259 ke\u00e7iril\u0259c\u0259yi n\u0259z\u0259rd\u0259 tutulur<\/p>\n","protected":false},"author":11,"featured_media":23243,"comment_status":"closed","ping_status":"open","sticky":false,"template":"","format":"standard","meta":{"_acf_changed":false,"_sitemap_exclude":false,"_sitemap_priority":"","_sitemap_frequency":"","footnotes":""},"categories":[56],"tags":[],"class_list":["post-167680","post","type-post","status-publish","format-standard","has-post-thumbnail","hentry","category-xeberler","infinite-scroll-item","generate-columns","tablet-grid-50","mobile-grid-100","grid-parent","grid-33","no-featured-image-padding"],"acf":[],"yoast_head":"<!-- This site is optimized with the Yoast SEO plugin v28.4 - https:\/\/yoast.com\/product\/yoast-seo-wordpress\/ -->\n<title>Tofiq Yaqublu \u00f6vlad\u0131n\u0131n yas\u0131na burax\u0131ld\u0131 - MEYDAN.TV<\/title>\n<meta name=\"robots\" content=\"index, follow, max-snippet:-1, max-image-preview:large, max-video-preview:-1\" \/>\n<link rel=\"canonical\" href=\"https:\/\/www.meydan.tv\/az\/article\/tofiq-yaqublu-ovladinin-yasina-buraxildi\/\" \/>\n<meta property=\"og:locale\" content=\"az_AZ\" \/>\n<meta property=\"og:type\" content=\"article\" \/>\n<meta property=\"og:title\" content=\"Tofiq Yaqublu \u00f6vlad\u0131n\u0131n yas\u0131na burax\u0131ld\u0131 - MEYDAN.TV\" \/>\n<meta property=\"og:description\" content=\"N\u0259rgiz Yaqublunun n\u0259\u015finin Az\u0259rbaycana c\u00fcm\u0259 g\u00fcn\u00fc ax\u015fam saatlar\u0131nda g\u0259tiril\u0259c\u0259yi, d\u0259fn m\u0259rasiminin aprelin 25-d\u0259 ke\u00e7iril\u0259c\u0259yi n\u0259z\u0259rd\u0259 tutulur\" \/>\n<meta property=\"og:url\" content=\"https:\/\/www.meydan.tv\/az\/article\/tofiq-yaqublu-ovladinin-yasina-buraxildi\/\" \/>\n<meta property=\"og:site_name\" content=\"MEYDAN.TV\" \/>\n<meta property=\"article:published_time\" content=\"2015-04-24T18:42:57+00:00\" \/>\n<meta property=\"og:image\" content=\"https:\/\/www.meydan.tv\/wp-content\/uploads\/8437.jpg\" \/>\n\t<meta property=\"og:image:width\" content=\"300\" \/>\n\t<meta property=\"og:image:height\" content=\"400\" \/>\n\t<meta property=\"og:image:type\" content=\"image\/jpeg\" \/>\n<meta name=\"twitter:card\" content=\"summary_large_image\" \/>\n<!-- \/ Yoast SEO plugin. -->","yoast_head_json":{"title":"Tofiq Yaqublu \u00f6vlad\u0131n\u0131n yas\u0131na burax\u0131ld\u0131 - MEYDAN.TV","robots":{"index":"index","follow":"follow","max-snippet":"max-snippet:-1","max-image-preview":"max-image-preview:large","max-video-preview":"max-video-preview:-1"},"canonical":"https:\/\/www.meydan.tv\/az\/article\/tofiq-yaqublu-ovladinin-yasina-buraxildi\/","og_locale":"az_AZ","og_type":"article","og_title":"Tofiq Yaqublu \u00f6vlad\u0131n\u0131n yas\u0131na burax\u0131ld\u0131 - MEYDAN.TV","og_description":"N\u0259rgiz Yaqublunun n\u0259\u015finin Az\u0259rbaycana c\u00fcm\u0259 g\u00fcn\u00fc ax\u015fam saatlar\u0131nda g\u0259tiril\u0259c\u0259yi, d\u0259fn m\u0259rasiminin aprelin 25-d\u0259 ke\u00e7iril\u0259c\u0259yi n\u0259z\u0259rd\u0259 tutulur","og_url":"https:\/\/www.meydan.tv\/az\/article\/tofiq-yaqublu-ovladinin-yasina-buraxildi\/","og_site_name":"MEYDAN.TV","article_published_time":"2015-04-24T18:42:57+00:00","og_image":[{"width":300,"height":400,"url":"https:\/\/www.meydan.tv\/wp-content\/uploads\/8437.jpg","type":"image\/jpeg"}],"twitter_card":"summary_large_image","schema":{"@context":"https:\/\/schema.org","@graph":[{"@type":"Article","@id":"https:\/\/www.meydan.tv\/az\/article\/tofiq-yaqublu-ovladinin-yasina-buraxildi\/#article","isPartOf":{"@id":"https:\/\/www.meydan.tv\/az\/article\/tofiq-yaqublu-ovladinin-yasina-buraxildi\/"},"author":{"name":"user-manager","@id":"https:\/\/www.meydan.tv\/az\/#\/schema\/person\/10d11eccf6da3662cf5fdab9806ea91a"},"headline":"Tofiq Yaqublu \u00f6vlad\u0131n\u0131n yas\u0131na burax\u0131ld\u0131","datePublished":"2015-04-24T18:42:57+00:00","mainEntityOfPage":{"@id":"https:\/\/www.meydan.tv\/az\/article\/tofiq-yaqublu-ovladinin-yasina-buraxildi\/"},"wordCount":194,"publisher":{"@id":"https:\/\/www.meydan.tv\/az\/#organization"},"image":{"@id":"https:\/\/www.meydan.tv\/az\/article\/tofiq-yaqublu-ovladinin-yasina-buraxildi\/#primaryimage"},"thumbnailUrl":"https:\/\/www.meydan.tv\/wp-content\/uploads\/8437.jpg","articleSection":["X\u0259b\u0259rl\u0259r"],"inLanguage":"az"},{"@type":"WebPage","@id":"https:\/\/www.meydan.tv\/az\/article\/tofiq-yaqublu-ovladinin-yasina-buraxildi\/","url":"https:\/\/www.meydan.tv\/az\/article\/tofiq-yaqublu-ovladinin-yasina-buraxildi\/","name":"Tofiq Yaqublu \u00f6vlad\u0131n\u0131n yas\u0131na burax\u0131ld\u0131 - MEYDAN.TV","isPartOf":{"@id":"https:\/\/www.meydan.tv\/az\/#website"},"primaryImageOfPage":{"@id":"https:\/\/www.meydan.tv\/az\/article\/tofiq-yaqublu-ovladinin-yasina-buraxildi\/#primaryimage"},"image":{"@id":"https:\/\/www.meydan.tv\/az\/article\/tofiq-yaqublu-ovladinin-yasina-buraxildi\/#primaryimage"},"thumbnailUrl":"https:\/\/www.meydan.tv\/wp-content\/uploads\/8437.jpg","datePublished":"2015-04-24T18:42:57+00:00","breadcrumb":{"@id":"https:\/\/www.meydan.tv\/az\/article\/tofiq-yaqublu-ovladinin-yasina-buraxildi\/#breadcrumb"},"inLanguage":"az","potentialAction":[{"@type":"ReadAction","target":["https:\/\/www.meydan.tv\/az\/article\/tofiq-yaqublu-ovladinin-yasina-buraxildi\/"]}]},{"@type":"ImageObject","inLanguage":"az","@id":"https:\/\/www.meydan.tv\/az\/article\/tofiq-yaqublu-ovladinin-yasina-buraxildi\/#primaryimage","url":"https:\/\/www.meydan.tv\/wp-content\/uploads\/8437.jpg","contentUrl":"https:\/\/www.meydan.tv\/wp-content\/uploads\/8437.jpg","width":300,"height":400,"caption":"Source:"},{"@type":"BreadcrumbList","@id":"https:\/\/www.meydan.tv\/az\/article\/tofiq-yaqublu-ovladinin-yasina-buraxildi\/#breadcrumb","itemListElement":[{"@type":"ListItem","position":1,"name":"Ana s\u0259hif\u0259","item":"https:\/\/www.meydan.tv\/az\/"},{"@type":"ListItem","position":2,"name":"X\u0259b\u0259rl\u0259r","item":"https:\/\/www.meydan.tv\/az\/section\/xeberler\/"},{"@type":"ListItem","position":3,"name":"Tofiq Yaqublu \u00f6vlad\u0131n\u0131n yas\u0131na burax\u0131ld\u0131"}]},{"@type":"WebSite","@id":"https:\/\/www.meydan.tv\/az\/#website","url":"https:\/\/www.meydan.tv\/az\/","name":"MEYDAN.TV","description":"Meydan TV Az\u0259rbaycan\u0131n media m\u0259kan\u0131ndak\u0131 alternativ s\u0259sidir","publisher":{"@id":"https:\/\/www.meydan.tv\/az\/#organization"},"potentialAction":[{"@type":"SearchAction","target":{"@type":"EntryPoint","urlTemplate":"https:\/\/www.meydan.tv\/az\/?s={search_term_string}"},"query-input":{"@type":"PropertyValueSpecification","valueRequired":true,"valueName":"search_term_string"}}],"inLanguage":"az"},{"@type":"Organization","@id":"https:\/\/www.meydan.tv\/az\/#organization","name":"Meydan TV","url":"https:\/\/www.meydan.tv\/az\/","logo":{"@type":"ImageObject","inLanguage":"az","@id":"https:\/\/www.meydan.tv\/az\/#\/schema\/logo\/image\/","url":"https:\/\/www.meydan.tv\/wp-content\/uploads\/2021\/07\/meydan-logo.svg","contentUrl":"https:\/\/www.meydan.tv\/wp-content\/uploads\/2021\/07\/meydan-logo.svg","width":195,"height":46,"caption":"Meydan TV"},"image":{"@id":"https:\/\/www.meydan.tv\/az\/#\/schema\/logo\/image\/"}},{"@type":"Person","@id":"https:\/\/www.meydan.tv\/az\/#\/schema\/person\/10d11eccf6da3662cf5fdab9806ea91a","name":"user-manager"}]}},"_links":{"self":[{"href":"https:\/\/www.meydan.tv\/az\/wp-json\/wp\/v2\/posts\/167680","targetHints":{"allow":["GET"]}}],"collection":[{"href":"https:\/\/www.meydan.tv\/az\/wp-json\/wp\/v2\/posts"}],"about":[{"href":"https:\/\/www.meydan.tv\/az\/wp-json\/wp\/v2\/types\/post"}],"author":[{"embeddable":true,"href":"https:\/\/www.meydan.tv\/az\/wp-json\/wp\/v2\/users\/11"}],"replies":[{"embeddable":true,"href":"https:\/\/www.meydan.tv\/az\/wp-json\/wp\/v2\/comments?post=167680"}],"version-history":[{"count":0,"href":"https:\/\/www.meydan.tv\/az\/wp-json\/wp\/v2\/posts\/167680\/revisions"}],"wp:featuredmedia":[{"embeddable":true,"href":"https:\/\/www.meydan.tv\/az\/wp-json\/wp\/v2\/media\/23243"}],"wp:attachment":[{"href":"https:\/\/www.meydan.tv\/az\/wp-json\/wp\/v2\/media?parent=167680"}],"wp:term":[{"taxonomy":"category","embeddable":true,"href":"https:\/\/www.meydan.tv\/az\/wp-json\/wp\/v2\/categories?post=167680"},{"taxonomy":"post_tag","embeddable":true,"href":"https:\/\/www.meydan.tv\/az\/wp-json\/wp\/v2\/tags?post=167680"}],"curies":[{"name":"wp","href":"https:\/\/api.w.org\/{rel}","templated":true}]}}