{"id":167679,"date":"2015-04-24T18:29:27","date_gmt":"2015-04-24T18:29:27","guid":{"rendered":"https:\/\/www.meydan.tv\/article\/serhedsiz-reportyorlar-olland-eliyevden-jurnalistlerin-azad-olunmasini-teleb-etmelidir\/"},"modified":"2015-04-24T18:29:27","modified_gmt":"2015-04-24T18:29:27","slug":"serhedsiz-reportyorlar-olland-eliyevden-jurnalistlerin-azad-olunmasini-teleb-etmelidir","status":"publish","type":"post","link":"https:\/\/www.meydan.tv\/az\/article\/serhedsiz-reportyorlar-olland-eliyevden-jurnalistlerin-azad-olunmasini-teleb-etmelidir\/","title":{"rendered":"S\u0259rh\u0259dsiz Reportyorlar: Olland \u018fliyevd\u0259n jurnalistl\u0259rin azad olunmas\u0131n\u0131 t\u0259l\u0259b etm\u0259lidir"},"content":{"rendered":"<figure class=\"wp-block-image size-large\">\n  <img decoding=\"async\" src=\"https:\/\/www.meydan.tv\/az\/23240\/\" alt=\"\" class=\"wp-image-23240\"\/><figcaption><\/figcaption><\/figure>\n<figure class=\"wp-block-image size-large\">\n  <img decoding=\"async\" src=\"https:\/\/www.meydan.tv\/az\/23240\/\" alt=\"\" class=\"wp-image-23240\"\/><figcaption><\/figcaption><\/figure>\n<p>\n  <i><br \/>\n    &#8220;Biz Fransua Olland\u0131 Fransa n\u00fcmay\u0259nd\u0259 hey\u0259tinin oyunlar\u0131n a\u00e7\u0131l\u0131\u015f m\u0259rasimind\u0259 i\u015ftirak\u0131 \u00fc\u00e7\u00fcn h\u0259bs edilmi\u015f jurnalistl\u0259rin azad edilm\u0259sini \u015f\u0259rt qo\u015fma\u011fa \u00e7a\u011f\u0131r\u0131r\u0131q&#8221;<br \/>\n  <\/i>\n<\/p>\n<p>\n  \u201cS\u0259rh\u0259dsiz reportyorlar\u201d beyn\u0259lxalq m\u0259tbuat azadl\u0131\u011f\u0131n\u0131 m\u00fcdafi\u0259 t\u0259\u015fkilat\u0131 Fransan\u0131 Bak\u0131da Avropa Oyunlar\u0131n\u0131n a\u00e7\u0131l\u0131\u015f\u0131nda i\u015ftirak\u0131n\u0131 Az\u0259rbaycanda b\u00fct\u00fcn h\u0259bs edilmi\u015f jurnalistl\u0259rin azad edilm\u0259si il\u0259 \u0259laq\u0259l\u0259ndirm\u0259y\u0259 \u00e7a\u011f\u0131r\u0131r.\n<\/p>\n<p>\n  T\u0259\u015fkilat\u0131n b\u0259yanat\u0131nda deyilir ki, aprelin 25-d\u0259 prezident Fransua Olland \u0130lham \u018fliyevl\u0259 g\u00f6r\u00fc\u015f \u00fc\u00e7\u00fcn Bak\u0131ya s\u0259f\u0259r ed\u0259c\u0259k.\n<\/p>\n<p>\n  \u201cS\u0259rh\u0259dsiz reportyorlar\u201d onu h\u0259bs edilmi\u015f jurnalistl\u0259rin azad edilm\u0259sini v\u0259 h\u00f6kum\u0259t t\u0259nqid\u00e7il\u0259rinin t\u0259qibin\u0259 son qoyulmas\u0131n\u0131 t\u0259l\u0259b etm\u0259k \u00fc\u00e7\u00fcn bu imkandan istifad\u0259 etm\u0259y\u0259 \u00e7a\u011f\u0131r\u0131b. \u201cK\u0130V-d\u0259 pl\u00fcralizm l\u0259\u011fv edildikd\u0259n sonra Az\u0259rbaycan hakimiyy\u0259ti sistemli \u015f\u0259kild\u0259 azsayl\u0131 t\u0259nqid m\u0259nb\u0259l\u0259rini d\u0259 bo\u011fur\u201d, dey\u0259 SR-in proqramlar direktoru Lyusi Morillon bildirib.\n<\/p>\n<p>\n  \u201cAvropa Oyunlar\u0131 \u0259r\u0259f\u0259sind\u0259 qit\u0259nin liderl\u0259ri s\u00f6z azadl\u0131\u011f\u0131n\u0131n misli g\u00f6r\u00fcnm\u0259mi\u015f d\u0259r\u0259c\u0259d\u0259 pozulmas\u0131n\u0131 pisl\u0259m\u0259lidirl\u0259r. Biz Fransua Olland\u0131 Fransa n\u00fcmay\u0259nd\u0259 hey\u0259tinin oyunlar\u0131n a\u00e7\u0131l\u0131\u015f m\u0259rasimind\u0259 i\u015ftirak\u0131 \u00fc\u00e7\u00fcn h\u0259bs edilmi\u015f jurnalistl\u0259rin azad edilm\u0259sini \u015f\u0259rt qo\u015fma\u011fa \u00e7a\u011f\u0131r\u0131r\u0131q\u201d, dey\u0259 b\u0259yanatda bildirilir.\n<\/p>\n<p>\n  \u0130ki jurnalist dekabrda azad edilib, amma 8 dig\u0259r jurnalist v\u0259 d\u00f6rd onlayn-f\u0259al \u0259vv\u0259lki kimi saxta ittihamlarla h\u0259bsd\u0259dir, onlar aras\u0131nda m\u0259\u015fhur ara\u015fd\u0131rma\u00e7\u0131-jurnalist X\u0259dic\u0259 \u0130smay\u0131lova da var.\n<\/p>\n<p>\n  \u00dcmumilikd\u0259, Az\u0259rbaycanda 100-\u0259 yax\u0131n siyasi m\u0259hbus var. O c\u00fcml\u0259d\u0259n, h\u00fcquq m\u00fcdfi\u0259\u00e7il\u0259ri R\u0259sul C\u0259f\u0259rov v\u0259 \u0130ntiqam \u018fliyev \u00f6t\u0259n h\u0259ft\u0259 6,5 v\u0259 7,5 il m\u00fcdd\u0259tin\u0259 azadl\u0131qdan m\u0259hrum edilib. Az\u0259rbaycanda sonuncu m\u00fcst\u0259qil K\u0130V-l\u0259r hakimiyy\u0259t t\u0259r\u0259find\u0259n m\u00fcxt\u0259lif formal\u0131 t\u0259zyiql\u0259r n\u0259tic\u0259sind\u0259 bir-birinin ard\u0131nca f\u0259aliyy\u0259tini dayand\u0131r\u0131r. Onlar aras\u0131nda \u201cAzadl\u0131q\u201d radiosunun yerli b\u00fcrosu, \u201cZerkalo\u201d q\u0259zeti, habel\u0259 bir s\u0131ra dig\u0259r K\u0130V v\u0259 m\u0259buat azadl\u0131\u011f\u0131 sah\u0259sind\u0259 f\u0259aliyy\u0259t g\u00f6st\u0259r\u0259n QHT-l\u0259r var. X\u00fcsus\u0259n, g\u00fcnd\u0259lik \u201cAzadl\u0131q\u201d m\u00fcxalif\u0259t q\u0259zeti b\u00f6y\u00fck maliyy\u0259 t\u0259zyiqi alt\u0131ndad\u0131r, Reportyorlar\u0131n Azadl\u0131q v\u0259 T\u0259hl\u00fck\u0259sizlik \u0130nstitutunun r\u0259hb\u0259ri Emin H\u00fcseynov is\u0259 uzun aylard\u0131r \u0130sve\u00e7r\u0259nin Bak\u0131dak\u0131 s\u0259firliyind\u0259 gizl\u0259nm\u0259k m\u0259cburiyy\u0259tind\u0259dir.\n<\/p>\n<p>\n  \u201cQorxutma m\u00fchiti fiziki h\u00fccumlarla m\u00f6hk\u0259ml\u0259ndirilir, \u201csatq\u0131n\u201d v\u0259 ya \u201cxarici casus\u201d kimi b\u00f6htanlara m\u0259ruz qalan h\u00f6kum\u0259t t\u0259nqid\u00e7il\u0259rinin \u00fcnvan\u0131na \u015fantaj v\u0259 ittihamlar fonunda bu h\u00fccumlar c\u0259zas\u0131z olaraq qal\u0131r\u201d, dey\u0259 b\u0259yanatda bildirilir (Turan \u0130A).<\/p>\n","protected":false},"excerpt":{"rendered":"<p>&#8220;Biz Fransua Olland\u0131 Fransa n\u00fcmay\u0259nd\u0259 hey\u0259tinin oyunlar\u0131n a\u00e7\u0131l\u0131\u015f m\u0259rasimind\u0259 i\u015ftirak\u0131 \u00fc\u00e7\u00fcn h\u0259bs edilmi\u015f jurnalistl\u0259rin azad edilm\u0259sini \u015f\u0259rt qo\u015fma\u011fa \u00e7a\u011f\u0131r\u0131r\u0131q&#8221;<\/p>\n","protected":false},"author":11,"featured_media":23240,"comment_status":"closed","ping_status":"open","sticky":false,"template":"","format":"standard","meta":{"_acf_changed":false,"_sitemap_exclude":false,"_sitemap_priority":"","_sitemap_frequency":"","footnotes":""},"categories":[56],"tags":[],"class_list":["post-167679","post","type-post","status-publish","format-standard","has-post-thumbnail","hentry","category-xeberler","infinite-scroll-item","generate-columns","tablet-grid-50","mobile-grid-100","grid-parent","grid-33","no-featured-image-padding"],"acf":[],"yoast_head":"<!-- This site is optimized with the Yoast SEO plugin v28.4 - https:\/\/yoast.com\/product\/yoast-seo-wordpress\/ -->\n<title>S\u0259rh\u0259dsiz Reportyorlar: Olland \u018fliyevd\u0259n jurnalistl\u0259rin azad olunmas\u0131n\u0131 t\u0259l\u0259b etm\u0259lidir - MEYDAN.TV<\/title>\n<meta name=\"robots\" content=\"index, follow, max-snippet:-1, max-image-preview:large, max-video-preview:-1\" \/>\n<link rel=\"canonical\" href=\"https:\/\/www.meydan.tv\/az\/article\/serhedsiz-reportyorlar-olland-eliyevden-jurnalistlerin-azad-olunmasini-teleb-etmelidir\/\" \/>\n<meta property=\"og:locale\" content=\"az_AZ\" \/>\n<meta property=\"og:type\" content=\"article\" \/>\n<meta property=\"og:title\" content=\"S\u0259rh\u0259dsiz Reportyorlar: Olland \u018fliyevd\u0259n jurnalistl\u0259rin azad olunmas\u0131n\u0131 t\u0259l\u0259b etm\u0259lidir - MEYDAN.TV\" \/>\n<meta property=\"og:description\" content=\"&quot;Biz Fransua Olland\u0131 Fransa n\u00fcmay\u0259nd\u0259 hey\u0259tinin oyunlar\u0131n a\u00e7\u0131l\u0131\u015f m\u0259rasimind\u0259 i\u015ftirak\u0131 \u00fc\u00e7\u00fcn h\u0259bs edilmi\u015f jurnalistl\u0259rin azad edilm\u0259sini \u015f\u0259rt qo\u015fma\u011fa \u00e7a\u011f\u0131r\u0131r\u0131q&quot;\" \/>\n<meta property=\"og:url\" content=\"https:\/\/www.meydan.tv\/az\/article\/serhedsiz-reportyorlar-olland-eliyevden-jurnalistlerin-azad-olunmasini-teleb-etmelidir\/\" \/>\n<meta property=\"og:site_name\" content=\"MEYDAN.TV\" \/>\n<meta property=\"article:published_time\" content=\"2015-04-24T18:29:27+00:00\" \/>\n<meta property=\"og:image\" content=\"https:\/\/www.meydan.tv\/wp-content\/uploads\/8435.jpg\" \/>\n\t<meta property=\"og:image:width\" content=\"400\" \/>\n\t<meta property=\"og:image:height\" content=\"245\" \/>\n\t<meta property=\"og:image:type\" content=\"image\/jpeg\" \/>\n<meta name=\"twitter:card\" content=\"summary_large_image\" \/>\n<!-- \/ Yoast SEO plugin. -->","yoast_head_json":{"title":"S\u0259rh\u0259dsiz Reportyorlar: Olland \u018fliyevd\u0259n jurnalistl\u0259rin azad olunmas\u0131n\u0131 t\u0259l\u0259b etm\u0259lidir - MEYDAN.TV","robots":{"index":"index","follow":"follow","max-snippet":"max-snippet:-1","max-image-preview":"max-image-preview:large","max-video-preview":"max-video-preview:-1"},"canonical":"https:\/\/www.meydan.tv\/az\/article\/serhedsiz-reportyorlar-olland-eliyevden-jurnalistlerin-azad-olunmasini-teleb-etmelidir\/","og_locale":"az_AZ","og_type":"article","og_title":"S\u0259rh\u0259dsiz Reportyorlar: Olland \u018fliyevd\u0259n jurnalistl\u0259rin azad olunmas\u0131n\u0131 t\u0259l\u0259b etm\u0259lidir - MEYDAN.TV","og_description":"\"Biz Fransua Olland\u0131 Fransa n\u00fcmay\u0259nd\u0259 hey\u0259tinin oyunlar\u0131n a\u00e7\u0131l\u0131\u015f m\u0259rasimind\u0259 i\u015ftirak\u0131 \u00fc\u00e7\u00fcn h\u0259bs edilmi\u015f jurnalistl\u0259rin azad edilm\u0259sini \u015f\u0259rt qo\u015fma\u011fa \u00e7a\u011f\u0131r\u0131r\u0131q\"","og_url":"https:\/\/www.meydan.tv\/az\/article\/serhedsiz-reportyorlar-olland-eliyevden-jurnalistlerin-azad-olunmasini-teleb-etmelidir\/","og_site_name":"MEYDAN.TV","article_published_time":"2015-04-24T18:29:27+00:00","og_image":[{"width":400,"height":245,"url":"https:\/\/www.meydan.tv\/wp-content\/uploads\/8435.jpg","type":"image\/jpeg"}],"twitter_card":"summary_large_image","schema":{"@context":"https:\/\/schema.org","@graph":[{"@type":"Article","@id":"https:\/\/www.meydan.tv\/az\/article\/serhedsiz-reportyorlar-olland-eliyevden-jurnalistlerin-azad-olunmasini-teleb-etmelidir\/#article","isPartOf":{"@id":"https:\/\/www.meydan.tv\/az\/article\/serhedsiz-reportyorlar-olland-eliyevden-jurnalistlerin-azad-olunmasini-teleb-etmelidir\/"},"author":{"name":"user-manager","@id":"https:\/\/www.meydan.tv\/az\/#\/schema\/person\/10d11eccf6da3662cf5fdab9806ea91a"},"headline":"S\u0259rh\u0259dsiz Reportyorlar: Olland \u018fliyevd\u0259n jurnalistl\u0259rin azad olunmas\u0131n\u0131 t\u0259l\u0259b etm\u0259lidir","datePublished":"2015-04-24T18:29:27+00:00","mainEntityOfPage":{"@id":"https:\/\/www.meydan.tv\/az\/article\/serhedsiz-reportyorlar-olland-eliyevden-jurnalistlerin-azad-olunmasini-teleb-etmelidir\/"},"wordCount":520,"publisher":{"@id":"https:\/\/www.meydan.tv\/az\/#organization"},"image":{"@id":"https:\/\/www.meydan.tv\/az\/article\/serhedsiz-reportyorlar-olland-eliyevden-jurnalistlerin-azad-olunmasini-teleb-etmelidir\/#primaryimage"},"thumbnailUrl":"https:\/\/www.meydan.tv\/wp-content\/uploads\/8435.jpg","articleSection":["X\u0259b\u0259rl\u0259r"],"inLanguage":"az"},{"@type":"WebPage","@id":"https:\/\/www.meydan.tv\/az\/article\/serhedsiz-reportyorlar-olland-eliyevden-jurnalistlerin-azad-olunmasini-teleb-etmelidir\/","url":"https:\/\/www.meydan.tv\/az\/article\/serhedsiz-reportyorlar-olland-eliyevden-jurnalistlerin-azad-olunmasini-teleb-etmelidir\/","name":"S\u0259rh\u0259dsiz Reportyorlar: Olland \u018fliyevd\u0259n jurnalistl\u0259rin azad olunmas\u0131n\u0131 t\u0259l\u0259b etm\u0259lidir - MEYDAN.TV","isPartOf":{"@id":"https:\/\/www.meydan.tv\/az\/#website"},"primaryImageOfPage":{"@id":"https:\/\/www.meydan.tv\/az\/article\/serhedsiz-reportyorlar-olland-eliyevden-jurnalistlerin-azad-olunmasini-teleb-etmelidir\/#primaryimage"},"image":{"@id":"https:\/\/www.meydan.tv\/az\/article\/serhedsiz-reportyorlar-olland-eliyevden-jurnalistlerin-azad-olunmasini-teleb-etmelidir\/#primaryimage"},"thumbnailUrl":"https:\/\/www.meydan.tv\/wp-content\/uploads\/8435.jpg","datePublished":"2015-04-24T18:29:27+00:00","breadcrumb":{"@id":"https:\/\/www.meydan.tv\/az\/article\/serhedsiz-reportyorlar-olland-eliyevden-jurnalistlerin-azad-olunmasini-teleb-etmelidir\/#breadcrumb"},"inLanguage":"az","potentialAction":[{"@type":"ReadAction","target":["https:\/\/www.meydan.tv\/az\/article\/serhedsiz-reportyorlar-olland-eliyevden-jurnalistlerin-azad-olunmasini-teleb-etmelidir\/"]}]},{"@type":"ImageObject","inLanguage":"az","@id":"https:\/\/www.meydan.tv\/az\/article\/serhedsiz-reportyorlar-olland-eliyevden-jurnalistlerin-azad-olunmasini-teleb-etmelidir\/#primaryimage","url":"https:\/\/www.meydan.tv\/wp-content\/uploads\/8435.jpg","contentUrl":"https:\/\/www.meydan.tv\/wp-content\/uploads\/8435.jpg","width":400,"height":245,"caption":"Source:"},{"@type":"BreadcrumbList","@id":"https:\/\/www.meydan.tv\/az\/article\/serhedsiz-reportyorlar-olland-eliyevden-jurnalistlerin-azad-olunmasini-teleb-etmelidir\/#breadcrumb","itemListElement":[{"@type":"ListItem","position":1,"name":"Ana s\u0259hif\u0259","item":"https:\/\/www.meydan.tv\/az\/"},{"@type":"ListItem","position":2,"name":"X\u0259b\u0259rl\u0259r","item":"https:\/\/www.meydan.tv\/az\/section\/xeberler\/"},{"@type":"ListItem","position":3,"name":"S\u0259rh\u0259dsiz Reportyorlar: Olland \u018fliyevd\u0259n jurnalistl\u0259rin azad olunmas\u0131n\u0131 t\u0259l\u0259b etm\u0259lidir"}]},{"@type":"WebSite","@id":"https:\/\/www.meydan.tv\/az\/#website","url":"https:\/\/www.meydan.tv\/az\/","name":"MEYDAN.TV","description":"Meydan TV Az\u0259rbaycan\u0131n media m\u0259kan\u0131ndak\u0131 alternativ s\u0259sidir","publisher":{"@id":"https:\/\/www.meydan.tv\/az\/#organization"},"potentialAction":[{"@type":"SearchAction","target":{"@type":"EntryPoint","urlTemplate":"https:\/\/www.meydan.tv\/az\/?s={search_term_string}"},"query-input":{"@type":"PropertyValueSpecification","valueRequired":true,"valueName":"search_term_string"}}],"inLanguage":"az"},{"@type":"Organization","@id":"https:\/\/www.meydan.tv\/az\/#organization","name":"Meydan TV","url":"https:\/\/www.meydan.tv\/az\/","logo":{"@type":"ImageObject","inLanguage":"az","@id":"https:\/\/www.meydan.tv\/az\/#\/schema\/logo\/image\/","url":"https:\/\/www.meydan.tv\/wp-content\/uploads\/2021\/07\/meydan-logo.svg","contentUrl":"https:\/\/www.meydan.tv\/wp-content\/uploads\/2021\/07\/meydan-logo.svg","width":195,"height":46,"caption":"Meydan TV"},"image":{"@id":"https:\/\/www.meydan.tv\/az\/#\/schema\/logo\/image\/"}},{"@type":"Person","@id":"https:\/\/www.meydan.tv\/az\/#\/schema\/person\/10d11eccf6da3662cf5fdab9806ea91a","name":"user-manager"}]}},"_links":{"self":[{"href":"https:\/\/www.meydan.tv\/az\/wp-json\/wp\/v2\/posts\/167679","targetHints":{"allow":["GET"]}}],"collection":[{"href":"https:\/\/www.meydan.tv\/az\/wp-json\/wp\/v2\/posts"}],"about":[{"href":"https:\/\/www.meydan.tv\/az\/wp-json\/wp\/v2\/types\/post"}],"author":[{"embeddable":true,"href":"https:\/\/www.meydan.tv\/az\/wp-json\/wp\/v2\/users\/11"}],"replies":[{"embeddable":true,"href":"https:\/\/www.meydan.tv\/az\/wp-json\/wp\/v2\/comments?post=167679"}],"version-history":[{"count":0,"href":"https:\/\/www.meydan.tv\/az\/wp-json\/wp\/v2\/posts\/167679\/revisions"}],"wp:featuredmedia":[{"embeddable":true,"href":"https:\/\/www.meydan.tv\/az\/wp-json\/wp\/v2\/media\/23240"}],"wp:attachment":[{"href":"https:\/\/www.meydan.tv\/az\/wp-json\/wp\/v2\/media?parent=167679"}],"wp:term":[{"taxonomy":"category","embeddable":true,"href":"https:\/\/www.meydan.tv\/az\/wp-json\/wp\/v2\/categories?post=167679"},{"taxonomy":"post_tag","embeddable":true,"href":"https:\/\/www.meydan.tv\/az\/wp-json\/wp\/v2\/tags?post=167679"}],"curies":[{"name":"wp","href":"https:\/\/api.w.org\/{rel}","templated":true}]}}