{"id":167678,"date":"2015-04-24T18:10:58","date_gmt":"2015-04-24T18:10:58","guid":{"rendered":"https:\/\/www.meydan.tv\/article\/turkiye-canaqqala-doyusunun-100-illiyini-qeyd-edir\/"},"modified":"2015-04-24T18:10:58","modified_gmt":"2015-04-24T18:10:58","slug":"turkiye-canaqqala-doyusunun-100-illiyini-qeyd-edir","status":"publish","type":"post","link":"https:\/\/www.meydan.tv\/az\/article\/turkiye-canaqqala-doyusunun-100-illiyini-qeyd-edir\/","title":{"rendered":"T\u00fcrkiy\u0259 Canaqqala d\u00f6y\u00fc\u015f\u00fcn\u00fcn 100 illiyini qeyd edir"},"content":{"rendered":"<figure class=\"wp-block-image size-large\">\n  <img decoding=\"async\" src=\"https:\/\/www.meydan.tv\/az\/23237\/\" alt=\"\" class=\"wp-image-23237\"\/><figcaption><\/figcaption><\/figure>\n<figure class=\"wp-block-image size-large\">\n  <img decoding=\"async\" src=\"https:\/\/www.meydan.tv\/az\/23237\/\" alt=\"\" class=\"wp-image-23237\"\/><figcaption><\/figcaption><\/figure>\n<p>\n  <i><br \/>\n    T\u0259dbir\u0259 102 \u00f6lk\u0259nin d\u00f6vl\u0259t v\u0259 h\u00f6kum\u0259t ba\u015f\u00e7\u0131lar\u0131 d\u0259v\u0259t edilib<br \/>\n  <\/i>\n<\/p>\n<p>\n  Aprelin 24-d\u0259 T\u00fcrkiy\u0259 \u00c7anaqqala d\u00f6y\u00fc\u015f\u00fcn\u00fcn 100 illiyini qeyd edir. D\u00f6y\u00fc\u015fl\u0259r zaman\u0131 T\u00fcrkiy\u0259 v\u0259 h\u0259rbi koalisiya \u00f6lk\u0259l\u0259ri \u2013 Britaniya, Fransa, Yeni Zelandiya, Avstraliyan\u0131n 120 min \u0259sg\u0259r v\u0259 zabiti h\u0259yat\u0131n\u0131 itirib.\n<\/p>\n<p>\n  1915-ci ild\u0259 T\u00fcrkiy\u0259nin Qallipoli yar\u0131madas\u0131 u\u011frunda sava\u015f Birinci D\u00fcnya M\u00fcharib\u0259sinin lokal d\u00f6y\u00fc\u015fl\u0259rind\u0259n biri idi, lakin t\u00fcrk d\u00f6vl\u0259t\u00e7iliyi \u00fc\u00e7\u00fcn m\u00fch\u00fcm \u00f6n\u0259m da\u015f\u0131y\u0131rd\u0131. B\u00f6y\u00fck Britaniya admirall\u0131\u011f\u0131n\u0131n birinci lordu Uinston \u00c7\u00f6r\u00e7ilin hazrlad\u0131\u011f\u0131 qanl\u0131 d\u00f6y\u00fc\u015fl\u0259r Mustafa Kamal Pa\u015fan\u0131n (Atat\u00fcrk, T\u00fcrkiy\u0259 Respublikas\u0131n\u0131n ilk prezidenti) komandanl\u0131q etdiyi t\u00fcrkl\u0259rin q\u0259l\u0259b\u0259si il\u0259 ba\u015fa \u00e7at\u0131b.\n<\/p>\n<p>\n  Onun \u0259sg\u0259rl\u0259r\u0259: \u201cM\u0259n siz\u0259 h\u00fccuma ke\u00e7m\u0259yi \u0259mr etmir\u0259m, m\u0259n siz\u0259 \u00f6lm\u0259yi \u0259mr edir\u0259m\u201d \u00e7a\u011f\u0131r\u0131\u015f\u0131 t\u00fcrkl\u0259rin q\u0259hr\u0259mancas\u0131na m\u00fcqavim\u0259t g\u00f6st\u0259rm\u0259sinin apofeozu olub.\n<\/p>\n<p>\n  M\u00fctt\u0259fiq qo\u015funlar t\u00fcrkl\u0259rin g\u00f6r\u00fcnm\u0259mi\u015f m\u00fcqavim\u0259tini q\u0131ra bilm\u0259y\u0259r\u0259k, qar\u015f\u0131ya qoyulan v\u0259zif\u0259ni \u2013 Bosfor v\u0259 Dardanel bo\u011fazlar\u0131n\u0131, h\u0259m\u00e7inin \u0130stanbulu \u0259l\u0259 ke\u00e7irm\u0259k \u2013 yerin\u0259 yetir\u0259 bilm\u0259yibl\u0259r.\n<\/p>\n<p>\n  U\u011fursuz \u0259m\u0259liyyatdan sonra xarici qo\u015funlar T\u00fcrkiy\u0259 \u0259razisini t\u0259rk etm\u0259y\u0259 m\u0259cbur olublar.\n<\/p>\n<p>\n  T\u00fcrkiy\u0259 prezidenti R\u0259c\u0259b Tayyip \u018frdo\u011fan 102 \u00f6lk\u0259d\u0259n d\u00f6vl\u0259t v\u0259 h\u00f6kum\u0259t ba\u015f\u00e7\u0131lar\u0131n\u0131, o c\u00fcml\u0259d\u0259n Erm\u0259nistan prezidenti Serj Sarkisyan\u0131 \u00c7anaqqala d\u00f6y\u00fc\u015f\u00fcn\u00fcn 100 iliiyi il\u0259 ba\u011fl\u0131 t\u0259dbirl\u0259r\u0259 d\u0259v\u0259t edib. Lakin S.Sarkisyan Osmanl\u0131 imperiyas\u0131nda erm\u0259nil\u0259rin k\u00fctl\u0259vi q\u0259tl\u0259 yetirilm\u0259sinin 100 illiyi il\u0259 \u0259laq\u0259dar d\u0259v\u0259ti q\u0259bul etm\u0259yib.\n<\/p>\n<p>\n  &#8220;Euronews&#8221; telekanal\u0131n\u0131n reportaj\u0131nda deyilir ki, u\u011fursuz \u0259m\u0259liyyat Birinci D\u00fcnya M\u00fcharib\u0259sinin, ilk n\u00f6v\u0259bd\u0259, Avstraliya v\u0259 Yeni Zelandiya \u00fc\u00e7\u00fcn\u00a0 b\u00f6y\u00fck d\u00f6y\u00fc\u015fl\u0259rind\u0259n biri olub. Bel\u0259 ki, bu \u00f6lk\u0259l\u0259rin \u0259sg\u0259rl\u0259ri desant hiss\u0259sinin \u0259sas\u0131n\u0131 t\u0259\u015fkil edirdi.\n<\/p>\n<p>\n  \u201cM\u0259n 1999-cu ild\u0259 \u00f6z babam\u0131 bura g\u0259tirdim v\u0259 biz onu avstraliyal\u0131 veteran\u0131n \u0259lini s\u0131xma\u011fa m\u0259cbur ed\u0259 bilm\u0259dik. M\u0259n bunu \u00f6z g\u00f6zl\u0259riml\u0259 g\u00f6rd\u00fcm . Bu g\u00fcn m\u0259n avstraliyal\u0131 \u0259sg\u0259rin n\u0259v\u0259sinin \u0259lini s\u0131x\u0131ram, birlikd\u0259 q\u0259biristanl\u0131\u011fa gedirik, s\u00f6hb\u0259t edirik\u201d, &#8211; t\u00fcrk \u0259sg\u0259rin n\u0259v\u0259si s\u00f6yl\u0259yib.\n<\/p>\n<p>\n  \u201cQorxu, a\u011fr\u0131, m\u00fcharib\u0259nin a\u011f\u0131r s\u0131naqlar\u0131 b\u00fct\u00fcn \u00f6lk\u0259l\u0259ri par\u00e7alay\u0131b. Ba\u015fa d\u00fc\u015f\u00fcrs\u0259n ki, b\u00fct\u00fcn bunlar ayr\u0131-ayr\u0131 xalqlar \u00e7\u0259r\u00e7iv\u0259sind\u0259n \u00e7\u0131x\u0131r. Bu g\u00fcn \u00c7anaqqala kampaniyas\u0131 ke\u00e7mi\u015f d\u00fc\u015fm\u0259nl\u0259rin bar\u0131\u015fmas\u0131 il\u0259 bitir\u201d, &#8211; avstraliyal\u0131 veteran\u0131n n\u0259v\u0259si bildirib.\n<\/p>\n<p>\n  \u00c7anaqqala d\u00f6y\u00fc\u015f\u00fc haqq\u0131nda faktlar \u201cAtat\u00fcrk. H\u0259yat strategiyas\u0131\u201d s\u0259n\u0259dli filmind\u0259 \u0259ksini tap\u0131b. Film 2007-ci ild\u0259\u00a0 Peterburq 5-ci kanal\u0131n\u0131n sifari\u015fi il\u0259 \u201cSover\u015fenno sekretno\u201d tele\u015firk\u0259ti t\u0259r\u0259find\u0259n \u00e7\u0259kilib. Filmin m\u00fc\u0259llifi Peterburq Universitetinin jurnalistika fak\u00fclt\u0259sinin t\u0259l\u0259b\u0259si, \u201cMolodyoj Azerbaydjana\u201d v\u0259 Turan agentliyinin ke\u00e7mi\u015f \u0259m\u0259kda\u015f\u0131 Nazim R\u0259himovdur. (&#8220;Turan&#8221; \u0130A)<\/p>\n","protected":false},"excerpt":{"rendered":"<p>T\u0259dbir\u0259 102 \u00f6lk\u0259nin d\u00f6vl\u0259t v\u0259 h\u00f6kum\u0259t ba\u015f\u00e7\u0131lar\u0131 d\u0259v\u0259t edilib<\/p>\n","protected":false},"author":11,"featured_media":23237,"comment_status":"closed","ping_status":"open","sticky":false,"template":"","format":"standard","meta":{"_acf_changed":false,"_sitemap_exclude":false,"_sitemap_priority":"","_sitemap_frequency":"","footnotes":""},"categories":[56],"tags":[],"class_list":["post-167678","post","type-post","status-publish","format-standard","has-post-thumbnail","hentry","category-xeberler","infinite-scroll-item","generate-columns","tablet-grid-50","mobile-grid-100","grid-parent","grid-33","no-featured-image-padding"],"acf":[],"yoast_head":"<!-- This site is optimized with the Yoast SEO plugin v28.4 - https:\/\/yoast.com\/product\/yoast-seo-wordpress\/ -->\n<title>T\u00fcrkiy\u0259 Canaqqala d\u00f6y\u00fc\u015f\u00fcn\u00fcn 100 illiyini qeyd edir - MEYDAN.TV<\/title>\n<meta name=\"robots\" content=\"index, follow, max-snippet:-1, max-image-preview:large, max-video-preview:-1\" \/>\n<link rel=\"canonical\" href=\"https:\/\/www.meydan.tv\/az\/article\/turkiye-canaqqala-doyusunun-100-illiyini-qeyd-edir\/\" \/>\n<meta property=\"og:locale\" content=\"az_AZ\" \/>\n<meta property=\"og:type\" content=\"article\" \/>\n<meta property=\"og:title\" content=\"T\u00fcrkiy\u0259 Canaqqala d\u00f6y\u00fc\u015f\u00fcn\u00fcn 100 illiyini qeyd edir - MEYDAN.TV\" \/>\n<meta property=\"og:description\" content=\"T\u0259dbir\u0259 102 \u00f6lk\u0259nin d\u00f6vl\u0259t v\u0259 h\u00f6kum\u0259t ba\u015f\u00e7\u0131lar\u0131 d\u0259v\u0259t edilib\" \/>\n<meta property=\"og:url\" content=\"https:\/\/www.meydan.tv\/az\/article\/turkiye-canaqqala-doyusunun-100-illiyini-qeyd-edir\/\" \/>\n<meta property=\"og:site_name\" content=\"MEYDAN.TV\" \/>\n<meta property=\"article:published_time\" content=\"2015-04-24T18:10:58+00:00\" \/>\n<meta property=\"og:image\" content=\"https:\/\/www.meydan.tv\/wp-content\/uploads\/8434.jpg\" \/>\n\t<meta property=\"og:image:width\" content=\"400\" \/>\n\t<meta property=\"og:image:height\" content=\"351\" \/>\n\t<meta property=\"og:image:type\" content=\"image\/jpeg\" \/>\n<meta name=\"twitter:card\" content=\"summary_large_image\" \/>\n<!-- \/ Yoast SEO plugin. -->","yoast_head_json":{"title":"T\u00fcrkiy\u0259 Canaqqala d\u00f6y\u00fc\u015f\u00fcn\u00fcn 100 illiyini qeyd edir - MEYDAN.TV","robots":{"index":"index","follow":"follow","max-snippet":"max-snippet:-1","max-image-preview":"max-image-preview:large","max-video-preview":"max-video-preview:-1"},"canonical":"https:\/\/www.meydan.tv\/az\/article\/turkiye-canaqqala-doyusunun-100-illiyini-qeyd-edir\/","og_locale":"az_AZ","og_type":"article","og_title":"T\u00fcrkiy\u0259 Canaqqala d\u00f6y\u00fc\u015f\u00fcn\u00fcn 100 illiyini qeyd edir - MEYDAN.TV","og_description":"T\u0259dbir\u0259 102 \u00f6lk\u0259nin d\u00f6vl\u0259t v\u0259 h\u00f6kum\u0259t ba\u015f\u00e7\u0131lar\u0131 d\u0259v\u0259t edilib","og_url":"https:\/\/www.meydan.tv\/az\/article\/turkiye-canaqqala-doyusunun-100-illiyini-qeyd-edir\/","og_site_name":"MEYDAN.TV","article_published_time":"2015-04-24T18:10:58+00:00","og_image":[{"width":400,"height":351,"url":"https:\/\/www.meydan.tv\/wp-content\/uploads\/8434.jpg","type":"image\/jpeg"}],"twitter_card":"summary_large_image","schema":{"@context":"https:\/\/schema.org","@graph":[{"@type":"Article","@id":"https:\/\/www.meydan.tv\/az\/article\/turkiye-canaqqala-doyusunun-100-illiyini-qeyd-edir\/#article","isPartOf":{"@id":"https:\/\/www.meydan.tv\/az\/article\/turkiye-canaqqala-doyusunun-100-illiyini-qeyd-edir\/"},"author":{"name":"user-manager","@id":"https:\/\/www.meydan.tv\/az\/#\/schema\/person\/10d11eccf6da3662cf5fdab9806ea91a"},"headline":"T\u00fcrkiy\u0259 Canaqqala d\u00f6y\u00fc\u015f\u00fcn\u00fcn 100 illiyini qeyd edir","datePublished":"2015-04-24T18:10:58+00:00","mainEntityOfPage":{"@id":"https:\/\/www.meydan.tv\/az\/article\/turkiye-canaqqala-doyusunun-100-illiyini-qeyd-edir\/"},"wordCount":587,"publisher":{"@id":"https:\/\/www.meydan.tv\/az\/#organization"},"image":{"@id":"https:\/\/www.meydan.tv\/az\/article\/turkiye-canaqqala-doyusunun-100-illiyini-qeyd-edir\/#primaryimage"},"thumbnailUrl":"https:\/\/www.meydan.tv\/wp-content\/uploads\/8434.jpg","articleSection":["X\u0259b\u0259rl\u0259r"],"inLanguage":"az"},{"@type":"WebPage","@id":"https:\/\/www.meydan.tv\/az\/article\/turkiye-canaqqala-doyusunun-100-illiyini-qeyd-edir\/","url":"https:\/\/www.meydan.tv\/az\/article\/turkiye-canaqqala-doyusunun-100-illiyini-qeyd-edir\/","name":"T\u00fcrkiy\u0259 Canaqqala d\u00f6y\u00fc\u015f\u00fcn\u00fcn 100 illiyini qeyd edir - MEYDAN.TV","isPartOf":{"@id":"https:\/\/www.meydan.tv\/az\/#website"},"primaryImageOfPage":{"@id":"https:\/\/www.meydan.tv\/az\/article\/turkiye-canaqqala-doyusunun-100-illiyini-qeyd-edir\/#primaryimage"},"image":{"@id":"https:\/\/www.meydan.tv\/az\/article\/turkiye-canaqqala-doyusunun-100-illiyini-qeyd-edir\/#primaryimage"},"thumbnailUrl":"https:\/\/www.meydan.tv\/wp-content\/uploads\/8434.jpg","datePublished":"2015-04-24T18:10:58+00:00","breadcrumb":{"@id":"https:\/\/www.meydan.tv\/az\/article\/turkiye-canaqqala-doyusunun-100-illiyini-qeyd-edir\/#breadcrumb"},"inLanguage":"az","potentialAction":[{"@type":"ReadAction","target":["https:\/\/www.meydan.tv\/az\/article\/turkiye-canaqqala-doyusunun-100-illiyini-qeyd-edir\/"]}]},{"@type":"ImageObject","inLanguage":"az","@id":"https:\/\/www.meydan.tv\/az\/article\/turkiye-canaqqala-doyusunun-100-illiyini-qeyd-edir\/#primaryimage","url":"https:\/\/www.meydan.tv\/wp-content\/uploads\/8434.jpg","contentUrl":"https:\/\/www.meydan.tv\/wp-content\/uploads\/8434.jpg","width":400,"height":351,"caption":"Source:"},{"@type":"BreadcrumbList","@id":"https:\/\/www.meydan.tv\/az\/article\/turkiye-canaqqala-doyusunun-100-illiyini-qeyd-edir\/#breadcrumb","itemListElement":[{"@type":"ListItem","position":1,"name":"Ana s\u0259hif\u0259","item":"https:\/\/www.meydan.tv\/az\/"},{"@type":"ListItem","position":2,"name":"X\u0259b\u0259rl\u0259r","item":"https:\/\/www.meydan.tv\/az\/section\/xeberler\/"},{"@type":"ListItem","position":3,"name":"T\u00fcrkiy\u0259 Canaqqala d\u00f6y\u00fc\u015f\u00fcn\u00fcn 100 illiyini qeyd edir"}]},{"@type":"WebSite","@id":"https:\/\/www.meydan.tv\/az\/#website","url":"https:\/\/www.meydan.tv\/az\/","name":"MEYDAN.TV","description":"Meydan TV Az\u0259rbaycan\u0131n media m\u0259kan\u0131ndak\u0131 alternativ s\u0259sidir","publisher":{"@id":"https:\/\/www.meydan.tv\/az\/#organization"},"potentialAction":[{"@type":"SearchAction","target":{"@type":"EntryPoint","urlTemplate":"https:\/\/www.meydan.tv\/az\/?s={search_term_string}"},"query-input":{"@type":"PropertyValueSpecification","valueRequired":true,"valueName":"search_term_string"}}],"inLanguage":"az"},{"@type":"Organization","@id":"https:\/\/www.meydan.tv\/az\/#organization","name":"Meydan TV","url":"https:\/\/www.meydan.tv\/az\/","logo":{"@type":"ImageObject","inLanguage":"az","@id":"https:\/\/www.meydan.tv\/az\/#\/schema\/logo\/image\/","url":"https:\/\/www.meydan.tv\/wp-content\/uploads\/2021\/07\/meydan-logo.svg","contentUrl":"https:\/\/www.meydan.tv\/wp-content\/uploads\/2021\/07\/meydan-logo.svg","width":195,"height":46,"caption":"Meydan TV"},"image":{"@id":"https:\/\/www.meydan.tv\/az\/#\/schema\/logo\/image\/"}},{"@type":"Person","@id":"https:\/\/www.meydan.tv\/az\/#\/schema\/person\/10d11eccf6da3662cf5fdab9806ea91a","name":"user-manager"}]}},"_links":{"self":[{"href":"https:\/\/www.meydan.tv\/az\/wp-json\/wp\/v2\/posts\/167678","targetHints":{"allow":["GET"]}}],"collection":[{"href":"https:\/\/www.meydan.tv\/az\/wp-json\/wp\/v2\/posts"}],"about":[{"href":"https:\/\/www.meydan.tv\/az\/wp-json\/wp\/v2\/types\/post"}],"author":[{"embeddable":true,"href":"https:\/\/www.meydan.tv\/az\/wp-json\/wp\/v2\/users\/11"}],"replies":[{"embeddable":true,"href":"https:\/\/www.meydan.tv\/az\/wp-json\/wp\/v2\/comments?post=167678"}],"version-history":[{"count":0,"href":"https:\/\/www.meydan.tv\/az\/wp-json\/wp\/v2\/posts\/167678\/revisions"}],"wp:featuredmedia":[{"embeddable":true,"href":"https:\/\/www.meydan.tv\/az\/wp-json\/wp\/v2\/media\/23237"}],"wp:attachment":[{"href":"https:\/\/www.meydan.tv\/az\/wp-json\/wp\/v2\/media?parent=167678"}],"wp:term":[{"taxonomy":"category","embeddable":true,"href":"https:\/\/www.meydan.tv\/az\/wp-json\/wp\/v2\/categories?post=167678"},{"taxonomy":"post_tag","embeddable":true,"href":"https:\/\/www.meydan.tv\/az\/wp-json\/wp\/v2\/tags?post=167678"}],"curies":[{"name":"wp","href":"https:\/\/api.w.org\/{rel}","templated":true}]}}