{"id":167677,"date":"2015-04-24T18:01:08","date_gmt":"2015-04-24T18:01:08","guid":{"rendered":"https:\/\/www.meydan.tv\/article\/putin-qondarma-soyqirim-merasimine-qatildi\/"},"modified":"2015-04-24T18:01:08","modified_gmt":"2015-04-24T18:01:08","slug":"putin-qondarma-soyqirim-merasimine-qatildi","status":"publish","type":"post","link":"https:\/\/www.meydan.tv\/az\/article\/putin-qondarma-soyqirim-merasimine-qatildi\/","title":{"rendered":"Putin qondarma soyq\u0131r\u0131m m\u0259rasimin\u0259 qat\u0131ld\u0131"},"content":{"rendered":"<figure class=\"wp-block-image size-large\">\n  <img decoding=\"async\" src=\"https:\/\/www.meydan.tv\/az\/23234\/\" alt=\"\" class=\"wp-image-23234\"\/><figcaption><\/figcaption><\/figure>\n<figure class=\"wp-block-image size-large\">\n  <img decoding=\"async\" src=\"https:\/\/www.meydan.tv\/az\/23234\/\" alt=\"\" class=\"wp-image-23234\"\/><figcaption><\/figcaption><\/figure>\n<p>\n  <i><br \/>\n    Fransa, \u015eimali Kipr v\u0259 Serbiya prezidentl\u0259ri d\u0259 Erm\u0259nistandad\u0131r<br \/>\n  <\/i>\n<\/p>\n<p><div>\n    Qondarma soyq\u0131r\u0131m\u0131n 100-c\u00fc ild\u00f6n\u00fcm\u00fc il\u0259 \u0259laq\u0259dar Yerevandak\u0131 &#8220;Tsitsernakaberd&#8221; memorial kompleksind\u0259 an\u0131m m\u0259rasimi ke\u00e7irilib. M\u0259rasim\u0259 Rusiya prezidenti Vladimir Putin, Fransa prezidenti Fransua Olland, \u015eimali Kiprin prezidenti Nikos Anastasiadis v\u0259 Serbiya prezidenti Tomislav Nikoli\u00e7 d\u0259 qat\u0131l\u0131b.\n  <\/div>\n<\/p>\n<p><div><\/div>\n<\/p>\n<p><div>\n    Erm\u0259nistan prezidenti Serj Sarkisyan \u00e7\u0131x\u0131\u015f\u0131 zaman\u0131 bildirib ki, &#8220;soyq\u0131r\u0131mla&#8221; ba\u011fl\u0131 kompromissiz beyn\u0259lxalq kampaniya xarici siyas\u0259tin ayr\u0131lmaz hiss\u0259si olmaqda davam ed\u0259c\u0259k: &#8220;Erm\u0259ni xalq\u0131 h\u0259mi\u015f\u0259 insanl\u0131\u011fa qar\u015f\u0131 t\u00f6r\u0259dil\u0259n cinay\u0259tl\u0259rin qurbanlar\u0131n\u0131n yan\u0131nda olacaq&#8221;.\n  <\/div>\n<\/p>\n<p><div><\/div>\n<\/p>\n<p><div>\n    Vladimir Putin is\u0259 1915-ci il olaylar\u0131n\u0131 insanl\u0131q tarixinin \u0259n qorxunc faci\u0259l\u0259rind\u0259n biri oldu\u011funu, ruslar\u0131n erm\u0259ni xalq\u0131n\u0131n bu k\u0259d\u0259rini q\u0259lb\u0259n b\u00f6l\u00fc\u015fd\u00fcy\u00fcn\u00fc bildirib. Onun s\u00f6zl\u0259rin\u0259 g\u00f6r\u0259, ruslar bu k\u00fctl\u0259vi q\u0259tliam\u0131 \u00f6z k\u0259d\u0259rl\u0259ri kimi q\u0259bul edirl\u0259r.\n  <\/div>\n<\/p>\n<p><div><\/div>\n<\/p>\n<p><div>\n    Putin haz\u0131rda d\u00fcnyada rusofobiyan\u0131n da geni\u015f yay\u0131ld\u0131\u011f\u0131n\u0131 bildirib: &#8220;T\u0259\u0259ss\u00fcf ki, indi bir \u00e7ox regionlarda neofa\u015fistl\u0259r ba\u015f qald\u0131r\u0131b. Radikal mill\u0259t\u00e7il\u0259r hakimiyy\u0259t\u0259 can at\u0131r. Antisemitizm g\u00fcc toplay\u0131r v\u0259 rusofobiya geni\u015f yay\u0131l\u0131r. Bunun yaranma s\u0259b\u0259bl\u0259ri v\u0259 n\u0259tij\u0259l\u0259ri haqda d\u00fc\u015f\u00fcnm\u0259k laz\u0131md\u0131r&#8221;.\n  <\/div><\/p>\n","protected":false},"excerpt":{"rendered":"<p>Fransa, \u015eimali Kipr v\u0259 Serbiya prezidentl\u0259ri d\u0259 Erm\u0259nistandad\u0131r<\/p>\n","protected":false},"author":11,"featured_media":23234,"comment_status":"closed","ping_status":"open","sticky":false,"template":"","format":"standard","meta":{"_acf_changed":false,"_sitemap_exclude":false,"_sitemap_priority":"","_sitemap_frequency":"","footnotes":""},"categories":[56],"tags":[],"class_list":["post-167677","post","type-post","status-publish","format-standard","has-post-thumbnail","hentry","category-xeberler","infinite-scroll-item","generate-columns","tablet-grid-50","mobile-grid-100","grid-parent","grid-33","no-featured-image-padding"],"acf":[],"yoast_head":"<!-- This site is optimized with the Yoast SEO plugin v28.4 - https:\/\/yoast.com\/product\/yoast-seo-wordpress\/ -->\n<title>Putin qondarma soyq\u0131r\u0131m m\u0259rasimin\u0259 qat\u0131ld\u0131 - MEYDAN.TV<\/title>\n<meta name=\"robots\" content=\"index, follow, max-snippet:-1, max-image-preview:large, max-video-preview:-1\" \/>\n<link rel=\"canonical\" href=\"https:\/\/www.meydan.tv\/az\/article\/putin-qondarma-soyqirim-merasimine-qatildi\/\" \/>\n<meta property=\"og:locale\" content=\"az_AZ\" \/>\n<meta property=\"og:type\" content=\"article\" \/>\n<meta property=\"og:title\" content=\"Putin qondarma soyq\u0131r\u0131m m\u0259rasimin\u0259 qat\u0131ld\u0131 - MEYDAN.TV\" \/>\n<meta property=\"og:description\" content=\"Fransa, \u015eimali Kipr v\u0259 Serbiya prezidentl\u0259ri d\u0259 Erm\u0259nistandad\u0131r\" \/>\n<meta property=\"og:url\" content=\"https:\/\/www.meydan.tv\/az\/article\/putin-qondarma-soyqirim-merasimine-qatildi\/\" \/>\n<meta property=\"og:site_name\" content=\"MEYDAN.TV\" \/>\n<meta property=\"article:published_time\" content=\"2015-04-24T18:01:08+00:00\" \/>\n<meta property=\"og:image\" content=\"https:\/\/www.meydan.tv\/wp-content\/uploads\/8433.jpg\" \/>\n\t<meta property=\"og:image:width\" content=\"477\" \/>\n\t<meta property=\"og:image:height\" content=\"300\" \/>\n\t<meta property=\"og:image:type\" content=\"image\/jpeg\" \/>\n<meta name=\"twitter:card\" content=\"summary_large_image\" \/>\n<!-- \/ Yoast SEO plugin. -->","yoast_head_json":{"title":"Putin qondarma soyq\u0131r\u0131m m\u0259rasimin\u0259 qat\u0131ld\u0131 - MEYDAN.TV","robots":{"index":"index","follow":"follow","max-snippet":"max-snippet:-1","max-image-preview":"max-image-preview:large","max-video-preview":"max-video-preview:-1"},"canonical":"https:\/\/www.meydan.tv\/az\/article\/putin-qondarma-soyqirim-merasimine-qatildi\/","og_locale":"az_AZ","og_type":"article","og_title":"Putin qondarma soyq\u0131r\u0131m m\u0259rasimin\u0259 qat\u0131ld\u0131 - MEYDAN.TV","og_description":"Fransa, \u015eimali Kipr v\u0259 Serbiya prezidentl\u0259ri d\u0259 Erm\u0259nistandad\u0131r","og_url":"https:\/\/www.meydan.tv\/az\/article\/putin-qondarma-soyqirim-merasimine-qatildi\/","og_site_name":"MEYDAN.TV","article_published_time":"2015-04-24T18:01:08+00:00","og_image":[{"width":477,"height":300,"url":"https:\/\/www.meydan.tv\/wp-content\/uploads\/8433.jpg","type":"image\/jpeg"}],"twitter_card":"summary_large_image","schema":{"@context":"https:\/\/schema.org","@graph":[{"@type":"Article","@id":"https:\/\/www.meydan.tv\/az\/article\/putin-qondarma-soyqirim-merasimine-qatildi\/#article","isPartOf":{"@id":"https:\/\/www.meydan.tv\/az\/article\/putin-qondarma-soyqirim-merasimine-qatildi\/"},"author":{"name":"user-manager","@id":"https:\/\/www.meydan.tv\/az\/#\/schema\/person\/10d11eccf6da3662cf5fdab9806ea91a"},"headline":"Putin qondarma soyq\u0131r\u0131m m\u0259rasimin\u0259 qat\u0131ld\u0131","datePublished":"2015-04-24T18:01:08+00:00","mainEntityOfPage":{"@id":"https:\/\/www.meydan.tv\/az\/article\/putin-qondarma-soyqirim-merasimine-qatildi\/"},"wordCount":246,"publisher":{"@id":"https:\/\/www.meydan.tv\/az\/#organization"},"image":{"@id":"https:\/\/www.meydan.tv\/az\/article\/putin-qondarma-soyqirim-merasimine-qatildi\/#primaryimage"},"thumbnailUrl":"https:\/\/www.meydan.tv\/wp-content\/uploads\/8433.jpg","articleSection":["X\u0259b\u0259rl\u0259r"],"inLanguage":"az"},{"@type":"WebPage","@id":"https:\/\/www.meydan.tv\/az\/article\/putin-qondarma-soyqirim-merasimine-qatildi\/","url":"https:\/\/www.meydan.tv\/az\/article\/putin-qondarma-soyqirim-merasimine-qatildi\/","name":"Putin qondarma soyq\u0131r\u0131m m\u0259rasimin\u0259 qat\u0131ld\u0131 - MEYDAN.TV","isPartOf":{"@id":"https:\/\/www.meydan.tv\/az\/#website"},"primaryImageOfPage":{"@id":"https:\/\/www.meydan.tv\/az\/article\/putin-qondarma-soyqirim-merasimine-qatildi\/#primaryimage"},"image":{"@id":"https:\/\/www.meydan.tv\/az\/article\/putin-qondarma-soyqirim-merasimine-qatildi\/#primaryimage"},"thumbnailUrl":"https:\/\/www.meydan.tv\/wp-content\/uploads\/8433.jpg","datePublished":"2015-04-24T18:01:08+00:00","breadcrumb":{"@id":"https:\/\/www.meydan.tv\/az\/article\/putin-qondarma-soyqirim-merasimine-qatildi\/#breadcrumb"},"inLanguage":"az","potentialAction":[{"@type":"ReadAction","target":["https:\/\/www.meydan.tv\/az\/article\/putin-qondarma-soyqirim-merasimine-qatildi\/"]}]},{"@type":"ImageObject","inLanguage":"az","@id":"https:\/\/www.meydan.tv\/az\/article\/putin-qondarma-soyqirim-merasimine-qatildi\/#primaryimage","url":"https:\/\/www.meydan.tv\/wp-content\/uploads\/8433.jpg","contentUrl":"https:\/\/www.meydan.tv\/wp-content\/uploads\/8433.jpg","width":477,"height":300,"caption":"Source:"},{"@type":"BreadcrumbList","@id":"https:\/\/www.meydan.tv\/az\/article\/putin-qondarma-soyqirim-merasimine-qatildi\/#breadcrumb","itemListElement":[{"@type":"ListItem","position":1,"name":"Ana s\u0259hif\u0259","item":"https:\/\/www.meydan.tv\/az\/"},{"@type":"ListItem","position":2,"name":"X\u0259b\u0259rl\u0259r","item":"https:\/\/www.meydan.tv\/az\/section\/xeberler\/"},{"@type":"ListItem","position":3,"name":"Putin qondarma soyq\u0131r\u0131m m\u0259rasimin\u0259 qat\u0131ld\u0131"}]},{"@type":"WebSite","@id":"https:\/\/www.meydan.tv\/az\/#website","url":"https:\/\/www.meydan.tv\/az\/","name":"MEYDAN.TV","description":"Meydan TV Az\u0259rbaycan\u0131n media m\u0259kan\u0131ndak\u0131 alternativ s\u0259sidir","publisher":{"@id":"https:\/\/www.meydan.tv\/az\/#organization"},"potentialAction":[{"@type":"SearchAction","target":{"@type":"EntryPoint","urlTemplate":"https:\/\/www.meydan.tv\/az\/?s={search_term_string}"},"query-input":{"@type":"PropertyValueSpecification","valueRequired":true,"valueName":"search_term_string"}}],"inLanguage":"az"},{"@type":"Organization","@id":"https:\/\/www.meydan.tv\/az\/#organization","name":"Meydan TV","url":"https:\/\/www.meydan.tv\/az\/","logo":{"@type":"ImageObject","inLanguage":"az","@id":"https:\/\/www.meydan.tv\/az\/#\/schema\/logo\/image\/","url":"https:\/\/www.meydan.tv\/wp-content\/uploads\/2021\/07\/meydan-logo.svg","contentUrl":"https:\/\/www.meydan.tv\/wp-content\/uploads\/2021\/07\/meydan-logo.svg","width":195,"height":46,"caption":"Meydan TV"},"image":{"@id":"https:\/\/www.meydan.tv\/az\/#\/schema\/logo\/image\/"}},{"@type":"Person","@id":"https:\/\/www.meydan.tv\/az\/#\/schema\/person\/10d11eccf6da3662cf5fdab9806ea91a","name":"user-manager"}]}},"_links":{"self":[{"href":"https:\/\/www.meydan.tv\/az\/wp-json\/wp\/v2\/posts\/167677","targetHints":{"allow":["GET"]}}],"collection":[{"href":"https:\/\/www.meydan.tv\/az\/wp-json\/wp\/v2\/posts"}],"about":[{"href":"https:\/\/www.meydan.tv\/az\/wp-json\/wp\/v2\/types\/post"}],"author":[{"embeddable":true,"href":"https:\/\/www.meydan.tv\/az\/wp-json\/wp\/v2\/users\/11"}],"replies":[{"embeddable":true,"href":"https:\/\/www.meydan.tv\/az\/wp-json\/wp\/v2\/comments?post=167677"}],"version-history":[{"count":0,"href":"https:\/\/www.meydan.tv\/az\/wp-json\/wp\/v2\/posts\/167677\/revisions"}],"wp:featuredmedia":[{"embeddable":true,"href":"https:\/\/www.meydan.tv\/az\/wp-json\/wp\/v2\/media\/23234"}],"wp:attachment":[{"href":"https:\/\/www.meydan.tv\/az\/wp-json\/wp\/v2\/media?parent=167677"}],"wp:term":[{"taxonomy":"category","embeddable":true,"href":"https:\/\/www.meydan.tv\/az\/wp-json\/wp\/v2\/categories?post=167677"},{"taxonomy":"post_tag","embeddable":true,"href":"https:\/\/www.meydan.tv\/az\/wp-json\/wp\/v2\/tags?post=167677"}],"curies":[{"name":"wp","href":"https:\/\/api.w.org\/{rel}","templated":true}]}}