{"id":167676,"date":"2015-04-24T17:39:26","date_gmt":"2015-04-24T17:39:26","guid":{"rendered":"https:\/\/www.meydan.tv\/article\/birge-qrup-ve-baxcp-tofiq-yaqublunun-efvi-ucun-muraciet-edir\/"},"modified":"2015-04-24T17:39:26","modified_gmt":"2015-04-24T17:39:26","slug":"birge-qrup-ve-baxcp-tofiq-yaqublunun-efvi-ucun-muraciet-edir","status":"publish","type":"post","link":"https:\/\/www.meydan.tv\/az\/article\/birge-qrup-ve-baxcp-tofiq-yaqublunun-efvi-ucun-muraciet-edir\/","title":{"rendered":"Birg\u0259 Qrup v\u0259 BAXCP Tofiq Yaqublunun \u0259fvi \u00fc\u00e7\u00fcn m\u00fcraci\u0259t edir"},"content":{"rendered":"<figure class=\"wp-block-image size-large\">\n  <img decoding=\"async\" src=\"https:\/\/www.meydan.tv\/az\/23231\/\" alt=\"\" class=\"wp-image-23231\"\/><figcaption><\/figcaption><\/figure>\n<figure class=\"wp-block-image size-large\">\n  <img decoding=\"async\" src=\"https:\/\/www.meydan.tv\/az\/23231\/\" alt=\"\" class=\"wp-image-23231\"\/><figcaption><\/figcaption><\/figure>\n<p>\n  <i><br \/>\n    &#8220;\u0130deyan\u0131n t\u0259\u015f\u0259bb\u00fcskar\u0131 qrupun \u00fczvl\u0259rind\u0259n biri Sahib M\u0259mm\u0259dovdur&#8221;<br \/>\n  <\/i>\n<\/p>\n<p>\n  \u0130nsan H\u00fcquqlar\u0131 \u00fczr\u0259 Birg\u0259 Qrupa daxil olan h\u00fcquq m\u00fcdafi\u0259\u00e7il\u0259ri M\u00fcsavat\u0131n h\u0259bsd\u0259ki ba\u015fqan m\u00fcavini Tofiq Yaqublunun \u0259fvi \u00fc\u00e7\u00fcn prezident\u0259 m\u00fcraci\u0259t haz\u0131rlay\u0131rlar.\n<\/p>\n<p>\n  Bu haqda Azadl\u0131q Radiosuna Birg\u0259 Qrupun \u00fczv\u00fc\u00a0\u018flim\u0259mm\u0259d Nuriyev bildirib. Onun dediyin\u0259 g\u00f6r\u0259, ideyan\u0131n t\u0259\u015f\u0259bb\u00fcskar\u0131 qrupun \u00fczvl\u0259rind\u0259n biri Sahib M\u0259mm\u0259dovdur.\n<\/p>\n<p>\n  &#8220;\u018ffv haqda \u0259sasnam\u0259y\u0259 g\u00f6r\u0259, qeyri-h\u00f6kum\u0259t t\u0259\u015fkilatlar\u0131 da kimins\u0259 \u0259fvi \u00fc\u00e7\u00fcn m\u00fcraci\u0259t ed\u0259 bil\u0259rl\u0259r. Biz d\u0259 bel\u0259 bir humanist davran\u0131\u015f n\u00fcmayi\u015f etdirm\u0259k ist\u0259dik&#8221; &#8211; \u018flim\u0259mm\u0259d Nuriyev deyib. S\u0259n\u0259d az sonra yay\u0131lacaq.\n<\/p>\n<p>\n  Aprelin 24-d\u0259 B\u00fct\u00f6v Az\u0259rbaycan Xalq C\u0259bh\u0259si Partiyas\u0131\u00a0da eyni m\u0259zmunda \u0130lham \u018fliyev\u0259 m\u00fcraci\u0259t \u00fcnvanlay\u0131b. M\u00fcraci\u0259td\u0259 \u00f6vlad\u0131n\u0131 itir\u0259n atan\u0131n \u0259fvi ist\u0259nilib: &#8220;Tofiq Yaqublu milli azadl\u0131q h\u0259r\u0259kat\u0131n\u0131n \u00f6nc\u00fcll\u0259rind\u0259n biri olub, eyni zamanda,\u00a0Da\u011fl\u0131q Qaraba\u011f\u00a0u\u011frunda ged\u0259n d\u00f6y\u00fc\u015fl\u0259rd\u0259 i\u015ftirak edib v\u0259 t\u0259yin olunmu\u015f c\u0259zan\u0131n bir hiss\u0259sini \u00e7\u0259kib&#8221;.\n<\/p>\n<p>\n  Tofiq Yaqublu 2013-c\u00fc il yanvar\u0131n 23-d\u0259 \u0130smay\u0131ll\u0131 \u015f\u0259h\u0259rind\u0259 ba\u015f vermi\u015f hadis\u0259l\u0259rl\u0259 ba\u011fl\u0131 5 il m\u00fcdd\u0259tin\u0259 azadl\u0131qdan m\u0259hrum edilib. O, \u015e\u0259kid\u0259ki 13 sayl\u0131 c\u0259za\u00e7\u0259km\u0259 m\u00fc\u0259ssis\u0259sind\u0259 c\u0259za \u00e7\u0259kir.\n<\/p>\n<p>\n  Aprelin 23-d\u0259 onun 26 ya\u015fl\u0131 q\u0131z\u0131 Rusiyada m\u00fcalic\u0259 ald\u0131\u011f\u0131 x\u0259st\u0259xanada v\u0259fat edib.\n<\/p>\n<p>\n  Tofiq Yaqublu 7 g\u00fcn m\u00fcdd\u0259tin\u0259 azadl\u0131\u011fa burax\u0131l\u0131b.<\/p>\n","protected":false},"excerpt":{"rendered":"<p>&#8220;\u0130deyan\u0131n t\u0259\u015f\u0259bb\u00fcskar\u0131 qrupun \u00fczvl\u0259rind\u0259n biri Sahib M\u0259mm\u0259dovdur&#8221;<\/p>\n","protected":false},"author":11,"featured_media":23231,"comment_status":"closed","ping_status":"open","sticky":false,"template":"","format":"standard","meta":{"_acf_changed":false,"_sitemap_exclude":false,"_sitemap_priority":"","_sitemap_frequency":"","footnotes":""},"categories":[56],"tags":[],"class_list":["post-167676","post","type-post","status-publish","format-standard","has-post-thumbnail","hentry","category-xeberler","infinite-scroll-item","generate-columns","tablet-grid-50","mobile-grid-100","grid-parent","grid-33","no-featured-image-padding"],"acf":[],"yoast_head":"<!-- This site is optimized with the Yoast SEO plugin v28.4 - https:\/\/yoast.com\/product\/yoast-seo-wordpress\/ -->\n<title>Birg\u0259 Qrup v\u0259 BAXCP Tofiq Yaqublunun \u0259fvi \u00fc\u00e7\u00fcn m\u00fcraci\u0259t edir - MEYDAN.TV<\/title>\n<meta name=\"robots\" content=\"index, follow, max-snippet:-1, max-image-preview:large, max-video-preview:-1\" \/>\n<link rel=\"canonical\" href=\"https:\/\/www.meydan.tv\/az\/article\/birge-qrup-ve-baxcp-tofiq-yaqublunun-efvi-ucun-muraciet-edir\/\" \/>\n<meta property=\"og:locale\" content=\"az_AZ\" \/>\n<meta property=\"og:type\" content=\"article\" \/>\n<meta property=\"og:title\" content=\"Birg\u0259 Qrup v\u0259 BAXCP Tofiq Yaqublunun \u0259fvi \u00fc\u00e7\u00fcn m\u00fcraci\u0259t edir - MEYDAN.TV\" \/>\n<meta property=\"og:description\" content=\"&quot;\u0130deyan\u0131n t\u0259\u015f\u0259bb\u00fcskar\u0131 qrupun \u00fczvl\u0259rind\u0259n biri Sahib M\u0259mm\u0259dovdur&quot;\" \/>\n<meta property=\"og:url\" content=\"https:\/\/www.meydan.tv\/az\/article\/birge-qrup-ve-baxcp-tofiq-yaqublunun-efvi-ucun-muraciet-edir\/\" \/>\n<meta property=\"og:site_name\" content=\"MEYDAN.TV\" \/>\n<meta property=\"article:published_time\" content=\"2015-04-24T17:39:26+00:00\" \/>\n<meta property=\"og:image\" content=\"https:\/\/www.meydan.tv\/wp-content\/uploads\/8432.jpg\" \/>\n\t<meta property=\"og:image:width\" content=\"540\" \/>\n\t<meta property=\"og:image:height\" content=\"340\" \/>\n\t<meta property=\"og:image:type\" content=\"image\/jpeg\" \/>\n<meta name=\"twitter:card\" content=\"summary_large_image\" \/>\n<!-- \/ Yoast SEO plugin. -->","yoast_head_json":{"title":"Birg\u0259 Qrup v\u0259 BAXCP Tofiq Yaqublunun \u0259fvi \u00fc\u00e7\u00fcn m\u00fcraci\u0259t edir - MEYDAN.TV","robots":{"index":"index","follow":"follow","max-snippet":"max-snippet:-1","max-image-preview":"max-image-preview:large","max-video-preview":"max-video-preview:-1"},"canonical":"https:\/\/www.meydan.tv\/az\/article\/birge-qrup-ve-baxcp-tofiq-yaqublunun-efvi-ucun-muraciet-edir\/","og_locale":"az_AZ","og_type":"article","og_title":"Birg\u0259 Qrup v\u0259 BAXCP Tofiq Yaqublunun \u0259fvi \u00fc\u00e7\u00fcn m\u00fcraci\u0259t edir - MEYDAN.TV","og_description":"\"\u0130deyan\u0131n t\u0259\u015f\u0259bb\u00fcskar\u0131 qrupun \u00fczvl\u0259rind\u0259n biri Sahib M\u0259mm\u0259dovdur\"","og_url":"https:\/\/www.meydan.tv\/az\/article\/birge-qrup-ve-baxcp-tofiq-yaqublunun-efvi-ucun-muraciet-edir\/","og_site_name":"MEYDAN.TV","article_published_time":"2015-04-24T17:39:26+00:00","og_image":[{"width":540,"height":340,"url":"https:\/\/www.meydan.tv\/wp-content\/uploads\/8432.jpg","type":"image\/jpeg"}],"twitter_card":"summary_large_image","schema":{"@context":"https:\/\/schema.org","@graph":[{"@type":"Article","@id":"https:\/\/www.meydan.tv\/az\/article\/birge-qrup-ve-baxcp-tofiq-yaqublunun-efvi-ucun-muraciet-edir\/#article","isPartOf":{"@id":"https:\/\/www.meydan.tv\/az\/article\/birge-qrup-ve-baxcp-tofiq-yaqublunun-efvi-ucun-muraciet-edir\/"},"author":{"name":"user-manager","@id":"https:\/\/www.meydan.tv\/az\/#\/schema\/person\/10d11eccf6da3662cf5fdab9806ea91a"},"headline":"Birg\u0259 Qrup v\u0259 BAXCP Tofiq Yaqublunun \u0259fvi \u00fc\u00e7\u00fcn m\u00fcraci\u0259t edir","datePublished":"2015-04-24T17:39:26+00:00","mainEntityOfPage":{"@id":"https:\/\/www.meydan.tv\/az\/article\/birge-qrup-ve-baxcp-tofiq-yaqublunun-efvi-ucun-muraciet-edir\/"},"wordCount":287,"publisher":{"@id":"https:\/\/www.meydan.tv\/az\/#organization"},"image":{"@id":"https:\/\/www.meydan.tv\/az\/article\/birge-qrup-ve-baxcp-tofiq-yaqublunun-efvi-ucun-muraciet-edir\/#primaryimage"},"thumbnailUrl":"https:\/\/www.meydan.tv\/wp-content\/uploads\/8432.jpg","articleSection":["X\u0259b\u0259rl\u0259r"],"inLanguage":"az"},{"@type":"WebPage","@id":"https:\/\/www.meydan.tv\/az\/article\/birge-qrup-ve-baxcp-tofiq-yaqublunun-efvi-ucun-muraciet-edir\/","url":"https:\/\/www.meydan.tv\/az\/article\/birge-qrup-ve-baxcp-tofiq-yaqublunun-efvi-ucun-muraciet-edir\/","name":"Birg\u0259 Qrup v\u0259 BAXCP Tofiq Yaqublunun \u0259fvi \u00fc\u00e7\u00fcn m\u00fcraci\u0259t edir - MEYDAN.TV","isPartOf":{"@id":"https:\/\/www.meydan.tv\/az\/#website"},"primaryImageOfPage":{"@id":"https:\/\/www.meydan.tv\/az\/article\/birge-qrup-ve-baxcp-tofiq-yaqublunun-efvi-ucun-muraciet-edir\/#primaryimage"},"image":{"@id":"https:\/\/www.meydan.tv\/az\/article\/birge-qrup-ve-baxcp-tofiq-yaqublunun-efvi-ucun-muraciet-edir\/#primaryimage"},"thumbnailUrl":"https:\/\/www.meydan.tv\/wp-content\/uploads\/8432.jpg","datePublished":"2015-04-24T17:39:26+00:00","breadcrumb":{"@id":"https:\/\/www.meydan.tv\/az\/article\/birge-qrup-ve-baxcp-tofiq-yaqublunun-efvi-ucun-muraciet-edir\/#breadcrumb"},"inLanguage":"az","potentialAction":[{"@type":"ReadAction","target":["https:\/\/www.meydan.tv\/az\/article\/birge-qrup-ve-baxcp-tofiq-yaqublunun-efvi-ucun-muraciet-edir\/"]}]},{"@type":"ImageObject","inLanguage":"az","@id":"https:\/\/www.meydan.tv\/az\/article\/birge-qrup-ve-baxcp-tofiq-yaqublunun-efvi-ucun-muraciet-edir\/#primaryimage","url":"https:\/\/www.meydan.tv\/wp-content\/uploads\/8432.jpg","contentUrl":"https:\/\/www.meydan.tv\/wp-content\/uploads\/8432.jpg","width":540,"height":340,"caption":"Source:"},{"@type":"BreadcrumbList","@id":"https:\/\/www.meydan.tv\/az\/article\/birge-qrup-ve-baxcp-tofiq-yaqublunun-efvi-ucun-muraciet-edir\/#breadcrumb","itemListElement":[{"@type":"ListItem","position":1,"name":"Ana s\u0259hif\u0259","item":"https:\/\/www.meydan.tv\/az\/"},{"@type":"ListItem","position":2,"name":"X\u0259b\u0259rl\u0259r","item":"https:\/\/www.meydan.tv\/az\/section\/xeberler\/"},{"@type":"ListItem","position":3,"name":"Birg\u0259 Qrup v\u0259 BAXCP Tofiq Yaqublunun \u0259fvi \u00fc\u00e7\u00fcn m\u00fcraci\u0259t edir"}]},{"@type":"WebSite","@id":"https:\/\/www.meydan.tv\/az\/#website","url":"https:\/\/www.meydan.tv\/az\/","name":"MEYDAN.TV","description":"Meydan TV Az\u0259rbaycan\u0131n media m\u0259kan\u0131ndak\u0131 alternativ s\u0259sidir","publisher":{"@id":"https:\/\/www.meydan.tv\/az\/#organization"},"potentialAction":[{"@type":"SearchAction","target":{"@type":"EntryPoint","urlTemplate":"https:\/\/www.meydan.tv\/az\/?s={search_term_string}"},"query-input":{"@type":"PropertyValueSpecification","valueRequired":true,"valueName":"search_term_string"}}],"inLanguage":"az"},{"@type":"Organization","@id":"https:\/\/www.meydan.tv\/az\/#organization","name":"Meydan TV","url":"https:\/\/www.meydan.tv\/az\/","logo":{"@type":"ImageObject","inLanguage":"az","@id":"https:\/\/www.meydan.tv\/az\/#\/schema\/logo\/image\/","url":"https:\/\/www.meydan.tv\/wp-content\/uploads\/2021\/07\/meydan-logo.svg","contentUrl":"https:\/\/www.meydan.tv\/wp-content\/uploads\/2021\/07\/meydan-logo.svg","width":195,"height":46,"caption":"Meydan TV"},"image":{"@id":"https:\/\/www.meydan.tv\/az\/#\/schema\/logo\/image\/"}},{"@type":"Person","@id":"https:\/\/www.meydan.tv\/az\/#\/schema\/person\/10d11eccf6da3662cf5fdab9806ea91a","name":"user-manager"}]}},"_links":{"self":[{"href":"https:\/\/www.meydan.tv\/az\/wp-json\/wp\/v2\/posts\/167676","targetHints":{"allow":["GET"]}}],"collection":[{"href":"https:\/\/www.meydan.tv\/az\/wp-json\/wp\/v2\/posts"}],"about":[{"href":"https:\/\/www.meydan.tv\/az\/wp-json\/wp\/v2\/types\/post"}],"author":[{"embeddable":true,"href":"https:\/\/www.meydan.tv\/az\/wp-json\/wp\/v2\/users\/11"}],"replies":[{"embeddable":true,"href":"https:\/\/www.meydan.tv\/az\/wp-json\/wp\/v2\/comments?post=167676"}],"version-history":[{"count":0,"href":"https:\/\/www.meydan.tv\/az\/wp-json\/wp\/v2\/posts\/167676\/revisions"}],"wp:featuredmedia":[{"embeddable":true,"href":"https:\/\/www.meydan.tv\/az\/wp-json\/wp\/v2\/media\/23231"}],"wp:attachment":[{"href":"https:\/\/www.meydan.tv\/az\/wp-json\/wp\/v2\/media?parent=167676"}],"wp:term":[{"taxonomy":"category","embeddable":true,"href":"https:\/\/www.meydan.tv\/az\/wp-json\/wp\/v2\/categories?post=167676"},{"taxonomy":"post_tag","embeddable":true,"href":"https:\/\/www.meydan.tv\/az\/wp-json\/wp\/v2\/tags?post=167676"}],"curies":[{"name":"wp","href":"https:\/\/api.w.org\/{rel}","templated":true}]}}