{"id":167675,"date":"2015-04-24T17:25:52","date_gmt":"2015-04-24T17:25:52","guid":{"rendered":"https:\/\/www.meydan.tv\/article\/xedice-ismayil-avropali-olmaq-oyunu\/"},"modified":"2015-04-24T17:25:52","modified_gmt":"2015-04-24T17:25:52","slug":"xedice-ismayil-avropali-olmaq-oyunu","status":"publish","type":"post","link":"https:\/\/www.meydan.tv\/az\/article\/xedice-ismayil-avropali-olmaq-oyunu\/","title":{"rendered":"X\u0259dic\u0259 \u0130smay\u0131l: Avropal\u0131 olmaq oyunu"},"content":{"rendered":"<figure class=\"wp-block-image size-large\">\n  <img decoding=\"async\" src=\"https:\/\/www.meydan.tv\/az\/23222\/\" alt=\"\" class=\"wp-image-23222\"\/><figcaption><\/figcaption><\/figure>\n<figure class=\"wp-block-image size-large\">\n  <img decoding=\"async\" src=\"https:\/\/www.meydan.tv\/az\/23222\/\" alt=\"\" class=\"wp-image-23222\"\/><figcaption><\/figcaption><\/figure>\n<p>\n  <i><br \/>\n    &#8220;\u0130ndi Az\u0259rbaycanda v\u0259t\u0259np\u0259rv\u0259rliyi oyunbazl\u0131qla qar\u0131\u015fd\u0131r\u0131rlar&#8221;<br \/>\n  <\/i>\n<\/p>\n<p>\n  Azadl\u0131q Radiosu h\u0259bsd\u0259 olan ara\u015fd\u0131rma\u00e7\u0131 jurnalist X\u0259dic\u0259 \u0130smay\u0131l\u0131n n\u00f6vb\u0259ti m\u0259ktubunu d\u0259rc edib. M\u0259ktubda deyilir:\n<\/p>\n<p>\n  \u201c\u018fvv\u0259l deyirdil\u0259r ki, bu, Avropa Olimpiya Oyunlar\u0131d\u0131r, sonra \u201cOlimpiya\u201d s\u00f6z\u00fc ortadan qalxd\u0131 v\u0259 biz anlamad\u0131q,\u00a0bu oyunlar\u0131n beyn\u0259lxalq olimpiya oyunlar\u0131 kimi t\u0259qdimat\u0131 \u0259vv\u0259lc\u0259d\u0259n blef idi, yoxsa sonradan n\u0259s\u0259 d\u00fcz getm\u0259di.\n<\/p>\n<p>\n  \u00dcr\u0259k a\u011fr\u0131s\u0131 il\u0259 \u00f6yr\u0259ndik ki, m\u0259\u015f\u0259l d\u0259 Avropa \u015f\u0259h\u0259rl\u0259rini yox, Az\u0259rbaycan \u015f\u0259h\u0259rl\u0259rini g\u0259zib, \u201cOlimpiya\u201d stadionuna g\u0259tiril\u0259c\u0259k. M\u0259qs\u0259d Az\u0259rbaycan\u0131 d\u00fcnyaya tan\u0131tmaqd\u0131rsa, onda Moskva v\u0259 bir ne\u00e7\u0259 Avropa \u015f\u0259h\u0259rind\u0259 (\u0259sas\u0259n ke\u00e7mi\u015f sosialist bloku) ziyaf\u0259t verm\u0259kl\u0259 \u00f6lk\u0259 tan\u0131d\u0131l\u0131rm\u0131?\n<\/p>\n<p>\n  Elan olunan m\u0259qs\u0259d budur!\n<\/p>\n<p>\n  Az\u0259rbaycan\u0131 Avropan\u0131n bir par\u00e7as\u0131 kimi t\u0259qdim etm\u0259k. Prezidentin k\u00f6m\u0259k\u00e7isi\u00a0\u018fli H\u0259s\u0259novun telekanallara verdiyi tezisl\u0259r d\u0259 bunun \u00fcz\u0259rind\u0259ydi. B\u00fct\u00fcn telekanallar da sovet \u0259n\u0259n\u0259l\u0259rin\u0259 sadiq \u015f\u0259kild\u0259 bu tezisl\u0259ri yayd\u0131, raz\u0131la\u015fmayanlar\u0131, yalanlara aldanmayanlar\u0131, xalq d\u00fc\u015fm\u0259ni elan edib, topa tutdular.\n<\/p>\n<p>\n  \u0130ndi Az\u0259rbaycanda v\u0259t\u0259np\u0259rv\u0259rliyi oyunbazl\u0131qla qar\u0131\u015fd\u0131r\u0131rlar. Kim Avropa Oyunlar\u0131 ad\u0131 il\u0259 h\u0259yata ke\u00e7iril\u0259n pul t\u0259l\u0259sini t\u0259nqid edirs\u0259, v\u0259t\u0259np\u0259rv\u0259r deyil.\n<\/p>\n<p>\n  \u0130st\u0259yir\u0259m \u201cavropal\u0131y\u0131q\u201d deyib \u00f6y\u00fcnm\u0259miz \u00fc\u00e7\u00fcn daha uy\u011fun t\u00f6vsiy\u0259l\u0259r ver\u0259m. Xalq\u0131n pulu da cibind\u0259 qalar,\u00a0avropal\u0131 xalqlar aras\u0131nda h\u00f6kum\u0259t d\u0259 ba\u015f\u0131 a\u015fa\u011f\u0131 olmaz. Nec\u0259? \u00c7ox sad\u0259:\n<\/p>\n<p>\n  &#8211; B\u00fct\u00fcn Avropa d\u00f6vl\u0259t ba\u015f\u00e7\u0131lar\u0131 kimi bizim d\u0259 d\u00f6vl\u0259t ba\u015f\u00e7\u0131m\u0131z g\u0259lir b\u0259yannam\u0259si versin. Ba\u015fqa m\u0259murlar da, o c\u00fcml\u0259d\u0259n. Xalqdan o\u011furlamas\u0131nlar, g\u0259lirl\u0259ri d\u0259 \u015f\u0259ffaf olsun.\n<\/p>\n<p>\n  &#8211; H\u0259r hans\u0131 beyn\u0259lxalq t\u0259dbir ke\u00e7ir\u0259nd\u0259 b\u00fcdc\u0259si \u015f\u0259ffaf olsun. Xalq da n\u0259y\u0259 ne\u00e7\u0259 milyard x\u0259rcl\u0259ndiyini bilsin.\n<\/p>\n<p>\n  &#8211; Monopoliyalarla iqtisadiyyat\u0131 bo\u011fmas\u0131nlar\u00a0ki, iqtisadi r\u0259qab\u0259t \u015f\u0259raitind\u0259 milli brendl\u0259r yaran\u0131b inki\u015faf etsin.\n<\/p>\n<p>\n  &#8211; B\u00fct\u00fcn Avropa \u00f6lk\u0259l\u0259rind\u0259 oldu\u011fu kimi, bizd\u0259 d\u0259 siyasi m\u0259hbuslar olmas\u0131n. Azad mediamiz olsun, bunda Avropaya n\u00fcmun\u0259 olaq.\n<\/p>\n<p>\n  &#8211; Siyasi azadl\u0131qlar, azad se\u00e7ki t\u0259min olunsun, parlamentd\u0259 m\u00fcxalif\u0259t olsun, s\u0259sini \u00e7\u0131xaran\u0131 h\u0259bs\u0259 atmas\u0131nlar, a\u011fz\u0131ndan be\u015f g\u00fcll\u0259 vurub, susdurmas\u0131nlar, \u00f6lk\u0259d\u0259n did\u0259rgin salmas\u0131nlar.\n<\/p>\n<p>\n  Bunlara milyardlarla v\u0259sait x\u0259rcl\u0259m\u0259k laz\u0131m olmayacaq, \u0259ksin\u0259, \u00f6lk\u0259d\u0259 siyasi, iqtisadi v\u0259 m\u0259d\u0259ni siyas\u0259tin s\u00fcrd\u00fcr\u00fclm\u0259sin\u0259 x\u0259rcl\u0259r azalacaq. Yalan dem\u0259y\u0259 d\u0259 ehtiyac olmayacaq. D\u00fczd\u00fcr, onda bahal\u0131 t\u0259dbirl\u0259r\u0259 d\u00f6vl\u0259t b\u00fcdc\u0259sind\u0259n milyardlar ay\u0131r\u0131b, onlar\u0131n bir qismini o\u011furlamaq da m\u00fcmk\u00fcn olmayacaq.\n<\/p>\n<p>\n  Amma m\u0259qs\u0259d Avropa standartlar\u0131n\u0131 \u0259y\u0259n yox, t\u0259tbiq ed\u0259n xalq kimi d\u00fcnyaya tan\u0131nmaqd\u0131rsa, b\u0259lk\u0259 c\u0259hd ed\u0259siniz? M\u0259qs\u0259d oyunbazl\u0131q yox, v\u0259t\u0259nin inki\u015faf\u0131d\u0131rsa, b\u0259lk\u0259 \u00f6z cibimizi v\u0259 hakimiyy\u0259t h\u0259risliyini k\u0259nara qoyub, bir az da v\u0259t\u0259ni d\u00fc\u015f\u00fcn\u0259siniz?\n<\/p>\n<p>\n  Amma dey\u0259s\u0259n, \u0130slahat Olimpiadas\u0131n\u0131n k\u00f6n\u00fcll\u00fcs\u00fc olmaq arzusunda olan yoxdur ax\u0131 h\u00f6kum\u0259td\u0259.\n<\/p>\n<p>\n  <b><br \/>\n    Ard\u0131 var&#8230;<br \/>\n  <\/b>\n<\/p>\n<p>\n  <b><br \/>\n    X\u0259dic\u0259.<br \/>\n  <\/b><br \/>\n  <br \/>\n  <b><br \/>\n    K\u00fcrd\u0259xan\u0131. Mart 2015,<br \/>\n  <\/b>\n<\/p>\n<p>\n  <i><br \/>\n    X\u0259dic\u0259 \u0130smay\u0131l \u00f6t\u0259n ili dekabr\u0131n 5-d\u0259 ba\u015fqas\u0131n\u0131 \u00f6z\u00fcn\u00fc\u00f6ld\u00fcrm\u0259 h\u0259ddin\u0259 \u00e7atd\u0131rma ittiham\u0131 il\u0259 h\u0259bs edilib.<br \/>\n  <\/i>\n<\/p>\n<p>\n  <i><br \/>\n    Fevral\u0131n 13-d\u0259 is\u0259 ona qar\u015f\u0131 Azadl\u0131q Radiosundak\u0131 f\u0259aliyy\u0259ti il\u0259 bilavasit\u0259\u0259 ba\u011fl\u0131 olan m\u0259nims\u0259m\u0259 v\u0259 vergid\u0259n yay\u0131nma kimi ittihamlar ir\u0259li s\u00fcr\u00fcl\u00fcb.<br \/>\n  <\/i>\n<\/p>\n<p>\n  <i><br \/>\n    Azadl\u0131q Radiosu v\u0259 beyn\u0259lxalq t\u0259\u015fkilatlar X\u0259dic\u0259nin m\u0259hz jurnalist f\u0259aliyy\u0259tin\u0259, ara\u015fd\u0131rmalar\u0131na v\u0259 Azadl\u0131q Radiosunda g\u00f6rd\u00fcy\u00fc i\u015f\u0259 g\u00f6r\u0259 h\u0259bs olundu\u011funu d\u00fc\u015f\u00fcn\u00fcr.<br \/>\n  <\/i><\/p>\n","protected":false},"excerpt":{"rendered":"<p>&#8220;\u0130ndi Az\u0259rbaycanda v\u0259t\u0259np\u0259rv\u0259rliyi oyunbazl\u0131qla qar\u0131\u015fd\u0131r\u0131rlar&#8221;<\/p>\n","protected":false},"author":11,"featured_media":23222,"comment_status":"closed","ping_status":"open","sticky":false,"template":"","format":"standard","meta":{"_acf_changed":false,"_sitemap_exclude":false,"_sitemap_priority":"","_sitemap_frequency":"","footnotes":""},"categories":[56],"tags":[],"class_list":["post-167675","post","type-post","status-publish","format-standard","has-post-thumbnail","hentry","category-xeberler","infinite-scroll-item","generate-columns","tablet-grid-50","mobile-grid-100","grid-parent","grid-33","no-featured-image-padding"],"acf":[],"yoast_head":"<!-- This site is optimized with the Yoast SEO plugin v28.4 - https:\/\/yoast.com\/product\/yoast-seo-wordpress\/ -->\n<title>X\u0259dic\u0259 \u0130smay\u0131l: Avropal\u0131 olmaq oyunu - MEYDAN.TV<\/title>\n<meta name=\"robots\" content=\"index, follow, max-snippet:-1, max-image-preview:large, max-video-preview:-1\" \/>\n<link rel=\"canonical\" href=\"https:\/\/www.meydan.tv\/az\/article\/xedice-ismayil-avropali-olmaq-oyunu\/\" \/>\n<meta property=\"og:locale\" content=\"az_AZ\" \/>\n<meta property=\"og:type\" content=\"article\" \/>\n<meta property=\"og:title\" content=\"X\u0259dic\u0259 \u0130smay\u0131l: Avropal\u0131 olmaq oyunu - MEYDAN.TV\" \/>\n<meta property=\"og:description\" content=\"&quot;\u0130ndi Az\u0259rbaycanda v\u0259t\u0259np\u0259rv\u0259rliyi oyunbazl\u0131qla qar\u0131\u015fd\u0131r\u0131rlar&quot;\" \/>\n<meta property=\"og:url\" content=\"https:\/\/www.meydan.tv\/az\/article\/xedice-ismayil-avropali-olmaq-oyunu\/\" \/>\n<meta property=\"og:site_name\" content=\"MEYDAN.TV\" \/>\n<meta property=\"article:published_time\" content=\"2015-04-24T17:25:52+00:00\" \/>\n<meta property=\"og:image\" content=\"https:\/\/www.meydan.tv\/wp-content\/uploads\/8430.jpg\" \/>\n\t<meta property=\"og:image:width\" content=\"640\" \/>\n\t<meta property=\"og:image:height\" content=\"360\" \/>\n\t<meta property=\"og:image:type\" content=\"image\/jpeg\" \/>\n<meta name=\"twitter:card\" content=\"summary_large_image\" \/>\n<!-- \/ Yoast SEO plugin. -->","yoast_head_json":{"title":"X\u0259dic\u0259 \u0130smay\u0131l: Avropal\u0131 olmaq oyunu - MEYDAN.TV","robots":{"index":"index","follow":"follow","max-snippet":"max-snippet:-1","max-image-preview":"max-image-preview:large","max-video-preview":"max-video-preview:-1"},"canonical":"https:\/\/www.meydan.tv\/az\/article\/xedice-ismayil-avropali-olmaq-oyunu\/","og_locale":"az_AZ","og_type":"article","og_title":"X\u0259dic\u0259 \u0130smay\u0131l: Avropal\u0131 olmaq oyunu - MEYDAN.TV","og_description":"\"\u0130ndi Az\u0259rbaycanda v\u0259t\u0259np\u0259rv\u0259rliyi oyunbazl\u0131qla qar\u0131\u015fd\u0131r\u0131rlar\"","og_url":"https:\/\/www.meydan.tv\/az\/article\/xedice-ismayil-avropali-olmaq-oyunu\/","og_site_name":"MEYDAN.TV","article_published_time":"2015-04-24T17:25:52+00:00","og_image":[{"width":640,"height":360,"url":"https:\/\/www.meydan.tv\/wp-content\/uploads\/8430.jpg","type":"image\/jpeg"}],"twitter_card":"summary_large_image","schema":{"@context":"https:\/\/schema.org","@graph":[{"@type":"Article","@id":"https:\/\/www.meydan.tv\/az\/article\/xedice-ismayil-avropali-olmaq-oyunu\/#article","isPartOf":{"@id":"https:\/\/www.meydan.tv\/az\/article\/xedice-ismayil-avropali-olmaq-oyunu\/"},"author":{"name":"user-manager","@id":"https:\/\/www.meydan.tv\/az\/#\/schema\/person\/10d11eccf6da3662cf5fdab9806ea91a"},"headline":"X\u0259dic\u0259 \u0130smay\u0131l: Avropal\u0131 olmaq oyunu","datePublished":"2015-04-24T17:25:52+00:00","mainEntityOfPage":{"@id":"https:\/\/www.meydan.tv\/az\/article\/xedice-ismayil-avropali-olmaq-oyunu\/"},"wordCount":706,"publisher":{"@id":"https:\/\/www.meydan.tv\/az\/#organization"},"image":{"@id":"https:\/\/www.meydan.tv\/az\/article\/xedice-ismayil-avropali-olmaq-oyunu\/#primaryimage"},"thumbnailUrl":"https:\/\/www.meydan.tv\/wp-content\/uploads\/8430.jpg","articleSection":["X\u0259b\u0259rl\u0259r"],"inLanguage":"az"},{"@type":"WebPage","@id":"https:\/\/www.meydan.tv\/az\/article\/xedice-ismayil-avropali-olmaq-oyunu\/","url":"https:\/\/www.meydan.tv\/az\/article\/xedice-ismayil-avropali-olmaq-oyunu\/","name":"X\u0259dic\u0259 \u0130smay\u0131l: Avropal\u0131 olmaq oyunu - MEYDAN.TV","isPartOf":{"@id":"https:\/\/www.meydan.tv\/az\/#website"},"primaryImageOfPage":{"@id":"https:\/\/www.meydan.tv\/az\/article\/xedice-ismayil-avropali-olmaq-oyunu\/#primaryimage"},"image":{"@id":"https:\/\/www.meydan.tv\/az\/article\/xedice-ismayil-avropali-olmaq-oyunu\/#primaryimage"},"thumbnailUrl":"https:\/\/www.meydan.tv\/wp-content\/uploads\/8430.jpg","datePublished":"2015-04-24T17:25:52+00:00","breadcrumb":{"@id":"https:\/\/www.meydan.tv\/az\/article\/xedice-ismayil-avropali-olmaq-oyunu\/#breadcrumb"},"inLanguage":"az","potentialAction":[{"@type":"ReadAction","target":["https:\/\/www.meydan.tv\/az\/article\/xedice-ismayil-avropali-olmaq-oyunu\/"]}]},{"@type":"ImageObject","inLanguage":"az","@id":"https:\/\/www.meydan.tv\/az\/article\/xedice-ismayil-avropali-olmaq-oyunu\/#primaryimage","url":"https:\/\/www.meydan.tv\/wp-content\/uploads\/8430.jpg","contentUrl":"https:\/\/www.meydan.tv\/wp-content\/uploads\/8430.jpg","width":640,"height":360,"caption":"Source:"},{"@type":"BreadcrumbList","@id":"https:\/\/www.meydan.tv\/az\/article\/xedice-ismayil-avropali-olmaq-oyunu\/#breadcrumb","itemListElement":[{"@type":"ListItem","position":1,"name":"Ana s\u0259hif\u0259","item":"https:\/\/www.meydan.tv\/az\/"},{"@type":"ListItem","position":2,"name":"X\u0259b\u0259rl\u0259r","item":"https:\/\/www.meydan.tv\/az\/section\/xeberler\/"},{"@type":"ListItem","position":3,"name":"X\u0259dic\u0259 \u0130smay\u0131l: Avropal\u0131 olmaq oyunu"}]},{"@type":"WebSite","@id":"https:\/\/www.meydan.tv\/az\/#website","url":"https:\/\/www.meydan.tv\/az\/","name":"MEYDAN.TV","description":"Meydan TV Az\u0259rbaycan\u0131n media m\u0259kan\u0131ndak\u0131 alternativ s\u0259sidir","publisher":{"@id":"https:\/\/www.meydan.tv\/az\/#organization"},"potentialAction":[{"@type":"SearchAction","target":{"@type":"EntryPoint","urlTemplate":"https:\/\/www.meydan.tv\/az\/?s={search_term_string}"},"query-input":{"@type":"PropertyValueSpecification","valueRequired":true,"valueName":"search_term_string"}}],"inLanguage":"az"},{"@type":"Organization","@id":"https:\/\/www.meydan.tv\/az\/#organization","name":"Meydan TV","url":"https:\/\/www.meydan.tv\/az\/","logo":{"@type":"ImageObject","inLanguage":"az","@id":"https:\/\/www.meydan.tv\/az\/#\/schema\/logo\/image\/","url":"https:\/\/www.meydan.tv\/wp-content\/uploads\/2021\/07\/meydan-logo.svg","contentUrl":"https:\/\/www.meydan.tv\/wp-content\/uploads\/2021\/07\/meydan-logo.svg","width":195,"height":46,"caption":"Meydan TV"},"image":{"@id":"https:\/\/www.meydan.tv\/az\/#\/schema\/logo\/image\/"}},{"@type":"Person","@id":"https:\/\/www.meydan.tv\/az\/#\/schema\/person\/10d11eccf6da3662cf5fdab9806ea91a","name":"user-manager"}]}},"_links":{"self":[{"href":"https:\/\/www.meydan.tv\/az\/wp-json\/wp\/v2\/posts\/167675","targetHints":{"allow":["GET"]}}],"collection":[{"href":"https:\/\/www.meydan.tv\/az\/wp-json\/wp\/v2\/posts"}],"about":[{"href":"https:\/\/www.meydan.tv\/az\/wp-json\/wp\/v2\/types\/post"}],"author":[{"embeddable":true,"href":"https:\/\/www.meydan.tv\/az\/wp-json\/wp\/v2\/users\/11"}],"replies":[{"embeddable":true,"href":"https:\/\/www.meydan.tv\/az\/wp-json\/wp\/v2\/comments?post=167675"}],"version-history":[{"count":0,"href":"https:\/\/www.meydan.tv\/az\/wp-json\/wp\/v2\/posts\/167675\/revisions"}],"wp:featuredmedia":[{"embeddable":true,"href":"https:\/\/www.meydan.tv\/az\/wp-json\/wp\/v2\/media\/23222"}],"wp:attachment":[{"href":"https:\/\/www.meydan.tv\/az\/wp-json\/wp\/v2\/media?parent=167675"}],"wp:term":[{"taxonomy":"category","embeddable":true,"href":"https:\/\/www.meydan.tv\/az\/wp-json\/wp\/v2\/categories?post=167675"},{"taxonomy":"post_tag","embeddable":true,"href":"https:\/\/www.meydan.tv\/az\/wp-json\/wp\/v2\/tags?post=167675"}],"curies":[{"name":"wp","href":"https:\/\/api.w.org\/{rel}","templated":true}]}}