{"id":167672,"date":"2015-04-24T15:02:12","date_gmt":"2015-04-24T15:02:12","guid":{"rendered":"https:\/\/www.meydan.tv\/article\/abs-ve-boyuk-britaniya-intiqam-eliyeve-verilen-hokmden-narahatdirlar\/"},"modified":"2015-04-24T15:02:12","modified_gmt":"2015-04-24T15:02:12","slug":"abs-ve-boyuk-britaniya-intiqam-eliyeve-verilen-hokmden-narahatdirlar","status":"publish","type":"post","link":"https:\/\/www.meydan.tv\/az\/article\/abs-ve-boyuk-britaniya-intiqam-eliyeve-verilen-hokmden-narahatdirlar\/","title":{"rendered":"AB\u015e v\u0259 B\u00f6y\u00fck Britaniya \u0130ntiqam \u018fliyev\u0259 veril\u0259n h\u00f6kmd\u0259n narahatd\u0131rlar"},"content":{"rendered":"<figure class=\"wp-block-image size-large\">\n  <img decoding=\"async\" src=\"https:\/\/www.meydan.tv\/az\/23210\/\" alt=\"\" class=\"wp-image-23210\"\/><figcaption><\/figcaption><\/figure>\n<figure class=\"wp-block-image size-large\">\n  <img decoding=\"async\" src=\"https:\/\/www.meydan.tv\/az\/23216\/\" alt=\"\" class=\"wp-image-23216\"\/><figcaption><\/figcaption><\/figure>\n<p>\n  <i><br \/>\n    X\u0130N s\u00f6z\u00e7\u00fcs\u00fc Hikm\u0259t Hac\u0131yev: &#8220;Pe\u015f\u0259kar f\u0259aliyy\u0259tin\u0259 v\u0259 siyasi m\u0259nsubiyy\u0259tin\u0259 g\u00f6r\u0259 Az\u0259rbaycanda he\u00e7 kim t\u0259qib olunmur&#8221;<br \/>\n  <\/i>\n<\/p>\n<p>\n  \u201cBiz aprelin 22-d\u0259 Az\u0259rbaycan m\u0259hk\u0259m\u0259sinin h\u00fcquq\u015f\u00fcnas \u0130ntiqam \u018fliyevi \u015f\u00fcbh\u0259li ittihamlarla 7 il 6 ay azadl\u0131qdan m\u0259hrum etm\u0259sind\u0259n v\u0259 v\u0259zif\u0259 tutmas\u0131na 3 illik qada\u011fa qoymas\u0131ndan narahat\u0131q\u201d. Bu bar\u0259d\u0259 AB\u015e D\u00f6vl\u0259t Departamentinin s\u00f6z\u00e7\u00fcs\u00fcn\u00fcn v\u0259zif\u0259sini icra ed\u0259n Marei Harf bildirib.\n<\/p>\n<p>\n  \u201c\u00d6lk\u0259nin \u0259n tan\u0131nm\u0131\u015f insan haqlar\u0131 m\u00fcdafi\u0259\u00e7il\u0259rind\u0259n olan, H\u00fcquq Maarif\u00e7iliyi C\u0259miyy\u0259tinin r\u0259hb\u0259ri \u018fliyev Az\u0259rbaycanda h\u00fcququn aliliyi v\u0259 dinc f\u0259allar\u0131n m\u00fcdafi\u0259si \u00fc\u00e7\u00fcn \u00e7ox i\u015fl\u0259r g\u00f6r\u00fcb. O, Avropa \u0130nsan Haqlar\u0131 M\u0259hk\u0259m\u0259sin\u0259 y\u00fczl\u0259rl\u0259 i\u015f g\u00f6nd\u0259rib v\u0259 \u00e7oxunda q\u0259l\u0259b\u0259 qazan\u0131b\u201d,- \u00a0o qeyd edib.\n<\/p>\n<p>\n  \u201cBiz Az\u0259rbaycan h\u00f6kum\u0259tini \u0130ntiqam \u018fliyevi v\u0259 fundamental azadl\u0131qlardan istifad\u0259y\u0259 g\u00f6r\u0259 h\u0259bs edilmi\u015f dig\u0259r f\u0259allar\u0131 azad etm\u0259y\u0259 \u00e7a\u011f\u0131r\u0131r\u0131q. Biz h\u0259m\u00e7inin Az\u0259rbaycan h\u00f6kum\u0259tini beyn\u0259lxalq sazi\u015fl\u0259r \u00e7\u0259r\u00e7iv\u0259sind\u0259 g\u00f6t\u00fcrd\u00fcy\u00fc \u00f6hd\u0259likl\u0259r\u0259 uy\u011fun olaraq v\u0259t\u0259nda\u015flar\u0131n\u0131n h\u00fcquqlar\u0131n\u0131 t\u0259min etm\u0259y\u0259 \u00e7a\u011f\u0131r\u0131r\u0131q\u201d, &#8211; Marie Harf vur\u011fulay\u0131b.\n<\/p>\n<p>\n  \u00d6z n\u00f6vb\u0259sind\u0259, D\u00f6vl\u0259t Departamentinin b\u0259yanat\u0131n\u0131 Az\u0259rbaycan Xarici \u0130\u015fl\u0259r Nazirliyinin m\u0259tbuat xidm\u0259tinin r\u0259hb\u0259ri Hikm\u0259t Hac\u0131yev \u015f\u0259rh ed\u0259rk\u0259n bilidirib ki, \u0130ntiqam \u018fliyevin h\u0259bsinin insan h\u00fcquqlar\u0131 m\u00fcdafi\u0259si il\u0259 h\u0259r hans\u0131 \u0259laq\u0259si yoxdur.\n<\/p>\n<figure class=\"wp-block-image size-large\">\n  <img decoding=\"async\" src=\"https:\/\/www.meydan.tv\/az\/23219\/\" alt=\"\" class=\"wp-image-23219\"\/><figcaption><\/figcaption><\/figure>\n<p>\n  \u201c\u0130ntiqam \u018fliyev vergid\u0259n yay\u0131nmaq v\u0259 dig\u0259r qanunazidd \u0259m\u0259ll\u0259rin\u0259 g\u00f6r\u0259 ittiham olunub, qanunun aliliyinin ifad\u0259si kimi m\u0259hk\u0259m\u0259nin q\u0259rar\u0131 il\u0259 bu cinay\u0259t t\u0259sbit olunub. Bunun insan h\u00fcquqlar\u0131 f\u0259aliyy\u0259ti il\u0259 he\u00e7 bir \u0259laq\u0259si yoxdur&#8221;.\n<\/p>\n<p>\n  H.Hac\u0131yev hesab edir ki, pe\u015f\u0259kar f\u0259aliyy\u0259tin\u0259 v\u0259 siyasi m\u0259nsubiyy\u0259tin\u0259 g\u00f6r\u0259 Az\u0259rbaycanda he\u00e7 kim t\u0259qib olunmur.\n<\/p>\n<p>\n  \u201cG\u00f6r\u00fcn\u00fcr ki, dig\u0259r \u00f6lk\u0259l\u0259rd\u0259n f\u0259rqli olaraq, AB\u015e D\u00f6vl\u0259t Departamenti t\u0259r\u0259find\u0259n Az\u0259rbaycanda q\u0259bul olunan h\u0259r bir m\u0259hk\u0259m\u0259 q\u0259rar\u0131 b\u00f6y\u00fck diqq\u0259tl\u0259 izl\u0259nilir. Bu minvalla davam etdiyi t\u0259qdird\u0259 AB\u015e D\u00f6vl\u0259t Departamentinin Az\u0259rbaycanda a\u00e7\u0131lan h\u0259r bir cinay\u0259t i\u015fin\u0259 m\u00fcnasib\u0259t bildirm\u0259sini g\u00f6zl\u0259m\u0259k olar\u201d, &#8211; o qeyd edib.\n<\/p>\n<p>\n  <i><br \/>\n    &#8220;Birl\u0259\u015fmi\u015f Krall\u0131q m\u0259hk\u0259m\u0259 prosesinin bir s\u0131ra aspektl\u0259rind\u0259n narahatd\u0131r, bu aspektl\u0259r h\u00f6km\u00fcn siyasi motivli olmas\u0131 t\u0259\u0259ss\u00fcrat\u0131n\u0131 g\u00fccl\u0259ndirir&#8221;<br \/>\n  <\/i>\n<\/p>\n<p>\n  B\u00f6y\u00fck Britaniyanin xarici i\u015fl\u0259r nazirliyi h\u00fcquq\u015f\u00fcnas \u0130ntiqam \u018fliyevin 7 il yar\u0131m azadl\u0131qdan m\u0259hrum edilm\u0259sin\u0259 dair b\u0259yanatla \u00e7\u0131x\u0131\u015f edib. B\u0259yanatda deyilir ki, Birl\u0259\u015fmi\u015f Krall\u0131q \u0130ntiqam \u018fliyevin \u015f\u00fcbh\u0259li ittihamlarla m\u0259hkum edilm\u0259sind\u0259n sars\u0131l\u0131b.\n<\/p>\n<p><div>\n    \u201cC\u0259nab \u018fliyev beyn\u0259lxalq miqyasda h\u00f6rm\u0259t edil\u0259n h\u00fcquq m\u00fcdafi\u0259\u00e7isidir. O, Avropa \u0130nsan H\u00fcquqlar\u0131 M\u0259hk\u0259m\u0259sin\u0259 i\u015fl\u0259ri t\u0259qdim ed\u0259n ilk v\u0259kill\u0259rd\u0259n olub, h\u0259bsin\u0259d\u0259k Avropa \u015euras\u0131n\u0131n h\u00fcquqi t\u0259lim proqram\u0131n\u0131n koordinatoru kimi \u00e7al\u0131\u015f\u0131b v\u0259 Az\u0259rbaycan\u0131n h\u00fcquq sistemin\u0259 m\u00fch\u00fcm t\u00f6hf\u0259 verib. \u0130ndi c\u0259nab \u018fliyev uzunm\u00fcdd\u0259tli h\u0259bs c\u0259zas\u0131 alm\u0131\u015f h\u00fcquq m\u00fcdafi\u0259\u00e7il\u0259rinin narahatl\u0131q do\u011furan siyah\u0131s\u0131na daxil olub\u201d.\n  <\/div>\n<\/p>\n<p><div><\/div>\n<\/p>\n<p><div>\n    \u201cBirl\u0259\u015fmi\u015f Krall\u0131q m\u0259hk\u0259m\u0259 prosesinin bir s\u0131ra aspektl\u0259rind\u0259n narahatd\u0131r, bu aspektl\u0259r h\u00f6km\u00fcn siyasi motivli olmas\u0131 t\u0259\u0259ss\u00fcrat\u0131n\u0131 g\u00fccl\u0259ndirir.\n  <\/div>\n<\/p>\n<figure class=\"wp-block-image size-large\">\n  <img decoding=\"async\" src=\"https:\/\/www.meydan.tv\/az\/23210\/\" alt=\"\" class=\"wp-image-23210\"\/><figcaption><\/figcaption><\/figure>\n<p><div>\n    Biz bir daha Az\u0259rbaycan\u0131 beyn\u0259lxalq \u00f6hd\u0259likl\u0259rin\u0259 \u0259m\u0259l etm\u0259y\u0259 v\u0259 v\u0259t\u0259nda\u015f c\u0259miyy\u0259til\u0259 davran\u0131\u015f\u0131n\u0131n \u00e7oxlar\u0131nda do\u011furdu\u011funu narahatl\u0131qlar\u0131 h\u0259ll etm\u0259y\u0259 \u00e7a\u011f\u0131r\u0131r\u0131q\u201d.\n  <\/div>\n<\/p>\n<p><div><\/div>\n<\/p>\n<p>\n  Aprelin 22-d\u0259 Bak\u0131 A\u011f\u0131r Cinay\u0259tl\u0259r M\u0259hk\u0259m\u0259si \u00a0\u0130ntiqam \u018fliyevi 7 il 6 ay h\u0259bs\u0259 m\u0259hkum edib. O, vergid\u0259n yay\u0131nma, v\u0259zif\u0259 s\u0259lahiyy\u0259tl\u0259rind\u0259n sui-istifad\u0259, qanunsuz sahibkarl\u0131q, m\u0259nims\u0259m\u0259 v\u0259 v\u0259zif\u0259 saxtakarl\u0131\u011f\u0131nda ittiham olunur.\u00a0\u0130.\u018fliyev ittihamlar\u0131 q\u0259bul etmir v\u0259 siyasi sifari\u015f say\u0131r.\n<\/p>\n<p>\n  H\u00fcquq m\u00fcdafi\u0259\u00e7isinin m\u0259hk\u0259m\u0259si Az\u0259rbaycanda akkredit\u0259 olunmu\u015f bir s\u0131ra beyn\u0259lxalq t\u0259\u015fkilatlar, Avropa \u00f6lk\u0259l\u0259ri v\u0259 AB\u015e s\u0259firliyinin \u0259m\u0259kda\u015flar\u0131 t\u0259r\u0259find\u0259n sonadan m\u00fc\u015fahid\u0259 edilib. M\u0259hk\u0259m\u0259nin h\u00f6km\u00fc beyn\u0259lxalq v\u0259 yerli h\u00fcquq- m\u00fcdafi\u0259 t\u0259\u015fkilatlar\u0131, v\u0259t\u0259nda\u015f c\u0259miyy\u0259tl\u0259ri t\u0259r\u0259find\u0259n k\u0259skin t\u0259nqidl\u0259rl\u0259 qar\u015f\u0131lan\u0131b.\n<\/p>\n<p>\n  Amnesty International t\u0259\u015fkilat\u0131 \u0130ntiqam \u018fliyevi \u201cvicdan m\u0259hbusu\u201d elan edib. (Turan \u0130A)\u200b<\/p>\n","protected":false},"excerpt":{"rendered":"<p>X\u0130N s\u00f6z\u00e7\u00fcs\u00fc Hikm\u0259t Hac\u0131yev: &#8220;Pe\u015f\u0259kar f\u0259aliyy\u0259tin\u0259 v\u0259 siyasi m\u0259nsubiyy\u0259tin\u0259 g\u00f6r\u0259 Az\u0259rbaycanda he\u00e7 kim t\u0259qib olunmur&#8221;<\/p>\n","protected":false},"author":11,"featured_media":23210,"comment_status":"closed","ping_status":"open","sticky":false,"template":"","format":"standard","meta":{"_acf_changed":false,"_sitemap_exclude":false,"_sitemap_priority":"","_sitemap_frequency":"","footnotes":""},"categories":[56],"tags":[],"class_list":["post-167672","post","type-post","status-publish","format-standard","has-post-thumbnail","hentry","category-xeberler","infinite-scroll-item","generate-columns","tablet-grid-50","mobile-grid-100","grid-parent","grid-33","no-featured-image-padding"],"acf":[],"yoast_head":"<!-- This site is optimized with the Yoast SEO plugin v28.4 - https:\/\/yoast.com\/product\/yoast-seo-wordpress\/ -->\n<title>AB\u015e v\u0259 B\u00f6y\u00fck Britaniya \u0130ntiqam \u018fliyev\u0259 veril\u0259n h\u00f6kmd\u0259n narahatd\u0131rlar - MEYDAN.TV<\/title>\n<meta name=\"robots\" content=\"index, follow, max-snippet:-1, max-image-preview:large, max-video-preview:-1\" \/>\n<link rel=\"canonical\" href=\"https:\/\/www.meydan.tv\/az\/article\/abs-ve-boyuk-britaniya-intiqam-eliyeve-verilen-hokmden-narahatdirlar\/\" \/>\n<meta property=\"og:locale\" content=\"az_AZ\" \/>\n<meta property=\"og:type\" content=\"article\" \/>\n<meta property=\"og:title\" content=\"AB\u015e v\u0259 B\u00f6y\u00fck Britaniya \u0130ntiqam \u018fliyev\u0259 veril\u0259n h\u00f6kmd\u0259n narahatd\u0131rlar - MEYDAN.TV\" \/>\n<meta property=\"og:description\" content=\"X\u0130N s\u00f6z\u00e7\u00fcs\u00fc Hikm\u0259t Hac\u0131yev: &quot;Pe\u015f\u0259kar f\u0259aliyy\u0259tin\u0259 v\u0259 siyasi m\u0259nsubiyy\u0259tin\u0259 g\u00f6r\u0259 Az\u0259rbaycanda he\u00e7 kim t\u0259qib olunmur&quot;\" \/>\n<meta property=\"og:url\" content=\"https:\/\/www.meydan.tv\/az\/article\/abs-ve-boyuk-britaniya-intiqam-eliyeve-verilen-hokmden-narahatdirlar\/\" \/>\n<meta property=\"og:site_name\" content=\"MEYDAN.TV\" \/>\n<meta property=\"article:published_time\" content=\"2015-04-24T15:02:12+00:00\" \/>\n<meta property=\"og:image\" content=\"https:\/\/www.meydan.tv\/wp-content\/uploads\/8424.jpg\" \/>\n\t<meta property=\"og:image:width\" content=\"400\" \/>\n\t<meta property=\"og:image:height\" content=\"300\" \/>\n\t<meta property=\"og:image:type\" content=\"image\/jpeg\" \/>\n<meta name=\"twitter:card\" content=\"summary_large_image\" \/>\n<!-- \/ Yoast SEO plugin. -->","yoast_head_json":{"title":"AB\u015e v\u0259 B\u00f6y\u00fck Britaniya \u0130ntiqam \u018fliyev\u0259 veril\u0259n h\u00f6kmd\u0259n narahatd\u0131rlar - MEYDAN.TV","robots":{"index":"index","follow":"follow","max-snippet":"max-snippet:-1","max-image-preview":"max-image-preview:large","max-video-preview":"max-video-preview:-1"},"canonical":"https:\/\/www.meydan.tv\/az\/article\/abs-ve-boyuk-britaniya-intiqam-eliyeve-verilen-hokmden-narahatdirlar\/","og_locale":"az_AZ","og_type":"article","og_title":"AB\u015e v\u0259 B\u00f6y\u00fck Britaniya \u0130ntiqam \u018fliyev\u0259 veril\u0259n h\u00f6kmd\u0259n narahatd\u0131rlar - MEYDAN.TV","og_description":"X\u0130N s\u00f6z\u00e7\u00fcs\u00fc Hikm\u0259t Hac\u0131yev: \"Pe\u015f\u0259kar f\u0259aliyy\u0259tin\u0259 v\u0259 siyasi m\u0259nsubiyy\u0259tin\u0259 g\u00f6r\u0259 Az\u0259rbaycanda he\u00e7 kim t\u0259qib olunmur\"","og_url":"https:\/\/www.meydan.tv\/az\/article\/abs-ve-boyuk-britaniya-intiqam-eliyeve-verilen-hokmden-narahatdirlar\/","og_site_name":"MEYDAN.TV","article_published_time":"2015-04-24T15:02:12+00:00","og_image":[{"width":400,"height":300,"url":"https:\/\/www.meydan.tv\/wp-content\/uploads\/8424.jpg","type":"image\/jpeg"}],"twitter_card":"summary_large_image","schema":{"@context":"https:\/\/schema.org","@graph":[{"@type":"Article","@id":"https:\/\/www.meydan.tv\/az\/article\/abs-ve-boyuk-britaniya-intiqam-eliyeve-verilen-hokmden-narahatdirlar\/#article","isPartOf":{"@id":"https:\/\/www.meydan.tv\/az\/article\/abs-ve-boyuk-britaniya-intiqam-eliyeve-verilen-hokmden-narahatdirlar\/"},"author":{"name":"user-manager","@id":"https:\/\/www.meydan.tv\/az\/#\/schema\/person\/10d11eccf6da3662cf5fdab9806ea91a"},"headline":"AB\u015e v\u0259 B\u00f6y\u00fck Britaniya \u0130ntiqam \u018fliyev\u0259 veril\u0259n h\u00f6kmd\u0259n narahatd\u0131rlar","datePublished":"2015-04-24T15:02:12+00:00","mainEntityOfPage":{"@id":"https:\/\/www.meydan.tv\/az\/article\/abs-ve-boyuk-britaniya-intiqam-eliyeve-verilen-hokmden-narahatdirlar\/"},"wordCount":850,"publisher":{"@id":"https:\/\/www.meydan.tv\/az\/#organization"},"image":{"@id":"https:\/\/www.meydan.tv\/az\/article\/abs-ve-boyuk-britaniya-intiqam-eliyeve-verilen-hokmden-narahatdirlar\/#primaryimage"},"thumbnailUrl":"https:\/\/www.meydan.tv\/wp-content\/uploads\/8424.jpg","articleSection":["X\u0259b\u0259rl\u0259r"],"inLanguage":"az"},{"@type":"WebPage","@id":"https:\/\/www.meydan.tv\/az\/article\/abs-ve-boyuk-britaniya-intiqam-eliyeve-verilen-hokmden-narahatdirlar\/","url":"https:\/\/www.meydan.tv\/az\/article\/abs-ve-boyuk-britaniya-intiqam-eliyeve-verilen-hokmden-narahatdirlar\/","name":"AB\u015e v\u0259 B\u00f6y\u00fck Britaniya \u0130ntiqam \u018fliyev\u0259 veril\u0259n h\u00f6kmd\u0259n narahatd\u0131rlar - MEYDAN.TV","isPartOf":{"@id":"https:\/\/www.meydan.tv\/az\/#website"},"primaryImageOfPage":{"@id":"https:\/\/www.meydan.tv\/az\/article\/abs-ve-boyuk-britaniya-intiqam-eliyeve-verilen-hokmden-narahatdirlar\/#primaryimage"},"image":{"@id":"https:\/\/www.meydan.tv\/az\/article\/abs-ve-boyuk-britaniya-intiqam-eliyeve-verilen-hokmden-narahatdirlar\/#primaryimage"},"thumbnailUrl":"https:\/\/www.meydan.tv\/wp-content\/uploads\/8424.jpg","datePublished":"2015-04-24T15:02:12+00:00","breadcrumb":{"@id":"https:\/\/www.meydan.tv\/az\/article\/abs-ve-boyuk-britaniya-intiqam-eliyeve-verilen-hokmden-narahatdirlar\/#breadcrumb"},"inLanguage":"az","potentialAction":[{"@type":"ReadAction","target":["https:\/\/www.meydan.tv\/az\/article\/abs-ve-boyuk-britaniya-intiqam-eliyeve-verilen-hokmden-narahatdirlar\/"]}]},{"@type":"ImageObject","inLanguage":"az","@id":"https:\/\/www.meydan.tv\/az\/article\/abs-ve-boyuk-britaniya-intiqam-eliyeve-verilen-hokmden-narahatdirlar\/#primaryimage","url":"https:\/\/www.meydan.tv\/wp-content\/uploads\/8424.jpg","contentUrl":"https:\/\/www.meydan.tv\/wp-content\/uploads\/8424.jpg","width":400,"height":300,"caption":"Source:"},{"@type":"BreadcrumbList","@id":"https:\/\/www.meydan.tv\/az\/article\/abs-ve-boyuk-britaniya-intiqam-eliyeve-verilen-hokmden-narahatdirlar\/#breadcrumb","itemListElement":[{"@type":"ListItem","position":1,"name":"Ana s\u0259hif\u0259","item":"https:\/\/www.meydan.tv\/az\/"},{"@type":"ListItem","position":2,"name":"X\u0259b\u0259rl\u0259r","item":"https:\/\/www.meydan.tv\/az\/section\/xeberler\/"},{"@type":"ListItem","position":3,"name":"AB\u015e v\u0259 B\u00f6y\u00fck Britaniya \u0130ntiqam \u018fliyev\u0259 veril\u0259n h\u00f6kmd\u0259n narahatd\u0131rlar"}]},{"@type":"WebSite","@id":"https:\/\/www.meydan.tv\/az\/#website","url":"https:\/\/www.meydan.tv\/az\/","name":"MEYDAN.TV","description":"Meydan TV Az\u0259rbaycan\u0131n media m\u0259kan\u0131ndak\u0131 alternativ s\u0259sidir","publisher":{"@id":"https:\/\/www.meydan.tv\/az\/#organization"},"potentialAction":[{"@type":"SearchAction","target":{"@type":"EntryPoint","urlTemplate":"https:\/\/www.meydan.tv\/az\/?s={search_term_string}"},"query-input":{"@type":"PropertyValueSpecification","valueRequired":true,"valueName":"search_term_string"}}],"inLanguage":"az"},{"@type":"Organization","@id":"https:\/\/www.meydan.tv\/az\/#organization","name":"Meydan TV","url":"https:\/\/www.meydan.tv\/az\/","logo":{"@type":"ImageObject","inLanguage":"az","@id":"https:\/\/www.meydan.tv\/az\/#\/schema\/logo\/image\/","url":"https:\/\/www.meydan.tv\/wp-content\/uploads\/2021\/07\/meydan-logo.svg","contentUrl":"https:\/\/www.meydan.tv\/wp-content\/uploads\/2021\/07\/meydan-logo.svg","width":195,"height":46,"caption":"Meydan TV"},"image":{"@id":"https:\/\/www.meydan.tv\/az\/#\/schema\/logo\/image\/"}},{"@type":"Person","@id":"https:\/\/www.meydan.tv\/az\/#\/schema\/person\/10d11eccf6da3662cf5fdab9806ea91a","name":"user-manager"}]}},"_links":{"self":[{"href":"https:\/\/www.meydan.tv\/az\/wp-json\/wp\/v2\/posts\/167672","targetHints":{"allow":["GET"]}}],"collection":[{"href":"https:\/\/www.meydan.tv\/az\/wp-json\/wp\/v2\/posts"}],"about":[{"href":"https:\/\/www.meydan.tv\/az\/wp-json\/wp\/v2\/types\/post"}],"author":[{"embeddable":true,"href":"https:\/\/www.meydan.tv\/az\/wp-json\/wp\/v2\/users\/11"}],"replies":[{"embeddable":true,"href":"https:\/\/www.meydan.tv\/az\/wp-json\/wp\/v2\/comments?post=167672"}],"version-history":[{"count":0,"href":"https:\/\/www.meydan.tv\/az\/wp-json\/wp\/v2\/posts\/167672\/revisions"}],"wp:featuredmedia":[{"embeddable":true,"href":"https:\/\/www.meydan.tv\/az\/wp-json\/wp\/v2\/media\/23210"}],"wp:attachment":[{"href":"https:\/\/www.meydan.tv\/az\/wp-json\/wp\/v2\/media?parent=167672"}],"wp:term":[{"taxonomy":"category","embeddable":true,"href":"https:\/\/www.meydan.tv\/az\/wp-json\/wp\/v2\/categories?post=167672"},{"taxonomy":"post_tag","embeddable":true,"href":"https:\/\/www.meydan.tv\/az\/wp-json\/wp\/v2\/tags?post=167672"}],"curies":[{"name":"wp","href":"https:\/\/api.w.org\/{rel}","templated":true}]}}