{"id":167671,"date":"2015-04-24T14:43:44","date_gmt":"2015-04-24T14:43:44","guid":{"rendered":"https:\/\/www.meydan.tv\/article\/azerbaycanin-cudo-uzre-millisi-yaponiyadan-qovulub\/"},"modified":"2015-04-24T14:43:44","modified_gmt":"2015-04-24T14:43:44","slug":"azerbaycanin-cudo-uzre-millisi-yaponiyadan-qovulub","status":"publish","type":"post","link":"https:\/\/www.meydan.tv\/az\/article\/azerbaycanin-cudo-uzre-millisi-yaponiyadan-qovulub\/","title":{"rendered":"Az\u0259rbaycan\u0131n c\u00fcdo \u00fczr\u0259 millisi Yaponiyadan qovulub"},"content":{"rendered":"<figure class=\"wp-block-image size-large\">\n  <img decoding=\"async\" src=\"https:\/\/www.meydan.tv\/az\/23207\/\" alt=\"\" class=\"wp-image-23207\"\/><figcaption><\/figcaption><\/figure>\n<figure class=\"wp-block-image size-large\">\n  <img decoding=\"async\" src=\"https:\/\/www.meydan.tv\/az\/23207\/\" alt=\"\" class=\"wp-image-23207\"\/><figcaption><\/figcaption><\/figure>\n<p>\n  <i><br \/>\n    \u0130dman\u00e7\u0131lar\u0131n ma\u011fazadan o\u011furluq etdiyi bildirilir<br \/>\n  <\/i>\n<\/p>\n<p>\n  Az\u0259rbaycan\u0131n c\u00fcdo \u00fczr\u0259 millisi aprelin 22-d\u0259 Yaponiyadan qay\u0131d\u0131b.\n<\/p>\n<p>\n  Komanda.az sayt\u0131n\u0131n m\u0259lumat\u0131na g\u00f6r\u0259, \u00a0c\u00fcdo\u00e7ular &#8220;g\u00fcndo\u011far \u00f6lk\u0259&#8221;d\u0259 t\u0259lim-m\u0259\u015fq toplan\u0131\u015f\u0131nda olub. Komanda yapon c\u00fcdo\u00e7ularla birg\u0259 m\u0259\u015fq edib. Ancaq Az\u0259rbaycan millisi Yaponiyadan vaxt\u0131ndan \u0259vv\u0259l qay\u0131d\u0131b. Daha do\u011frusu, Az\u0259rbaycan millisini Yaponiyadan deportasiya edibl\u0259r. S\u0259b\u0259b is\u0259 milli \u00fczvl\u0259rinin ma\u011fazadan o\u011furluq etm\u0259sidi. Bel\u0259 ki, millinin \u00fczvl\u0259ri &#8211; Mehman Sad\u0131qovla Qurban Qurbanov bu \u00f6lk\u0259nin ticar\u0259t m\u0259rk\u0259zl\u0259rind\u0259n birind\u0259 al\u0131\u015f-veri\u015f ed\u0259rk\u0259n o\u011furluq edibl\u0259r. Amma polis az\u0259rbaycanl\u0131 idman\u00e7\u0131lar\u0131 h\u0259bs edib. N\u0259tic\u0259d\u0259 az\u0259rbaycanl\u0131 c\u00fcdo\u00e7ular tam t\u0259rkibd\u0259 Yaponiyadan deportasiya olunub.\n<\/p>\n<p>\n  M\u0259s\u0259l\u0259 il\u0259 ba\u011fl\u0131 &#8220;Futbol+&#8221; q\u0259zetin\u0259 dan\u0131\u015fan millinin k\u00f6m\u0259k\u00e7i-m\u0259\u015fq\u00e7isi Mehman \u018fzizov ma\u011fazadak\u0131 insidenti t\u0259kzib edib:\n<\/p>\n<p>\n  &#8220;Bizim m\u0259\u015fqimizd\u0259n sonra azya\u015fl\u0131 yapon u\u015faqlar\u0131n m\u0259\u015fqi olurdu. C\u00fcdo\u00e7ular\u0131m\u0131zdan biri u\u015faqlardan hans\u0131n\u0131sa ba\u015f\u0131 \u00fcz\u0259rin\u0259 qald\u0131r\u0131b, \u015f\u0259kil \u00e7\u0259kdirdi. Bu da u\u015fa\u011fa olan sevgid\u0259n qaynaqlan\u0131rd\u0131. U\u015fa\u011f\u0131n valideyini ba\u015f m\u0259\u015fq\u00e7iy\u0259 \u015fikay\u0259t etdi. O\u011furluq hadis\u0259si is\u0259 olmay\u0131b&#8221;.\n<\/p>\n<p>\n  Ancaq m\u0259s\u0259l\u0259d\u0259 ad\u0131 hallanan Mehman Sad\u0131qov &#8220;Futbol+&#8221; q\u0259zetin\u0259 ma\u011fazada insident ya\u015fand\u0131\u011f\u0131n\u0131 etiraf edib:\n<\/p>\n<p>\n  &#8220;\u018fslind\u0259 orda ba\u015f ver\u0259n hadis\u0259 bura bir q\u0259d\u0259r f\u0259rqli \u00e7at\u0131b. B\u0259li, Qurbanla d\u00fckanda olmu\u015fuq. Amma cibimizd\u0259 pul var idi v\u0259 paltar o\u011furlamaqdan s\u00f6hb\u0259t ged\u0259 bilm\u0259z. Paltar se\u00e7ib g\u00f6t\u00fcrd\u00fck. Ancaq \u00fcst\u00fcm\u00fczd\u0259 \u00e7ek olmad\u0131\u011f\u0131ndan sat\u0131c\u0131 bizi o\u011furluqda g\u00fcnahland\u0131rd\u0131. Ona ba\u015fa salma\u011fa \u00e7al\u0131\u015fd\u0131q ki, bunu o\u011furlamaq fikrimiz yoxdu. Bizd\u0259 dollar oldu\u011fundan pulu d\u0259yi\u015fm\u0259liydik. &#8220;Bizi burax\u0131n, pulu d\u0259yi\u015fib g\u0259l\u0259k&#8221; &#8211; dedik. Onlar is\u0259 yaln\u0131z polisl\u0259 birg\u0259 gedib pulu d\u0259yi\u015f\u0259 bil\u0259c\u0259yimizi dedil\u0259r. Polis bizd\u0259n pasport ist\u0259di. S\u0259n\u0259dl\u0259rimiz ba\u015f m\u0259\u015fq\u00e7id\u0259 oldu\u011fundan, Hac\u0131a\u011fa m\u00fc\u0259llim d\u0259 ora g\u0259ldi. S\u0259n\u0259dl\u0259rimizi t\u0259qdim etdik, dollar\u0131 yenl\u0259 d\u0259yi\u015fib paltar\u0131 ald\u0131q v\u0259 m\u0259s\u0259l\u0259 ba\u011fland\u0131. Amma bu hadis\u0259y\u0259 g\u00f6r\u0259 komandan\u0131 Yaponiyadan \u00e7\u0131xard\u0131lar&#8221;.\n<\/p>\n<p>\n  Mehman Sad\u0131qov yeniyetm\u0259l\u0259r aras\u0131nda Avropa \u00e7empionu, g\u0259ncl\u0259r aras\u0131nda A\u00c7 v\u0259 D\u00c7-nin b\u00fcr\u00fcnc medal\u00e7\u0131s\u0131d\u0131.<\/p>\n","protected":false},"excerpt":{"rendered":"<p>\u0130dman\u00e7\u0131lar\u0131n ma\u011fazadan o\u011furluq etdiyi bildirilir<\/p>\n","protected":false},"author":11,"featured_media":23207,"comment_status":"closed","ping_status":"open","sticky":false,"template":"","format":"standard","meta":{"_acf_changed":false,"_sitemap_exclude":false,"_sitemap_priority":"","_sitemap_frequency":"","footnotes":""},"categories":[56],"tags":[],"class_list":["post-167671","post","type-post","status-publish","format-standard","has-post-thumbnail","hentry","category-xeberler","infinite-scroll-item","generate-columns","tablet-grid-50","mobile-grid-100","grid-parent","grid-33","no-featured-image-padding"],"acf":[],"yoast_head":"<!-- This site is optimized with the Yoast SEO plugin v28.4 - https:\/\/yoast.com\/product\/yoast-seo-wordpress\/ -->\n<title>Az\u0259rbaycan\u0131n c\u00fcdo \u00fczr\u0259 millisi Yaponiyadan qovulub - MEYDAN.TV<\/title>\n<meta name=\"robots\" content=\"index, follow, max-snippet:-1, max-image-preview:large, max-video-preview:-1\" \/>\n<link rel=\"canonical\" href=\"https:\/\/www.meydan.tv\/az\/article\/azerbaycanin-cudo-uzre-millisi-yaponiyadan-qovulub\/\" \/>\n<meta property=\"og:locale\" content=\"az_AZ\" \/>\n<meta property=\"og:type\" content=\"article\" \/>\n<meta property=\"og:title\" content=\"Az\u0259rbaycan\u0131n c\u00fcdo \u00fczr\u0259 millisi Yaponiyadan qovulub - MEYDAN.TV\" \/>\n<meta property=\"og:description\" content=\"\u0130dman\u00e7\u0131lar\u0131n ma\u011fazadan o\u011furluq etdiyi bildirilir\" \/>\n<meta property=\"og:url\" content=\"https:\/\/www.meydan.tv\/az\/article\/azerbaycanin-cudo-uzre-millisi-yaponiyadan-qovulub\/\" \/>\n<meta property=\"og:site_name\" content=\"MEYDAN.TV\" \/>\n<meta property=\"article:published_time\" content=\"2015-04-24T14:43:44+00:00\" \/>\n<meta property=\"og:image\" content=\"https:\/\/www.meydan.tv\/wp-content\/uploads\/8423.jpg\" \/>\n\t<meta property=\"og:image:width\" content=\"647\" \/>\n\t<meta property=\"og:image:height\" content=\"400\" \/>\n\t<meta property=\"og:image:type\" content=\"image\/jpeg\" \/>\n<meta name=\"twitter:card\" content=\"summary_large_image\" \/>\n<!-- \/ Yoast SEO plugin. -->","yoast_head_json":{"title":"Az\u0259rbaycan\u0131n c\u00fcdo \u00fczr\u0259 millisi Yaponiyadan qovulub - MEYDAN.TV","robots":{"index":"index","follow":"follow","max-snippet":"max-snippet:-1","max-image-preview":"max-image-preview:large","max-video-preview":"max-video-preview:-1"},"canonical":"https:\/\/www.meydan.tv\/az\/article\/azerbaycanin-cudo-uzre-millisi-yaponiyadan-qovulub\/","og_locale":"az_AZ","og_type":"article","og_title":"Az\u0259rbaycan\u0131n c\u00fcdo \u00fczr\u0259 millisi Yaponiyadan qovulub - MEYDAN.TV","og_description":"\u0130dman\u00e7\u0131lar\u0131n ma\u011fazadan o\u011furluq etdiyi bildirilir","og_url":"https:\/\/www.meydan.tv\/az\/article\/azerbaycanin-cudo-uzre-millisi-yaponiyadan-qovulub\/","og_site_name":"MEYDAN.TV","article_published_time":"2015-04-24T14:43:44+00:00","og_image":[{"width":647,"height":400,"url":"https:\/\/www.meydan.tv\/wp-content\/uploads\/8423.jpg","type":"image\/jpeg"}],"twitter_card":"summary_large_image","schema":{"@context":"https:\/\/schema.org","@graph":[{"@type":"Article","@id":"https:\/\/www.meydan.tv\/az\/article\/azerbaycanin-cudo-uzre-millisi-yaponiyadan-qovulub\/#article","isPartOf":{"@id":"https:\/\/www.meydan.tv\/az\/article\/azerbaycanin-cudo-uzre-millisi-yaponiyadan-qovulub\/"},"author":{"name":"user-manager","@id":"https:\/\/www.meydan.tv\/az\/#\/schema\/person\/10d11eccf6da3662cf5fdab9806ea91a"},"headline":"Az\u0259rbaycan\u0131n c\u00fcdo \u00fczr\u0259 millisi Yaponiyadan qovulub","datePublished":"2015-04-24T14:43:44+00:00","mainEntityOfPage":{"@id":"https:\/\/www.meydan.tv\/az\/article\/azerbaycanin-cudo-uzre-millisi-yaponiyadan-qovulub\/"},"wordCount":451,"publisher":{"@id":"https:\/\/www.meydan.tv\/az\/#organization"},"image":{"@id":"https:\/\/www.meydan.tv\/az\/article\/azerbaycanin-cudo-uzre-millisi-yaponiyadan-qovulub\/#primaryimage"},"thumbnailUrl":"https:\/\/www.meydan.tv\/wp-content\/uploads\/8423.jpg","articleSection":["X\u0259b\u0259rl\u0259r"],"inLanguage":"az"},{"@type":"WebPage","@id":"https:\/\/www.meydan.tv\/az\/article\/azerbaycanin-cudo-uzre-millisi-yaponiyadan-qovulub\/","url":"https:\/\/www.meydan.tv\/az\/article\/azerbaycanin-cudo-uzre-millisi-yaponiyadan-qovulub\/","name":"Az\u0259rbaycan\u0131n c\u00fcdo \u00fczr\u0259 millisi Yaponiyadan qovulub - MEYDAN.TV","isPartOf":{"@id":"https:\/\/www.meydan.tv\/az\/#website"},"primaryImageOfPage":{"@id":"https:\/\/www.meydan.tv\/az\/article\/azerbaycanin-cudo-uzre-millisi-yaponiyadan-qovulub\/#primaryimage"},"image":{"@id":"https:\/\/www.meydan.tv\/az\/article\/azerbaycanin-cudo-uzre-millisi-yaponiyadan-qovulub\/#primaryimage"},"thumbnailUrl":"https:\/\/www.meydan.tv\/wp-content\/uploads\/8423.jpg","datePublished":"2015-04-24T14:43:44+00:00","breadcrumb":{"@id":"https:\/\/www.meydan.tv\/az\/article\/azerbaycanin-cudo-uzre-millisi-yaponiyadan-qovulub\/#breadcrumb"},"inLanguage":"az","potentialAction":[{"@type":"ReadAction","target":["https:\/\/www.meydan.tv\/az\/article\/azerbaycanin-cudo-uzre-millisi-yaponiyadan-qovulub\/"]}]},{"@type":"ImageObject","inLanguage":"az","@id":"https:\/\/www.meydan.tv\/az\/article\/azerbaycanin-cudo-uzre-millisi-yaponiyadan-qovulub\/#primaryimage","url":"https:\/\/www.meydan.tv\/wp-content\/uploads\/8423.jpg","contentUrl":"https:\/\/www.meydan.tv\/wp-content\/uploads\/8423.jpg","width":647,"height":400,"caption":"Source:"},{"@type":"BreadcrumbList","@id":"https:\/\/www.meydan.tv\/az\/article\/azerbaycanin-cudo-uzre-millisi-yaponiyadan-qovulub\/#breadcrumb","itemListElement":[{"@type":"ListItem","position":1,"name":"Ana s\u0259hif\u0259","item":"https:\/\/www.meydan.tv\/az\/"},{"@type":"ListItem","position":2,"name":"X\u0259b\u0259rl\u0259r","item":"https:\/\/www.meydan.tv\/az\/section\/xeberler\/"},{"@type":"ListItem","position":3,"name":"Az\u0259rbaycan\u0131n c\u00fcdo \u00fczr\u0259 millisi Yaponiyadan qovulub"}]},{"@type":"WebSite","@id":"https:\/\/www.meydan.tv\/az\/#website","url":"https:\/\/www.meydan.tv\/az\/","name":"MEYDAN.TV","description":"Meydan TV Az\u0259rbaycan\u0131n media m\u0259kan\u0131ndak\u0131 alternativ s\u0259sidir","publisher":{"@id":"https:\/\/www.meydan.tv\/az\/#organization"},"potentialAction":[{"@type":"SearchAction","target":{"@type":"EntryPoint","urlTemplate":"https:\/\/www.meydan.tv\/az\/?s={search_term_string}"},"query-input":{"@type":"PropertyValueSpecification","valueRequired":true,"valueName":"search_term_string"}}],"inLanguage":"az"},{"@type":"Organization","@id":"https:\/\/www.meydan.tv\/az\/#organization","name":"Meydan TV","url":"https:\/\/www.meydan.tv\/az\/","logo":{"@type":"ImageObject","inLanguage":"az","@id":"https:\/\/www.meydan.tv\/az\/#\/schema\/logo\/image\/","url":"https:\/\/www.meydan.tv\/wp-content\/uploads\/2021\/07\/meydan-logo.svg","contentUrl":"https:\/\/www.meydan.tv\/wp-content\/uploads\/2021\/07\/meydan-logo.svg","width":195,"height":46,"caption":"Meydan TV"},"image":{"@id":"https:\/\/www.meydan.tv\/az\/#\/schema\/logo\/image\/"}},{"@type":"Person","@id":"https:\/\/www.meydan.tv\/az\/#\/schema\/person\/10d11eccf6da3662cf5fdab9806ea91a","name":"user-manager"}]}},"_links":{"self":[{"href":"https:\/\/www.meydan.tv\/az\/wp-json\/wp\/v2\/posts\/167671","targetHints":{"allow":["GET"]}}],"collection":[{"href":"https:\/\/www.meydan.tv\/az\/wp-json\/wp\/v2\/posts"}],"about":[{"href":"https:\/\/www.meydan.tv\/az\/wp-json\/wp\/v2\/types\/post"}],"author":[{"embeddable":true,"href":"https:\/\/www.meydan.tv\/az\/wp-json\/wp\/v2\/users\/11"}],"replies":[{"embeddable":true,"href":"https:\/\/www.meydan.tv\/az\/wp-json\/wp\/v2\/comments?post=167671"}],"version-history":[{"count":0,"href":"https:\/\/www.meydan.tv\/az\/wp-json\/wp\/v2\/posts\/167671\/revisions"}],"wp:featuredmedia":[{"embeddable":true,"href":"https:\/\/www.meydan.tv\/az\/wp-json\/wp\/v2\/media\/23207"}],"wp:attachment":[{"href":"https:\/\/www.meydan.tv\/az\/wp-json\/wp\/v2\/media?parent=167671"}],"wp:term":[{"taxonomy":"category","embeddable":true,"href":"https:\/\/www.meydan.tv\/az\/wp-json\/wp\/v2\/categories?post=167671"},{"taxonomy":"post_tag","embeddable":true,"href":"https:\/\/www.meydan.tv\/az\/wp-json\/wp\/v2\/tags?post=167671"}],"curies":[{"name":"wp","href":"https:\/\/api.w.org\/{rel}","templated":true}]}}