{"id":167669,"date":"2015-04-24T14:28:31","date_gmt":"2015-04-24T14:28:31","guid":{"rendered":"https:\/\/www.meydan.tv\/article\/kreml-qaz-sazisleri-ile-elaqedar-ankaranin-vacib-terefdas-oldugunu-anlayir\/"},"modified":"2015-04-24T14:28:31","modified_gmt":"2015-04-24T14:28:31","slug":"kreml-qaz-sazisleri-ile-elaqedar-ankaranin-vacib-terefdas-oldugunu-anlayir","status":"publish","type":"post","link":"https:\/\/www.meydan.tv\/az\/article\/kreml-qaz-sazisleri-ile-elaqedar-ankaranin-vacib-terefdas-oldugunu-anlayir\/","title":{"rendered":"&#8220;Kreml qaz sazi\u015fl\u0259ri il\u0259 \u0259laq\u0259dar Ankaran\u0131n vacib t\u0259r\u0259fda\u015f oldu\u011funu anlay\u0131r&#8221;"},"content":{"rendered":"<figure class=\"wp-block-image size-large\">\n  <img decoding=\"async\" src=\"https:\/\/www.meydan.tv\/az\/23204\/\" alt=\"\" class=\"wp-image-23204\"\/><figcaption><\/figcaption><\/figure>\n<figure class=\"wp-block-image size-large\">\n  <img decoding=\"async\" src=\"https:\/\/www.meydan.tv\/az\/23204\/\" alt=\"\" class=\"wp-image-23204\"\/><figcaption><\/figcaption><\/figure>\n<p><div>\n    <i><br \/>\n      Politoloq \u0130lqar V\u0259lizad\u0259 hesab edir ki, Rusiya bu \u00fc\u00e7bucaqda \u015f\u0259rti olaraq m\u00fcnasib\u0259tl\u0259rin t\u0259nziml\u0259nm\u0259sini ist\u0259yir<br \/>\n    <\/i>\n  <\/div>\n<\/p>\n<p>\n  T\u00fcrkiy\u0259-Erm\u0259nistan \u0259laq\u0259l\u0259rin\u0259 problem yaradan Rusiya bu d\u0259f\u0259 f\u0259rqli a\u00e7\u0131qlama yay\u0131b. \u015eimal \u00f6lk\u0259nin X\u0130N ba\u015f\u00e7\u0131s\u0131 Sergey Lavrov bir ne\u00e7\u0259 g\u00fcn \u0259vv\u0259l &#8220;Moskva ona imkan yaradacaq ki, T\u00fcrkiy\u0259 v\u0259 Erm\u0259nistan aras\u0131nda \u0259m\u0259kda\u015fl\u0131\u011f\u0131n inki\u015faf\u0131 haqq\u0131nda imzalanan b\u00fct\u00fcn s\u0259n\u0259dl\u0259r icra olunsun. Biz \u00e7al\u0131\u015f\u0131r\u0131q ki, erm\u0259ni-t\u00fcrk m\u00fcnasib\u0259tl\u0259ri normalla\u015fs\u0131n v\u0259 n\u0259tic\u0259d\u0259 Da\u011fl\u0131q Qaraba\u011f m\u00fcnaqi\u015f\u0259si h\u0259llini taps\u0131n. Bununla, h\u0259m d\u0259 Erm\u0259nistan-Az\u0259rbaycan \u0259laq\u0259l\u0259ri normalla\u015facaq. Biz bunun \u00fc\u00e7\u00fcn \u0259limizd\u0259n g\u0259l\u0259ni edirik\u201d a\u00e7\u0131qlamas\u0131 maraqla qar\u015f\u0131lan\u0131b.\n<\/p>\n<p>\n  C\u0259nab Lavrov onu da \u0259lav\u0259 edib ki, Rusiya bir ne\u00e7\u0259 il \u0259vv\u0259l Ankaran\u0131n v\u0259 Ir\u0259van\u0131n t\u0259\u015f\u0259bb\u00fcs\u00fcn\u00fc &#8211; s\u0259rh\u0259dl\u0259rin a\u00e7\u0131lmas\u0131 haqq\u0131nda s\u0259n\u0259dl\u0259rin imzalanmas\u0131n\u0131 v\u0259 \u0259m\u0259kda\u015fl\u0131\u011f\u0131n inki\u015faf\u0131 prosesini d\u0259st\u0259kl\u0259di. \u201cT\u0259\u0259ss\u00fcf ki, s\u0259n\u0259dl\u0259r imzaland\u0131, amma icra m\u0259rh\u0259l\u0259sind\u0259 dayand\u0131. T\u00fcrkiy\u0259 parlamenti s\u0259n\u0259di ratifikasiya etm\u0259di. Amma biz f\u0259al \u00e7al\u0131\u015faca\u011f\u0131q ki, bu, ba\u015f tutsun\u201d.<br \/>\n  <br \/>\n  Ancaq maraql\u0131d\u0131r ki, X\u0130N ba\u015f\u00e7\u0131s\u0131 Erm\u0259nistan\u0131n da raz\u0131la\u015fman\u0131 parlament\u0259 g\u00f6nd\u0259rm\u0259m\u0259sin\u0259 toxunmay\u0131b v\u0259 bununla bir daha \u0130r\u0259vana d\u0259st\u0259yini n\u00fcmayi\u015f etdirib.\n<\/p>\n<p>\n  Rusiya X\u0130N r\u0259hb\u0259rinin a\u00e7\u0131qlamas\u0131n\u0131 Meydan TV-y\u0259 \u015f\u0259rh ed\u0259n politoloq \u0130lqar V\u0259lizad\u0259 hesab edir ki, art\u0131q Lavrov da T\u00fcrkiy\u0259-Erm\u0259nistan m\u00fcnasib\u0259tl\u0259rinin Da\u011fl\u0131q Qaraba\u011f problemi il\u0259 \u0259laq\u0259li oldu\u011funu hiss edir: &#8220;\u018fks t\u0259qdird\u0259, Rusiya X\u0130N ba\u015f\u00e7\u0131s\u0131 Da\u011fl\u0131q Qaraba\u011f m\u00fcnaqi\u015f\u0259sini bu kontekstd\u0259 dil\u0259 g\u0259tirm\u0259zdi. Dem\u0259li, Rusiya bu prosesl\u0259rin ayr\u0131-ayr\u0131l\u0131qda \u00e7\u0259tin ki, davam ed\u0259c\u0259yini ba\u015fa d\u00fc\u015f\u00fcr&#8221;.\n<\/p>\n<p>\n  Ancaq politoloq Erm\u0259nistan-T\u00fcrkiy\u0259 s\u0259rh\u0259dl\u0259rinin a\u00e7\u0131lmas\u0131 v\u0259 Rusiyan\u0131n bu m\u0259s\u0259l\u0259y\u0259 yana\u015fmas\u0131nda ziddiyy\u0259tl\u0259rin d\u0259 oldu\u011funu d\u00fc\u015f\u00fcn\u00fcr:\n<\/p>\n<figure class=\"wp-block-image size-large\">\n  <img decoding=\"async\" src=\"https:\/\/www.meydan.tv\/az\/23213\/\" alt=\"\" class=\"wp-image-23213\"\/><figcaption><\/figcaption><\/figure>\n<p>\n  &#8220;Bir t\u0259r\u0259fd\u0259n Kreml qaz sazi\u015fl\u0259ri il\u0259 \u0259laq\u0259dar Ankaran\u0131n vacib t\u0259r\u0259fda\u015f oldu\u011funu anlay\u0131r, y\u0259ni strateji m\u00fctt\u0259fiq d\u0259 olmasa, T\u00fcrkiy\u0259 Rusiya \u00fc\u00e7\u00fcn strateji t\u0259r\u0259fda\u015fa \u00e7evrilir. Strateji t\u0259r\u0259fda\u015fl\u0131q is\u0259 uzun m\u00fcdd\u0259tli proqramd\u0131r, \u00e7\u00fcnki qaz layih\u0259l\u0259ri 10 illikl\u0259ri n\u0259z\u0259rd\u0259 tutur. Amma Erm\u0259nistan da Rusiyan\u0131n m\u00fctt\u0259fiqidir v\u0259 h\u0259r d\u0259f\u0259 Ankara-Moskva m\u00fcnasib\u0259tl\u0259ri inki\u015faf ed\u0259nd\u0259 \u0130r\u0259van narahat olur. Ona g\u00f6r\u0259 Rusiya bu \u00fc\u00e7bucaqda \u015f\u0259rti olaraq m\u00fcnasib\u0259tl\u0259rin t\u0259nziml\u0259nm\u0259sini ist\u0259y\u0259r. Eyni zamanda, Kreml ba\u015fa d\u00fc\u015f\u00fcr ki, T\u00fcrkiy\u0259-Erm\u0259nistan m\u00fcnasib\u0259tl\u0259rinin yax\u015f\u0131la\u015fd\u0131r\u0131lmas\u0131 Q\u0259rb\u0259 d\u0259 maraql\u0131d\u0131r. Bununla Q\u0259rb bu r\u0131\u00e7aqdan istifad\u0259 etm\u0259kl\u0259 Erm\u0259nistana t\u0259sirini g\u00fccl\u0259ndir\u0259r. Bax, Rusiya bir q\u0259d\u0259r \u00e7\u0259kinir, Lavrovun b\u0259yanat\u0131ndak\u0131 ziddiyy\u0259tl\u0259r bu m\u0259qamdan ir\u0259li g\u0259lir. H\u0259l\u0259lik Rusiya \u00f6z m\u00f6vqeyini \u00f6z\u00fc \u00fc\u00e7\u00fcn tam ayd\u0131nla\u015fd\u0131ra bilm\u0259yib&#8221;.\n<\/p>\n<p><div>\n    \u0130lqar V\u0259lizad\u0259 g\u00fcman edir ki, proses bir ne\u00e7\u0259 il davam ed\u0259c\u0259k v\u0259 bu gedi\u015fatda T\u00fcrkiy\u0259 il\u0259 b\u0259rab\u0259r Az\u0259rbaycan\u0131n da maraqlar\u0131 n\u0259z\u0259r\u0259 al\u0131nmal\u0131 olacaq. Bax, Rusiya bu s\u0259viyy\u0259d\u0259 hans\u0131sa q\u0259rar q\u0259bul etm\u0259y\u0259 haz\u0131r deyil&#8221;.\n  <\/div><\/p>\n","protected":false},"excerpt":{"rendered":"<p>Politoloq \u0130lqar V\u0259lizad\u0259 hesab edir ki, Rusiya bu \u00fc\u00e7bucaqda \u015f\u0259rti olaraq m\u00fcnasib\u0259tl\u0259rin t\u0259nziml\u0259nm\u0259sini ist\u0259yir<\/p>\n","protected":false},"author":11,"featured_media":23204,"comment_status":"closed","ping_status":"open","sticky":false,"template":"","format":"standard","meta":{"_acf_changed":false,"_sitemap_exclude":false,"_sitemap_priority":"","_sitemap_frequency":"","footnotes":""},"categories":[56],"tags":[],"class_list":["post-167669","post","type-post","status-publish","format-standard","has-post-thumbnail","hentry","category-xeberler","infinite-scroll-item","generate-columns","tablet-grid-50","mobile-grid-100","grid-parent","grid-33","no-featured-image-padding"],"acf":[],"yoast_head":"<!-- This site is optimized with the Yoast SEO plugin v28.4 - https:\/\/yoast.com\/product\/yoast-seo-wordpress\/ -->\n<title>&quot;Kreml qaz sazi\u015fl\u0259ri il\u0259 \u0259laq\u0259dar Ankaran\u0131n vacib t\u0259r\u0259fda\u015f oldu\u011funu anlay\u0131r&quot; - MEYDAN.TV<\/title>\n<meta name=\"robots\" content=\"index, follow, max-snippet:-1, max-image-preview:large, max-video-preview:-1\" \/>\n<link rel=\"canonical\" href=\"https:\/\/www.meydan.tv\/az\/article\/kreml-qaz-sazisleri-ile-elaqedar-ankaranin-vacib-terefdas-oldugunu-anlayir\/\" \/>\n<meta property=\"og:locale\" content=\"az_AZ\" \/>\n<meta property=\"og:type\" content=\"article\" \/>\n<meta property=\"og:title\" content=\"&quot;Kreml qaz sazi\u015fl\u0259ri il\u0259 \u0259laq\u0259dar Ankaran\u0131n vacib t\u0259r\u0259fda\u015f oldu\u011funu anlay\u0131r&quot; - MEYDAN.TV\" \/>\n<meta property=\"og:description\" content=\"Politoloq \u0130lqar V\u0259lizad\u0259 hesab edir ki, Rusiya bu \u00fc\u00e7bucaqda \u015f\u0259rti olaraq m\u00fcnasib\u0259tl\u0259rin t\u0259nziml\u0259nm\u0259sini ist\u0259yir\" \/>\n<meta property=\"og:url\" content=\"https:\/\/www.meydan.tv\/az\/article\/kreml-qaz-sazisleri-ile-elaqedar-ankaranin-vacib-terefdas-oldugunu-anlayir\/\" \/>\n<meta property=\"og:site_name\" content=\"MEYDAN.TV\" \/>\n<meta property=\"article:published_time\" content=\"2015-04-24T14:28:31+00:00\" \/>\n<meta property=\"og:image\" content=\"https:\/\/www.meydan.tv\/wp-content\/uploads\/8421.jpg\" \/>\n\t<meta property=\"og:image:width\" content=\"590\" \/>\n\t<meta property=\"og:image:height\" content=\"400\" \/>\n\t<meta property=\"og:image:type\" content=\"image\/jpeg\" \/>\n<meta name=\"twitter:card\" content=\"summary_large_image\" \/>\n<!-- \/ Yoast SEO plugin. -->","yoast_head_json":{"title":"\"Kreml qaz sazi\u015fl\u0259ri il\u0259 \u0259laq\u0259dar Ankaran\u0131n vacib t\u0259r\u0259fda\u015f oldu\u011funu anlay\u0131r\" - MEYDAN.TV","robots":{"index":"index","follow":"follow","max-snippet":"max-snippet:-1","max-image-preview":"max-image-preview:large","max-video-preview":"max-video-preview:-1"},"canonical":"https:\/\/www.meydan.tv\/az\/article\/kreml-qaz-sazisleri-ile-elaqedar-ankaranin-vacib-terefdas-oldugunu-anlayir\/","og_locale":"az_AZ","og_type":"article","og_title":"\"Kreml qaz sazi\u015fl\u0259ri il\u0259 \u0259laq\u0259dar Ankaran\u0131n vacib t\u0259r\u0259fda\u015f oldu\u011funu anlay\u0131r\" - MEYDAN.TV","og_description":"Politoloq \u0130lqar V\u0259lizad\u0259 hesab edir ki, Rusiya bu \u00fc\u00e7bucaqda \u015f\u0259rti olaraq m\u00fcnasib\u0259tl\u0259rin t\u0259nziml\u0259nm\u0259sini ist\u0259yir","og_url":"https:\/\/www.meydan.tv\/az\/article\/kreml-qaz-sazisleri-ile-elaqedar-ankaranin-vacib-terefdas-oldugunu-anlayir\/","og_site_name":"MEYDAN.TV","article_published_time":"2015-04-24T14:28:31+00:00","og_image":[{"width":590,"height":400,"url":"https:\/\/www.meydan.tv\/wp-content\/uploads\/8421.jpg","type":"image\/jpeg"}],"twitter_card":"summary_large_image","schema":{"@context":"https:\/\/schema.org","@graph":[{"@type":"Article","@id":"https:\/\/www.meydan.tv\/az\/article\/kreml-qaz-sazisleri-ile-elaqedar-ankaranin-vacib-terefdas-oldugunu-anlayir\/#article","isPartOf":{"@id":"https:\/\/www.meydan.tv\/az\/article\/kreml-qaz-sazisleri-ile-elaqedar-ankaranin-vacib-terefdas-oldugunu-anlayir\/"},"author":{"name":"user-manager","@id":"https:\/\/www.meydan.tv\/az\/#\/schema\/person\/10d11eccf6da3662cf5fdab9806ea91a"},"headline":"&#8220;Kreml qaz sazi\u015fl\u0259ri il\u0259 \u0259laq\u0259dar Ankaran\u0131n vacib t\u0259r\u0259fda\u015f oldu\u011funu anlay\u0131r&#8221;","datePublished":"2015-04-24T14:28:31+00:00","mainEntityOfPage":{"@id":"https:\/\/www.meydan.tv\/az\/article\/kreml-qaz-sazisleri-ile-elaqedar-ankaranin-vacib-terefdas-oldugunu-anlayir\/"},"wordCount":646,"publisher":{"@id":"https:\/\/www.meydan.tv\/az\/#organization"},"image":{"@id":"https:\/\/www.meydan.tv\/az\/article\/kreml-qaz-sazisleri-ile-elaqedar-ankaranin-vacib-terefdas-oldugunu-anlayir\/#primaryimage"},"thumbnailUrl":"https:\/\/www.meydan.tv\/wp-content\/uploads\/8421.jpg","articleSection":["X\u0259b\u0259rl\u0259r"],"inLanguage":"az"},{"@type":"WebPage","@id":"https:\/\/www.meydan.tv\/az\/article\/kreml-qaz-sazisleri-ile-elaqedar-ankaranin-vacib-terefdas-oldugunu-anlayir\/","url":"https:\/\/www.meydan.tv\/az\/article\/kreml-qaz-sazisleri-ile-elaqedar-ankaranin-vacib-terefdas-oldugunu-anlayir\/","name":"\"Kreml qaz sazi\u015fl\u0259ri il\u0259 \u0259laq\u0259dar Ankaran\u0131n vacib t\u0259r\u0259fda\u015f oldu\u011funu anlay\u0131r\" - MEYDAN.TV","isPartOf":{"@id":"https:\/\/www.meydan.tv\/az\/#website"},"primaryImageOfPage":{"@id":"https:\/\/www.meydan.tv\/az\/article\/kreml-qaz-sazisleri-ile-elaqedar-ankaranin-vacib-terefdas-oldugunu-anlayir\/#primaryimage"},"image":{"@id":"https:\/\/www.meydan.tv\/az\/article\/kreml-qaz-sazisleri-ile-elaqedar-ankaranin-vacib-terefdas-oldugunu-anlayir\/#primaryimage"},"thumbnailUrl":"https:\/\/www.meydan.tv\/wp-content\/uploads\/8421.jpg","datePublished":"2015-04-24T14:28:31+00:00","breadcrumb":{"@id":"https:\/\/www.meydan.tv\/az\/article\/kreml-qaz-sazisleri-ile-elaqedar-ankaranin-vacib-terefdas-oldugunu-anlayir\/#breadcrumb"},"inLanguage":"az","potentialAction":[{"@type":"ReadAction","target":["https:\/\/www.meydan.tv\/az\/article\/kreml-qaz-sazisleri-ile-elaqedar-ankaranin-vacib-terefdas-oldugunu-anlayir\/"]}]},{"@type":"ImageObject","inLanguage":"az","@id":"https:\/\/www.meydan.tv\/az\/article\/kreml-qaz-sazisleri-ile-elaqedar-ankaranin-vacib-terefdas-oldugunu-anlayir\/#primaryimage","url":"https:\/\/www.meydan.tv\/wp-content\/uploads\/8421.jpg","contentUrl":"https:\/\/www.meydan.tv\/wp-content\/uploads\/8421.jpg","width":590,"height":400,"caption":"Source:"},{"@type":"BreadcrumbList","@id":"https:\/\/www.meydan.tv\/az\/article\/kreml-qaz-sazisleri-ile-elaqedar-ankaranin-vacib-terefdas-oldugunu-anlayir\/#breadcrumb","itemListElement":[{"@type":"ListItem","position":1,"name":"Ana s\u0259hif\u0259","item":"https:\/\/www.meydan.tv\/az\/"},{"@type":"ListItem","position":2,"name":"X\u0259b\u0259rl\u0259r","item":"https:\/\/www.meydan.tv\/az\/section\/xeberler\/"},{"@type":"ListItem","position":3,"name":"&#8220;Kreml qaz sazi\u015fl\u0259ri il\u0259 \u0259laq\u0259dar Ankaran\u0131n vacib t\u0259r\u0259fda\u015f oldu\u011funu anlay\u0131r&#8221;"}]},{"@type":"WebSite","@id":"https:\/\/www.meydan.tv\/az\/#website","url":"https:\/\/www.meydan.tv\/az\/","name":"MEYDAN.TV","description":"Meydan TV Az\u0259rbaycan\u0131n media m\u0259kan\u0131ndak\u0131 alternativ s\u0259sidir","publisher":{"@id":"https:\/\/www.meydan.tv\/az\/#organization"},"potentialAction":[{"@type":"SearchAction","target":{"@type":"EntryPoint","urlTemplate":"https:\/\/www.meydan.tv\/az\/?s={search_term_string}"},"query-input":{"@type":"PropertyValueSpecification","valueRequired":true,"valueName":"search_term_string"}}],"inLanguage":"az"},{"@type":"Organization","@id":"https:\/\/www.meydan.tv\/az\/#organization","name":"Meydan TV","url":"https:\/\/www.meydan.tv\/az\/","logo":{"@type":"ImageObject","inLanguage":"az","@id":"https:\/\/www.meydan.tv\/az\/#\/schema\/logo\/image\/","url":"https:\/\/www.meydan.tv\/wp-content\/uploads\/2021\/07\/meydan-logo.svg","contentUrl":"https:\/\/www.meydan.tv\/wp-content\/uploads\/2021\/07\/meydan-logo.svg","width":195,"height":46,"caption":"Meydan TV"},"image":{"@id":"https:\/\/www.meydan.tv\/az\/#\/schema\/logo\/image\/"}},{"@type":"Person","@id":"https:\/\/www.meydan.tv\/az\/#\/schema\/person\/10d11eccf6da3662cf5fdab9806ea91a","name":"user-manager"}]}},"_links":{"self":[{"href":"https:\/\/www.meydan.tv\/az\/wp-json\/wp\/v2\/posts\/167669","targetHints":{"allow":["GET"]}}],"collection":[{"href":"https:\/\/www.meydan.tv\/az\/wp-json\/wp\/v2\/posts"}],"about":[{"href":"https:\/\/www.meydan.tv\/az\/wp-json\/wp\/v2\/types\/post"}],"author":[{"embeddable":true,"href":"https:\/\/www.meydan.tv\/az\/wp-json\/wp\/v2\/users\/11"}],"replies":[{"embeddable":true,"href":"https:\/\/www.meydan.tv\/az\/wp-json\/wp\/v2\/comments?post=167669"}],"version-history":[{"count":0,"href":"https:\/\/www.meydan.tv\/az\/wp-json\/wp\/v2\/posts\/167669\/revisions"}],"wp:featuredmedia":[{"embeddable":true,"href":"https:\/\/www.meydan.tv\/az\/wp-json\/wp\/v2\/media\/23204"}],"wp:attachment":[{"href":"https:\/\/www.meydan.tv\/az\/wp-json\/wp\/v2\/media?parent=167669"}],"wp:term":[{"taxonomy":"category","embeddable":true,"href":"https:\/\/www.meydan.tv\/az\/wp-json\/wp\/v2\/categories?post=167669"},{"taxonomy":"post_tag","embeddable":true,"href":"https:\/\/www.meydan.tv\/az\/wp-json\/wp\/v2\/tags?post=167669"}],"curies":[{"name":"wp","href":"https:\/\/api.w.org\/{rel}","templated":true}]}}