{"id":167662,"date":"2015-04-23T18:34:53","date_gmt":"2015-04-23T18:34:53","guid":{"rendered":"https:\/\/www.meydan.tv\/article\/oyuncaq-alan-usaqlarin-gulusu-ile-teselli-tapan-adam\/"},"modified":"2015-04-23T18:34:53","modified_gmt":"2015-04-23T18:34:53","slug":"oyuncaq-alan-usaqlarin-gulusu-ile-teselli-tapan-adam","status":"publish","type":"post","link":"https:\/\/www.meydan.tv\/az\/article\/oyuncaq-alan-usaqlarin-gulusu-ile-teselli-tapan-adam\/","title":{"rendered":"Oyuncaq alan u\u015faqlar\u0131n g\u00fcl\u00fc\u015f\u00fc il\u0259 t\u0259s\u0259lli tapan adam"},"content":{"rendered":"<figure class=\"wp-block-image size-large\">\n  <img decoding=\"async\" src=\"https:\/\/www.meydan.tv\/az\/23174\/\" alt=\"\" class=\"wp-image-23174\"\/><figcaption><\/figcaption><\/figure>\n<figure class=\"wp-block-image size-large\">\n  <img decoding=\"async\" src=\"https:\/\/www.meydan.tv\/az\/23180\/\" alt=\"\" class=\"wp-image-23180\"\/><figcaption><\/figcaption><\/figure>\n<p>\n  <i><br \/>\n    Qurban \u018fhm\u0259dov: \u201cM\u0259ni \u0259lill\u0259r evin\u0259 g\u00f6nd\u0259r\u0259c\u0259kl\u0259ri il\u0259 t\u0259hdid edirl\u0259r\u201d<br \/>\n  <\/i>\n<\/p>\n<p>\n  \u018fvv\u0259lc\u0259d\u0259n dan\u0131\u015fd\u0131\u011f\u0131m\u0131z kimi, Qurban \u018fhm\u0259dovla qQazax\u0131n m\u0259rk\u0259zi bazar\u0131n\u0131n qar\u015f\u0131s\u0131nda g\u00f6r\u00fc\u015fd\u00fck. Qoltuq a\u011faclar\u0131n\u0131n k\u00f6m\u0259yi il\u0259 h\u0259r\u0259k\u0259t ed\u0259n Qurban I qrup \u0259lildir. Dediyin\u0259 g\u00f6r\u0259, u\u015faql\u0131qdan bu qultuq a\u011faclar\u0131na s\u00f6yk\u0259n\u0259-s\u00f6yk\u0259n\u0259 ya\u015fay\u0131b.\n<\/p>\n<p>\n  Onun arxas\u0131nca oturdu\u011fu pi\u015ftaxtaya sar\u0131 gedirdik. Ya\u011f\u0131\u015f ya\u011fd\u0131\u011f\u0131ndan yer pal\u00e7\u0131q idi, qoltuq a\u011faclar\u0131 tez-tez s\u00fcr\u00fc\u015f\u00fcd\u00fc. Y\u0131x\u0131lmamaq \u00fc\u00e7\u00fcn ehtiyatla gedirdi. El\u0259 pi\u015ftaxtas\u0131 da g\u00f6lm\u0259\u00e7\u0259nin \u0259hat\u0259sind\u0259 idi. \u0130lin b\u00fct\u00fcn f\u0259slind\u0259 buran\u0131n pal\u00e7\u0131ql\u0131, nat\u0259miz v\u0259ziyy\u0259td\u0259 oldu\u011funu s\u00f6yl\u0259di&#8230;\n<\/p>\n<p>\n  \u00c7\u0259kili\u015f apard\u0131\u011f\u0131m\u0131z\u0131 g\u00f6r\u0259n sat\u0131c\u0131 qad\u0131nlar dil-a\u011f\u0131r etdil\u0259r: \u201c\u018fliniz d\u0259rd g\u00f6rm\u0259sin! Ne\u00e7\u0259 ildir, \u0259ziyy\u0259t \u00e7\u0259kir, yaz\u0131r-pozur, faydas\u0131 olmur. El\u0259 yaz\u0131n, da\u015fdan ke\u00e7sin!\u201d\n<\/p>\n<p>\n  <b><br \/>\n    &#8220;Allah bir g\u00fcn m\u0259ni d\u0259 g\u00f6r\u0259c\u0259k&#8221;<br \/>\n  <\/b>\n<\/p>\n<p>\n  Qurban\u0131n \u00f6z\u00fc is\u0259 nikbin adamd\u0131r. Deyir ki, n\u0259 q\u0259d\u0259r s\u00f6z\u00fc da\u015fa d\u0259yib qay\u0131tsa da, ruhdan d\u00fc\u015fm\u00fcr, d\u00fc\u015fm\u0259y\u0259c\u0259k: &#8220;H\u0259yat davam edir. Bir g\u00fcn h\u0259yat\u0131n dibind\u0259 qalan insanlar\u0131n da \u00fcz\u00fcn\u0259 G\u00fcn\u0259\u015f g\u00fcl\u0259c\u0259k.B\u0259z\u0259n boyumu balaca g\u00f6r\u00fcb, u\u015faq bilirl\u0259r. Bel\u0259 \u015feyl\u0259ri \u00f6z\u00fcm\u0259 d\u0259rd el\u0259m\u0259s\u0259m d\u0259, otuz ya\u015f\u0131 ke\u00e7m\u0259yim\u0259 baxmayaraq, h\u0259l\u0259 d\u0259 ev-e\u015fik sahibi olmama\u011f\u0131m, evim olmad\u0131\u011f\u0131ndan ail\u0259 qura bilm\u0259m\u0259yim a\u011f\u0131r g\u0259lir. Bu g\u00fcn-sabah ya\u015f\u0131dlar\u0131m\u0131n \u00f6vladlar\u0131 m\u0259kt\u0259b\u0259 ged\u0259c\u0259k, m\u0259ns\u0259 h\u0259l\u0259 \u00f6z\u00fcm\u00fc zar-zor saxlaya bilir\u0259m. \u0130nan\u0131ram ki, h\u0259r zaman \u0259dal\u0259tin\u0259 inand\u0131\u011f\u0131m\u0131z Allah bir g\u00fcn m\u0259ni d\u0259 g\u00f6r\u0259c\u0259k. Ail\u0259 quracam, \u00f6vladlar\u0131m olacaq. H\u0259r s\u0259h\u0259r i\u015f\u0259 ged\u0259nd\u0259 \u00e7ay\u0131m\u0131 q\u0131zd\u0131ran, ev\u0259 qay\u0131danda yem\u0259yimi ver\u0259n biri olacaq\u201d.\n<\/p>\n<p>\n  Qurban \u018fhm\u0259dov 1984-c\u00fc ild\u0259 Qazax rayonunun \u00c7ayl\u0131 k\u0259ndind\u0259 anadan olub. evi yoxdur. \u00dc\u00e7 ya\u015f\u0131 olanda anas\u0131 d\u00fcnyas\u0131n\u0131 d\u0259yi\u015fib. Atas\u0131 ail\u0259 qurandan sonra \u00f6gey ana il\u0259 birlikd\u0259 ya\u015faya bilm\u0259diyind\u0259n uzun zaman qohum-\u0259qraba, \u0259mi-day\u0131 evind\u0259 ya\u015fay\u0131b.\n<\/p>\n<p>\n  Bir ne\u00e7\u0259 ildir qarda\u015f\u0131 il\u0259 kiray\u0259 m\u0259nzild\u0259 ya\u015fay\u0131r. Qurban deyir ki, qarda\u015f\u0131 ona yax\u015f\u0131 bax\u0131r, amma ona y\u00fck olmaq ist\u0259mir: \u201cQarda\u015f\u0131m m\u0259n\u0259 yax\u015f\u0131 bax\u0131r. Vaxtl\u0131 vaxt\u0131nda yem\u0259yimi, i\u00e7m\u0259yimi verir. Anam\u0131 itirdiyimd\u0259n bu yana azya\u015fl\u0131 oldu\u011fumdan, q\u00fcsurlu do\u011fuldu\u011fumdan yax\u0131nlar\u0131m h\u0259mi\u015f\u0259 m\u0259n\u0259 g\u00f6r\u0259 \u00f6zl\u0259rini oda-k\u00f6z\u0259 vurublar. \u015eikay\u0259tim yoxdur onlardan. Art\u0131q \u00f6z ayaqlar\u0131m\u0131n \u00fcst\u00fcnd\u0259 durmaq ist\u0259yir\u0259m. Qarda\u015f\u0131m bug\u00fcn\u0259 kimi h\u0259r \u0259ziyy\u0259timi \u00e7\u0259kib, g\u00f6z\u00fcm\u00fc \u00fcz\u0259rimd\u0259n ay\u0131rmay\u0131b. Ancaq m\u0259n d\u0259 insanam. H\u0259r d\u0259f\u0259 evd\u0259n \u00e7\u0131x\u0131b, geri qay\u0131danda onlara y\u00fck oldu\u011fumu hiss edir\u0259m. \u0130st\u0259yir\u0259m, onun da \u00f6z h\u0259yat\u0131 olsun, \u00f6mr\u00fcn\u00fc m\u0259n\u0259 h\u0259sr ed\u0259r\u0259k ya\u015famas\u0131n\u201d.\n<\/p>\n<figure class=\"wp-block-image size-large\">\n  <img decoding=\"async\" src=\"https:\/\/www.meydan.tv\/az\/23183\/\" alt=\"\" class=\"wp-image-23183\"\/><figcaption><\/figcaption><\/figure>\n<p>\n  <b><br \/>\n    &#8220;Qa\u00e7q\u0131nlara tikilmi\u015f evl\u0259r sat\u0131l\u0131r&#8221;<br \/>\n  <\/b>\n<\/p>\n<p>\n  Qurban bazarda oyuncaq, pulqab\u0131, x\u0131rda-xuru\u015f \u0259y\u015falar sat\u0131r, g\u00fcnd\u0259lik x\u0259rcliyini \u00e7\u0131xar\u0131r. Bu pi\u015ftaxtaya g\u00f6r\u0259 h\u0259r ay 45 manat pul \u00f6d\u0259yir. Onun s\u00f6zl\u0259rin\u0259 g\u00f6r\u0259, ail\u0259 qura bilm\u0259s\u0259 d\u0259, \u00f6vlad sahibi olmasa da, h\u0259r d\u0259f\u0259 oyuncaq sat\u0131b sevindirdiyi u\u015faqlar\u0131n g\u00fcl\u00fc\u015fl\u0259ri il\u0259 t\u0259s\u0259lli tap\u0131r: \u201cAld\u0131\u011f\u0131m 120 manat pensiya al\u0131ram. Bazardan g\u00fcnd\u0259lik qazand\u0131\u011f\u0131m da \u00fc\u00e7-be\u015f manatd\u0131r. Bunlar siqaret puluma, paltar\u0131ma, satma\u011fa oyuncaq almaq \u00fc\u00e7\u00fcn Bak\u0131ya gedib-g\u0259lm\u0259yim\u0259 g\u00fccl\u0259 \u00e7at\u0131r. Qazax \u0130cra Hakimiyy\u0259tind\u0259n is\u0259 m\u0259n\u0259 deyirl\u0259r ki, torpa\u011f\u0131 da \u00f6z\u00fcn al, evi d\u0259 \u00f6z\u00fcn tik\u201d.\n<\/p>\n<p>\n  M\u0259s\u0259l\u0259yl\u0259 ba\u011fl\u0131 yazmad\u0131\u011f\u0131, a\u011f\u0131z a\u00e7mad\u0131\u011f\u0131 yer qalmad\u0131\u011f\u0131n\u0131 dey\u0259n Qurban he\u00e7 bir m\u0259ktubuna, m\u00fcraci\u0259tin\u0259 \u00fcr\u0259k a\u00e7an cavab almad\u0131\u011f\u0131n\u0131 da bildirdi: \u201cOnlarla m\u0259ktub yaz\u0131b, el\u0259 bir o q\u0259d\u0259r d\u0259 cavab alm\u0131\u015fam, faydas\u0131n\u0131 g\u00f6rm\u0259mi\u015f\u0259m. \u015eablon cavablar verirl\u0259r: \u201cYazd\u0131\u011f\u0131n\u0131z m\u0259ktuba bax\u0131lm\u0131\u015fd\u0131r. Probleminiz laz\u0131mi qaydada ara\u015fd\u0131r\u0131lacaq\u201d. N\u0259 zaman ara\u015fd\u0131r\u0131lacaq, nec\u0259 ara\u015fd\u0131r\u0131lacaq, bil\u0259n yoxdur. Qazax\u0131n \u018flia\u011fa \u015e\u0131xlinski k\u00fc\u00e7\u0259sind\u0259 qa\u00e7q\u0131nlar \u00fc\u00e7\u00fcn tikil\u0259n 40 m\u0259nzillik binada c\u0259mi on iki qa\u00e7q\u0131n m\u0259nzill\u0259 t\u0259min olundu. Qalan m\u0259nzill\u0259r sat\u0131\u015fa \u00e7\u0131xar\u0131ld\u0131. Halbuki h\u0259min m\u0259nzill\u0259rd\u0259n birind\u0259 m\u0259ni m\u00fcv\u0259qq\u0259ti d\u0259 olsa yerl\u0259\u015fdir\u0259 bil\u0259rdil\u0259r. \u015eikay\u0259tim\u0259 cavab olaraq m\u0259n\u0259 Xanl\u0131qlar k\u0259ndind\u0259 yerl\u0259\u015f\u0259n pe\u015f\u0259 m\u0259kt\u0259binin h\u0259y\u0259tind\u0259ki bax\u0131ms\u0131z, u\u00e7uq-s\u00f6k\u00fck ota\u011f\u0131 m\u0259sl\u0259h\u0259t g\u00f6r\u00fcbl\u0259r. Yazd\u0131\u011f\u0131m m\u0259ktublara g\u00f6r\u0259 icra hakimiyy\u0259tinin i\u015f\u00e7il\u0259ri m\u0259ni \u0259lill\u0259r evin\u0259 g\u00f6nd\u0259r\u0259c\u0259kl\u0259ri il\u0259 t\u0259hdid edirl\u0259r. H\u0259r\u00e7\u0259nd, Qazax rayon icra ba\u015f\u00e7\u0131s\u0131n\u0131n s\u00fcr\u00fcc\u00fcs\u00fcn\u0259 kimi h\u0259min binada m\u0259nzill\u0259 t\u0259min olunub\u201d.\n<\/p>\n<p>\n  <b><br \/>\n    &#8220;Bina tikils\u0259, ev veril\u0259c\u0259k&#8230;&#8221;<br \/>\n  <\/b>\n<\/p>\n<p>\n  Qurban \u018fhm\u0259dovun m\u00fcxt\u0259lif orqanlara \u00fcnvanlad\u0131\u011f\u0131 \u015fikay\u0259t m\u0259ktublar\u0131na\u00a0Qazax rayon \u0130cra Hakimiyy\u0259ti ba\u015f\u00e7\u0131n\u0131n m\u00fcavini, Sosial-iqtisadi inki\u015faf\u0131n t\u0259hlili v\u0259 proqnozla\u015fd\u0131r\u0131lmas\u0131 \u015f\u00f6b\u0259sinin m\u00fcdiri Tahir Musayevin imzas\u0131 il\u0259 eynim\u0259zmunlu cavab g\u00f6nd\u0259rilir. El\u0259 bizim d\u0259 Qurban\u0131n problemi il\u0259 ba\u011fl\u0131 \u00fcnvanlad\u0131\u011f\u0131m\u0131z sor\u011fuya eyni cavab verildi:\u00a0\u201cHaz\u0131rda bu y\u00f6nd\u0259 prezidentin he\u00e7 bir s\u0259r\u0259ncam\u0131 yoxdur. Tikil\u0259n binalar yaln\u0131z Qaraba\u011f \u0259lill\u0259ri \u00fc\u00e7\u00fcn n\u0259z\u0259rd\u0259 tutulmu\u015fdur. Yax\u0131n zamanlarda \u00fcmumi \u0259lill\u0259r \u00fc\u00e7\u00fcn bina tikils\u0259, Qurban \u018fhm\u0259dov v\u0259 dig\u0259r \u00fcmumi \u0259lill\u0259r\u0259 bu bar\u0259d\u0259 x\u0259b\u0259r veril\u0259c\u0259k\u201d.\n<\/p>\n<p>\n  \u018flilliyi olan Qurban \u018fhm\u0259dov prezidentin n\u0259 zaman s\u0259r\u0259ncam ver\u0259c\u0259yi, evl\u0259 t\u0259min olunaca\u011f\u0131 g\u00fcn\u00fc g\u00f6zl\u0259yir. \u0130nan\u0131r ki, Avropa Oyunlar\u0131 u\u011furla ke\u00e7\u0259c\u0259k, bu m\u00f6t\u0259b\u0259r t\u0259dbir iqtisadiyyat\u0131m\u0131z\u0131 g\u00fccl\u0259ndir\u0259c\u0259k v\u0259 onun kimi \u015f\u0259xsl\u0259r \u00fc\u00e7\u00fcn ev tikil\u0259c\u0259k&#8230;\n<\/p>\n<figure class=\"wp-block-image size-large\">\n  <img decoding=\"async\" src=\"https:\/\/www.meydan.tv\/az\/23174\/\" alt=\"\" class=\"wp-image-23174\"\/><figcaption><\/figcaption><\/figure>\n<\/p>\n<\/p>\n<\/p>\n<\/p>\n<\/p>\n<\/p>\n<\/p><\/p>\n","protected":false},"excerpt":{"rendered":"<p>Qurban \u018fhm\u0259dov: \u201cM\u0259ni \u0259lill\u0259r evin\u0259 g\u00f6nd\u0259r\u0259c\u0259kl\u0259ri il\u0259 t\u0259hdid edirl\u0259r\u201d<\/p>\n","protected":false},"author":11,"featured_media":23174,"comment_status":"closed","ping_status":"open","sticky":false,"template":"","format":"standard","meta":{"_acf_changed":false,"_sitemap_exclude":false,"_sitemap_priority":"","_sitemap_frequency":"","footnotes":""},"categories":[56],"tags":[],"class_list":["post-167662","post","type-post","status-publish","format-standard","has-post-thumbnail","hentry","category-xeberler","infinite-scroll-item","generate-columns","tablet-grid-50","mobile-grid-100","grid-parent","grid-33","no-featured-image-padding"],"acf":[],"yoast_head":"<!-- This site is optimized with the Yoast SEO plugin v28.4 - https:\/\/yoast.com\/product\/yoast-seo-wordpress\/ -->\n<title>Oyuncaq alan u\u015faqlar\u0131n g\u00fcl\u00fc\u015f\u00fc il\u0259 t\u0259s\u0259lli tapan adam - MEYDAN.TV<\/title>\n<meta name=\"robots\" content=\"index, follow, max-snippet:-1, max-image-preview:large, max-video-preview:-1\" \/>\n<link rel=\"canonical\" href=\"https:\/\/www.meydan.tv\/az\/article\/oyuncaq-alan-usaqlarin-gulusu-ile-teselli-tapan-adam\/\" \/>\n<meta property=\"og:locale\" content=\"az_AZ\" \/>\n<meta property=\"og:type\" content=\"article\" \/>\n<meta property=\"og:title\" content=\"Oyuncaq alan u\u015faqlar\u0131n g\u00fcl\u00fc\u015f\u00fc il\u0259 t\u0259s\u0259lli tapan adam - MEYDAN.TV\" \/>\n<meta property=\"og:description\" content=\"Qurban \u018fhm\u0259dov: \u201cM\u0259ni \u0259lill\u0259r evin\u0259 g\u00f6nd\u0259r\u0259c\u0259kl\u0259ri il\u0259 t\u0259hdid edirl\u0259r\u201d\" \/>\n<meta property=\"og:url\" content=\"https:\/\/www.meydan.tv\/az\/article\/oyuncaq-alan-usaqlarin-gulusu-ile-teselli-tapan-adam\/\" \/>\n<meta property=\"og:site_name\" content=\"MEYDAN.TV\" \/>\n<meta property=\"article:published_time\" content=\"2015-04-23T18:34:53+00:00\" \/>\n<meta property=\"og:image\" content=\"https:\/\/www.meydan.tv\/wp-content\/uploads\/8410.jpg\" \/>\n\t<meta property=\"og:image:width\" content=\"667\" \/>\n\t<meta property=\"og:image:height\" content=\"400\" \/>\n\t<meta property=\"og:image:type\" content=\"image\/jpeg\" \/>\n<meta name=\"twitter:card\" content=\"summary_large_image\" \/>\n<!-- \/ Yoast SEO plugin. -->","yoast_head_json":{"title":"Oyuncaq alan u\u015faqlar\u0131n g\u00fcl\u00fc\u015f\u00fc il\u0259 t\u0259s\u0259lli tapan adam - MEYDAN.TV","robots":{"index":"index","follow":"follow","max-snippet":"max-snippet:-1","max-image-preview":"max-image-preview:large","max-video-preview":"max-video-preview:-1"},"canonical":"https:\/\/www.meydan.tv\/az\/article\/oyuncaq-alan-usaqlarin-gulusu-ile-teselli-tapan-adam\/","og_locale":"az_AZ","og_type":"article","og_title":"Oyuncaq alan u\u015faqlar\u0131n g\u00fcl\u00fc\u015f\u00fc il\u0259 t\u0259s\u0259lli tapan adam - MEYDAN.TV","og_description":"Qurban \u018fhm\u0259dov: \u201cM\u0259ni \u0259lill\u0259r evin\u0259 g\u00f6nd\u0259r\u0259c\u0259kl\u0259ri il\u0259 t\u0259hdid edirl\u0259r\u201d","og_url":"https:\/\/www.meydan.tv\/az\/article\/oyuncaq-alan-usaqlarin-gulusu-ile-teselli-tapan-adam\/","og_site_name":"MEYDAN.TV","article_published_time":"2015-04-23T18:34:53+00:00","og_image":[{"width":667,"height":400,"url":"https:\/\/www.meydan.tv\/wp-content\/uploads\/8410.jpg","type":"image\/jpeg"}],"twitter_card":"summary_large_image","schema":{"@context":"https:\/\/schema.org","@graph":[{"@type":"Article","@id":"https:\/\/www.meydan.tv\/az\/article\/oyuncaq-alan-usaqlarin-gulusu-ile-teselli-tapan-adam\/#article","isPartOf":{"@id":"https:\/\/www.meydan.tv\/az\/article\/oyuncaq-alan-usaqlarin-gulusu-ile-teselli-tapan-adam\/"},"author":{"name":"user-manager","@id":"https:\/\/www.meydan.tv\/az\/#\/schema\/person\/10d11eccf6da3662cf5fdab9806ea91a"},"headline":"Oyuncaq alan u\u015faqlar\u0131n g\u00fcl\u00fc\u015f\u00fc il\u0259 t\u0259s\u0259lli tapan adam","datePublished":"2015-04-23T18:34:53+00:00","mainEntityOfPage":{"@id":"https:\/\/www.meydan.tv\/az\/article\/oyuncaq-alan-usaqlarin-gulusu-ile-teselli-tapan-adam\/"},"wordCount":1124,"publisher":{"@id":"https:\/\/www.meydan.tv\/az\/#organization"},"image":{"@id":"https:\/\/www.meydan.tv\/az\/article\/oyuncaq-alan-usaqlarin-gulusu-ile-teselli-tapan-adam\/#primaryimage"},"thumbnailUrl":"https:\/\/www.meydan.tv\/wp-content\/uploads\/8410.jpg","articleSection":["X\u0259b\u0259rl\u0259r"],"inLanguage":"az"},{"@type":"WebPage","@id":"https:\/\/www.meydan.tv\/az\/article\/oyuncaq-alan-usaqlarin-gulusu-ile-teselli-tapan-adam\/","url":"https:\/\/www.meydan.tv\/az\/article\/oyuncaq-alan-usaqlarin-gulusu-ile-teselli-tapan-adam\/","name":"Oyuncaq alan u\u015faqlar\u0131n g\u00fcl\u00fc\u015f\u00fc il\u0259 t\u0259s\u0259lli tapan adam - MEYDAN.TV","isPartOf":{"@id":"https:\/\/www.meydan.tv\/az\/#website"},"primaryImageOfPage":{"@id":"https:\/\/www.meydan.tv\/az\/article\/oyuncaq-alan-usaqlarin-gulusu-ile-teselli-tapan-adam\/#primaryimage"},"image":{"@id":"https:\/\/www.meydan.tv\/az\/article\/oyuncaq-alan-usaqlarin-gulusu-ile-teselli-tapan-adam\/#primaryimage"},"thumbnailUrl":"https:\/\/www.meydan.tv\/wp-content\/uploads\/8410.jpg","datePublished":"2015-04-23T18:34:53+00:00","breadcrumb":{"@id":"https:\/\/www.meydan.tv\/az\/article\/oyuncaq-alan-usaqlarin-gulusu-ile-teselli-tapan-adam\/#breadcrumb"},"inLanguage":"az","potentialAction":[{"@type":"ReadAction","target":["https:\/\/www.meydan.tv\/az\/article\/oyuncaq-alan-usaqlarin-gulusu-ile-teselli-tapan-adam\/"]}]},{"@type":"ImageObject","inLanguage":"az","@id":"https:\/\/www.meydan.tv\/az\/article\/oyuncaq-alan-usaqlarin-gulusu-ile-teselli-tapan-adam\/#primaryimage","url":"https:\/\/www.meydan.tv\/wp-content\/uploads\/8410.jpg","contentUrl":"https:\/\/www.meydan.tv\/wp-content\/uploads\/8410.jpg","width":667,"height":400,"caption":"Source:"},{"@type":"BreadcrumbList","@id":"https:\/\/www.meydan.tv\/az\/article\/oyuncaq-alan-usaqlarin-gulusu-ile-teselli-tapan-adam\/#breadcrumb","itemListElement":[{"@type":"ListItem","position":1,"name":"Ana s\u0259hif\u0259","item":"https:\/\/www.meydan.tv\/az\/"},{"@type":"ListItem","position":2,"name":"X\u0259b\u0259rl\u0259r","item":"https:\/\/www.meydan.tv\/az\/section\/xeberler\/"},{"@type":"ListItem","position":3,"name":"Oyuncaq alan u\u015faqlar\u0131n g\u00fcl\u00fc\u015f\u00fc il\u0259 t\u0259s\u0259lli tapan adam"}]},{"@type":"WebSite","@id":"https:\/\/www.meydan.tv\/az\/#website","url":"https:\/\/www.meydan.tv\/az\/","name":"MEYDAN.TV","description":"Meydan TV Az\u0259rbaycan\u0131n media m\u0259kan\u0131ndak\u0131 alternativ s\u0259sidir","publisher":{"@id":"https:\/\/www.meydan.tv\/az\/#organization"},"potentialAction":[{"@type":"SearchAction","target":{"@type":"EntryPoint","urlTemplate":"https:\/\/www.meydan.tv\/az\/?s={search_term_string}"},"query-input":{"@type":"PropertyValueSpecification","valueRequired":true,"valueName":"search_term_string"}}],"inLanguage":"az"},{"@type":"Organization","@id":"https:\/\/www.meydan.tv\/az\/#organization","name":"Meydan TV","url":"https:\/\/www.meydan.tv\/az\/","logo":{"@type":"ImageObject","inLanguage":"az","@id":"https:\/\/www.meydan.tv\/az\/#\/schema\/logo\/image\/","url":"https:\/\/www.meydan.tv\/wp-content\/uploads\/2021\/07\/meydan-logo.svg","contentUrl":"https:\/\/www.meydan.tv\/wp-content\/uploads\/2021\/07\/meydan-logo.svg","width":195,"height":46,"caption":"Meydan TV"},"image":{"@id":"https:\/\/www.meydan.tv\/az\/#\/schema\/logo\/image\/"}},{"@type":"Person","@id":"https:\/\/www.meydan.tv\/az\/#\/schema\/person\/10d11eccf6da3662cf5fdab9806ea91a","name":"user-manager"}]}},"_links":{"self":[{"href":"https:\/\/www.meydan.tv\/az\/wp-json\/wp\/v2\/posts\/167662","targetHints":{"allow":["GET"]}}],"collection":[{"href":"https:\/\/www.meydan.tv\/az\/wp-json\/wp\/v2\/posts"}],"about":[{"href":"https:\/\/www.meydan.tv\/az\/wp-json\/wp\/v2\/types\/post"}],"author":[{"embeddable":true,"href":"https:\/\/www.meydan.tv\/az\/wp-json\/wp\/v2\/users\/11"}],"replies":[{"embeddable":true,"href":"https:\/\/www.meydan.tv\/az\/wp-json\/wp\/v2\/comments?post=167662"}],"version-history":[{"count":0,"href":"https:\/\/www.meydan.tv\/az\/wp-json\/wp\/v2\/posts\/167662\/revisions"}],"wp:featuredmedia":[{"embeddable":true,"href":"https:\/\/www.meydan.tv\/az\/wp-json\/wp\/v2\/media\/23174"}],"wp:attachment":[{"href":"https:\/\/www.meydan.tv\/az\/wp-json\/wp\/v2\/media?parent=167662"}],"wp:term":[{"taxonomy":"category","embeddable":true,"href":"https:\/\/www.meydan.tv\/az\/wp-json\/wp\/v2\/categories?post=167662"},{"taxonomy":"post_tag","embeddable":true,"href":"https:\/\/www.meydan.tv\/az\/wp-json\/wp\/v2\/tags?post=167662"}],"curies":[{"name":"wp","href":"https:\/\/api.w.org\/{rel}","templated":true}]}}