{"id":167660,"date":"2015-04-23T17:46:59","date_gmt":"2015-04-23T17:46:59","guid":{"rendered":"https:\/\/www.meydan.tv\/article\/yalniz-narahatligi-ifade-etmeyecem-bezi-adamlarin-hebsden-buraxilmasini-xahis-edecem\/"},"modified":"2015-04-23T17:46:59","modified_gmt":"2015-04-23T17:46:59","slug":"yalniz-narahatligi-ifade-etmeyecem-bezi-adamlarin-hebsden-buraxilmasini-xahis-edecem","status":"publish","type":"post","link":"https:\/\/www.meydan.tv\/az\/article\/yalniz-narahatligi-ifade-etmeyecem-bezi-adamlarin-hebsden-buraxilmasini-xahis-edecem\/","title":{"rendered":"&#8220;Yaln\u0131z narahatl\u0131\u011f\u0131 ifad\u0259 etm\u0259y\u0259c\u0259m, b\u0259zi adamlar\u0131n h\u0259bsd\u0259n burax\u0131lmas\u0131n\u0131 xahi\u015f ed\u0259c\u0259m&#8221;"},"content":{"rendered":"<figure class=\"wp-block-image size-large\">\n  <img decoding=\"async\" src=\"https:\/\/www.meydan.tv\/az\/23168\/\" alt=\"\" class=\"wp-image-23168\"\/><figcaption><\/figcaption><\/figure>\n<figure class=\"wp-block-image size-large\">\n  <img decoding=\"async\" src=\"https:\/\/www.meydan.tv\/az\/23168\/\" alt=\"\" class=\"wp-image-23168\"\/><figcaption><\/figcaption><\/figure>\n<p>\n  <i><br \/>\n    Didye Reynders: &#8220;Bel\u00e7ikan\u0131n Avropa \u015euras\u0131 Nazirl\u0259r Komit\u0259sind\u0259 s\u0259drliyi d\u00f6vr\u00fcnd\u0259\u00a0 h\u00fcquq m\u00fcdafi\u0259\u00e7i\u0259l\u0259rinin h\u00fcquqlar\u0131n\u0131 daha s\u0259m\u0259r\u0259li m\u00fcdafi\u0259 ed\u0259 bil\u0259c\u0259yik&#8221;<br \/>\n  <\/i>\n<\/p>\n<p>\n  Bel\u00e7ika X\u0130N r\u0259hb\u0259ri v\u0259 Avropa \u015euras\u0131 Nazirl\u0259r Komit\u0259sinin s\u0259dri Didye Reynders g\u0259l\u0259n h\u0259ft\u0259 Az\u0259rbaycan v\u0259 Erm\u0259nistana s\u0259f\u0259r ed\u0259c\u0259k. Bu bar\u0259d\u0259 D.Reynders \u00f6t\u0259n g\u00fcn Strasburqda Bel\u00e7ikan\u0131n A\u015e Nazirl\u0259r Komit\u0259sin\u0259 s\u0259drliy\u0259 ba\u015flamas\u0131 il\u0259 \u0259laq\u0259dar bildirib.\n<\/p>\n<p>\n  S\u0259f\u0259rin m\u0259qs\u0259dl\u0259rind\u0259n dan\u0131\u015fan D.Reynders deyib ki, insan h\u00fcquqlar\u0131 m\u0259s\u0259l\u0259si diqq\u0259t m\u0259rk\u0259zind\u0259 olacaq. \u201cS\u00f6hb\u0259t Kr\u0131m, Donbas, Dnestryan\u0131, Abxaziya, C\u0259nubi Osetiya v\u0259 Da\u011fl\u0131q Qaraba\u011f kimi b\u00f6lg\u0259l\u0259rd\u0259 insan h\u00fcquqlar\u0131nn monitorinqinin mexanizmind\u0259n gedir\u201d, &#8211; o vur\u011fulay\u0131b.\n<\/p>\n<p>\n  \u201cM\u0259n Erm\u0259nistan v\u0259 Az\u0259rbaycana s\u0259f\u0259r ed\u0259c\u0259m, m\u0259nim \u0259sas missiyam bu \u00f6lk\u0259l\u0259rin Avropa \u015euras\u0131 il\u0259 \u0259m\u0259kda\u015fl\u0131\u011f\u0131n\u0131 m\u00f6hk\u0259ml\u0259ndirm\u0259kdir.\n<\/p>\n<p>\n  H\u0259m\u00e7inin c\u0259bh\u0259 x\u0259ttind\u0259 ba\u015f ver\u0259n son insidentl\u0259rl\u0259 ba\u011fl\u0131 narahatl\u0131\u011f\u0131m\u0131 bildirm\u0259k ist\u0259yir\u0259m. Xat\u0131rlad\u0131m ki, bu m\u00fcnaqi\u015f\u0259nin h\u0259rbi yolla h\u0259lli yoxdur. AT\u018fT-in Minsk Qrupu vasit\u0259sil\u0259 dialoq laz\u0131md\u0131r\u201d, &#8211; D.Reynders qeyd edib v\u0259 A\u015e-nin nizamlanmada i\u015ftirak\u0131n\u0131n m\u00fcmk\u00fcnl\u00fcy\u00fcn\u0259 toxunub.\n<\/p>\n<p>\n  Az\u0259rbaycandan olan deputat\u0131n qa\u00e7q\u0131nlar v\u0259 m\u0259cburi k\u00f6\u00e7k\u00fcnl\u0259rl\u0259 ba\u011fl\u0131 sual\u0131n\u0131n cavab\u0131nda D.Reynders deyib ki, onlarla \u00fcnsiyy\u0259td\u0259 olmaq, probleml\u0259rini bilm\u0259k, h\u0259r \u015feyi \u00f6z g\u00f6zl\u0259ri il\u0259 g\u00f6rm\u0259k v\u0259 Avropa \u015euras\u0131n\u0131n nec\u0259 yard\u0131m\u00e7\u0131 olaca\u011f\u0131 bar\u0259d\u0259 d\u00fc\u015f\u00fcnm\u0259k ist\u0259rdi.\n<\/p>\n<p>\n  Az\u0259rbaycanda v\u0259t\u0259nda\u015f c\u0259miyy\u0259tin\u0259 qar\u015f\u0131 repressiyalar fonunda, \u00f6lk\u0259nin A\u015ePA Nazirl\u0259r Komit\u0259sind\u0259 s\u0259drliyi v\u0259 ondan sonrak\u0131 d\u00f6vrd\u0259 h\u00fcquq m\u00fcdafi\u0259\u00e7il\u0259rinin h\u0259bs\u0259 al\u0131nmas\u0131n\u0131, m\u00fchacir\u0259t etm\u0259sini v\u0259 ya x\u0259st\u0259xanaya d\u00fc\u015fm\u0259sini n\u0259z\u0259r\u0259 alaraq Reyndersin Az\u0259rbaycan hakimiyy\u0259tin\u0259 mesaj\u0131 nec\u0259 olacaq? Fransal\u0131 deputat Le Bornun bu sual\u0131n\u0131n cavab\u0131nda bel\u00e7ikal\u0131 nazir deyib ki, Bak\u0131da ikit\u0259r\u0259fli g\u00f6r\u00fc\u015fl\u0259r zaman\u0131 yaln\u0131z \u201cnarahatl\u0131\u011f\u0131n\u0131 ifad\u0259 etm\u0259y\u0259c\u0259k, h\u0259m d\u0259 b\u0259zi adamlar\u0131n h\u0259bsd\u0259n burax\u0131lmas\u0131n\u0131, b\u0259zil\u0259rinin saxlanma \u015f\u0259raitinin yax\u015f\u0131la\u015fd\u0131r\u0131lmas\u0131n\u0131 xahi\u015f ed\u0259c\u0259k\u201d.\n<\/p>\n<p>\n  \u201cBel\u0259 hiss edir\u0259m ki, Bel\u00e7ikan\u0131n Avropa \u015euras\u0131 Nazirl\u0259r Komit\u0259sind\u0259 s\u0259drliyi d\u00f6vr\u00fcnd\u0259\u00a0 h\u00fcquq m\u00fcdafi\u0259\u00e7i\u0259l\u0259rinin h\u00fcquqlar\u0131n\u0131 daha s\u0259m\u0259r\u0259li m\u00fcdafi\u0259 ed\u0259 bil\u0259c\u0259yik\u201d, &#8211; Reynders qeyd edib (Turan \u0130A).<\/p>\n","protected":false},"excerpt":{"rendered":"<p>Didye Reynders: &#8220;Bel\u00e7ikan\u0131n Avropa \u015euras\u0131 Nazirl\u0259r Komit\u0259sind\u0259 s\u0259drliyi d\u00f6vr\u00fcnd\u0259  h\u00fcquq m\u00fcdafi\u0259\u00e7i\u0259l\u0259rinin h\u00fcquqlar\u0131n\u0131 daha s\u0259m\u0259r\u0259li m\u00fcdafi\u0259 ed\u0259 bil\u0259c\u0259yik&#8221;<\/p>\n","protected":false},"author":11,"featured_media":23168,"comment_status":"closed","ping_status":"open","sticky":false,"template":"","format":"standard","meta":{"_acf_changed":false,"_sitemap_exclude":false,"_sitemap_priority":"","_sitemap_frequency":"","footnotes":""},"categories":[56],"tags":[],"class_list":["post-167660","post","type-post","status-publish","format-standard","has-post-thumbnail","hentry","category-xeberler","infinite-scroll-item","generate-columns","tablet-grid-50","mobile-grid-100","grid-parent","grid-33","no-featured-image-padding"],"acf":[],"yoast_head":"<!-- This site is optimized with the Yoast SEO plugin v28.4 - https:\/\/yoast.com\/product\/yoast-seo-wordpress\/ -->\n<title>&quot;Yaln\u0131z narahatl\u0131\u011f\u0131 ifad\u0259 etm\u0259y\u0259c\u0259m, b\u0259zi adamlar\u0131n h\u0259bsd\u0259n burax\u0131lmas\u0131n\u0131 xahi\u015f ed\u0259c\u0259m&quot; - MEYDAN.TV<\/title>\n<meta name=\"robots\" content=\"index, follow, max-snippet:-1, max-image-preview:large, max-video-preview:-1\" \/>\n<link rel=\"canonical\" href=\"https:\/\/www.meydan.tv\/az\/article\/yalniz-narahatligi-ifade-etmeyecem-bezi-adamlarin-hebsden-buraxilmasini-xahis-edecem\/\" \/>\n<meta property=\"og:locale\" content=\"az_AZ\" \/>\n<meta property=\"og:type\" content=\"article\" \/>\n<meta property=\"og:title\" content=\"&quot;Yaln\u0131z narahatl\u0131\u011f\u0131 ifad\u0259 etm\u0259y\u0259c\u0259m, b\u0259zi adamlar\u0131n h\u0259bsd\u0259n burax\u0131lmas\u0131n\u0131 xahi\u015f ed\u0259c\u0259m&quot; - MEYDAN.TV\" \/>\n<meta property=\"og:description\" content=\"Didye Reynders: &quot;Bel\u00e7ikan\u0131n Avropa \u015euras\u0131 Nazirl\u0259r Komit\u0259sind\u0259 s\u0259drliyi d\u00f6vr\u00fcnd\u0259 h\u00fcquq m\u00fcdafi\u0259\u00e7i\u0259l\u0259rinin h\u00fcquqlar\u0131n\u0131 daha s\u0259m\u0259r\u0259li m\u00fcdafi\u0259 ed\u0259 bil\u0259c\u0259yik&quot;\" \/>\n<meta property=\"og:url\" content=\"https:\/\/www.meydan.tv\/az\/article\/yalniz-narahatligi-ifade-etmeyecem-bezi-adamlarin-hebsden-buraxilmasini-xahis-edecem\/\" \/>\n<meta property=\"og:site_name\" content=\"MEYDAN.TV\" \/>\n<meta property=\"article:published_time\" content=\"2015-04-23T17:46:59+00:00\" \/>\n<meta property=\"og:image\" content=\"https:\/\/www.meydan.tv\/wp-content\/uploads\/8408.jpg\" \/>\n\t<meta property=\"og:image:width\" content=\"400\" \/>\n\t<meta property=\"og:image:height\" content=\"300\" \/>\n\t<meta property=\"og:image:type\" content=\"image\/jpeg\" \/>\n<meta name=\"twitter:card\" content=\"summary_large_image\" \/>\n<!-- \/ Yoast SEO plugin. -->","yoast_head_json":{"title":"\"Yaln\u0131z narahatl\u0131\u011f\u0131 ifad\u0259 etm\u0259y\u0259c\u0259m, b\u0259zi adamlar\u0131n h\u0259bsd\u0259n burax\u0131lmas\u0131n\u0131 xahi\u015f ed\u0259c\u0259m\" - MEYDAN.TV","robots":{"index":"index","follow":"follow","max-snippet":"max-snippet:-1","max-image-preview":"max-image-preview:large","max-video-preview":"max-video-preview:-1"},"canonical":"https:\/\/www.meydan.tv\/az\/article\/yalniz-narahatligi-ifade-etmeyecem-bezi-adamlarin-hebsden-buraxilmasini-xahis-edecem\/","og_locale":"az_AZ","og_type":"article","og_title":"\"Yaln\u0131z narahatl\u0131\u011f\u0131 ifad\u0259 etm\u0259y\u0259c\u0259m, b\u0259zi adamlar\u0131n h\u0259bsd\u0259n burax\u0131lmas\u0131n\u0131 xahi\u015f ed\u0259c\u0259m\" - MEYDAN.TV","og_description":"Didye Reynders: \"Bel\u00e7ikan\u0131n Avropa \u015euras\u0131 Nazirl\u0259r Komit\u0259sind\u0259 s\u0259drliyi d\u00f6vr\u00fcnd\u0259 h\u00fcquq m\u00fcdafi\u0259\u00e7i\u0259l\u0259rinin h\u00fcquqlar\u0131n\u0131 daha s\u0259m\u0259r\u0259li m\u00fcdafi\u0259 ed\u0259 bil\u0259c\u0259yik\"","og_url":"https:\/\/www.meydan.tv\/az\/article\/yalniz-narahatligi-ifade-etmeyecem-bezi-adamlarin-hebsden-buraxilmasini-xahis-edecem\/","og_site_name":"MEYDAN.TV","article_published_time":"2015-04-23T17:46:59+00:00","og_image":[{"width":400,"height":300,"url":"https:\/\/www.meydan.tv\/wp-content\/uploads\/8408.jpg","type":"image\/jpeg"}],"twitter_card":"summary_large_image","schema":{"@context":"https:\/\/schema.org","@graph":[{"@type":"Article","@id":"https:\/\/www.meydan.tv\/az\/article\/yalniz-narahatligi-ifade-etmeyecem-bezi-adamlarin-hebsden-buraxilmasini-xahis-edecem\/#article","isPartOf":{"@id":"https:\/\/www.meydan.tv\/az\/article\/yalniz-narahatligi-ifade-etmeyecem-bezi-adamlarin-hebsden-buraxilmasini-xahis-edecem\/"},"author":{"name":"user-manager","@id":"https:\/\/www.meydan.tv\/az\/#\/schema\/person\/10d11eccf6da3662cf5fdab9806ea91a"},"headline":"&#8220;Yaln\u0131z narahatl\u0131\u011f\u0131 ifad\u0259 etm\u0259y\u0259c\u0259m, b\u0259zi adamlar\u0131n h\u0259bsd\u0259n burax\u0131lmas\u0131n\u0131 xahi\u015f ed\u0259c\u0259m&#8221;","datePublished":"2015-04-23T17:46:59+00:00","mainEntityOfPage":{"@id":"https:\/\/www.meydan.tv\/az\/article\/yalniz-narahatligi-ifade-etmeyecem-bezi-adamlarin-hebsden-buraxilmasini-xahis-edecem\/"},"wordCount":509,"publisher":{"@id":"https:\/\/www.meydan.tv\/az\/#organization"},"image":{"@id":"https:\/\/www.meydan.tv\/az\/article\/yalniz-narahatligi-ifade-etmeyecem-bezi-adamlarin-hebsden-buraxilmasini-xahis-edecem\/#primaryimage"},"thumbnailUrl":"https:\/\/www.meydan.tv\/wp-content\/uploads\/8408.jpg","articleSection":["X\u0259b\u0259rl\u0259r"],"inLanguage":"az"},{"@type":"WebPage","@id":"https:\/\/www.meydan.tv\/az\/article\/yalniz-narahatligi-ifade-etmeyecem-bezi-adamlarin-hebsden-buraxilmasini-xahis-edecem\/","url":"https:\/\/www.meydan.tv\/az\/article\/yalniz-narahatligi-ifade-etmeyecem-bezi-adamlarin-hebsden-buraxilmasini-xahis-edecem\/","name":"\"Yaln\u0131z narahatl\u0131\u011f\u0131 ifad\u0259 etm\u0259y\u0259c\u0259m, b\u0259zi adamlar\u0131n h\u0259bsd\u0259n burax\u0131lmas\u0131n\u0131 xahi\u015f ed\u0259c\u0259m\" - MEYDAN.TV","isPartOf":{"@id":"https:\/\/www.meydan.tv\/az\/#website"},"primaryImageOfPage":{"@id":"https:\/\/www.meydan.tv\/az\/article\/yalniz-narahatligi-ifade-etmeyecem-bezi-adamlarin-hebsden-buraxilmasini-xahis-edecem\/#primaryimage"},"image":{"@id":"https:\/\/www.meydan.tv\/az\/article\/yalniz-narahatligi-ifade-etmeyecem-bezi-adamlarin-hebsden-buraxilmasini-xahis-edecem\/#primaryimage"},"thumbnailUrl":"https:\/\/www.meydan.tv\/wp-content\/uploads\/8408.jpg","datePublished":"2015-04-23T17:46:59+00:00","breadcrumb":{"@id":"https:\/\/www.meydan.tv\/az\/article\/yalniz-narahatligi-ifade-etmeyecem-bezi-adamlarin-hebsden-buraxilmasini-xahis-edecem\/#breadcrumb"},"inLanguage":"az","potentialAction":[{"@type":"ReadAction","target":["https:\/\/www.meydan.tv\/az\/article\/yalniz-narahatligi-ifade-etmeyecem-bezi-adamlarin-hebsden-buraxilmasini-xahis-edecem\/"]}]},{"@type":"ImageObject","inLanguage":"az","@id":"https:\/\/www.meydan.tv\/az\/article\/yalniz-narahatligi-ifade-etmeyecem-bezi-adamlarin-hebsden-buraxilmasini-xahis-edecem\/#primaryimage","url":"https:\/\/www.meydan.tv\/wp-content\/uploads\/8408.jpg","contentUrl":"https:\/\/www.meydan.tv\/wp-content\/uploads\/8408.jpg","width":400,"height":300,"caption":"Source:"},{"@type":"BreadcrumbList","@id":"https:\/\/www.meydan.tv\/az\/article\/yalniz-narahatligi-ifade-etmeyecem-bezi-adamlarin-hebsden-buraxilmasini-xahis-edecem\/#breadcrumb","itemListElement":[{"@type":"ListItem","position":1,"name":"Ana s\u0259hif\u0259","item":"https:\/\/www.meydan.tv\/az\/"},{"@type":"ListItem","position":2,"name":"X\u0259b\u0259rl\u0259r","item":"https:\/\/www.meydan.tv\/az\/section\/xeberler\/"},{"@type":"ListItem","position":3,"name":"&#8220;Yaln\u0131z narahatl\u0131\u011f\u0131 ifad\u0259 etm\u0259y\u0259c\u0259m, b\u0259zi adamlar\u0131n h\u0259bsd\u0259n burax\u0131lmas\u0131n\u0131 xahi\u015f ed\u0259c\u0259m&#8221;"}]},{"@type":"WebSite","@id":"https:\/\/www.meydan.tv\/az\/#website","url":"https:\/\/www.meydan.tv\/az\/","name":"MEYDAN.TV","description":"Meydan TV Az\u0259rbaycan\u0131n media m\u0259kan\u0131ndak\u0131 alternativ s\u0259sidir","publisher":{"@id":"https:\/\/www.meydan.tv\/az\/#organization"},"potentialAction":[{"@type":"SearchAction","target":{"@type":"EntryPoint","urlTemplate":"https:\/\/www.meydan.tv\/az\/?s={search_term_string}"},"query-input":{"@type":"PropertyValueSpecification","valueRequired":true,"valueName":"search_term_string"}}],"inLanguage":"az"},{"@type":"Organization","@id":"https:\/\/www.meydan.tv\/az\/#organization","name":"Meydan TV","url":"https:\/\/www.meydan.tv\/az\/","logo":{"@type":"ImageObject","inLanguage":"az","@id":"https:\/\/www.meydan.tv\/az\/#\/schema\/logo\/image\/","url":"https:\/\/www.meydan.tv\/wp-content\/uploads\/2021\/07\/meydan-logo.svg","contentUrl":"https:\/\/www.meydan.tv\/wp-content\/uploads\/2021\/07\/meydan-logo.svg","width":195,"height":46,"caption":"Meydan TV"},"image":{"@id":"https:\/\/www.meydan.tv\/az\/#\/schema\/logo\/image\/"}},{"@type":"Person","@id":"https:\/\/www.meydan.tv\/az\/#\/schema\/person\/10d11eccf6da3662cf5fdab9806ea91a","name":"user-manager"}]}},"_links":{"self":[{"href":"https:\/\/www.meydan.tv\/az\/wp-json\/wp\/v2\/posts\/167660","targetHints":{"allow":["GET"]}}],"collection":[{"href":"https:\/\/www.meydan.tv\/az\/wp-json\/wp\/v2\/posts"}],"about":[{"href":"https:\/\/www.meydan.tv\/az\/wp-json\/wp\/v2\/types\/post"}],"author":[{"embeddable":true,"href":"https:\/\/www.meydan.tv\/az\/wp-json\/wp\/v2\/users\/11"}],"replies":[{"embeddable":true,"href":"https:\/\/www.meydan.tv\/az\/wp-json\/wp\/v2\/comments?post=167660"}],"version-history":[{"count":0,"href":"https:\/\/www.meydan.tv\/az\/wp-json\/wp\/v2\/posts\/167660\/revisions"}],"wp:featuredmedia":[{"embeddable":true,"href":"https:\/\/www.meydan.tv\/az\/wp-json\/wp\/v2\/media\/23168"}],"wp:attachment":[{"href":"https:\/\/www.meydan.tv\/az\/wp-json\/wp\/v2\/media?parent=167660"}],"wp:term":[{"taxonomy":"category","embeddable":true,"href":"https:\/\/www.meydan.tv\/az\/wp-json\/wp\/v2\/categories?post=167660"},{"taxonomy":"post_tag","embeddable":true,"href":"https:\/\/www.meydan.tv\/az\/wp-json\/wp\/v2\/tags?post=167660"}],"curies":[{"name":"wp","href":"https:\/\/api.w.org\/{rel}","templated":true}]}}